{"id":11963,"date":"2017-04-04T11:00:00","date_gmt":"2017-04-04T11:00:00","guid":{"rendered":"https:\/\/mickgb.com\/?p=11963"},"modified":"2024-04-08T01:25:01","modified_gmt":"2024-04-08T01:25:01","slug":"abhair-chlamhsain-1","status":"publish","type":"post","link":"https:\/\/mickgb.com\/en\/abhair-chlamhsain-1\/","title":{"rendered":"Abhair Chlamhsain 1."},"content":{"rendered":"<p style=\"text-align:center;margin-top:0pt;padding-top:0;margin-bottom:10pt;padding-bottom:0;line-height:1.38\"><strong><span style=\"font-size:28pt\">I  mB\u00e9al  an  Phobail<\/span><\/strong><\/p><p style=\"margin-top:0pt;padding-top:0;margin-bottom:10pt;padding-bottom:0;line-height:1.38\"><span style=\"font-size:14pt\">Peadar Bair\u00e9ad<\/span><\/p><p style=\"text-align:center;margin-top:0pt;padding-top:0;margin-bottom:10pt;padding-bottom:0;line-height:1.38\"><span style=\"height:1em\"><span>.<\/span><\/span><\/p><p style=\"text-align:center;margin-top:0pt;padding-top:0;margin-bottom:10pt;padding-bottom:0;line-height:1.38\"><strong><span style=\"font-size:18pt\">\u00c1bhar Clamhs\u00e1<\/span><span style=\"font-size:18pt\">in<\/span><\/strong><\/p><p style=\"text-align:justify;margin-top:0pt;padding-top:0;margin-bottom:10pt;padding-bottom:0;line-height:1.38\"><span style=\"font-size:14pt\">\u201c<\/span><span style=\"font-size:14pt\">Conas a \u00e9ir\u00edonn leat \u00e1bhar don alt seo, I mB\u00e9<\/span><span style=\"font-size:14pt\">al an Phobail<\/span><span style=\"font-size:14pt\">,<\/span><span style=\"font-size:14pt\"> a shol\u00e1<\/span><span style=\"font-size:14pt\">thar<\/span><span style=\"font-size:14pt\">,<\/span><span style=\"font-size:14pt\"> chuile sheachtain<\/span><span style=\"font-size:14pt\">?\u201d<\/span><\/p><p style=\"text-align:justify;margin-top:0pt;padding-top:0;margin-bottom:10pt;padding-bottom:0;line-height:1.38\"><span style=\"font-size:14pt\">B\u2019in mar a chuir \u00e1r seanchara, S\u00e9im\u00ed an Droichid, t\u00fas lena chomhr\u00e1 liom, an o\u00edche cheana, th\u00edos i dTeach \u00d3<\/span><span style=\"font-size:14pt\">sta<\/span><span style=\"font-size:14pt\">, an Smugairle R\u00f3<\/span><span style=\"font-size:14pt\">in, mar<\/span><span style=\"font-size:14pt\"> a raibh an bheirt againn ag su\u00ed<\/span><span style=\"font-size:14pt\"> ar<\/span><span style=\"font-size:14pt\"> \u00e1r s\u00e1imh\u00edn s\u00f3, agus \u00e9 d\u2019aidhm againn, fadhbanna m\u00f3<\/span><span style=\"font-size:14pt\">ra an tsaoi<\/span><span style=\"font-size:14pt\">l seo a scaoileadh, fad is a bh\u00edomar ag cur c\u00fa<\/span><span style=\"font-size:14pt\">il ar thart trom an teasbaigh<\/span><span style=\"font-size:14pt\">, a tharla in\u00e1<\/span><span style=\"font-size:14pt\">r measc<\/span><span style=\"font-size:14pt\">, an l\u00e1 c\u00e9<\/span><span style=\"font-size:14pt\">anna sin.<\/span><\/p><p style=\"text-align:justify;margin-top:0pt;padding-top:0;margin-bottom:10pt;padding-bottom:0;line-height:1.38\"><span style=\"font-size:14pt\">\u201cBhail, a Sh\u00e9im\u00ed<\/span><span style=\"font-size:14pt\">,<\/span><span style=\"font-size:14pt\">\u201d arsa m\u00e9 fh\u00e9in,<\/span><span style=\"font-size:14pt\"> <\/span><span style=\"font-size:14pt\">\u201cn\u00ed bh\u00edonn deacracht ar bith sa mh\u00e9id sin, de ghn\u00e1th, n\u00f3<\/span><span style=\"font-size:14pt\"> is amh<\/span><span style=\"font-size:14pt\">laidh a bh\u00edonn an iomarca \u00e1bhar ansin ag iarraidh f\u00e1il isteach sa chol\u00fa<\/span><span style=\"font-size:14pt\">n seo<\/span><span style=\"font-size:14pt\">, \u00f3<\/span><span style=\"font-size:14pt\"> sheachtai<\/span><span style=\"font-size:14pt\">n go seachtain, ach caithfidh m\u00e9 a admh\u00e1<\/span><span style=\"font-size:14pt\">il<\/span><span style=\"font-size:14pt\">, nach mb\u00edonn s\u00e9 chomh h\u00e9asca sin p\u00edosa s\u00e1s\u00fail a chur i dtoll a ch\u00e9<\/span><span style=\"font-size:14pt\">ile<\/span><span style=\"font-size:14pt\">,<\/span><span style=\"font-size:14pt\"> na laethe seo, <\/span><span style=\"font-size:14pt\">i gcompar\u00e1<\/span><span style=\"font-size:14pt\">id leis an chaoi a mb<\/span><span style=\"font-size:14pt\">\u00edodh s\u00e9<\/span><span style=\"font-size:14pt\"> bl<\/span><span style=\"font-size:14pt\">ianta \u00f3 shoin. C\u00farsa\u00ed aoise is ciontach le sin, n\u00ed fol\u00e1<\/span><span style=\"font-size:14pt\">ir!\u201d<\/span><\/p><p style=\"text-align:justify;margin-top:0pt;padding-top:0;margin-bottom:10pt;padding-bottom:0;line-height:1.38\"><span style=\"font-size:14pt\">\u201c<\/span><span style=\"font-size:14pt\">T\u00f3g an col\u00fan at\u00e1 le scr\u00ed<\/span><span style=\"font-size:14pt\">obh agat<\/span><span style=\"font-size:14pt\">,<\/span><span style=\"font-size:14pt\"> an tseachtain<\/span><span style=\"font-size:14pt\"> seo, mar shampla. Cad iad na h\u00e1bhair at\u00e1 ag d\u00f3<\/span><span style=\"font-size:14pt\"> na geirbe agat<\/span><span style=\"font-size:14pt\">, faoin am seo, \u00e1bhair ar mhaith leat p\u00edosa a scr\u00edobh f\u00fathu in I mB\u00e9<\/span><span style=\"font-size:14pt\">al an Phobail anois?\u201d<\/span><\/p><p style=\"text-align:justify;margin-top:0pt;padding-top:0;margin-bottom:10pt;padding-bottom:0;line-height:1.38\"><span style=\"font-size:14pt\">\u201cN\u00ed call dom a r\u00e1, go gcuirfinn c\u00farsa\u00ed an Reifrinn sa ch\u00e9ad \u00e1<\/span><span style=\"font-size:14pt\">it<\/span><span style=\"font-size:14pt\">, an tseachtain seo, n\u00f3 is \u00e1bhar \u00e9 seo at\u00e1 f\u00f3s i mb\u00e9<\/span><span style=\"font-size:14pt\">al an phobail<\/span><span style=\"font-size:14pt\">,<\/span><span style=\"font-size:14pt\"> agus f<\/span><span style=\"font-size:14pt\">i\u00fa<\/span><span style=\"font-size:14pt\"> cait na cathrach seo ag cabaireacht<\/span><span style=\"font-size:14pt\"> faoi f\u00f3<\/span><span style=\"font-size:14pt\">s.\u201d<\/span><\/p><p style=\"text-align:justify;margin-top:0pt;padding-top:0;margin-bottom:10pt;padding-bottom:0;line-height:1.38\"><span style=\"font-size:14pt\">\u201cSea, ach conas a thabharf\u00e1 faoi alt a scr\u00edobh faoi na c\u00farsa\u00ed<\/span><span style=\"font-size:14pt\"> sin?\u201d<\/span><\/p><p style=\"text-align:justify;margin-top:0pt;padding-top:0;margin-bottom:0;padding-bottom:0;line-height:1.38\"><span style=\"font-size:14pt\">\u201c<\/span><span style=\"font-size:14pt\">\u00c9<\/span><span style=\"font-size:14pt\">a<\/span><span style=\"font-size:14pt\">sca go maith! N\u00f3, sa ch\u00e9ad \u00e1it, raghainn siar ar na harg\u00f3int\u00ed a leag na dreamanna \u00e9ags\u00fala os comhair na v\u00f3t\u00f3ir\u00ed agus iad ag iarraidh v\u00f3ta\u00ed a mhealladh uathu d\u00e1 gc\u00fais fh\u00e9in. Sa ch\u00e9ad \u00e1<\/span><span style=\"font-size:14pt\">it bh\u00ed polasa\u00ed<\/span><span style=\"font-size:14pt\"> an<\/span><span style=\"font-size:14pt\"> <\/span><span style=\"font-size:14pt\">dreama a bh\u00ed<\/span><span style=\"font-size:14pt\"> ag iarraIdh <\/span><span style=\"font-size:14pt\">T\u00c1<\/span><span style=\"font-size:14pt\"> a mheal<\/span><span style=\"font-size:14pt\">ladh uathu. Ba iad Fine Gael, P\u00e1irt\u00ed<\/span><span style=\"font-size:14pt\"> an Lucht Oibre, agus <\/span><span style=\"font-size:14pt\">Fianna F\u00e1il, a bh\u00ed p\u00e1irteach sa bhu\u00ed<\/span><span style=\"font-size:14pt\">on sin, <\/span><span style=\"font-size:14pt\">agus rinneadarsan iarracht mhaith, a cheap m\u00e9, an sc\u00e9al a leagan go mac\u00e1nta os comhair an phobail. Tar \u00e9is d\u00f3ibh an sc\u00e9al a mh\u00ed<\/span><span style=\"font-size:14pt\">n<\/span><span style=\"font-size:14pt\">i\u00fa d\u00f3<\/span><span style=\"font-size:14pt\">ibh<\/span><span style=\"font-size:14pt\">,<\/span><span style=\"font-size:14pt\"> i dtosach, ansin thugad<\/span><span style=\"font-size:14pt\">ar liosta de na tortha\u00ed a leanfadh d\u00e1 v\u00f3t\u00e1i<\/span><span style=\"font-size:14pt\">lf<\/span><span style=\"font-size:14pt\">eadh siad T\u00c1<\/span><span style=\"font-size:14pt\">, agus chomh maith le sin<\/span><span style=\"font-size:14pt\">, liost\u00e1<\/span><span style=\"font-size:14pt\">il<\/span><span style=\"font-size:14pt\"> <\/span><span style=\"font-size:14pt\">siad tortha\u00ed<\/span><span style=\"font-size:14pt\"> an<\/span><span style=\"font-size:14pt\"> vota,<\/span><span style=\"font-size:14pt\"> <\/span><span style=\"font-size:14pt\">N\u00cd<\/span><span style=\"font-size:14pt\">L<\/span><span style=\"font-size:14pt\">,<\/span><span style=\"font-size:14pt\"> chomh maith<\/span><span style=\"font-size:14pt\">.\u201d<\/span><\/p><p style=\"text-align:justify;margin-bottom:0;padding-bottom:0;line-height:1.38\"><span style=\"font-size:14pt\">\u201cAgus an raibh na v\u00f3t\u00f3ir\u00ed s\u00e1sta leis an m\u00e9id sin. Is d\u00f3cha go raibh, n\u00f3 v\u00f3t\u00e1il a mbun\u00fa<\/span><span style=\"font-size:14pt\">s faoi mar a d\u2019<\/span><span style=\"font-size:14pt\">iarr siad orthu a dh\u00e9anamh, ach n\u00ed raibh an dream a bh\u00ed i bhf\u00e1bhar an N\u00cdL s\u00e1<\/span><span style=\"font-size:14pt\">sta leis an sceal sin<\/span><span style=\"font-size:14pt\">,<\/span><span style=\"font-size:14pt\"> olc<\/span><span style=\"font-size:14pt\">,<\/span><span style=\"font-size:14pt\"> maith<\/span><span style=\"font-size:14pt\">, n\u00f3 dona, mar d\u00e1<\/span><span style=\"font-size:14pt\">r leosan<\/span><span style=\"font-size:14pt\">, n\u00ed raibh ar si\u00fal ag an lucht T\u00c1<\/span><span style=\"font-size:14pt\"> ach i<\/span><span style=\"font-size:14pt\">ad ag iarraidh an pobal a scanr\u00fa tr\u00ed seo si\u00fa<\/span><span style=\"font-size:14pt\">d a bhagairt orthu,<\/span><span style=\"font-size:14pt\"> da v\u00f3t\u00e1ilfeadh siad N\u00cdL, faoi mar a dh\u00e9anf\u00e1<\/span><span style=\"font-size:14pt\"> le p<\/span><span style=\"font-size:14pt\">\u00e1<\/span><span style=\"font-size:14pt\">iste.\u201d<\/span><\/p><p style=\"text-align:justify;margin-bottom:0;padding-bottom:0;line-height:1.38\"><span style=\"font-size:14pt\">\u201cAch, c\u00e9 bh\u00ed i bhf\u00e1bhar an N\u00cd<\/span><span style=\"font-size:14pt\">L an babhta seo?\u201d<\/span><\/p><p style=\"text-align:justify;margin-bottom:0;padding-bottom:0;line-height:1.38\"><span style=\"font-size:14pt\">\u201cBh\u00ed Sinn F\u00e9in agus roinnt Neamhsple\u00e1igh agus Teachta\u00ed a thuig go raibh siad ar an Eite Chl\u00e9 de leagan amach polait\u00edochtra na t\u00ed<\/span><span style=\"font-size:14pt\">re seo.\u201d<\/span><\/p><p style=\"text-align:justify;margin-bottom:10pt;padding-bottom:0;line-height:1.38\"><span style=\"font-size:14pt\">\u201cAgus c\u00e9ard faoi na v\u00f3t\u00f3ir\u00ed<\/span><span style=\"font-size:14pt\">, ma sea?\u201d  <\/span><span style=\"font-size:14pt\"> <\/span><span style=\"font-size:14pt\"> <\/span><span style=\"font-size:14pt\"> <\/span><\/p><p style=\"text-align:justify;margin-top:0pt;padding-top:0;margin-bottom:10pt;padding-bottom:0;line-height:1.38\"><span style=\"font-size:14pt\">&nbsp;&nbsp;<\/span><span style=\"font-size:14pt\">\u201cNuair a th\u00e1inig an cr\u00fa ar an tairne, ghlac an m\u00f3ramh le harg\u00f3int\u00ed an lucht T\u00c1<\/span><span style=\"font-size:14pt\">, agus ritheadh an Reifreann.\u201d<\/span><\/p><p style=\"text-align:justify;margin-top:0pt;padding-top:0;margin-bottom:10pt;padding-bottom:0;line-height:1.38\"><span style=\"font-size:14pt\">\u201c C\u00e9ard eile at\u00e1 ag d\u00f3<\/span><span style=\"font-size:14pt\"> na geirbe agat<\/span><span style=\"font-size:14pt\">, an tseachtain seo, m\u00e1<\/span><span style=\"font-size:14pt\"> sea?<\/span><span style=\"font-size:14pt\">\u201d<\/span><\/p><p style=\"text-align:justify;margin-top:0pt;padding-top:0;margin-bottom:10pt;padding-bottom:0;line-height:1.38\"><span style=\"font-size:14pt\">N\u00ed<\/span><span style=\"font-size:14pt\">l dabht ar domhan<\/span><span style=\"font-size:14pt\">, ach go bhfuil oiri\u00fanacht bhaill na D\u00e1la d\u00e1<\/span><span style=\"font-size:14pt\"> bpost ag<\/span><span style=\"font-size:14pt\"> teacht idir roinnt mhaith saor\u00e1nach agus codladh na ho\u00ed<\/span><span style=\"font-size:14pt\">che<\/span><span style=\"font-size:14pt\">,<\/span><span style=\"font-size:14pt\"> na laethe seo. A<\/span><span style=\"font-size:14pt\">r cheart go mbeadh chuile shaor\u00e1nach inghlactha mar iarrth\u00f3ir don phost sin? n\u00f3<\/span><span style=\"font-size:14pt\"> an <\/span><span style=\"font-size:14pt\">bhfuil <\/span><span style=\"font-size:14pt\">teorainn a<\/span><span style=\"font-size:14pt\">r bith le hinghlacthacht iarrth\u00f3ir\u00ed don phost c\u00e9<\/span><span style=\"font-size:14pt\">anna sin?\u201d<\/span><\/p><p style=\"text-align:justify;margin-top:0pt;padding-top:0;margin-bottom:10pt;padding-bottom:0;line-height:1.38\"><span style=\"font-size:14pt\">\u201cAgus, an gceapf\u00e1 fh\u00e9<\/span><span style=\"font-size:14pt\">in gur <\/span><span style=\"font-size:14pt\">mar sin at\u00e1<\/span><span style=\"font-size:14pt\">?\u201d<\/span><\/p><p style=\"text-align:justify;margin-top:0pt;padding-top:0;margin-bottom:10pt;padding-bottom:0;line-height:1.38\"><span style=\"font-size:14pt\">Go teo<\/span><span style=\"font-size:14pt\">i<\/span><span style=\"font-size:14pt\">rici\u00fail, ba ch\u00f3<\/span><span style=\"font-size:14pt\">ir go <\/span><span style=\"font-size:14pt\">mbeadh a cheart ag chuile shaor\u00e1<\/span><span style=\"font-size:14pt\">nach, nach gcuireann an Bunreacht bac ina bhealach<\/span><span style=\"font-size:14pt\">, a fh\u00e9in a chur i l\u00e1thair an phobail mar iarrth\u00f3ir le bheith ina Theachta D\u00e1la d\u00f3ibh, agus n\u00e1r ch\u00f3<\/span><span style=\"font-size:14pt\">ir ansin<\/span><span style=\"font-size:14pt\">, an sc\u00e9al a fh\u00e1g\u00e1<\/span><span style=\"font-size:14pt\">il faoi <\/span><span style=\"font-size:14pt\">na v\u00f3t\u00f3ir\u00ed an v\u00f3<\/span><span style=\"font-size:14pt\">ta a bhronnadh air<\/span><span style=\"font-size:14pt\">, d\u00e1 gceapfaid\u00eds-sean go mba dhuine cu\u00ed \u00e9 don phost t\u00e1<\/span><span style=\"font-size:14pt\">bhachtach sin.<\/span><span style=\"font-size:14pt\"> <\/span><span style=\"font-size:14pt\">D\u00e1r nd\u00f3igh, bheif\u00ed ag s\u00fail go nd\u00e9anfadh na v\u00f3t\u00f3ir\u00ed a ndualgas, mar shaor\u00e1<\/span><span style=\"font-size:14pt\">naigh<\/span><span style=\"font-size:14pt\">, a choimhl\u00ed<\/span><span style=\"font-size:14pt\">onadh go coinsiasach.\u201d<\/span><\/p><p style=\"text-align:justify;margin-top:0pt;padding-top:0;margin-bottom:10pt;padding-bottom:0;line-height:1.38\"><span style=\"font-size:14pt\">\u201cGo Teoirici\u00fail\u201d ad\u00fairt t\u00fa<\/span><span style=\"font-size:14pt\">, \u201cach braitheann<\/span><span style=\"font-size:14pt\"> sin a<\/span><span style=\"font-size:14pt\">r chiall agus ar choinsias na v\u00f3t\u00f3ir\u00ed, c\u00e9ard a tharl\u00f3dh, mar sin, d\u00e1 dtoghfa\u00ed iarrth\u00f3ir nach raibh oiri\u00fanach, n\u00f3 c\u00e9ard a tharl\u00f3<\/span><span style=\"font-size:14pt\">dh do Theachta tofa<\/span><span style=\"font-size:14pt\">, d\u00e1<\/span><span style=\"font-size:14pt\"> <\/span><span style=\"font-size:14pt\">mbrisfeadh s\u00e9<\/span><span style=\"font-size:14pt\"> geasa a cheirde mar <\/span><span style=\"font-size:14pt\">pholaiteoir, n\u00f3 d\u00e1 ligf\u00ed cat as an m\u00e1la<\/span><span style=\"font-size:14pt\"> faoi<\/span><span style=\"font-size:14pt\">,<\/span><span style=\"font-size:14pt\"> a thabharfadh le fio<\/span><span style=\"font-size:14pt\">s go raibh dl\u00ed<\/span><span style=\"font-size:14pt\">the briste aige<\/span><span style=\"font-size:14pt\">, sul ar toghadh \u00e9<\/span><span style=\"font-size:14pt\">?\u201d<\/span><\/p><p style=\"text-align:justify;margin-top:0pt;padding-top:0;margin-bottom:10pt;padding-bottom:0;line-height:1.38\"><span style=\"font-size:14pt\">\u201cB\u2019fh\u00e9<\/span><span style=\"font-size:14pt\">idir gur ch\u00f3<\/span><span style=\"font-size:14pt\">ir dom <\/span><span style=\"font-size:14pt\">freagra na gceisteanna sin a fh\u00e1g\u00e1il do l\u00e1 eic\u00ed<\/span><span style=\"font-size:14pt\">n<\/span><span style=\"font-size:14pt\">t eile, agus san idirlinn, b\u2019fh\u00e9idir go n-inseodh na l\u00e9itheoir\u00ed fh\u00e9<\/span><span style=\"font-size:14pt\">in <\/span><span style=\"font-size:14pt\">dom, c\u00e9ard a cheapfadh siadsan<\/span><span style=\"font-size:14pt\"> faoi<\/span><span style=\"font-size:14pt\">n sc\u00e9al c\u00e9<\/span><span style=\"font-size:14pt\">anna sin? Conas a scaoilfea<\/span><span style=\"font-size:14pt\">dh siadsan an fhadhb<\/span><span style=\"font-size:14pt\">.\u201d<\/span><\/p><p style=\"text-align:justify;margin-top:0pt;padding-top:0;margin-bottom:10pt;padding-bottom:0;line-height:1.38\"><span style=\"font-size:14pt\">Cuirfidh muid an diosp\u00f3ireacht ar ath-l\u00f3, mar sin. Idir an d\u00e1 linn, b\u00edg\u00ed sibhse ag cur an sc\u00e9il seo tr\u00edd an gcriathar daoibh fh\u00e9<\/span><span style=\"font-size:14pt\">in.<\/span><span style=\"font-size:14pt\"> <\/span><\/p>","protected":false},"excerpt":{"rendered":"<p>I mB\u00e9al an Phobail Peadar Bair\u00e9ad . \u00c1bhar Clamhs\u00e1in \u201cConas a \u00e9ir\u00edonn leat \u00e1bhar don alt seo, I mB\u00e9al an Phobail, a shol\u00e1thar, chuile sheachtain?\u201d B\u2019in mar a chuir \u00e1r seanchara, S\u00e9im\u00ed an Droichid, t\u00fas lena chomhr\u00e1 liom, an o\u00edche cheana, th\u00edos i dTeach \u00d3sta, an Smugairle R\u00f3in, mar a raibh an bheirt againn ag [&hellip;]<\/p>\n","protected":false},"author":2,"featured_media":13435,"comment_status":"open","ping_status":"open","sticky":false,"template":"","format":"standard","meta":{"nf_dc_page":"","_et_pb_use_builder":"","_et_pb_old_content":"","_et_gb_content_width":"","footnotes":""},"categories":[1],"tags":[],"class_list":["post-11963","post","type-post","status-publish","format-standard","has-post-thumbnail","hentry","category-gan-chatagoir"],"_links":{"self":[{"href":"https:\/\/mickgb.com\/en\/wp-json\/wp\/v2\/posts\/11963","targetHints":{"allow":["GET"]}}],"collection":[{"href":"https:\/\/mickgb.com\/en\/wp-json\/wp\/v2\/posts"}],"about":[{"href":"https:\/\/mickgb.com\/en\/wp-json\/wp\/v2\/types\/post"}],"author":[{"embeddable":true,"href":"https:\/\/mickgb.com\/en\/wp-json\/wp\/v2\/users\/2"}],"replies":[{"embeddable":true,"href":"https:\/\/mickgb.com\/en\/wp-json\/wp\/v2\/comments?post=11963"}],"version-history":[{"count":1,"href":"https:\/\/mickgb.com\/en\/wp-json\/wp\/v2\/posts\/11963\/revisions"}],"predecessor-version":[{"id":11964,"href":"https:\/\/mickgb.com\/en\/wp-json\/wp\/v2\/posts\/11963\/revisions\/11964"}],"wp:featuredmedia":[{"embeddable":true,"href":"https:\/\/mickgb.com\/en\/wp-json\/wp\/v2\/media\/13435"}],"wp:attachment":[{"href":"https:\/\/mickgb.com\/en\/wp-json\/wp\/v2\/media?parent=11963"}],"wp:term":[{"taxonomy":"category","embeddable":true,"href":"https:\/\/mickgb.com\/en\/wp-json\/wp\/v2\/categories?post=11963"},{"taxonomy":"post_tag","embeddable":true,"href":"https:\/\/mickgb.com\/en\/wp-json\/wp\/v2\/tags?post=11963"}],"curies":[{"name":"wp","href":"https:\/\/api.w.org\/{rel}","templated":true}]}}