{"id":11971,"date":"2017-04-04T11:00:00","date_gmt":"2017-04-04T11:00:00","guid":{"rendered":"https:\/\/mickgb.com\/?p=11971"},"modified":"2024-04-08T01:26:35","modified_gmt":"2024-04-08T01:26:35","slug":"aisling-ghear-do-dhearcas-fein","status":"publish","type":"post","link":"https:\/\/mickgb.com\/en\/aisling-ghear-do-dhearcas-fein\/","title":{"rendered":"Aisling ghear do dhearcas fein"},"content":{"rendered":"<p style=\"text-align:center;margin-top:0pt;padding-top:0;margin-bottom:10pt;padding-bottom:0;line-height:1.8\"><strong><span style=\"font-size:28pt\">I  mB\u00e9al  an  Phobail<\/span><\/strong><\/p><p style=\"margin-top:0pt;padding-top:0;margin-bottom:10pt;padding-bottom:0;line-height:1.8\"><span style=\"font-size:14pt\">Peadar Bair\u00e9ad<\/span><\/p><p style=\"text-align:center;margin-top:0pt;padding-top:0;margin-bottom:10pt;padding-bottom:0;line-height:1.8\"><strong><span style=\"font-size:18pt\">\u201c<\/span><span style=\"font-size:18pt\">Aisling gh\u00e9<\/span><span style=\"font-size:18pt\">ar do dhearcas f\u00e9<\/span><span style=\"font-size:18pt\">in<\/span><span style=\"font-size:18pt\">\u201d<\/span><\/strong><\/p><p style=\"text-align:justify;margin-top:0pt;padding-top:0;margin-bottom:10pt;padding-bottom:0;line-height:1.8\"><span style=\"font-size:14pt\">Minic<\/span><span style=\"font-size:14pt\"> m\u00e9 ag ma\u00edomh sa chol\u00fan seo, nach bhfuil f\u00eds ar bith ag an ngl\u00fan at\u00e1<\/span><span style=\"font-size:14pt\"> suas anois<\/span><span style=\"font-size:14pt\">, leis an r\u00f3d seo romainn a shoilsi\u00fa d\u00f3<\/span><span style=\"font-size:14pt\">ibh<\/span><span style=\"font-size:14pt\">, n\u00f3 mura bhfuil f\u00ed<\/span><span style=\"font-size:14pt\">s agat<\/span><span style=\"font-size:14pt\">, conas is f\u00e9idir leat an r\u00f3d c\u00e9anna sin a fheice\u00e1il, gan tr\u00e1<\/span><span style=\"font-size:14pt\">cht in aonchor ar <\/span><span style=\"font-size:14pt\">\u00e9 a lean\u00faint?<\/span><span style=\"font-size:14pt\"> <\/span><span style=\"font-size:14pt\">N\u00e1<\/span><span style=\"font-size:14pt\"> ceap<\/span><span style=\"font-size:14pt\"> anois<\/span><span style=\"font-size:14pt\">, gur chomhartha f\u00edse \u00e9, go bhfuil tromlach phobail \u00e1irithe s\u00e1sta a dtaca\u00edocht a thabhairt do dhuine \u00e1<\/span><span style=\"font-size:14pt\">irithe<\/span><span style=\"font-size:14pt\">, le marg\u00e1nta\u00edocht pholait\u00edochta a dh\u00e9<\/span><span style=\"font-size:14pt\">anamh ar a son<\/span><span style=\"font-size:14pt\"> i bParlaimint na t\u00edre. Feictear a leith\u00e9<\/span><span style=\"font-size:14pt\">id<\/span><span style=\"font-size:14pt\">,<\/span><span style=\"font-size:14pt\"> go minic<\/span><span style=\"font-size:14pt\">, aimsir toghch\u00e1na\u00ed<\/span><span style=\"font-size:14pt\">ochta<\/span><span style=\"font-size:14pt\">,<\/span><span style=\"font-size:14pt\"> nuair a thoghann to<\/span><span style=\"font-size:14pt\">ghlaigh \u00e1<\/span><span style=\"font-size:14pt\">irith<\/span><span style=\"font-size:14pt\">e daoine le bheith ina dTeachta\u00ed acu sa D\u00e1<\/span><span style=\"font-size:14pt\">il<\/span><span style=\"font-size:14pt\"> agus a fhios go<\/span><span style=\"font-size:14pt\"> maith ag madra\u00ed an bhaile,<\/span><span style=\"font-size:14pt\"> n\u00e1r ch\u00f3ir daoine d\u00e1 leith\u00e9<\/span><span style=\"font-size:14pt\">id a chur i gceannas ar \u00e9an<\/span><span style=\"font-size:14pt\">lann<\/span><span style=\"font-size:14pt\"> fh\u00e9in<\/span><span style=\"font-size:14pt\">, <\/span><span style=\"font-size:14pt\">fi\u00fa. N\u00ed h\u00e9 anois go roghna\u00ed<\/span><span style=\"font-size:14pt\">onn<\/span><span style=\"font-size:14pt\"> an pobal na daoine seo don ghn\u00f3<\/span><span style=\"font-size:14pt\"> sin<\/span><span style=\"font-size:14pt\">, n\u00f3<\/span><span style=\"font-size:14pt\"> is amhlaidh a chuireann na daoine sin<\/span><span style=\"font-size:14pt\">, n\u00f3 a bP\u00e1irt\u00ed Polait\u00edochta,<\/span><span style=\"font-size:14pt\"> a <\/span><span style=\"font-size:14pt\">&nbsp;&nbsp;&nbsp;&nbsp;&nbsp;&nbsp;&nbsp;&nbsp;&nbsp;&nbsp;&nbsp;&nbsp;&nbsp;&nbsp;&nbsp;&nbsp;&nbsp;&nbsp;&nbsp;&nbsp;<\/span><span style=\"font-size:14pt\">n-ainmneacha os comhair an phobail<\/span><span style=\"font-size:14pt\">, agus \u00e9<\/span><span style=\"font-size:14pt\"> d\u2019aidhm acu<\/span><span style=\"font-size:14pt\">, polasa\u00ed<\/span><span style=\"font-size:14pt\"> \u00e1irithe a chur i gcr\u00edch, polasa\u00ed<\/span><span style=\"font-size:14pt\"> a <\/span><span style=\"font-size:14pt\">thabharfadh bunt\u00e1iste faoi leith don toghlach \u00e1<\/span><span style=\"font-size:14pt\">irithe sin.<\/span><span style=\"font-size:14pt\"> N\u00ed g\u00e1 a r\u00e1, nach dt\u00f3gtar<\/span><span style=\"font-size:14pt\"> f\u00eds ar shocr\u00fa d\u00e1 leith\u00e9id. <\/span><span style=\"font-size:14pt\"> Uaireanta, n\u00ed<\/span><span style=\"font-size:14pt\"> bh<\/span><span style=\"font-size:14pt\">\u00ed<\/span><span style=\"font-size:14pt\">onn i gceist ag a leith\u00e9id ach ospid\u00e9<\/span><span style=\"font-size:14pt\">al a choinn<\/span><span style=\"font-size:14pt\">e\u00e1<\/span><span style=\"font-size:14pt\">il oscailte sa toghlac<\/span><span style=\"font-size:14pt\">h sin, agus uaireanta eile, is \u00e9 a bh\u00edonn idirt cham\u00e1in acu n\u00f3 monarcha a choinne\u00e1il sa tsi\u00fa<\/span><span style=\"font-size:14pt\">l<\/span><span style=\"font-size:14pt\">,<\/span><span style=\"font-size:14pt\"> sa<\/span><span style=\"font-size:14pt\"> cheantar sin, uaireanta eile f\u00f3s, toghann siad an giolla \u00e1irithe sin mar Teachta<\/span><span style=\"font-size:14pt\">, <\/span><span style=\"font-size:14pt\">toisc<\/span><span style=\"font-size:14pt\"> go mbeidh ar a chumas na milli\u00fa<\/span><span style=\"font-size:14pt\">in<\/span><span style=\"font-size:14pt\"> a chur \u00e1<\/span><span style=\"font-size:14pt\"> chaitheamh<\/span><span style=\"font-size:14pt\">,<\/span><span style=\"font-size:14pt\"> ar mhaithe lena dt<\/span><span style=\"font-size:14pt\">oghlach dilis fh\u00e9in. Anois, nach mbeadh s\u00e9 deacair a r\u00e1 leis na v\u00f3t\u00f3ir\u00ed<\/span><span style=\"font-size:14pt\"> sin<\/span><span style=\"font-size:14pt\">, n\u00e1r cheart d\u00f3ibh a leith\u00e9id a dh\u00e9anamh, n\u00f3 nach \u00e9<\/span><span style=\"font-size:14pt\"> s<\/span><span style=\"font-size:14pt\">in bun agus barr an daonlathais?<\/span><span style=\"font-size:14pt\"> s\u00e9 sin, go dtoghann na v\u00f3t\u00f3ir\u00ed Teachta\u00ed lena gc\u00e1s a phl\u00e9 os comhair na D\u00e1<\/span><span style=\"font-size:14pt\">la<\/span><span style=\"font-size:14pt\">, le Cothrom na F\u00e9<\/span><span style=\"font-size:14pt\">inne<\/span><span style=\"font-size:14pt\"> a fh\u00e1il d\u00e1<\/span><span style=\"font-size:14pt\"> muintir?<\/span><span style=\"font-size:14pt\"> <\/span><\/p><p style=\"text-align:center;margin-top:0pt;padding-top:0;margin-bottom:10pt;padding-bottom:0;line-height:1.8\"><strong><span style=\"font-size:18pt\">Cothrom na F\u00e9inne<\/span><span style=\"font-size:18pt\">?<\/span><\/strong><\/p><p style=\"text-align:justify;margin-top:0pt;padding-top:0;margin-bottom:10pt;padding-bottom:0;line-height:1.8\"><span style=\"font-size:14pt\">D\u2019aont\u00f3dh duine mac\u00e1nta ar bith le dearcadh d\u00e1 leith\u00e9id, ach, nuair a theasta\u00edonn \u00f3 thoghlach amh\u00e1in bunt\u00e1<\/span><span style=\"font-size:14pt\">iste a bhreith ar<\/span><span style=\"font-size:14pt\"> thoghlaigh<\/span><span style=\"font-size:14pt\"> eile, tr\u00ed<\/span><span style=\"font-size:14pt\"> chleas<\/span><span style=\"font-size:14pt\">, n\u00f3 tr\u00ed chamail\u00e9ireacht eic\u00ed<\/span><span style=\"font-size:14pt\">nt eile, c<\/span><span style=\"font-size:14pt\">uma sa tsioc faoi Chothrom na F\u00e9<\/span><span style=\"font-size:14pt\">inne, ansin<\/span><span style=\"font-size:14pt\">,<\/span><span style=\"font-size:14pt\"> ba <\/span><span style=\"font-size:14pt\">ch\u00f3ir don ch\u00f3ras polait\u00edochta, fr\u00ed ch\u00e9<\/span><span style=\"font-size:14pt\">ile<\/span><span style=\"font-size:14pt\">, cur i gcoin<\/span><span style=\"font-size:14pt\">ne leagan amach d\u00e1 leith\u00e9id. N\u00ed<\/span><span style=\"font-size:14pt\"> g\u00e1 dom sampla\u00ed<\/span><span style=\"font-size:14pt\"> a thabh<\/span><span style=\"font-size:14pt\">airt anseo, n\u00f3 daoine a ainmni\u00fa<\/span><span style=\"font-size:14pt\"> <\/span><span style=\"font-size:14pt\">ach oiread, n\u00f3<\/span><span style=\"font-size:14pt\"> nach bhfuil aithne ag chui<\/span><span style=\"font-size:14pt\">le dhuine againn ar pholaiteoir\u00ed d\u00e1 leith\u00e9<\/span><span style=\"font-size:14pt\">id, agus nach feidir linn dul isteach i ngort eile freisin<\/span><span style=\"font-size:14pt\">,<\/span><span style=\"font-size:14pt\"> mar a bhfuil <\/span><span style=\"font-size:14pt\">cleasa\u00edocht den tsaghas c\u00e9anna faoi l\u00e1<\/span><span style=\"font-size:14pt\">n tse<\/span><span style=\"font-size:14pt\">ol, s\u00e9<\/span><span style=\"font-size:14pt\"> sin<\/span><span style=\"font-size:14pt\">,<\/span><span style=\"font-size:14pt\"> i ngo<\/span><span style=\"font-size:14pt\">rt na bancaei<\/span><span style=\"font-size:14pt\">rea<\/span><span style=\"font-size:14pt\">chta<\/span><span style=\"font-size:14pt\">, agus in oifig\u00ed na dtionscl\u00f3ir\u00ed. M\u00e1 t\u00e1<\/span><span style=\"font-size:14pt\"> caoirigh<\/span><span style=\"font-size:14pt\"> lomracha<\/span><span style=\"font-size:14pt\"> amuigh ansin<\/span><span style=\"font-size:14pt\">,<\/span><span style=\"font-size:14pt\"> n\u00e1r ch\u00f3<\/span><span style=\"font-size:14pt\">ir iad a lomadh<\/span><span style=\"font-size:14pt\">,<\/span><span style=\"font-size:14pt\"> <\/span><span style=\"font-size:14pt\">agus cead a lomtha ag an t\u00e9 a bhfuil an deimheas is g\u00e9<\/span><span style=\"font-size:14pt\">ire aige<\/span><span style=\"font-size:14pt\">? Ach n\u00ed h\u00e9 an cluiche sin at\u00e1 i gceist agam sa ph\u00ed<\/span><span style=\"font-size:14pt\">osa seo. Is \u00e9 at\u00e1 idir cham\u00e1in agam n\u00f3 gur ch\u00f3<\/span><span style=\"font-size:14pt\">ir do<\/span><span style=\"font-size:14pt\"> <\/span><span style=\"font-size:14pt\">n<\/span><span style=\"font-size:14pt\">a <\/span><span style=\"font-size:14pt\">Teachta\u00ed<\/span><span style=\"font-size:14pt\">,<\/span><span style=\"font-size:14pt\"> fr\u00ed ch\u00e9<\/span><span style=\"font-size:14pt\">ile, <\/span><span style=\"font-size:14pt\">t\u00fas \u00e1<\/span><span style=\"font-size:14pt\">ite a thabhairt<\/span><span style=\"font-size:14pt\">,<\/span><span style=\"font-size:14pt\"> <\/span><span style=\"font-size:14pt\">i gc\u00f3na\u00ed,<\/span><span style=\"font-size:14pt\"> do leas an phobail uilig<\/span><span style=\"font-size:14pt\">, agus sin d\u00e9<\/span><span style=\"font-size:14pt\">anta acu, bhuel, ansin c<\/span><span style=\"font-size:14pt\">ead acu bealach an chait a lean\u00faint, s\u00e9<\/span><span style=\"font-size:14pt\"> sin, <\/span><span style=\"font-size:14pt\">feidhmi\u00fa<\/span><span style=\"font-size:14pt\"> ar mhaithe lena bpobai<\/span><span style=\"font-size:14pt\">l fh\u00e9<\/span><span style=\"font-size:14pt\">in. Sin an cine\u00e1l polasa\u00ed a th\u00f3gfaidh an t\u00ed<\/span><span style=\"font-size:14pt\">r seo as puiteach na scra<\/span><span style=\"font-size:14pt\">ithe ghlugair ina bhfuil muid s\u00e1innithe i l\u00e1<\/span><span style=\"font-size:14pt\">thair <\/span><span style=\"font-size:14pt\">na huaire seo.  Leas an Phobail!  Sea.<\/span><span style=\"font-size:14pt\"> Sin an mana a<\/span><span style=\"font-size:14pt\"> shaothr\u00f3idh \u00e1r saoirse eacnama\u00edochta d\u00fainn, amach anseo, n\u00f3 an t\u00e9 nach bhfuil f\u00eds aige, n\u00ed bh\u00edonn ar si\u00fal aige ach dalladh p\u00faic\u00ed<\/span><span style=\"font-size:14pt\">n<\/span><span style=\"font-size:14pt\">, n\u00f3<\/span><span style=\"font-size:14pt\"> an dall ag giollacht an daill.<\/span><\/p><p style=\"text-align:center;margin-top:0pt;padding-top:0;margin-bottom:10pt;padding-bottom:0;line-height:1.8\"><strong><span style=\"font-size:18pt\">Oiri\u00fanach?<\/span><\/strong><\/p><p style=\"text-align:justify;margin-top:0pt;padding-top:0;margin-bottom:10pt;padding-bottom:0;line-height:1.8\"><span style=\"font-size:14pt\">D\u00e9arfadh duine liom, b\u2019fh\u00e9idir, n\u00e1r r\u00f3<\/span><span style=\"font-size:14pt\">&#8211;<\/span><span style=\"font-size:14pt\">mhaith an teideal a roghnaigh m\u00e9 do<\/span><span style=\"font-size:14pt\">n<\/span><span style=\"font-size:14pt\"> ph\u00ed<\/span><span style=\"font-size:14pt\">osa<\/span><span style=\"font-size:14pt\"> seo, <\/span><span style=\"font-size:14pt\">s\u00e9<\/span><span style=\"font-size:14pt\"> sin<\/span><span style=\"font-size:14pt\">, an ch\u00e9ad l\u00edne as \u2018Mac an Cheanna\u00ed\u2019, \u201cAisling gh\u00e9ar do dhearcas fh\u00e9<\/span><span style=\"font-size:14pt\">in\u201d, <\/span><span style=\"font-size:14pt\">n\u00f3<\/span><span style=\"font-size:14pt\"> <\/span><span style=\"font-size:14pt\">go bhf<\/span><span style=\"font-size:14pt\">\u00e1gtar \u00c9ire fh\u00e9in gan f\u00eds, gan d\u00f3<\/span><span style=\"font-size:14pt\">chas, gan anam<\/span><span style=\"font-size:14pt\"> fi\u00fa, i v\u00e9<\/span><span style=\"font-size:14pt\">arsa deiri<\/span><span style=\"font-size:14pt\">dh an d\u00e1in ch\u00e9anna \u00fad<\/span><span style=\"font-size:14pt\">. Ach, nuair a smaoin\u00edonn t\u00fa<\/span><span style=\"font-size:14pt\"> air,<\/span><span style=\"font-size:14pt\"> <\/span><span style=\"font-size:14pt\">feictear <\/span><span style=\"font-size:14pt\">duit<\/span><span style=\"font-size:14pt\">,<\/span><span style=\"font-size:14pt\"> go d<\/span><span style=\"font-size:14pt\">tuigeann an file go bhfuil athr\u00fa f\u00edse ag teast\u00e1<\/span><span style=\"font-size:14pt\">il<\/span><span style=\"font-size:14pt\">, m\u00e1 theasta\u00edonn \u00f3n dt\u00ed<\/span><span style=\"font-size:14pt\">r s\u2019againne a<\/span><span style=\"font-size:14pt\"> bealach a dh\u00e9<\/span><span style=\"font-size:14pt\">anamh feasta sa saol<\/span><span style=\"font-size:14pt\"> corrach, cr\u00e1ite, seo. <\/span><\/p><p style=\"text-align:justify;margin-top:0pt;padding-top:0;margin-bottom:10pt;padding-bottom:0;line-height:1.8\"><span style=\"height:1em\"><span>.<\/span><\/span><\/p>","protected":false},"excerpt":{"rendered":"<p>I mB\u00e9al an Phobail Peadar Bair\u00e9ad \u201cAisling gh\u00e9ar do dhearcas f\u00e9in\u201d Minic m\u00e9 ag ma\u00edomh sa chol\u00fan seo, nach bhfuil f\u00eds ar bith ag an ngl\u00fan at\u00e1 suas anois, leis an r\u00f3d seo romainn a shoilsi\u00fa d\u00f3ibh, n\u00f3 mura bhfuil f\u00eds agat, conas is f\u00e9idir leat an r\u00f3d c\u00e9anna sin a fheice\u00e1il, gan tr\u00e1cht in [&hellip;]<\/p>\n","protected":false},"author":2,"featured_media":13435,"comment_status":"open","ping_status":"open","sticky":false,"template":"","format":"standard","meta":{"nf_dc_page":"","_et_pb_use_builder":"","_et_pb_old_content":"","_et_gb_content_width":"","footnotes":""},"categories":[1],"tags":[],"class_list":["post-11971","post","type-post","status-publish","format-standard","has-post-thumbnail","hentry","category-gan-chatagoir"],"_links":{"self":[{"href":"https:\/\/mickgb.com\/en\/wp-json\/wp\/v2\/posts\/11971","targetHints":{"allow":["GET"]}}],"collection":[{"href":"https:\/\/mickgb.com\/en\/wp-json\/wp\/v2\/posts"}],"about":[{"href":"https:\/\/mickgb.com\/en\/wp-json\/wp\/v2\/types\/post"}],"author":[{"embeddable":true,"href":"https:\/\/mickgb.com\/en\/wp-json\/wp\/v2\/users\/2"}],"replies":[{"embeddable":true,"href":"https:\/\/mickgb.com\/en\/wp-json\/wp\/v2\/comments?post=11971"}],"version-history":[{"count":1,"href":"https:\/\/mickgb.com\/en\/wp-json\/wp\/v2\/posts\/11971\/revisions"}],"predecessor-version":[{"id":11972,"href":"https:\/\/mickgb.com\/en\/wp-json\/wp\/v2\/posts\/11971\/revisions\/11972"}],"wp:featuredmedia":[{"embeddable":true,"href":"https:\/\/mickgb.com\/en\/wp-json\/wp\/v2\/media\/13435"}],"wp:attachment":[{"href":"https:\/\/mickgb.com\/en\/wp-json\/wp\/v2\/media?parent=11971"}],"wp:term":[{"taxonomy":"category","embeddable":true,"href":"https:\/\/mickgb.com\/en\/wp-json\/wp\/v2\/categories?post=11971"},{"taxonomy":"post_tag","embeddable":true,"href":"https:\/\/mickgb.com\/en\/wp-json\/wp\/v2\/tags?post=11971"}],"curies":[{"name":"wp","href":"https:\/\/api.w.org\/{rel}","templated":true}]}}