{"id":12011,"date":"2017-04-04T11:00:00","date_gmt":"2017-04-04T11:00:00","guid":{"rendered":"https:\/\/mickgb.com\/?p=12011"},"modified":"2024-04-08T01:09:02","modified_gmt":"2024-04-08T01:09:02","slug":"an-gasur-ab_-uaigni-ar-an-saol","status":"publish","type":"post","link":"https:\/\/mickgb.com\/en\/an-gasur-ab_-uaigni-ar-an-saol\/","title":{"rendered":"An Gas\u00far ab_ uaign\u00ed ar an Saol"},"content":{"rendered":"<p style=\"text-align:center;margin-top:0pt;padding-top:0;margin-bottom:10pt;padding-bottom:0;line-height:1.8\"><strong><span style=\"font-size:28pt\">An <\/span><span style=\"font-size:28pt\">Gas\u00far<\/span><span style=\"font-size:28pt\"> ab\u2019<\/span><span style=\"font-size:28pt\"> uaign\u00ed ar an Saol<\/span><\/strong><\/p><p style=\"text-align:center;margin-top:0pt;padding-top:0;margin-bottom:10pt;padding-bottom:0;line-height:1.8\"><strong><span style=\"font-size:20pt\">(Ois\u00edn i ndiaidh na F\u00e9inne)<\/span><\/strong><\/p><p style=\"text-align:center;margin-top:0pt;padding-top:0;margin-bottom:10pt;padding-bottom:0;line-height:1.2\"><strong><span style=\"font-size:20pt\">&#8230;&#8230;&#8230;&#8230;&#8230;&#8230;&#8230;&#8230;&#8230;&#8230;&#8230;&#8230;&#8230;&#8230;&#8230;&#8230;&#8230;&#8230;&#8230;&#8230;&#8230;&#8230;&#8230;&#8230;&#8230;.<\/span><\/strong><\/p><p style=\"margin-top:0pt;padding-top:0;margin-bottom:10pt;padding-bottom:0;line-height:1.2\"><strong><span style=\"font-size:18pt\">\u2018<\/span><span style=\"font-size:18pt\">THE LONLIEST BOY IN THE WORLD<\/span><span style=\"font-size:18pt\">\u2019<\/span><span style=\"font-size:18pt\">&#8230;<\/span><span style=\"font-size:18pt\">.<\/span><span style=\"font-size:18pt\">&#8230;C\u00e9adchl\u00f3<\/span><span style=\"font-size:18pt\">&#8230;..2014<\/span><\/strong><\/p><p style=\"margin-top:0pt;padding-top:0;margin-bottom:10pt;padding-bottom:0;line-height:1.2\"><strong><span style=\"font-size:18pt\"> by<\/span><\/strong><\/p><p style=\"margin-top:0pt;padding-top:0;margin-bottom:10pt;padding-bottom:0;line-height:1.2\"><strong><span style=\"font-size:18pt\">Gear\u00f3id Cheaist \u00d3 Cath\u00e1<\/span><span style=\"font-size:18pt\">in  with  Patricia Ahern&#8230;&#8230;\u20ac12.99<\/span><\/strong><\/p><p style=\"margin-top:0pt;padding-top:0;margin-bottom:10pt;padding-bottom:0;line-height:1.2\"><span style=\"height:1em\"><span>.<\/span><\/span><\/p><p style=\"text-align:center;margin-top:0pt;padding-top:0;margin-bottom:10pt;padding-bottom:0;line-height:1.8\"><strong><span style=\"font-size:18pt\">Guth \u00far \u00f3n mBlascaod M\u00f3r<\/span><\/strong><\/p><p style=\"text-align:justify;margin-top:0pt;padding-top:0;margin-bottom:10pt;padding-bottom:0;line-height:1.8\"><span style=\"font-size:14pt\">T\u00e1<\/span><span style=\"font-size:14pt\">\u2019s ag an saol<\/span><span style=\"font-size:14pt\">,<\/span><span style=\"font-size:14pt\"> go bhfuil ro<\/span><span style=\"font-size:14pt\">innt mhaith leabhar curtha ar f\u00e1il ag pobal an oile\u00e1<\/span><span style=\"font-size:14pt\">in seo<\/span><span style=\"font-size:14pt\">, cheana f\u00e9in, ach seo ceann \u00far curtha ar f\u00e1il ag duine a rugadh ar an oile\u00e1<\/span><span style=\"font-size:14pt\">n<\/span><span style=\"font-size:14pt\"> fh\u00e9in,<\/span><span style=\"font-size:14pt\"> sa bhliain 1947,<\/span><span style=\"font-size:14pt\"> agus a bh\u00ed<\/span><span style=\"font-size:14pt\"> thart ar s\u00e9 bliana d\u2019aois nuair a thr\u00e9ig a mhuintir an Blascaod M\u00f3<\/span><span style=\"font-size:14pt\">r<\/span><span style=\"font-size:14pt\">, sa bhliain 1953. Mar sin fh\u00e9<\/span><span style=\"font-size:14pt\">in<\/span><span style=\"font-size:14pt\">, chaith s\u00e9 s\u00e9 bliana d\u00e1 \u00f3<\/span><span style=\"font-size:14pt\">ige mar bhall de p<\/span><span style=\"font-size:14pt\">hobal an oile\u00e1<\/span><span style=\"font-size:14pt\">in agus d\u00e1 bhr\u00ed<\/span><span style=\"font-size:14pt\"> sin<\/span><span style=\"font-size:14pt\">, bh\u00ed ar a chumas traidisi\u00fa<\/span><span style=\"font-size:14pt\">n<\/span><span style=\"font-size:14pt\"> agus cult\u00fa<\/span><span style=\"font-size:14pt\">r<\/span><span style=\"font-size:14pt\"> phobal an oile\u00e1<\/span><span style=\"font-size:14pt\">in<\/span><span style=\"font-size:14pt\">,<\/span><span style=\"font-size:14pt\"> a \u00f3<\/span><span style=\"font-size:14pt\">l isteach<\/span><span style=\"font-size:14pt\"> agus a chuid fh\u00e9in a dh\u00e9<\/span><span style=\"font-size:14pt\">anamh de<\/span><span style=\"font-size:14pt\">, go r\u00e9idh n\u00e1d\u00fartha, faoi mar a dhi\u00falfadh leanbh bainne na beatha \u00f3na mh\u00e1<\/span><span style=\"font-size:14pt\">thair. <\/span><span style=\"font-size:14pt\">Sna \u2018Cuimhn\u00ed Cinn\u2019<\/span><span style=\"font-size:14pt\"> seo<\/span><span style=\"font-size:14pt\">, cuireann Gear\u00f3id, le cabhair \u00f3na chomh-\u00fa<\/span><span style=\"font-size:14pt\">dar<\/span><span style=\"font-size:14pt\">, Patricia Ahern, cuireann s\u00e9<\/span><span style=\"font-size:14pt\"> <\/span><span style=\"font-size:14pt\">s\u00edos ar ch\u00farsa\u00ed a shaoil fh\u00e9in agus ar an saol m\u00f3r<\/span><span style=\"font-size:14pt\"> a bh\u00ed thart air, feadh a r\u00e9<\/span><span style=\"font-size:14pt\">. <\/span><\/p><p style=\"text-align:justify;margin-top:0pt;padding-top:0;margin-bottom:10pt;padding-bottom:0;line-height:1.8\"><span style=\"font-size:14pt\">Faoi<\/span><span style=\"font-size:14pt\">\u2019<\/span><span style=\"font-size:14pt\">n am ar rugadh \u00e9<\/span><span style=\"font-size:14pt\"> sa bhliain 1947<\/span><span style=\"font-size:14pt\">, n\u00ed<\/span><span style=\"font-size:14pt\"> raibh<\/span><span style=\"font-size:14pt\"> leanbh ar <\/span><span style=\"font-size:14pt\">bith eile \u00e1 luascadh i gcliabh\u00e1<\/span><span style=\"font-size:14pt\">n<\/span><span style=\"font-size:14pt\"> ar an oile\u00e1<\/span><span style=\"font-size:14pt\">n. Bh\u00ed Gear\u00f3id f\u00e1gtha ina Ois\u00edn i ndiaidh na F\u00e9inne, gan \u00e9inne d\u00e1<\/span><span style=\"font-size:14pt\"> chomh<\/span><span style=\"font-size:14pt\">aois ar an mBlascaod le bheith ag d\u00e9anamh spraoi leis<\/span><span style=\"font-size:14pt\">, agus ba \u00e9<\/span><span style=\"font-size:14pt\"> a uncail <\/span><span style=\"font-size:14pt\">an duine ab \u00f3ige de na daoine a bh\u00ed f\u00e1gtha ar an oile\u00e1<\/span><span style=\"font-size:14pt\">n<\/span><span style=\"font-size:14pt\">, agus bh\u00ed<\/span><span style=\"font-size:14pt\"> <\/span><span style=\"font-size:14pt\">seisean thart ar thriocha bliain d\u2019aois ag an am,<\/span><span style=\"font-size:14pt\"> n\u00f3 bh\u00ed<\/span><span style=\"font-size:14pt\"> pobal an Bhlascao<\/span><span style=\"font-size:14pt\">i<\/span><span style=\"font-size:14pt\">d laghdaithe<\/span><span style=\"font-size:14pt\"> go m\u00f3<\/span><span style=\"font-size:14pt\">r<\/span><span style=\"font-size:14pt\">,<\/span><span style=\"font-size:14pt\"> faoin am sin<\/span><span style=\"font-size:14pt\">, ag an imirce go Meirice\u00e1 agus ag daoine \u00f3ga ag tr\u00e9igean an oile\u00e1<\/span><span style=\"font-size:14pt\">in<\/span><span style=\"font-size:14pt\">, mar<\/span><span style=\"font-size:14pt\"> bh\u00ed teipthe ar an eacnama\u00edocht a thug sl\u00ed bheatha do na hoile\u00e1naigh go dt\u00ed<\/span><span style=\"font-size:14pt\"> sin. Faoin am sin<\/span><span style=\"font-size:14pt\">, bh\u00ed pobal an Bhlascaoid f\u00e1gtha ar an mbl\u00e1r folamh, gan aibhl\u00e9is, gan docht\u00fa<\/span><span style=\"font-size:14pt\">ir, gan sagart, gan<\/span><span style=\"font-size:14pt\"> scoil<\/span><span style=\"font-size:14pt\">, gan eaglais, ach m\u00e1 bh\u00ed fh\u00e9in, deir Gear\u00f3<\/span><span style=\"font-size:14pt\">id linn<\/span><span style=\"font-size:14pt\">, go raibh \u00f3ige iontach aige fh\u00e9<\/span><span style=\"font-size:14pt\">in i <\/span><span style=\"font-size:14pt\">measc na gcomharsan. Ach tuigeadh ag an am<\/span><span style=\"font-size:14pt\"> nach raibh an dara su\u00ed sa bhuaile ag na hoile\u00e1naigh ach an <\/span><span style=\"font-size:14pt\"> <\/span><span style=\"font-size:14pt\">t-oilean a thr\u00e9<\/span><span style=\"font-size:14pt\">igean<\/span><span style=\"font-size:14pt\">,<\/span><span style=\"font-size:14pt\"> <\/span><span style=\"font-size:14pt\">agus t<\/span><span style=\"font-size:14pt\">uigeadh do Ghear\u00f3id, go raibh fonn ar a mh\u00e1thair an<\/span><span style=\"font-size:14pt\"> t-oile\u00e1n a thr\u00e9igean, n\u00f3 bh\u00ed a<\/span><span style=\"font-size:14pt\"> mh\u00e1thair ag smaoineamh ar scola\u00edocht a chur ar f\u00e1il d\u00f3, agus n\u00ed raibh scoil n\u00f3 m\u00fainteoir le f\u00e1il ar an mBlascaod. F\u00e9ach mar a chuireann s\u00e9 sin ina leabhar&#8230;<\/span><\/p><p style=\"text-align:justify;margin-top:0pt;padding-top:0;margin-bottom:10pt;padding-bottom:0;line-height:1.8;margin-left:36pt\"><span style=\"font-size:14pt\">\u201dShe was becoming more concerned about my schooling, as I was nearly six years of age. Making sure I got an education became her priority\u201d.<\/span><\/p><p style=\"text-align:justify;margin-top:0pt;padding-top:0;margin-bottom:10pt;padding-bottom:0;line-height:1.8\"><span style=\"font-size:14pt\">Mar sin<\/span><span style=\"font-size:14pt\">, nuair a bh\u00ed Gear\u00f3id thart ar s\u00e9 bliana d\u2019aois, d\u2019fh\u00e1<\/span><span style=\"font-size:14pt\">g siad an tsean-<\/span><span style=\"font-size:14pt\">\u00e1<\/span><span style=\"font-size:14pt\">it ar an oile\u00e1n agus thug siad D\u00fan Chaoin orthu fh\u00e9<\/span><span style=\"font-size:14pt\">in, <\/span><span style=\"font-size:14pt\">\u00e1it ar fh\u00e1s s\u00e9<\/span><span style=\"font-size:14pt\"> suas. F<\/span><span style=\"font-size:14pt\">uair s\u00e9 a chuid M<\/span><span style=\"font-size:14pt\">e\u00e1nscola\u00ed<\/span><span style=\"font-size:14pt\">ochta i<\/span><span style=\"font-size:14pt\">n Achadh \u00da<\/span><span style=\"font-size:14pt\">r<\/span><span style=\"font-size:14pt\">,<\/span><span style=\"font-size:14pt\"> i gContae Chill Chainnigh agus sa Daingean freisin.<\/span><\/p><p style=\"text-align:center;margin-top:0pt;padding-top:0;margin-bottom:10pt;padding-bottom:0;line-height:1.8\"><strong><span style=\"font-size:18pt\">I mB\u00e9arla a scr\u00edobhadh na Cuimhn\u00ed Cinn seo<\/span><\/strong><\/p><p style=\"text-align:justify;margin-top:0pt;padding-top:0;margin-bottom:10pt;padding-bottom:0;line-height:1.8\"><span style=\"font-size:14pt\">Tr\u00ed<\/span><span style=\"font-size:14pt\">d an leabhar seo<\/span><span style=\"font-size:14pt\">, cuireann Gear\u00f3id s\u00ed<\/span><span style=\"font-size:14pt\">os ar an saol a c<\/span><span style=\"font-size:14pt\">h<\/span><span style=\"font-size:14pt\">aitheadh daoine timpeall air<\/span><span style=\"font-size:14pt\"> ag an am, agus b\u00edodh gur i mB\u00e9arla a scr\u00edobh s\u00e9 a chuimhn\u00ed cinn, n\u00ed<\/span><span style=\"font-size:14pt\"> locht ar b<\/span><span style=\"font-size:14pt\">ith air \u00e9<\/span><span style=\"font-size:14pt\"> sin<\/span><span style=\"font-size:14pt\">,<\/span><span style=\"font-size:14pt\"> mar<\/span><span style=\"font-size:14pt\"> tugann s\u00e9 le fios d\u00fainn d\u00e1<\/span><span style=\"font-size:14pt\">n na mBlascaodach<\/span><span style=\"font-size:14pt\">,<\/span><span style=\"font-size:14pt\"> a  raibh o<\/span><span style=\"font-size:14pt\">rthu dul i ngleic le saol an Bh\u00e9<\/span><span style=\"font-size:14pt\">arla<\/span><span style=\"font-size:14pt\">, tar \u00e9is d\u00f3ibh an t-oile\u00e1n a thr\u00e9igean. N\u00ed h\u00e9 seo an ch\u00e9ad leabhar a scr\u00ed<\/span><span style=\"font-size:14pt\">obh <\/span><span style=\"font-size:14pt\">Blascaodaigh, agus iad ag cur s\u00ed<\/span><span style=\"font-size:14pt\">os go cruinn<\/span><span style=\"font-size:14pt\"> d\u00fa<\/span><span style=\"font-size:14pt\">inn<\/span><span style=\"font-size:14pt\">, ar <\/span><span style=\"font-size:14pt\">s<\/span><span style=\"font-size:14pt\">h<\/span><span style=\"font-size:14pt\">aol <\/span><span style=\"font-size:14pt\">a bh\u00ed ag dul i l\u00e9ig os comhair<\/span><span style=\"font-size:14pt\"> a gcuid s\u00fal amach, saol nach bhfuil f\u00e1<\/span><span style=\"font-size:14pt\">il air a thuilleadh<\/span><span style=\"font-size:14pt\">,<\/span><span style=\"font-size:14pt\"> taobh amuigh de n<\/span><span style=\"font-size:14pt\">a l<\/span><span style=\"font-size:14pt\">eabhair iontacha sin. <\/span><span style=\"font-size:14pt\">Smaoin\u00ed<\/span><span style=\"font-size:14pt\">onn muid ar<\/span><span style=\"font-size:14pt\">,<\/span><span style=\"font-size:14pt\"> <\/span><span style=\"font-size:14pt\">\u2018An tOile\u00e1<\/span><span style=\"font-size:14pt\">nach<\/span><span style=\"font-size:14pt\">\u2019,  le Tom\u00e1s \u00d3<\/span><span style=\"font-size:14pt\"> Criomhthain, <\/span><span style=\"font-size:14pt\">\u2018<\/span><span style=\"font-size:14pt\">Peig<\/span><span style=\"font-size:14pt\">\u2019<\/span><span style=\"font-size:14pt\">, le Peig Sayers, <\/span><span style=\"font-size:14pt\">\u2018Fiche Bliain ag F<\/span><span style=\"font-size:14pt\">\u00e1<\/span><span style=\"font-size:14pt\">s<\/span><span style=\"font-size:14pt\">\u2019, le Muiris \u00d3 S\u00failleabh\u00e1in agus tuilleadh. N\u00ed bheidh ar \u00e1<\/span><span style=\"font-size:14pt\">r gcumas dul chun an tobair sin<\/span><span style=\"font-size:14pt\"> go deo ar\u00eds, mura n-\u00e9ir\u00edonn le Gear\u00f3id dul i mbun pinn ar\u00ed<\/span><span style=\"font-size:14pt\">s, am<\/span><span style=\"font-size:14pt\">ach anseo. Ach cib\u00e9 ar bith \u00e9, t\u00e1 a dhualgas d\u00e9anta, agus d\u00e9anta go maith ag Gear\u00f3id, mar cuireann s\u00e9 s\u00ed<\/span><span style=\"font-size:14pt\">os<\/span><span style=\"font-size:14pt\"> ar shaol a mhuintire<\/span><span style=\"font-size:14pt\">, agus ar an dteangmh\u00e1il a bh\u00ed acu leis an saol m\u00f3<\/span><span style=\"font-size:14pt\">r amuigh<\/span><span style=\"font-size:14pt\">, agus na daoine c\u00e1ili\u00fala a thug cuairt ar an oile\u00e1n sin le blas an chult\u00fair d\u00fa<\/span><span style=\"font-size:14pt\">chais<\/span><span style=\"font-size:14pt\"> sin a fh\u00e1<\/span><span style=\"font-size:14pt\">il<\/span><span style=\"font-size:14pt\">, sula leagfa\u00ed na hord\u00f3ga air, n\u00f3 faoi mar a chuir Tom\u00e1s \u00d3<\/span><span style=\"font-size:14pt\"> Criomhthain go c<\/span><span style=\"font-size:14pt\">ruinn ceart \u00e9&#8230;\u201dN\u00ed bheidh \u00e1r leith\u00e9id\u00ed ar\u00ed<\/span><span style=\"font-size:14pt\">s ann.\u201d  <\/span><\/p><p style=\"text-align:justify;margin-top:0pt;padding-top:0;margin-bottom:10pt;padding-bottom:0;line-height:1.8\"><span style=\"font-size:14pt\">Leor sin don bhabhta seo, n\u00f3 t\u00e1 m\u00e9 cinnte go mbainfidh t\u00fa <\/span><span style=\"font-size:14pt\">fh\u00e9in <\/span><span style=\"font-size:14pt\">taitneamh as Cuimhn\u00ed <\/span><span style=\"font-size:14pt\">Cinn <\/span><span style=\"font-size:14pt\">Ghear<\/span><span style=\"font-size:14pt\">\u00f3id Cheais<\/span><span style=\"font-size:14pt\">t U\u00ed Chath\u00e1in<\/span><span style=\"font-size:14pt\">.  <\/span><\/p>","protected":false},"excerpt":{"rendered":"<p>An Gas\u00far ab\u2019 uaign\u00ed ar an Saol (Ois\u00edn i ndiaidh na F\u00e9inne) &#8230;&#8230;&#8230;&#8230;&#8230;&#8230;&#8230;&#8230;&#8230;&#8230;&#8230;&#8230;&#8230;&#8230;&#8230;&#8230;&#8230;&#8230;&#8230;&#8230;&#8230;&#8230;&#8230;&#8230;&#8230;. \u2018THE LONLIEST BOY IN THE WORLD\u2019&#8230;.&#8230;C\u00e9adchl\u00f3&#8230;..2014 by Gear\u00f3id Cheaist \u00d3 Cath\u00e1in with Patricia Ahern&#8230;&#8230;\u20ac12.99 . Guth \u00far \u00f3n mBlascaod M\u00f3r T\u00e1\u2019s ag an saol, go bhfuil roinnt mhaith leabhar curtha ar f\u00e1il ag pobal an oile\u00e1in seo, cheana f\u00e9in, ach seo ceann [&hellip;]<\/p>\n","protected":false},"author":2,"featured_media":13435,"comment_status":"open","ping_status":"open","sticky":false,"template":"","format":"standard","meta":{"nf_dc_page":"","_et_pb_use_builder":"","_et_pb_old_content":"","_et_gb_content_width":"","footnotes":""},"categories":[1],"tags":[],"class_list":["post-12011","post","type-post","status-publish","format-standard","has-post-thumbnail","hentry","category-gan-chatagoir"],"_links":{"self":[{"href":"https:\/\/mickgb.com\/en\/wp-json\/wp\/v2\/posts\/12011","targetHints":{"allow":["GET"]}}],"collection":[{"href":"https:\/\/mickgb.com\/en\/wp-json\/wp\/v2\/posts"}],"about":[{"href":"https:\/\/mickgb.com\/en\/wp-json\/wp\/v2\/types\/post"}],"author":[{"embeddable":true,"href":"https:\/\/mickgb.com\/en\/wp-json\/wp\/v2\/users\/2"}],"replies":[{"embeddable":true,"href":"https:\/\/mickgb.com\/en\/wp-json\/wp\/v2\/comments?post=12011"}],"version-history":[{"count":1,"href":"https:\/\/mickgb.com\/en\/wp-json\/wp\/v2\/posts\/12011\/revisions"}],"predecessor-version":[{"id":12012,"href":"https:\/\/mickgb.com\/en\/wp-json\/wp\/v2\/posts\/12011\/revisions\/12012"}],"wp:featuredmedia":[{"embeddable":true,"href":"https:\/\/mickgb.com\/en\/wp-json\/wp\/v2\/media\/13435"}],"wp:attachment":[{"href":"https:\/\/mickgb.com\/en\/wp-json\/wp\/v2\/media?parent=12011"}],"wp:term":[{"taxonomy":"category","embeddable":true,"href":"https:\/\/mickgb.com\/en\/wp-json\/wp\/v2\/categories?post=12011"},{"taxonomy":"post_tag","embeddable":true,"href":"https:\/\/mickgb.com\/en\/wp-json\/wp\/v2\/tags?post=12011"}],"curies":[{"name":"wp","href":"https:\/\/api.w.org\/{rel}","templated":true}]}}