{"id":12057,"date":"2017-04-04T11:00:00","date_gmt":"2017-04-04T11:00:00","guid":{"rendered":"https:\/\/mickgb.com\/?p=12057"},"modified":"2024-04-08T01:16:33","modified_gmt":"2024-04-08T01:16:33","slug":"aoibhinn-beatha-an-scolaire-2","status":"publish","type":"post","link":"https:\/\/mickgb.com\/en\/aoibhinn-beatha-an-scolaire-2\/","title":{"rendered":"Aoibhinn beatha an Scol\u00e1ire  2"},"content":{"rendered":"<p style=\"text-align:center;margin-top:0pt;padding-top:0;margin-bottom:0pt;padding-bottom:0;line-height:2.4;font-weight:bold;font-size:16pt\"><span style=\"height:1em\"><span>.<\/span><\/span><\/p><h1 style=\"text-align:center;margin-top:0pt;padding-top:0;margin-bottom:0pt;padding-bottom:0;line-height:2.4;font-weight:bold;font-size:14pt\"><span style=\"font-size:28pt\">A<\/span><span style=\"font-size:28pt\">oibhinn Beatha an <\/span><span style=\"font-size:28pt\">Mhac L\u00e9inn<\/span><span style=\"font-size:28pt\">!<\/span><span style=\"font-size:28pt\">  2<\/span><\/h1><p style=\"text-align:justify;margin-top:0pt;padding-top:0;margin-bottom:0pt;padding-bottom:0;line-height:1.8;font-size:12pt\">Peadar Bair\u00e9ad<\/p><p style=\"text-align:justify;margin-top:0pt;padding-top:0;margin-bottom:0pt;padding-bottom:0;line-height:1.8;font-size:12pt\"><span style=\"height:1em\"><span>.<\/span><\/span><\/p><p style=\"text-align:center;margin-top:0pt;padding-top:0;margin-bottom:0pt;padding-bottom:0;line-height:1.8;font-size:12pt\"><strong><span style=\"font-size:14pt\"><em>(This week I<\/em><\/span><span style=\"font-size:14pt\"><em> recall a<\/em><\/span><span style=\"font-size:14pt\"><em>gain memories of Student days!<\/em><\/span><\/strong><\/p><p style=\"text-align:center;margin-top:0pt;padding-top:0;margin-bottom:0pt;padding-bottom:0;line-height:1.8;font-size:12pt\"><span style=\"height:1em\"><span>.<\/span><\/span><\/p><p style=\"text-align:center;margin-top:0pt;padding-top:0;margin-bottom:0pt;padding-bottom:0;line-height:1.8;font-size:12pt\"><strong><span style=\"font-size:18pt\">Cr\u00e1 Cro\u00ed<\/span><\/strong><\/p><p style=\"text-align:justify;margin-top:0pt;padding-top:0;margin-bottom:0pt;padding-bottom:0;line-height:1.8;font-size:12pt\"><span style=\"height:1em\"><span>.<\/span><\/span><\/p><p style=\"text-align:justify;margin-top:0pt;padding-top:0;margin-bottom:0pt;padding-bottom:0;line-height:1.8;font-size:12pt\"><span style=\"font-size:14pt\">Mar a mh\u00ednigh m\u00e9 dhaoibh an t-seachtain seo caite, bh\u00ed dalta agam i gCol\u00e1iste U\u00ed Ghriallaigh, ar theastaigh \u00f3na athair go nd\u00e9anfa\u00ed docht\u00fair de,<\/span><span style=\"font-size:14pt\"> agus a leith\u00e9id de chr\u00e1 cro\u00ed n\u00edor fhulaing m\u00e9 riamh roimhe,<\/span><span style=\"font-size:14pt\"> n\u00f3 \u00f3 shoin i leith,<\/span><span style=\"font-size:14pt\"> agus m\u00e9 ag iarraidh d\u00edochlaonta\u00ed agus r\u00e9imnithe <\/span><span style=\"font-size:14pt\">na <\/span><span style=\"font-size:14pt\">Laidine <\/span><span style=\"font-size:14pt\">a mh\u00faineadh don dalta c\u00e9anna sin<\/span><span style=\"font-size:14pt\">!  N\u00ed raibh sp\u00e9is d\u00e1 laghad aigesean sa Laidin, ach is amhlaidh a thugadh a athair a ghluaiste\u00e1n d\u00f3, chuile l\u00e1, le freastal ar na ranganna sin, le go n-\u00e9ireodh leis pas d\u2019fh\u00e1il sa Mhaithre\u00e1nach, n\u00f3 theastaigh \u00f3n athair sin docht\u00fair a dh\u00e9anamh d\u00e1 mhac. <\/span><span style=\"font-size:14pt\">Rinne m\u00e9 chuile iarracht \u00e9 a spreagadh le roinnt \u00e1irithe Laidine a fhoghlaim, ach d\u00fairt s\u00e9 liom, go neamhbhalbh, gur chuma sa diabhal leis m\u00e9 fh\u00e9in is mo chuid Laidine, agus n\u00e1r theastaigh uaidh ach leithsc\u00e9al a bheith aige teacht go Gaillimh, chuile l\u00e1, le bualadh lena leann\u00e1n!  Bhu<\/span><span style=\"font-size:14pt\">el, nach f\u00e9idir le duine<\/span><span style=\"font-size:14pt\"> capall a thabhairt chun an uisce, ach n\u00ed fh\u00e9adfadh fir uilig an r\u00ed iachall a chur air an t-uisce sin a \u00f3l!<\/span><\/p><p style=\"text-align:center;margin-top:0pt;padding-top:0;margin-bottom:0pt;padding-bottom:0;line-height:1.8;font-size:12pt\"><span style=\"height:1em\"><span>.<\/span><\/span><\/p><p style=\"text-align:center;margin-top:0pt;padding-top:0;margin-bottom:0pt;padding-bottom:0;line-height:1.8;font-size:12pt\"><strong><span style=\"font-size:18pt\">M\u00fainteoir  sealadach,  l\u00e1naimseartha!<\/span><\/strong><\/p><p style=\"text-align:justify;margin-top:0pt;padding-top:0;margin-bottom:0pt;padding-bottom:0;line-height:1.8;font-size:12pt\"><span style=\"height:1em\"><span>.<\/span><\/span><\/p><p style=\"text-align:justify;margin-top:0pt;padding-top:0;margin-bottom:0pt;padding-bottom:0;line-height:1.8;font-size:12pt\"><span style=\"font-size:14pt\">Tharla an bhliain \u00e1irithe sin freisin, go raibh fol\u00fantas sealadach i gCol\u00e1iste na bProinsiasc\u00e1nach, sa Chloc\u00e1n, agus th\u00e1inig lucht na scoile sin chun cainte le Pat <\/span><span style=\"font-size:14pt\">Larkin, \u00e1r nOllamh<\/span><span style=\"font-size:14pt\">&#8211;<\/span><span style=\"font-size:14pt\">na, agus d\u2019fhiafraigh siad de, an mbeadh aon mhac l\u00e9inn aige, an bhliain sin, a mholfadh s\u00e9 don phost \u00e1irithe sin, ar feadh m\u00edosa, n\u00f3 mar sin.  Bhuail an Lorc\u00e1nach bleid orm fh\u00e9in, agus mh\u00ednigh an sc\u00e9al dom, \u00f3 th\u00fas deireadh, agus d\u00fairt, go mbeadh seisean s\u00e1sta m\u00e9 a ligint go dt\u00ed an Cloch\u00e1n, ar feadh m\u00edosa, n\u00f3 bh\u00ed s\u00e9 s\u00e1sta go mbainfinnse tairbhe as an gcleachtadh, agus go mbeadh ar mo chumas staid\u00e9ar a dh\u00e9anamh ar cib\u00e9 l\u00e9achta\u00ed a chaillfinn, i rith na m\u00edosa sin, ach na n\u00f3ta\u00ed a fh\u00e1il \u00f3 mhac l\u00e9inn iontaofa eic\u00ednt im\u2019 rang. <\/span><\/p><p style=\"text-align:justify;margin-top:0pt;padding-top:0;margin-bottom:0pt;padding-bottom:0;line-height:1.8;font-size:12pt\"><span style=\"font-size:14pt\">Bh\u00ed go maith, is n\u00ed raibh go holc, mar adeireadh lucht sc\u00e9ala\u00edochta fad\u00f3.  Bhuel, bhailigh m\u00e9 mo chip is mo mhe\u00e1naithe, agus bhuail m\u00e9 an b\u00f3thar go dt\u00ed an Cloch\u00e1n.  Thug m\u00e9 aghaidh ar an dTeach \u00d3sta, in a raibh seomra curtha in \u00e1irithe dhom ar feadh na m\u00edosa, agus ansin, casadh orm an fear a bheadh ag feidhmi\u00fa mar ardmh\u00e1istir, le linn dom bheith im mh\u00fainteoir ansin.  Chaith m\u00e9 an chuid eile den l\u00e1 sin dom ullmh\u00fa fh\u00e9in don obair a bh\u00ed romham amach. An mhaidin d\u00e1r gcionn, bh\u00ed m\u00e9 i l\u00e1thair sa scoil sin go bre\u00e1 luath, agus m\u00e9 r\u00e9idh le dul i mbun oibre, ar bhuille a naoi.<\/span><\/p><p style=\"text-align:center;margin-top:0pt;padding-top:0;margin-bottom:0pt;padding-bottom:0;line-height:1.8;font-size:12pt\"><span style=\"height:1em\"><span>.<\/span><\/span><\/p><p style=\"text-align:center;margin-top:0pt;padding-top:0;margin-bottom:0pt;padding-bottom:0;line-height:1.8;font-size:12pt\" class=\"translation-block\"><span style=\"font-size: 14pt\">Practice makes perfect<\/p><p style=\"text-align:justify;margin-top:0pt;padding-top:0;margin-bottom:0pt;padding-bottom:0;line-height:1.8;font-size:12pt\"><span style=\"font-size:14pt\">Conas a d\u2019\u00e9irigh liom, i rith na m\u00edosa sin, an ea?  \u00eds d\u00f3cha gur f\u00e9idir liom a r\u00e1 anois, gur \u00e9irigh liom go seoigh sa phost sin.  T\u00fas Mh\u00ed na Nollag a bh\u00ed ann, agus ba ghearr go raibh muid ag ullmh\u00fa do scr\u00faduithe na Nollag.  Rinne m\u00e9 mo dh\u00edcheall m\u00f3r dul i gcionn ar na dalta\u00ed a bh\u00ed faoi mo ch\u00faram, agus m\u00e9 \u00e1 <\/span><span style=\"font-size:14pt\">&nbsp;&nbsp;&nbsp;&nbsp;&nbsp;&nbsp;&nbsp;&nbsp;&nbsp;&nbsp;&nbsp;<\/span><span style=\"font-size:14pt\">n-ullmh\u00fa don scrud\u00fa c\u00e9anna sin.  Bh\u00ed orm roinnt mhaith \u00e1bhar a mh\u00faineadh sa scoil sin, n\u00f3, chomh fada is a th\u00e9ann mo chuimhne anois, n\u00ed raibh i mbun oibre sa scoil, ag an am, ach tri\u00far againn, Br\u00e1thair den Ord Proinsiasc\u00e1nach, tuatach eile, agus m\u00e9 fh\u00e9in<\/span><span style=\"font-size:14pt\">. <\/span><span style=\"font-size:14pt\">N\u00ed call<\/span><span style=\"font-size:14pt\"> dom<\/span><span style=\"font-size:14pt\"> a r\u00e1, nach raibh aon chleachtadh agam fh\u00e9in ar obair den ts\u00f3rt sin agus s\u00ed an chuimhne a \u00e9ir\u00edonn chugam anois, as loch na gcuimhn\u00ed, n\u00f3 go mb\u00ednn tuirseach, traochta, ag deireadh gach lae, agus sin<\/span><span style=\"font-size:14pt\"> \u00f3 cheann ceann na seachtaine. <\/span><\/p><p style=\"text-align:center;margin-top:0pt;padding-top:0;margin-bottom:0pt;padding-bottom:0;line-height:1.8;font-size:12pt\"><strong><span style=\"font-size:18pt\">Ar ais ar\u00eds<\/span><\/strong><\/p><p style=\"text-align:justify;margin-top:0pt;padding-top:0;margin-bottom:0pt;padding-bottom:0;line-height:1.8;font-size:12pt\"><span style=\"height:1em\"><span>.<\/span><\/span><\/p><p style=\"text-align:justify;margin-top:0pt;padding-top:0;margin-bottom:0pt;padding-bottom:0;line-height:1.8;font-size:12pt\"><span style=\"font-size:14pt\">An ch\u00e9ad l\u00e1 ar ais san Ollscoil dom, d\u2019iarr an tOllamh orm cuntas ar m\u2019imeachta\u00ed, mar mh\u00fainteoir sealadach sa Chloch\u00e1n, a thabhairt don rang.  Ag breathn\u00fa siar anois ar na c\u00farsa\u00ed sin, t\u00e1 m\u00e9 cinnte, gur chabhraigh an cleachtadh c\u00e9anna sin go m\u00f3r liom, agus m\u00e9 ag ullmh\u00fa don \u201cH Dip. in Ed\u201d, n\u00f3 n\u00ed d\u00f3igh liom, go raibh aon bhealach n\u00edos fearr leis an gceird a fhoghlaim, n\u00e1 seal a chaitheamh \u00e1 cleachtadh, agus chomh maith le sin, d\u2019fh\u00e1g s\u00e9 pingneacha im spar\u00e1n, earra\u00ed nach raibh s\u00e9 \u00e9asca teacht orthu ag an am!<\/span><\/p><p style=\"text-align:justify;margin-top:0pt;padding-top:0;margin-bottom:0pt;padding-bottom:0;line-height:1.8;font-size:12pt\"><span style=\"font-size:14pt\">T\u00e1 m\u00e9 bu\u00edoch f\u00f3s don Ollamh Pat Larkin, as an deis sin a thabhairt dom.  Sea, ba dhuine faoi leith \u00e9 Pat s\u2019againne, gan aon ag\u00f3.<\/span><\/p><p style=\"text-align:justify;margin-top:0pt;padding-top:0;margin-bottom:0pt;padding-bottom:0;line-height:2.4;font-size:12pt\"><span style=\"height:1em\"><span>.<\/span><\/span><\/p>","protected":false},"excerpt":{"rendered":"<p>. Aoibhinn Beatha an Mhac L\u00e9inn! 2 Peadar Bair\u00e9ad . (This week I recall again memories of Student days! . Cr\u00e1 Cro\u00ed . Mar a mh\u00ednigh m\u00e9 dhaoibh an t-seachtain seo caite, bh\u00ed dalta agam i gCol\u00e1iste U\u00ed Ghriallaigh, ar theastaigh \u00f3na athair go nd\u00e9anfa\u00ed docht\u00fair de, agus a leith\u00e9id de chr\u00e1 cro\u00ed n\u00edor fhulaing [&hellip;]<\/p>\n","protected":false},"author":2,"featured_media":13435,"comment_status":"open","ping_status":"open","sticky":false,"template":"","format":"standard","meta":{"nf_dc_page":"","_et_pb_use_builder":"","_et_pb_old_content":"","_et_gb_content_width":"","footnotes":""},"categories":[1],"tags":[],"class_list":["post-12057","post","type-post","status-publish","format-standard","has-post-thumbnail","hentry","category-gan-chatagoir"],"_links":{"self":[{"href":"https:\/\/mickgb.com\/en\/wp-json\/wp\/v2\/posts\/12057","targetHints":{"allow":["GET"]}}],"collection":[{"href":"https:\/\/mickgb.com\/en\/wp-json\/wp\/v2\/posts"}],"about":[{"href":"https:\/\/mickgb.com\/en\/wp-json\/wp\/v2\/types\/post"}],"author":[{"embeddable":true,"href":"https:\/\/mickgb.com\/en\/wp-json\/wp\/v2\/users\/2"}],"replies":[{"embeddable":true,"href":"https:\/\/mickgb.com\/en\/wp-json\/wp\/v2\/comments?post=12057"}],"version-history":[{"count":1,"href":"https:\/\/mickgb.com\/en\/wp-json\/wp\/v2\/posts\/12057\/revisions"}],"predecessor-version":[{"id":12058,"href":"https:\/\/mickgb.com\/en\/wp-json\/wp\/v2\/posts\/12057\/revisions\/12058"}],"wp:featuredmedia":[{"embeddable":true,"href":"https:\/\/mickgb.com\/en\/wp-json\/wp\/v2\/media\/13435"}],"wp:attachment":[{"href":"https:\/\/mickgb.com\/en\/wp-json\/wp\/v2\/media?parent=12057"}],"wp:term":[{"taxonomy":"category","embeddable":true,"href":"https:\/\/mickgb.com\/en\/wp-json\/wp\/v2\/categories?post=12057"},{"taxonomy":"post_tag","embeddable":true,"href":"https:\/\/mickgb.com\/en\/wp-json\/wp\/v2\/tags?post=12057"}],"curies":[{"name":"wp","href":"https:\/\/api.w.org\/{rel}","templated":true}]}}