{"id":12087,"date":"2017-04-04T11:00:00","date_gmt":"2017-04-04T11:00:00","guid":{"rendered":"https:\/\/mickgb.com\/?p=12087"},"modified":"2024-04-08T01:26:09","modified_gmt":"2024-04-08T01:26:09","slug":"ardu-meanman","status":"publish","type":"post","link":"https:\/\/mickgb.com\/en\/ardu-meanman\/","title":{"rendered":"Ard\u00fa meanman"},"content":{"rendered":"<p style=\"text-align:center;margin-top:0pt;padding-top:0;margin-bottom:10pt;padding-bottom:0;line-height:1.38\"><strong><span style=\"font-size:28pt\">I  mB\u00e9al  an  Phobail<\/span><\/strong><\/p><p style=\"margin-top:0pt;padding-top:0;margin-bottom:10pt;padding-bottom:0;line-height:1.38\"><span style=\"font-size:14pt\">Peadar Bair\u00e9ad<\/span><\/p><p style=\"text-align:center;margin-top:0pt;padding-top:0;margin-bottom:10pt;padding-bottom:0;line-height:1.38\"><strong><span style=\"font-size:18pt\">Ard\u00fa meanman<\/span><\/strong><\/p><p style=\"text-align:center;margin-top:0pt;padding-top:0;margin-bottom:10pt;padding-bottom:0;line-height:1.8\"><strong><span style=\"font-size:14pt\"><em>(This week we consider some of the things that lift our spirit.)<\/em><\/span><\/strong><\/p><p style=\"text-align:center;margin-top:0pt;padding-top:0;margin-bottom:10pt;padding-bottom:0;line-height:1.8\"><span style=\"height:1em\"><span>.<\/span><\/span><\/p><p style=\"text-align:justify;margin-top:0pt;padding-top:0;margin-bottom:10pt;padding-bottom:0;line-height:1.8\"><span style=\"font-size:14pt\">N\u00ed g\u00e1 dul r\u00f3-fhada siar le h\u00f3c\u00e1id d\u00e1 leith\u00e9id a fh\u00e1il, n\u00f3 n\u00e1r mh\u00f3r an t\u00f3g\u00e1il cro\u00ed<\/span><span style=\"font-size:14pt\"> do chuile dhuine againn<\/span><span style=\"font-size:14pt\">,<\/span><span style=\"font-size:14pt\"> anseo i gCill Chainnigh<\/span><span style=\"font-size:14pt\">,<\/span><span style=\"font-size:14pt\"> bua<\/span><span style=\"font-size:14pt\"> iontach<\/span><span style=\"font-size:14pt\"> iom\u00e1<\/span><span style=\"font-size:14pt\">naithe an Chontae seo<\/span><span style=\"font-size:14pt\"> ar na Tiobraidaigh, i gCraobh na h\u00c9<\/span><span style=\"font-size:14pt\">ireann <\/span><span style=\"font-size:14pt\">san Iom\u00e1<\/span><span style=\"font-size:14pt\">int<\/span><span style=\"font-size:14pt\">,<\/span><span style=\"font-size:14pt\"> cupla Domhnach \u00f3 shoin anois. N\u00ed g\u00e1 a r\u00e1.<\/span><span style=\"font-size:14pt\"> go rai<\/span><span style=\"font-size:14pt\">bh chuile dhuine againn ar chip\u00edn\u00ed <\/span><span style=\"font-size:14pt\">feadh na himeartha<\/span><span style=\"font-size:14pt\">, ar eagla go mbuafa\u00ed<\/span><span style=\"font-size:14pt\"> orainn,<\/span><span style=\"font-size:14pt\"> tr\u00ed<\/span><span style=\"font-size:14pt\"> thimpist<\/span><span style=\"font-size:14pt\">,<\/span><span style=\"font-size:14pt\"> n\u00f3 tr\u00ed thuaiplis eic\u00ed<\/span><span style=\"font-size:14pt\">nt<\/span><span style=\"font-size:14pt\">,<\/span><span style=\"font-size:14pt\"> sara s\u00e9idf\u00ed<\/span><span style=\"font-size:14pt\"> an fhead deiridh.<\/span><span style=\"font-size:14pt\"> Chaitheamar tr\u00e9<\/span><span style=\"font-size:14pt\">imhse <\/span><span style=\"font-size:14pt\">fhada<\/span><span style=\"font-size:14pt\">,<\/span><span style=\"font-size:14pt\"> roimh Dhomhnach an Bhaire<\/span><span style=\"font-size:14pt\">, agus muid smaoineamh ar an l\u00e1 cinni\u00fanach c\u00e9anna sin. An mbainfeadh na Cait, n\u00f3<\/span><span style=\"font-size:14pt\"> an<\/span><span style=\"font-size:14pt\"> gcaillfeadh siad? Uaireanta bh\u00ed<\/span><span style=\"font-size:14pt\">mis cinnte go mbainfeadh siad an cluiche sin, <\/span><span style=\"font-size:14pt\">ach ansin, ar ball, tagadh luch\u00f3ga an amhrais agus thosa\u00edd\u00ed<\/span><span style=\"font-size:14pt\">s ag creimeadh na cinnteachta sin<\/span><span style=\"font-size:14pt\">, go dt\u00ed go millf\u00ed an l\u00fach\u00e1ir a bh\u00ed ag nead\u00fa sa chro\u00ed<\/span><span style=\"font-size:14pt\"> ist<\/span><span style=\"font-size:14pt\">igh ionainn. Ar deireadh thiar \u00e1<\/span><span style=\"font-size:14pt\">fach<\/span><span style=\"font-size:14pt\">, th\u00e1inig an l\u00e1 m\u00f3<\/span><span style=\"font-size:14pt\">r<\/span><span style=\"font-size:14pt\"> fh\u00e9in, l\u00e1 an bhreithi\u00fanais, Domhnach an Bh\u00e1ire, agus ag an am sprioc\u00e1ilte, mh\u00e1irse\u00e1il an d\u00e1 fhoireann go fear\u00fa<\/span><span style=\"font-size:14pt\">il<\/span><span style=\"font-size:14pt\">,<\/span><span style=\"font-size:14pt\"> calma<\/span><span style=\"font-size:14pt\">,<\/span><span style=\"font-size:14pt\"> <\/span><span style=\"font-size:14pt\">amach<\/span><span style=\"font-size:14pt\"> <\/span><span style=\"font-size:14pt\">ar shraith ghl\u00f3rmhar f\u00e9<\/span><span style=\"font-size:14pt\">aruaine<\/span><span style=\"font-size:14pt\"> Ph\u00e1irc an Chr\u00f3caigh. Nuair a bh\u00ed an mh\u00e1irse\u00e1il cr\u00ed<\/span><span style=\"font-size:14pt\">ochnaithe agus Amhr\u00e1<\/span><span style=\"font-size:14pt\">n na bhFiann canta<\/span><span style=\"font-size:14pt\">,<\/span><span style=\"font-size:14pt\"> t<\/span><span style=\"font-size:14pt\">hosaigh an lascadh. D\u2019imir an d\u00e1 fhoireann go fear\u00fail scili\u00fa<\/span><span style=\"font-size:14pt\">il<\/span><span style=\"font-size:14pt\">,<\/span><span style=\"font-size:14pt\"> cliste<\/span><span style=\"font-size:14pt\">, sa chaoi nach bhf\u00e9adf\u00e1 lann an r\u00e1s\u00fair fh\u00e9<\/span><span style=\"font-size:14pt\">in a chur isteach eatar<\/span><span style=\"font-size:14pt\">thu. Tr\u00e9imhse amh\u00e1in bheadh t\u00fa<\/span><span style=\"font-size:14pt\"> cinnte go mbeadh an bua ag na C<\/span><span style=\"font-size:14pt\">ait, <\/span><span style=\"font-size:14pt\">agus ansin, faoi mar a bhuailfe\u00e1 do dh\u00e1 bhos ar a ch\u00e9<\/span><span style=\"font-size:14pt\">ile<\/span><span style=\"font-size:14pt\">,<\/span><span style=\"font-size:14pt\"> chasfadh an taoide agus <\/span><span style=\"font-size:14pt\">bheadh <\/span><span style=\"font-size:14pt\">rith an r\u00e1<\/span><span style=\"font-size:14pt\">is <\/span><span style=\"font-size:14pt\">ansin <\/span><span style=\"font-size:14pt\">ag na Tiobradaigh<\/span><span style=\"font-size:14pt\">. I rith an ama sin uilig<\/span><span style=\"font-size:14pt\">,<\/span><span style=\"font-size:14pt\"> bheadh duine ar imeall a chathaoireac<\/span><span style=\"font-size:14pt\">h agus \u00e9<\/span><span style=\"font-size:14pt\"> chomh teannta <\/span><span style=\"font-size:14pt\">suas <\/span><span style=\"font-size:14pt\">le sprionga <\/span><span style=\"font-size:14pt\">tochraiste, l\u00e1n le fait\u00ed<\/span><span style=\"font-size:14pt\">os <\/span><span style=\"font-size:14pt\">go gcaillfeadh muid<\/span><span style=\"font-size:14pt\">, agus ag an am gc\u00e9<\/span><span style=\"font-size:14pt\">anna<\/span><span style=\"font-size:14pt\">, l\u00e1n le d\u00f3chas go mbuafaimi<\/span><span style=\"font-size:14pt\">s. Lean an <\/span><span style=\"font-size:14pt\">teannas agus an scleondar go dt\u00ed an n\u00f3im\u00e9<\/span><span style=\"font-size:14pt\">ad deiridh<\/span><span style=\"font-size:14pt\">, n\u00f3 bh\u00ed seans ann i gc\u00f3na\u00ed go mbeadh an bua ag taobh amh\u00e1in n\u00f3<\/span><span style=\"font-size:14pt\"> a<\/span><span style=\"font-size:14pt\">g an dtaobh eile. Ach m\u00e1s fada fh\u00e9in an l\u00e1 tagann o\u00ed<\/span><span style=\"font-size:14pt\">che<\/span><span style=\"font-size:14pt\">, agus ba \u00e9 an sc\u00e9al c\u00e9anna ag an gcluiche sin \u00e9. Bh\u00ed an bua ag na Cait. \u00c1thas gan teorainn ar lucht lean\u00fana na gCat. Hata\u00ed san aer. Bosa \u00e1 mbuaileadh. Rince. L\u00e9imneach san aer. G\u00e1rtha molta \u00e1<\/span><span style=\"font-size:14pt\"> scaoileadh as<\/span><span style=\"font-size:14pt\"> scornacha phiach\u00e1nacha. An Bainisteoir fh\u00e9in agus tr\u00ed l\u00e9<\/span><span style=\"font-size:14pt\">im<\/span><span style=\"font-size:14pt\"> as a chorp \u00e1<\/span><span style=\"font-size:14pt\"> dtabhairt<\/span><span style=\"font-size:14pt\"> aige<\/span><span style=\"font-size:14pt\">. Caithfidh m\u00e9 a admh\u00e1il go raibh fonn orm fh\u00e9in aithris a dh\u00e9<\/span><span style=\"font-size:14pt\">anamh a<\/span><span style=\"font-size:14pt\">ir, ach nach raibh mo chorpsa s\u00e1sta a leith\u00e9id a dh\u00e9anamh, agus cuir san \u00e1ireamh gur chat on\u00f3rach m\u00e9 fh\u00e9in, cat n\u00e1r rugadh sna b\u00f3la\u00ed seo in aon chor, agus m\u00e9<\/span><span style=\"font-size:14pt\"> chomh c<\/span><span style=\"font-size:14pt\">orraithe sin, conas a raghadh s\u00e9<\/span><span style=\"font-size:14pt\"> i gc<\/span><span style=\"font-size:14pt\">ionn ar na cait a rugadh is a t\u00f3gadh in Osra\u00ed na R\u00ed? N\u00e1r l\u00e1 d\u00e1r saol \u00e9<\/span><span style=\"font-size:14pt\">?<\/span><\/p><p style=\"text-align:center;margin-top:0pt;padding-top:0;margin-bottom:10pt;padding-bottom:0;line-height:1.8\"><strong><span style=\"font-size:18pt\">Bua i dToghch\u00e1n<\/span><\/strong><\/p><p style=\"text-align:justify;margin-top:0pt;padding-top:0;margin-bottom:10pt;padding-bottom:0;line-height:1.8\"><span style=\"font-size:14pt\">\u00d3c\u00e1id eile a arda\u00ed<\/span><span style=\"font-size:14pt\">onn meanmna<\/span><span style=\"font-size:14pt\"> daoine<\/span><span style=\"font-size:14pt\">, sa t\u00ed<\/span><span style=\"font-size:14pt\">r seo<\/span><span style=\"font-size:14pt\">, isea comhaireamh v\u00f3ta\u00ed<\/span><span style=\"font-size:14pt\"> i ndiaid<\/span><span style=\"font-size:14pt\">h toghch\u00e1in de chine\u00e1l amh\u00e1<\/span><span style=\"font-size:14pt\">in<\/span><span style=\"font-size:14pt\">, n\u00f3<\/span><span style=\"font-size:14pt\"> de shaghas eile<\/span><span style=\"font-size:14pt\">,<\/span><span style=\"font-size:14pt\"> agus tharla go raibh <\/span><span style=\"font-size:14pt\">d<\/span><span style=\"font-size:14pt\">eis againn a leith\u00e9<\/span><span style=\"font-size:14pt\">id a thabhairt faoi deara<\/span><span style=\"font-size:14pt\">,<\/span><span style=\"font-size:14pt\"> ar na m<\/span><span style=\"font-size:14pt\">allaibh. Tharla go raibh Seanad\u00f3ir agus dh\u00e1 Theachta D\u00e1<\/span><span style=\"font-size:14pt\">la l<\/span><span style=\"font-size:14pt\">e toghadh, ceann acu i dtoghlach i Ros Com\u00e1<\/span><span style=\"font-size:14pt\">in agus<\/span><span style=\"font-size:14pt\"> an duine<\/span><span style=\"font-size:14pt\"> eile<\/span><span style=\"font-size:14pt\"> in \u00c1<\/span><span style=\"font-size:14pt\">th Cliath. Nach ag <\/span><span style=\"font-size:14pt\">na hiriseoir\u00ed agus ag lucht nuacht\u00e1n a bh\u00ed an l\u00e1<\/span><span style=\"font-size:14pt\"> faoin dto<\/span><span style=\"font-size:14pt\">r<\/span><span style=\"font-size:14pt\">, le cupla m\u00ed anuas, n\u00f3 n\u00ed<\/span><span style=\"font-size:14pt\"> raib<\/span><span style=\"font-size:14pt\">h i m<\/span><span style=\"font-size:14pt\">b\u00e9al gach \u00e9inne ach sc\u00e9<\/span><span style=\"font-size:14pt\">al na dt<\/span><span style=\"font-size:14pt\">oghch\u00e1<\/span><span style=\"font-size:14pt\">n sin. <\/span><span style=\"font-size:14pt\"> <\/span><span style=\"font-size:14pt\">Ar deireadh thiar<\/span><span style=\"font-size:14pt\">, th\u00e1inig l\u00e1 na v\u00f3ta\u00ed<\/span><span style=\"font-size:14pt\"> agus ar ball<\/span><span style=\"font-size:14pt\">, deineadh an comhaireamh. Bh\u00ed<\/span><span style=\"font-size:14pt\"> ar dhaoine fanacht go foighdeach go d<\/span><span style=\"font-size:14pt\">t\u00ed go raibh chuile v\u00f3<\/span><span style=\"font-size:14pt\">ta comhairthe agus ag an bpointe sin<\/span><span style=\"font-size:14pt\">,<\/span><span style=\"font-size:14pt\"> chaill an slua san iona<\/span><span style=\"font-size:14pt\">d comhairthe chuile smacht a bh\u00ed acu orthu fh\u00e9<\/span><span style=\"font-size:14pt\">in <\/span><span style=\"font-size:14pt\">go nuige sin. Arda\u00edodh tr\u00ed gh\u00e1ir ar chnoc. L\u00e9<\/span><span style=\"font-size:14pt\">im chuid acu san aer, rinnc roi<\/span><span style=\"font-size:14pt\">nnt eile acu timpeall agus barr\u00f3<\/span><span style=\"font-size:14pt\">g beirthe acu ar c<\/span><span style=\"font-size:14pt\">hib\u00e9 duine a bh\u00ed in aice l\u00e1<\/span><span style=\"font-size:14pt\">imhe<\/span><span style=\"font-size:14pt\">. An torann, an scleondar, an t\u00f3g\u00e1il cro\u00ed. Rugadh ar an t\u00e9 a toghadh agus arda\u00ed<\/span><span style=\"font-size:14pt\">odh ar ghuaille daoine <\/span><span style=\"font-size:14pt\">\u00e9, agus <\/span><span style=\"font-size:14pt\">mh\u00e1irse\u00e1il siad timpeall an H<\/span><span style=\"font-size:14pt\">al<\/span><span style=\"font-size:14pt\">la go buacach, beannachtach, br\u00ed<\/span><span style=\"font-size:14pt\">omhar<\/span><span style=\"font-size:14pt\"> leis<\/span><span style=\"font-size:14pt\">.<\/span><span style=\"font-size:14pt\"> <\/span><span style=\"font-size:14pt\">N\u00e1r l\u00e1 d\u00e1 saoil \u00e9<\/span><span style=\"font-size:14pt\">?<\/span><\/p><p style=\"text-align:center;margin-top:0pt;padding-top:0;margin-bottom:10pt;padding-bottom:0;line-height:1.8\"><strong><span style=\"font-size:18pt\">Bua sa n\u00f3im\u00e9ad deiridh<\/span><\/strong><\/p><p style=\"text-align:justify;margin-top:0pt;padding-top:0;margin-bottom:10pt;padding-bottom:0;line-height:1.8\"><span style=\"font-size:14pt\">\u00d3c\u00e1id amh\u00e1<\/span><span style=\"font-size:14pt\">in eile a th\u00f3g cro\u00ed<\/span><span style=\"font-size:14pt\">the Gael<\/span><span style=\"font-size:14pt\">,<\/span><span style=\"font-size:14pt\"> ar na mallaibh<\/span><span style=\"font-size:14pt\">, ba an \u00f3c\u00e1<\/span><span style=\"font-size:14pt\">id si<\/span><span style=\"font-size:14pt\">n nuair a bhuaigh Foireann na h\u00c9ireann ar Fhoireann na Gearm\u00e1<\/span><span style=\"font-size:14pt\">ine<\/span><span style=\"font-size:14pt\"> i Sacar. M\u00e1 bh\u00ed t\u00fa ag breathn\u00fa ar an teilif\u00eds, ar an \u00f3c\u00e1<\/span><span style=\"font-size:14pt\">id<\/span><span style=\"font-size:14pt\">, chonaic t\u00fa<\/span><span style=\"font-size:14pt\"> an chaoi<\/span><span style=\"font-size:14pt\"> <\/span><span style=\"font-size:14pt\">ar cheili\u00fair imreoir\u00ed na h\u00c9<\/span><span style=\"font-size:14pt\">ireann a mbua<\/span><span style=\"font-size:14pt\">, tar \u00e9is d\u00f3ibh c\u00fal a sc\u00f3r\u00e1il ag an n\u00f3im\u00e9<\/span><span style=\"font-size:14pt\">ad <\/span><span style=\"font-size:14pt\">deiridh den chluiche sin. N\u00ed g\u00e1 a thuilleadh a r\u00e1<\/span><span style=\"font-size:14pt\"> faoi sin<\/span><span style=\"font-size:14pt\">, n\u00f3<\/span><span style=\"font-size:14pt\"> tuigeann<\/span><span style=\"font-size:14pt\"> chuile dhuine againn an tonn m\u00f3rtais agus br\u00f3id a scuabann tharainn ar \u00f3c\u00e1id d\u00e1 leith\u00e9id. N\u00e1<\/span><span style=\"font-size:14pt\">ra fada<\/span><span style=\"font-size:14pt\"> uainn a chomh-mhaith de cheili\u00fa<\/span><span style=\"font-size:14pt\">radh <\/span><span style=\"font-size:14pt\">ar\u00eds. An D\u00f3chas! Nach deacair \u00e9<\/span><span style=\"font-size:14pt\"> a bhualadh?<\/span><span style=\"font-size:14pt\"> <\/span><span style=\"font-size:14pt\"> <\/span><\/p><p style=\"text-align:justify;margin-top:0pt;padding-top:0;margin-bottom:10pt;padding-bottom:0;line-height:1.38\"><span style=\"font-size:14pt\"> <\/span><\/p><p style=\"text-align:center;margin-top:0pt;padding-top:0;margin-bottom:10pt;padding-bottom:0;line-height:1.38\"><span style=\"height:1em\"><span>.<\/span><\/span><\/p><p style=\"text-align:center;margin-top:0pt;padding-top:0;margin-bottom:10pt;padding-bottom:0;line-height:1.38\"><span style=\"height:1em\"><span>.<\/span><\/span><\/p>","protected":false},"excerpt":{"rendered":"<p>I mB\u00e9al an Phobail Peadar Bair\u00e9ad Ard\u00fa meanman (This week we consider some of the things that lift our spirit.) . N\u00ed g\u00e1 dul r\u00f3-fhada siar le h\u00f3c\u00e1id d\u00e1 leith\u00e9id a fh\u00e1il, n\u00f3 n\u00e1r mh\u00f3r an t\u00f3g\u00e1il cro\u00ed do chuile dhuine againn, anseo i gCill Chainnigh, bua iontach iom\u00e1naithe an Chontae seo ar na Tiobraidaigh, [&hellip;]<\/p>\n","protected":false},"author":2,"featured_media":13435,"comment_status":"open","ping_status":"open","sticky":false,"template":"","format":"standard","meta":{"nf_dc_page":"","_et_pb_use_builder":"","_et_pb_old_content":"","_et_gb_content_width":"","footnotes":""},"categories":[1],"tags":[],"class_list":["post-12087","post","type-post","status-publish","format-standard","has-post-thumbnail","hentry","category-gan-chatagoir"],"_links":{"self":[{"href":"https:\/\/mickgb.com\/en\/wp-json\/wp\/v2\/posts\/12087","targetHints":{"allow":["GET"]}}],"collection":[{"href":"https:\/\/mickgb.com\/en\/wp-json\/wp\/v2\/posts"}],"about":[{"href":"https:\/\/mickgb.com\/en\/wp-json\/wp\/v2\/types\/post"}],"author":[{"embeddable":true,"href":"https:\/\/mickgb.com\/en\/wp-json\/wp\/v2\/users\/2"}],"replies":[{"embeddable":true,"href":"https:\/\/mickgb.com\/en\/wp-json\/wp\/v2\/comments?post=12087"}],"version-history":[{"count":1,"href":"https:\/\/mickgb.com\/en\/wp-json\/wp\/v2\/posts\/12087\/revisions"}],"predecessor-version":[{"id":12088,"href":"https:\/\/mickgb.com\/en\/wp-json\/wp\/v2\/posts\/12087\/revisions\/12088"}],"wp:featuredmedia":[{"embeddable":true,"href":"https:\/\/mickgb.com\/en\/wp-json\/wp\/v2\/media\/13435"}],"wp:attachment":[{"href":"https:\/\/mickgb.com\/en\/wp-json\/wp\/v2\/media?parent=12087"}],"wp:term":[{"taxonomy":"category","embeddable":true,"href":"https:\/\/mickgb.com\/en\/wp-json\/wp\/v2\/categories?post=12087"},{"taxonomy":"post_tag","embeddable":true,"href":"https:\/\/mickgb.com\/en\/wp-json\/wp\/v2\/tags?post=12087"}],"curies":[{"name":"wp","href":"https:\/\/api.w.org\/{rel}","templated":true}]}}