{"id":12089,"date":"2017-04-04T11:00:00","date_gmt":"2017-04-04T11:00:00","guid":{"rendered":"https:\/\/mickgb.com\/?p=12089"},"modified":"2024-04-08T01:15:11","modified_gmt":"2024-04-08T01:15:11","slug":"as-focas","status":"publish","type":"post","link":"https:\/\/mickgb.com\/en\/as-focas\/","title":{"rendered":"As F\u00f3cas."},"content":{"rendered":"<p style=\"text-align:center;margin-top:0pt;padding-top:0;margin-bottom:10pt;padding-bottom:0;line-height:1.8\"><strong><span style=\"font-size:28pt\">Leas an Phobail<\/span><\/strong><\/p><p style=\"margin-top:0pt;padding-top:0;margin-bottom:10pt;padding-bottom:0;line-height:1.8\"><span style=\"font-size:14pt\">Peadar Bair\u00e9ad<\/span><\/p><p style=\"text-align:center;margin-top:0pt;padding-top:0;margin-bottom:10pt;padding-bottom:0;line-height:1.8\"><strong><span style=\"font-size:14pt\"><em>(This week we consider the importance of <\/em><\/span><span style=\"font-size:14pt\"><em>\u2018<\/em><\/span><span style=\"font-size:14pt\"><em>Focus<\/em><\/span><span style=\"font-size:14pt\"><em>\u2019<\/em><\/span><span style=\"font-size:14pt\"><em> in Government)<\/em><\/span><\/strong><\/p><p style=\"text-align:center;margin-top:0pt;padding-top:0;margin-bottom:10pt;padding-bottom:0;line-height:1.8\"><span style=\"height:1em\"><span>.<\/span><\/span><\/p><p style=\"text-align:center;margin-top:0pt;padding-top:0;margin-bottom:10pt;padding-bottom:0;line-height:1.8\"><strong><span style=\"font-size:18pt\">As  F\u00f3<\/span><span style=\"font-size:18pt\">cas<\/span><\/strong><\/p><p style=\"text-align:justify;margin-top:0pt;padding-top:0;margin-bottom:10pt;padding-bottom:0;line-height:1.8\"><span style=\"font-size:14pt\">Rial\u00fa t\u00edre at\u00e1 idir cham\u00e1in againn<\/span><span style=\"font-size:14pt\"> sa ph\u00edosa seo agus s\u00e9 an chiall at\u00e1 le f\u00f3<\/span><span style=\"font-size:14pt\">cas<\/span><span style=\"font-size:14pt\">, sa chomhth\u00e9<\/span><span style=\"font-size:14pt\">acs seo<\/span><span style=\"font-size:14pt\">, n\u00e1<\/span><span style=\"font-size:14pt\"> <\/span><span style=\"font-size:14pt\">gur ch\u00f3ir go mbeadh chuile ghn\u00e9 den chumhacht rialaithe d\u00ed<\/span><span style=\"font-size:14pt\">rithe ar an aon sprioc am<\/span><span style=\"font-size:14pt\">h\u00e1in, agus s\u00e9<\/span><span style=\"font-size:14pt\"> sin, <\/span><span style=\"font-size:14pt\">\u2018<\/span><span style=\"font-size:14pt\">leas an phobail<\/span><span style=\"font-size:14pt\">\u2019. Sin \u00e9 gn\u00f3 an Rialtais, go h\u00e1irithe i gc\u00f3<\/span><span style=\"font-size:14pt\">ras daonlathach,<\/span><span style=\"font-size:14pt\"> faoi mar at\u00e1 againne in \u00c9irinn<\/span><span style=\"font-size:14pt\">. <\/span><span style=\"font-size:14pt\">Agus b\u2019fh\u00e9idir gur ch\u00f3ir aguis\u00ed<\/span><span style=\"font-size:14pt\">n a chur leis an <\/span><span style=\"font-size:14pt\">n<\/span><span style=\"font-size:14pt\">dualgas sin<\/span><span style=\"font-size:14pt\">, agus sin go lu\u00edonn an dualgas c\u00e9<\/span><span style=\"font-size:14pt\">anna <\/span><span style=\"font-size:14pt\">sin ar lucht an Fhras\u00fa<\/span><span style=\"font-size:14pt\">ra<\/span><span style=\"font-size:14pt\"> freisin, s\u00e9<\/span><span style=\"font-size:14pt\"> sin<\/span><span style=\"font-size:14pt\">,<\/span><span style=\"font-size:14pt\"> na Tea<\/span><span style=\"font-size:14pt\">chta\u00ed D\u00e1<\/span><span style=\"font-size:14pt\">la nach mbaineann le lucht an Rialtais<\/span><span style=\"font-size:14pt\"> agus nach n-aont\u00edonn leo<\/span><span style=\"font-size:14pt\">, ach is cuid den ch\u00f3ras rialaithe iadsan freisin ar ch\u00f3ir  d\u00f3ibh bheith d\u00edlis don sprioc c\u00e9anna sin.<\/span><\/p><p style=\"text-align:justify;margin-top:0pt;padding-top:0;margin-bottom:10pt;padding-bottom:0;line-height:1.8\"><span style=\"font-size:14pt\">M\u00e1<\/span><span style=\"font-size:14pt\"> ghlacaimid leis na prionsabail sin<\/span><span style=\"font-size:14pt\">, n\u00e1r cheart d\u00fainn ansin breathn\u00fa<\/span><span style=\"font-size:14pt\"> ar an <\/span><span style=\"font-size:14pt\">gcaoi <\/span><span style=\"font-size:14pt\">in<\/span><span style=\"font-size:14pt\">a <\/span><span style=\"font-size:14pt\">gc<\/span><span style=\"font-size:14pt\">oimhl\u00ed<\/span><span style=\"font-size:14pt\">ontar an dualgas sin<\/span><span style=\"font-size:14pt\">, i gc\u00e1s na t\u00ed<\/span><span style=\"font-size:14pt\">re s\u2019againne.<\/span><\/p><p style=\"text-align:justify;margin-top:0pt;padding-top:0;margin-bottom:10pt;padding-bottom:0;line-height:1.8\"><span style=\"font-size:14pt\">Ar an gc\u00e9ad dul s\u00ed<\/span><span style=\"font-size:14pt\">os<\/span><span style=\"font-size:14pt\">,<\/span><span style=\"font-size:14pt\"> thabharfadh <\/span><span style=\"font-size:14pt\">duine ar bith faoi deara, nach m\u00f3 n\u00e1<\/span><span style=\"font-size:14pt\"> <\/span><span style=\"font-size:14pt\">s\u00e1sta at\u00e1 roinnt \u00e1irithe d\u00e1r bpobal leis an Rialtas at\u00e1<\/span><span style=\"font-size:14pt\"> againn<\/span><span style=\"font-size:14pt\">, i l\u00e1<\/span><span style=\"font-size:14pt\">thair na huaire seo.<\/span><\/p><p style=\"text-align:justify;margin-top:0pt;padding-top:0;margin-bottom:10pt;padding-bottom:0;line-height:1.8\"><span style=\"font-size:14pt\">Tuige? ad\u00e9arfadh duine, b\u2019fh\u00e9<\/span><span style=\"font-size:14pt\">idir.<\/span><\/p><p style=\"text-align:justify;margin-top:0pt;padding-top:0;margin-bottom:10pt;padding-bottom:0;line-height:1.8\"><span style=\"font-size:14pt\">Toisc, is d\u00f3cha, go gceapann siad nach \u00e9<\/span><span style=\"font-size:14pt\"> <\/span><span style=\"font-size:14pt\">\u2018<\/span><span style=\"font-size:14pt\">leas an  phobail<\/span><span style=\"font-size:14pt\">\u2019 at\u00e1 ar a n-aire ag an Rialtas c\u00e9anna sin, ach iad ag cr\u00f3n\u00e1<\/span><span style=\"font-size:14pt\">n ar mhaithe leo <\/span><span style=\"font-size:14pt\">fh\u00e9<\/span><span style=\"font-size:14pt\">in<\/span><span style=\"font-size:14pt\">, cos\u00fa<\/span><span style=\"font-size:14pt\">il leis an gcat sa seanfhocal. <\/span><span style=\"font-size:14pt\"> <\/span><span style=\"font-size:14pt\"> <\/span><\/p><p style=\"text-align:justify;margin-top:0pt;padding-top:0;margin-bottom:10pt;padding-bottom:0;line-height:1.8\"><span style=\"font-size:14pt\">Sea, agus c\u00e9n f\u00e1th a\u2019 bhfuil siad den tuairim c\u00e9<\/span><span style=\"font-size:14pt\">anna sin?<\/span><\/p><p style=\"text-align:justify;margin-top:0pt;padding-top:0;margin-bottom:10pt;padding-bottom:0;line-height:1.8\"><span style=\"font-size:14pt\">T\u00e1<\/span><span style=\"font-size:14pt\">id ann adeir<\/span><span style=\"font-size:14pt\">, gurb iad lucht an Fhreas\u00fara, den chuid is m\u00f3, is c\u00fa<\/span><span style=\"font-size:14pt\">is le sin.<\/span><\/p><p style=\"text-align:justify;margin-top:0pt;padding-top:0;margin-bottom:10pt;padding-bottom:0;line-height:1.8\"><span style=\"font-size:14pt\">Conas sin?<\/span><\/p><p style=\"text-align:center;margin-top:0pt;padding-top:0;margin-bottom:10pt;padding-bottom:0;line-height:1.8\"><strong><span style=\"font-size:18pt\">Dualgas an Fhreas\u00fara<\/span><\/strong><\/p><p style=\"text-align:justify;margin-top:0pt;padding-top:0;margin-bottom:10pt;padding-bottom:0;line-height:1.8\"><span style=\"font-size:14pt\">Toisc go dtuigtear don bhFreas\u00fa<\/span><span style=\"font-size:14pt\">ra<\/span><span style=\"font-size:14pt\">, gurb \u00e9<\/span><span style=\"font-size:14pt\"> <\/span><span style=\"font-size:14pt\">an dualgas a leagtar orthusan n\u00f3<\/span><span style=\"font-size:14pt\"> cur i gcoinne chuile rud a mholann<\/span><span style=\"font-size:14pt\"> an Rialtas,<\/span><span style=\"font-size:14pt\"> b\u00edodh s\u00e9 ceart n\u00f3 a mhalairt,<\/span><span style=\"font-size:14pt\"> agus chuige sin, d\u00e9anann siad chuile dh\u00edcheall le cur ina lu\u00ed<\/span><span style=\"font-size:14pt\"> ar an bpobal<\/span><span style=\"font-size:14pt\">,<\/span><span style=\"font-size:14pt\"> <\/span><span style=\"font-size:14pt\">nach bhfuil ar bhins\u00ed<\/span><span style=\"font-size:14pt\"> an Rialtais<\/span><span style=\"font-size:14pt\">, den chuid is m\u00f3,<\/span><span style=\"font-size:14pt\"> ach dream de shl\u00edomad\u00f3ir\u00ed<\/span><span style=\"font-size:14pt\">,<\/span><span style=\"font-size:14pt\"> <\/span><span style=\"font-size:14pt\">de bhr\u00e9<\/span><span style=\"font-size:14pt\">agad\u00f3ir\u00ed, de chamail\u00e9ir\u00ed agus de thaidhg\u00edn\u00ed an d\u00e1<\/span><span style=\"font-size:14pt\"> th<\/span><span style=\"font-size:14pt\">aobh, dream a gheallann rud amh\u00e1in don phobal inniu agus a dh\u00e9<\/span><span style=\"font-size:14pt\">anann<\/span><span style=\"font-size:14pt\"> <\/span><span style=\"font-size:14pt\">a mhalairt ar fad am\u00e1r<\/span><span style=\"font-size:14pt\">ach, <\/span><span style=\"font-size:14pt\">dream nach bhfuil a mbeart de r\u00e9ir a mbriathar, dream nach b<\/span><span style=\"font-size:14pt\">h<\/span><span style=\"font-size:14pt\">fuil le trust, agus dream ar ch\u00f3<\/span><span style=\"font-size:14pt\">ir ia<\/span><span style=\"font-size:14pt\">d a ruaigeadh as oifig ar an d\u00e1<\/span><span style=\"font-size:14pt\"> luas.<\/span><\/p><p style=\"text-align:justify;margin-top:0pt;padding-top:0;margin-bottom:10pt;padding-bottom:0;line-height:1.8\"><span style=\"font-size:14pt\">Conas a \u00e9ir\u00edonn leo a leith\u00e9<\/span><span style=\"font-size:14pt\">id <\/span><span style=\"font-size:14pt\">de dhallamull\u00f3g <\/span><span style=\"font-size:14pt\">a chur abhaile ar an bpobal, an ea?<\/span><\/p><p style=\"text-align:justify;margin-top:0pt;padding-top:0;margin-bottom:10pt;padding-bottom:0;line-height:1.8\"><span style=\"font-size:14pt\">Tr\u00ed<\/span><span style=\"font-size:14pt\">n<\/span><span style=\"font-size:14pt\"> <\/span><span style=\"font-size:14pt\">iad <\/span><span style=\"font-size:14pt\">a ionsa\u00ed chuile dheis d\u00e1<\/span><span style=\"font-size:14pt\"> bhfaigheann siad<\/span><span style=\"font-size:14pt\">, agus tr\u00ed chuile iarracht a dh\u00e9<\/span><span style=\"font-size:14pt\">anamh le tea<\/span><span style=\"font-size:14pt\">spaint don phobal go bhfuil an Rialtas<\/span><span style=\"font-size:14pt\"> ag iarraidh an dub<\/span><span style=\"font-size:14pt\">h a chur ina gh<\/span><span style=\"font-size:14pt\">eal ar v\u00f3t\u00f3ir\u00ed na t\u00ed<\/span><span style=\"font-size:14pt\">re seo, agus go bhfuil teipthe<\/span><span style=\"font-size:14pt\">,<\/span><span style=\"font-size:14pt\"> scun scan<\/span><span style=\"font-size:14pt\">,<\/span><span style=\"font-size:14pt\"> ar an Rialtas <\/span><span style=\"font-size:14pt\">c\u00e9anna sin, \u2018<\/span><span style=\"font-size:14pt\">leas an phobail<\/span><span style=\"font-size:14pt\">\u2019 a dh\u00e9<\/span><span style=\"font-size:14pt\">anamh<\/span><span style=\"font-size:14pt\">, in \u00e1<\/span><span style=\"font-size:14pt\">it bheith ag cr<\/span><span style=\"font-size:14pt\">\u00f3n\u00e1<\/span><span style=\"font-size:14pt\">n ar mhaithe<\/span><span style=\"font-size:14pt\"> leo fh\u00e9in. N\u00edl ach leigheas amh\u00e1in ar an sc\u00e9<\/span><span style=\"font-size:14pt\">al seo<\/span><span style=\"font-size:14pt\">, <\/span><span style=\"font-size:14pt\">d\u00e1r leis an bhFreas\u00fara,<\/span><span style=\"font-size:14pt\"> agus sin<\/span><span style=\"font-size:14pt\">,<\/span><span style=\"font-size:14pt\"> cos i <\/span><span style=\"font-size:14pt\">bpoll a chur leis an Rialtas at\u00e1<\/span><span style=\"font-size:14pt\"> i gcumhacht anois<\/span><span style=\"font-size:14pt\">, agus iad fh<\/span><span style=\"font-size:14pt\">\u00e9<\/span><span style=\"font-size:14pt\">in a chur isteach ina n-\u00e1it. D\u00e9<\/span><span style=\"font-size:14pt\">anta<\/span><span style=\"font-size:14pt\">r chuile iarracht a chur ina lu\u00ed ar an bpobal nach fi\u00fa trumpa gan teanga an dream at\u00e1 ag su\u00ed ar bhins\u00ed an Rialtais i l\u00e1<\/span><span style=\"font-size:14pt\">thair na huaire seo.<\/span><span style=\"font-size:14pt\"> Cuir le sin<\/span><span style=\"font-size:14pt\">, an chaoi a l\u00e9ir\u00ed<\/span><span style=\"font-size:14pt\">onn siad a nd\u00edmheas orthu agus iad ag arg\u00f3int leo sa D\u00e1il fh\u00e9in. Cuireann lucht na me\u00e1<\/span><span style=\"font-size:14pt\">n suim<\/span><span style=\"font-size:14pt\">, agus dh\u00e1<\/span><span style=\"font-size:14pt\"> shuim<\/span><span style=\"font-size:14pt\">, i gcoimhlint\u00ed d\u00e1 leith\u00e9<\/span><span style=\"font-size:14pt\">id<\/span><span style=\"font-size:14pt\">, agus d\u00e1<\/span><span style=\"font-size:14pt\"> thoradh sin<\/span><span style=\"font-size:14pt\">, \u00e9ir\u00edonn leo sp\u00e1s tar chuimse a bhaint amach sna nuacht\u00e1<\/span><span style=\"font-size:14pt\">in, ar an raidi\u00f3<\/span><span style=\"font-size:14pt\">,<\/span><span style=\"font-size:14pt\"> agus ar an t<\/span><span style=\"font-size:14pt\">eilif\u00eds. Tr\u00edd<\/span><span style=\"font-size:14pt\"> an obair seo <\/span><span style=\"font-size:14pt\">uilig<\/span><span style=\"font-size:14pt\">, \u00e9ir\u00edonn leo an pobal a iomp\u00f3<\/span><span style=\"font-size:14pt\"> i gcoinne an Rialtais<\/span><span style=\"font-size:14pt\">,<\/span><span style=\"font-size:14pt\"> agus <\/span><span style=\"font-size:14pt\">i gcoinne <\/span><span style=\"font-size:14pt\">c<\/span><span style=\"font-size:14pt\">h<\/span><span style=\"font-size:14pt\">\u00f3<\/span><span style=\"font-size:14pt\">ras rialaithe daonlathach<\/span><span style=\"font-size:14pt\"> na t\u00edre seo. <\/span><span style=\"font-size:14pt\">T<\/span><span style=\"font-size:14pt\">\u00e1 roinnt mhaith daoine sa t\u00edr seo anois m\u00ed<\/span><span style=\"font-size:14pt\">s<\/span><span style=\"font-size:14pt\">h\u00e1<\/span><span style=\"font-size:14pt\">sta leis an Rialtas a thogh siad<\/span><span style=\"font-size:14pt\">, suim bheag de bhlianta \u00f3<\/span><span style=\"font-size:14pt\"> shoin, agus <\/span><span style=\"font-size:14pt\">le <\/span><span style=\"font-size:14pt\">Rialtas a dh\u00e9anann a nd\u00edcheall fadhbanna na t\u00edre seo a scaoileadh.<\/span><\/p><p style=\"text-align:center;margin-top:0pt;padding-top:0;margin-bottom:10pt;padding-bottom:0;line-height:1.8\"><strong><span style=\"font-size:18pt\">C\u00e9ard faoi \u2018leas an phobail\u2019?<\/span><\/strong><\/p><p style=\"text-align:justify;margin-top:0pt;padding-top:0;margin-bottom:10pt;padding-bottom:0;line-height:1.8\"><span style=\"font-size:14pt\">B\u2019fh\u00e9idir n\u00e1<\/span><span style=\"font-size:14pt\">rbh olc <\/span><span style=\"font-size:14pt\">an tseift \u00ed<\/span><span style=\"font-size:14pt\"> anois<\/span><span style=\"font-size:14pt\">, tamall a chaitheamh <\/span><span style=\"font-size:14pt\">freisin, <\/span><span style=\"font-size:14pt\">ag breathn\u00fa ar mhodhanna oibre an Fhreas\u00fara agus a lucht taca\u00edochta. C\u00e9 t\u00e1 ag tarraingt drochmheas ar \u00e1r gc\u00f3ras rialaithe, ar \u00e1r nGarda S\u00edoch\u00e1na, ar \u00e1r gC\u00f3ras Dl\u00ed, agus fi\u00fa ar \u00e1r nUachtar\u00e1n tofa. N\u00ed d\u00f3<\/span><span style=\"font-size:14pt\">igh liom<\/span><span style=\"font-size:14pt\">, go bhf\u00e9<\/span><span style=\"font-size:14pt\">a<\/span><span style=\"font-size:14pt\">dfa\u00ed<\/span><span style=\"font-size:14pt\"> a m<\/span><span style=\"font-size:14pt\">hille\u00e1<\/span><span style=\"font-size:14pt\">n sin a leagan ar ghuaille an Rialtais. <\/span><\/p><p style=\"text-align:justify;margin-top:0pt;padding-top:0;margin-bottom:10pt;padding-bottom:0;line-height:1.8\"><span style=\"font-size:14pt\">C\u00e9ard a cheapann t\u00fa fh\u00e9in? An<\/span><span style=\"font-size:14pt\"> bhfuil an droch ch\u00e1il sin<\/span><span style=\"font-size:14pt\"> tuillte ag \u00e1<\/span><span style=\"font-size:14pt\">r Rialtas?<\/span><\/p><p style=\"text-align:justify;margin-top:0pt;padding-top:0;margin-bottom:10pt;padding-bottom:0;line-height:1.8\"><span style=\"height:1em\"><span>.<\/span><\/span><\/p><p style=\"text-align:justify;margin-top:0pt;padding-top:0;margin-bottom:10pt;padding-bottom:0;line-height:1.8\"><span style=\"font-size:14pt\"> <\/span><span style=\"font-size:14pt\"> <\/span><span style=\"font-size:14pt\">&emsp;&emsp;<\/span><\/p><p style=\"text-align:justify;margin-top:0pt;padding-top:0;margin-bottom:10pt;padding-bottom:0;line-height:1.38\"><span style=\"height:1em\"><span>.<\/span><\/span><\/p>","protected":false},"excerpt":{"rendered":"<p>Leas an Phobail Peadar Bair\u00e9ad (This week we consider the importance of \u2018Focus\u2019 in Government) . As F\u00f3cas Rial\u00fa t\u00edre at\u00e1 idir cham\u00e1in againn sa ph\u00edosa seo agus s\u00e9 an chiall at\u00e1 le f\u00f3cas, sa chomhth\u00e9acs seo, n\u00e1 gur ch\u00f3ir go mbeadh chuile ghn\u00e9 den chumhacht rialaithe d\u00edrithe ar an aon sprioc amh\u00e1in, agus s\u00e9 [&hellip;]<\/p>\n","protected":false},"author":2,"featured_media":13435,"comment_status":"open","ping_status":"open","sticky":false,"template":"","format":"standard","meta":{"nf_dc_page":"","_et_pb_use_builder":"","_et_pb_old_content":"","_et_gb_content_width":"","footnotes":""},"categories":[1],"tags":[],"class_list":["post-12089","post","type-post","status-publish","format-standard","has-post-thumbnail","hentry","category-gan-chatagoir"],"_links":{"self":[{"href":"https:\/\/mickgb.com\/en\/wp-json\/wp\/v2\/posts\/12089","targetHints":{"allow":["GET"]}}],"collection":[{"href":"https:\/\/mickgb.com\/en\/wp-json\/wp\/v2\/posts"}],"about":[{"href":"https:\/\/mickgb.com\/en\/wp-json\/wp\/v2\/types\/post"}],"author":[{"embeddable":true,"href":"https:\/\/mickgb.com\/en\/wp-json\/wp\/v2\/users\/2"}],"replies":[{"embeddable":true,"href":"https:\/\/mickgb.com\/en\/wp-json\/wp\/v2\/comments?post=12089"}],"version-history":[{"count":1,"href":"https:\/\/mickgb.com\/en\/wp-json\/wp\/v2\/posts\/12089\/revisions"}],"predecessor-version":[{"id":12090,"href":"https:\/\/mickgb.com\/en\/wp-json\/wp\/v2\/posts\/12089\/revisions\/12090"}],"wp:featuredmedia":[{"embeddable":true,"href":"https:\/\/mickgb.com\/en\/wp-json\/wp\/v2\/media\/13435"}],"wp:attachment":[{"href":"https:\/\/mickgb.com\/en\/wp-json\/wp\/v2\/media?parent=12089"}],"wp:term":[{"taxonomy":"category","embeddable":true,"href":"https:\/\/mickgb.com\/en\/wp-json\/wp\/v2\/categories?post=12089"},{"taxonomy":"post_tag","embeddable":true,"href":"https:\/\/mickgb.com\/en\/wp-json\/wp\/v2\/tags?post=12089"}],"curies":[{"name":"wp","href":"https:\/\/api.w.org\/{rel}","templated":true}]}}