{"id":12123,"date":"2017-04-04T11:00:00","date_gmt":"2017-04-04T11:00:00","guid":{"rendered":"https:\/\/mickgb.com\/?p=12123"},"modified":"2024-04-08T01:08:53","modified_gmt":"2024-04-08T01:08:53","slug":"bhur-gcead-failte-isteach-2","status":"publish","type":"post","link":"https:\/\/mickgb.com\/en\/bhur-gcead-failte-isteach-2\/","title":{"rendered":"Bhur  gC\u00e9ad  F\u00e1ilte isteach 2"},"content":{"rendered":"<p style=\"text-align:center;margin-top:0pt;padding-top:0;margin-bottom:10pt;padding-bottom:0;line-height:1.8\"><strong><span style=\"font-size:28pt\">Bhur  gC\u00e9ad  F\u00e1ilte isteach<\/span><span style=\"font-size:28pt\">   2<\/span><\/strong><\/p><p style=\"margin-top:0pt;padding-top:0;margin-bottom:10pt;padding-bottom:0;line-height:1.8\"><span style=\"font-size:14pt\">Peadar Bair\u00e9ad<\/span><strong><span style=\"font-size:18pt\"> <\/span><\/strong><\/p><p style=\"text-align:center;margin-top:0pt;padding-top:0;margin-bottom:10pt;padding-bottom:0;line-height:1.8\"><strong><span style=\"font-size:14pt\"><em>(This week we conti<\/em><\/span><span style=\"font-size:14pt\"><em>nue our welcome for Refugees<\/em><\/span><span style=\"font-size:14pt\"><em>.)<\/em><\/span><\/strong><\/p><p style=\"text-align:center;margin-top:0pt;padding-top:0;margin-bottom:10pt;padding-bottom:0;line-height:1.8\"><span style=\"height:1em\"><span>.<\/span><\/span><\/p><p style=\"text-align:center;margin-top:0pt;padding-top:0;margin-bottom:10pt;padding-bottom:0;line-height:1.8\"><strong><span style=\"font-size:18pt\">Athsmaoineamh<\/span><\/strong><\/p><p style=\"text-align:justify;margin-top:0pt;padding-top:0;margin-bottom:10pt;padding-bottom:0;line-height:1.8\"><span style=\"font-size:14pt\">Bh\u00ed m\u00e9 ag smaoineamh ar leithsc\u00e9al a ghabh\u00e1il libh faoi\u2019n dearmad cl\u00f3 a bh\u00ed i dteideal an ph\u00edosa a scr\u00edobh m\u00e9 faoi fhadhb na nd\u00eddeanaithe, coic\u00edos \u00f3 shoin, nuair a bh\u00ed \u2018each\u2019 le l\u00e9amh in \u00e1<\/span><span style=\"font-size:14pt\">it<\/span><span style=\"font-size:14pt\"> \u2018Isteach\u2019, agus chun a mh\u00edni\u00fa daoibh,<\/span><span style=\"font-size:14pt\"> gur de thaime, am<\/span><span style=\"font-size:14pt\">ach is amuigh, a tharla a leith\u00e9id, ach \u00f3 tharla gur athraigh c\u00farsa\u00ed na nd\u00eddeanaithe c\u00e9anna chomh m\u00f3<\/span><span style=\"font-size:14pt\">r<\/span><span style=\"font-size:14pt\"> sin<\/span><span style=\"font-size:14pt\">, agus chomh tubaisteach<\/span><span style=\"font-size:14pt\"> sin, san idirldinn, tuigeadh dom, n\u00e1rbh olc an smaoineamh \u00e9, aguis\u00ed<\/span><span style=\"font-size:14pt\">n a chur leis an<\/span><span style=\"font-size:14pt\"> bp\u00edosa sin, leis an sc\u00e9al a thabhairt suas chun d\u00e1ta, mar ad\u00e9arf\u00e1<\/span><span style=\"font-size:14pt\">. Sa ch\u00e9ad alt<\/span><span style=\"font-size:14pt\">, bh\u00ed m\u00e9 ag ma\u00edomh go raibh ceist na nd\u00eddeanaithe i nd\u00e1<\/span><span style=\"font-size:14pt\">i<\/span><span style=\"font-size:14pt\">l<\/span><span style=\"font-size:14pt\"> <\/span><span style=\"font-size:14pt\">le<\/span><span style=\"font-size:14pt\"> bheith scaoilte<\/span><span style=\"font-size:14pt\">, agus luaigh m\u00e9 an \u00e1it t\u00e1<\/span><span style=\"font-size:14pt\">bhachtach a<\/span><span style=\"font-size:14pt\"> bh\u00ed ag Aingeal na Gearm\u00e1<\/span><span style=\"font-size:14pt\">ine i <\/span><span style=\"font-size:14pt\">scaoileadh na faidhbe sin<\/span><span style=\"font-size:14pt\">, nuair a mha\u00edgh s\u00ed go nglacfadh an Ghearm\u00e1in thart ar 800,000 d\u00eddeana\u00ed<\/span><span style=\"font-size:14pt\"> sa bhliain reatha<\/span><span style=\"font-size:14pt\">, agus d\u00e1r lei, bheadh t\u00ed<\/span><span style=\"font-size:14pt\">ortha an Aontais Eorpaigh s\u00e1sta a gcion fh\u00e9<\/span><span style=\"font-size:14pt\">in den ualach seo a iompar freisin<\/span><span style=\"font-size:14pt\">.<\/span><span style=\"font-size:14pt\"> Ba ghearr \u00e1<\/span><span style=\"font-size:14pt\">fach<\/span><span style=\"font-size:14pt\">,<\/span><span style=\"font-size:14pt\"> gur tuigeadh<\/span><span style=\"font-size:14pt\">,<\/span><span style=\"font-size:14pt\"> nac<\/span><span style=\"font-size:14pt\">h raibh chuile th\u00edr san Aonas c\u00e9anna s\u00e1<\/span><span style=\"font-size:14pt\">sta seasamh gual<\/span><span style=\"font-size:14pt\">ainn le gualainn leis an nGearm\u00e1<\/span><span style=\"font-size:14pt\">in<\/span><span style=\"font-size:14pt\">,<\/span><span style=\"font-size:14pt\"> sa bhfiontar sin<\/span><span style=\"font-size:14pt\">,<\/span><span style=\"font-size:14pt\"> agus tuigtear anois<\/span><span style=\"font-size:14pt\">,<\/span><span style=\"font-size:14pt\"> nach mbeadh an Pholainn, an Phoblacht Seiceach,<\/span><span style=\"font-size:14pt\"> an tSl\u00f3vaic, an Ung\u00e1<\/span><span style=\"font-size:14pt\">ir agus<\/span><span style=\"font-size:14pt\"> roinnt eile freisin, s\u00e1sta glacadh le cion \u00e9igeantach d\u00eddeana\u00ed<\/span><span style=\"font-size:14pt\"> a bh<\/span><span style=\"font-size:14pt\">eith leagtha amach do chuile th\u00ed<\/span><span style=\"font-size:14pt\">r san Aontas.<\/span><span style=\"font-size:14pt\"> <\/span><span style=\"font-size:14pt\">Ar na mallaibh, \u00e1fach, t\u00e1 an sc\u00e9al ag imeacht ina loscadh sl\u00e9<\/span><span style=\"font-size:14pt\">ibhe<\/span><span style=\"font-size:14pt\">, nach mbeidh na Gearm\u00e1naigh<\/span><span style=\"font-size:14pt\"> fh\u00e9in<\/span><span style=\"font-size:14pt\"> s\u00e1sta d\u00eddeanaithe,<\/span><span style=\"font-size:14pt\"> gan teorainn<\/span><span style=\"font-size:14pt\">, a ligint thar theorainn a dt\u00ed<\/span><span style=\"font-size:14pt\">re isteach. N<\/span><span style=\"font-size:14pt\">\u00ed<\/span><span style=\"font-size:14pt\"> haon ionadh<\/span><span style=\"font-size:14pt\">,<\/span><span style=\"font-size:14pt\"> mar sin<\/span><span style=\"font-size:14pt\">,<\/span><span style=\"font-size:14pt\"> go <\/span><span style=\"font-size:14pt\">bhfuil <\/span><span style=\"font-size:14pt\">ceannair\u00ed<\/span><span style=\"font-size:14pt\"> na hEo<\/span><span style=\"font-size:14pt\">rpa ar a m\u00edle dh\u00ed<\/span><span style=\"font-size:14pt\">cheall<\/span><span style=\"font-size:14pt\">, ag iarraidh sc\u00e9al seo na nd\u00eddeanaithe a shocr\u00fa, ar bhealach amh\u00e1<\/span><span style=\"font-size:14pt\">in<\/span><span style=\"font-size:14pt\">, n\u00f3<\/span><span style=\"font-size:14pt\"> ar bhealach eile<\/span><span style=\"font-size:14pt\">, chomh luath agus is f\u00e9<\/span><span style=\"font-size:14pt\">idir<\/span><span style=\"font-size:14pt\">, agus d\u00e1<\/span><span style=\"font-size:14pt\"> chomhartha sin<\/span><span style=\"font-size:14pt\">, glacadh le v\u00f3ta an mh\u00f3<\/span><span style=\"font-size:14pt\">raimh<\/span><span style=\"font-size:14pt\">, le huimhir \u00e9igeantach d\u00ed<\/span><span style=\"font-size:14pt\">deanai<\/span><span style=\"font-size:14pt\">the<\/span><span style=\"font-size:14pt\"> a ch<\/span><span style=\"font-size:14pt\">ur i bhfeidhm feasta, ar chuile St\u00e1<\/span><span style=\"font-size:14pt\">t san Aontas<\/span><span style=\"font-size:14pt\">.<\/span><\/p><p style=\"text-align:justify;margin-top:0pt;padding-top:0;margin-bottom:10pt;padding-bottom:0;line-height:1.8\"><span style=\"font-size:14pt\">L\u00e9igh m\u00e9 p\u00ed<\/span><span style=\"font-size:14pt\">osa<\/span><span style=\"font-size:14pt\">, ar na mallaibh,<\/span><span style=\"font-size:14pt\"> <\/span><span style=\"font-size:14pt\">freisin, le Ma<\/span><span style=\"font-size:14pt\">ry Kenny, san Irish Catholic, d\u00e1r d\u00e1ta 17 Me\u00e1n F\u00f3mhair 2015, ina dtugann s\u00ed staitisti<\/span><span style=\"font-size:14pt\">c<\/span><span style=\"font-size:14pt\">\u00ed suimi\u00fa<\/span><span style=\"font-size:14pt\">la<\/span><span style=\"font-size:14pt\">,<\/span><span style=\"font-size:14pt\"> suntasacha<\/span><span style=\"font-size:14pt\">, faoin m\u00e9id a d\u2019fhulaing an Ghearm\u00e1<\/span><span style=\"font-size:14pt\">in <\/span><span style=\"font-size:14pt\">fh\u00e9<\/span><span style=\"font-size:14pt\">in <\/span><span style=\"font-size:14pt\">i ndeireadh an Dara Cogadh Domhanda<\/span><span style=\"font-size:14pt\">, nuair a bh\u00ed f\u00f3rsa\u00ed<\/span><span style=\"font-size:14pt\"> na gComhghuallaithe<\/span><span style=\"font-size:14pt\"> \u00e1 dtimpeall\u00fa, agus \u00e1<\/span><span style=\"font-size:14pt\"> mbascadh<\/span><span style=\"font-size:14pt\">, sular gh\u00e9ill siad go neamhchoinn\u00ed<\/span><span style=\"font-size:14pt\">ollach <\/span><span style=\"font-size:14pt\">d\u00f3<\/span><span style=\"font-size:14pt\">ibh, <\/span><span style=\"font-size:14pt\">sa bhliain 1945. B\u2019in an t-am ar chui<\/span><span style=\"font-size:14pt\">r an cine sin aithne ar chruach\u00e1s d\u00ed<\/span><span style=\"font-size:14pt\">dea<\/span><span style=\"font-size:14pt\">naithe<\/span><span style=\"font-size:14pt\">, n\u00f3<\/span><span style=\"font-size:14pt\"> tuigtear g<\/span><span style=\"font-size:14pt\">o raibh<\/span><span style=\"font-size:14pt\"> thart ar 12 milli\u00fan d\u00eddeana\u00ed \u00f3<\/span><span style=\"font-size:14pt\"> Oirt<\/span><span style=\"font-size:14pt\">hear na Gearm\u00e1ine ag cur f\u00fa<\/span><span style=\"font-size:14pt\">thu<\/span><span style=\"font-size:14pt\"> <\/span><span style=\"font-size:14pt\">in Iarthar na t\u00ed<\/span><span style=\"font-size:14pt\">re sin<\/span><span style=\"font-size:14pt\">, faoin mbliain 1950, d\u00e1<\/span><span style=\"font-size:14pt\">r le Mary, agus <\/span><strong><span style=\"font-size:14pt\"><em>deir s\u00ed<\/em><\/span><span style=\"font-size:14pt\"><em> linn freisin<\/em><\/span><span style=\"font-size:14pt\"><em>,<\/em><\/span><span style=\"font-size:14pt\"><em> gur chuir <\/em><\/span><span style=\"font-size:14pt\"><em>\u2018<\/em><\/span><span style=\"font-size:14pt\"><em>Anthony Beevor<\/em><\/span><span style=\"font-size:14pt\"><em>\u2019<\/em><\/span><span style=\"font-size:14pt\"><em>,<\/em><\/span><span style=\"font-size:14pt\"><em> ina leabhar, <\/em><\/span><span style=\"font-size:14pt\"><em>\u2018<\/em><\/span><span style=\"font-size:14pt\"><em>Downfall<\/em><\/span><span style=\"font-size:14pt\"><em>\u2019, s\u00ed<\/em><\/span><span style=\"font-size:14pt\"><em>os go mion<\/em><\/span><span style=\"font-size:14pt\"><em>, ar chruach\u00e1<\/em><\/span><span style=\"font-size:14pt\"><em>s<\/em><\/span><span style=\"font-size:14pt\"><em> agus ar fhulaingt<\/em><\/span><span style=\"font-size:14pt\"><em> na nd\u00ed<\/em><\/span><span style=\"font-size:14pt\"><em>deanaith<\/em><\/span><span style=\"font-size:14pt\"><em>e Gearm\u00e1<\/em><\/span><span style=\"font-size:14pt\"><em>ineacha<\/em><\/span><span style=\"font-size:14pt\"><em> sin,<\/em><\/span><\/strong><span style=\"font-size:14pt\"> <\/span><strong><span style=\"font-size:14pt\"><em>ar a dtei<\/em><\/span><span style=\"font-size:14pt\"><em>t<\/em><\/span><span style=\"font-size:14pt\"><em>headh siar roimh tancanna<\/em><\/span><span style=\"font-size:14pt\"><em> agus arm<\/em><\/span><span style=\"font-size:14pt\"><em> na R\u00fa<\/em><\/span><span style=\"font-size:14pt\"><em>iseach<\/em><\/span><span style=\"font-size:14pt\"><em>,<\/em><\/span><span style=\"font-size:14pt\"><em> sa bhliain 1945<\/em><\/span><span style=\"font-size:14pt\"><em>, agus d\u00e1<\/em><\/span><span style=\"font-size:14pt\"><em>r leis, go raibh, faoi Eanair na bliana sin<\/em><\/span><span style=\"font-size:14pt\"><em>, thart ar 40,000 agus 50,000 d\u00eddeana\u00ed<\/em><\/span><span style=\"font-size:14pt\"><em> <\/em><\/span><span style=\"font-size:14pt\"><em>ag teacht isteach i gcathair <\/em><\/span><span style=\"font-size:14pt\"><em>B<\/em><\/span><span style=\"font-size:14pt\"><em>h<\/em><\/span><span style=\"font-size:14pt\"><em>erlin<\/em><\/span><span style=\"font-size:14pt\"><em> chuile l\u00e1, agus faoi l\u00e1r Mh\u00ed<\/em><\/span><span style=\"font-size:14pt\"><em> Feabhra<\/em><\/span><span style=\"font-size:14pt\"><em> na bliana sin,<\/em><\/span><span style=\"font-size:14pt\"><em> deir an t-\u00fa<\/em><\/span><span style=\"font-size:14pt\"><em>dar sin<\/em><\/span><span style=\"font-size:14pt\"><em>,<\/em><\/span><span style=\"font-size:14pt\"><em> go<\/em><\/span><span style=\"font-size:14pt\"><em> raibh thart ar sheacht  mhilli\u00fan d\u00eddeana\u00ed sa chathair ch\u00e9<\/em><\/span><span style=\"font-size:14pt\"><em>anna sin.<\/em><\/span><\/strong><span style=\"font-size:14pt\"><em> <\/em><\/span><span style=\"font-size:14pt\">N\u00ed<\/span><span style=\"font-size:14pt\">l dabht ar domhan<\/span><span style=\"font-size:14pt\">,<\/span><span style=\"font-size:14pt\"> mar sin<\/span><span style=\"font-size:14pt\">, ach go dtuigeann na Gearm\u00e1naigh fadhb seo na nd\u00eddeanaithe, n\u00f3<\/span><span style=\"font-size:14pt\"> <\/span><span style=\"font-size:14pt\">nach bhfuil roinnt mhaith Gearm\u00e1nach beo f\u00f3<\/span><span style=\"font-size:14pt\">s<\/span><span style=\"font-size:14pt\">,<\/span><span style=\"font-size:14pt\"> a bhfuil cuimhne acu ar na la<\/span><span style=\"font-size:14pt\">ethe uaf\u00e1sacha sin. Agus tr\u00edd is tr\u00edd, n\u00ed<\/span><span style=\"font-size:14pt\">l an oiread si<\/span><span style=\"font-size:14pt\">n de dhifear idir anchaoi na nd\u00eddeanaithe \u00fa<\/span><span style=\"font-size:14pt\">d agus <\/span><span style=\"font-size:14pt\">cruach\u00e1<\/span><span style=\"font-size:14pt\">s <\/span><span style=\"font-size:14pt\">d<\/span><span style=\"font-size:14pt\">h<\/span><span style=\"font-size:14pt\">\u00ed<\/span><span style=\"font-size:14pt\">deanaithe an lae inniu<\/span><span style=\"font-size:14pt\">, mar nach iad, te<\/span><span style=\"font-size:14pt\">it<\/span><span style=\"font-size:14pt\">headh <\/span><span style=\"font-size:14pt\">\u00f3 bhaol, agus t\u00f3ir ar<\/span><span style=\"font-size:14pt\"> s<\/span><span style=\"font-size:14pt\">h\u00edoch\u00e1in, an d\u00e1 fh\u00f3<\/span><span style=\"font-size:14pt\">rsa a spreag iad le teit<\/span><span style=\"font-size:14pt\">headh lena mbeo<\/span><span style=\"font-size:14pt\">, tar \u00e9is d\u00f3ibh chuile cheo a fh\u00e1g\u00e1<\/span><span style=\"font-size:14pt\">il ina ndiaidh.<\/span><\/p><p style=\"text-align:justify;margin-top:0pt;padding-top:0;margin-bottom:10pt;padding-bottom:0;line-height:1.8\"><span style=\"font-size:14pt\">Nuair a chuirtear chuile sh\u00f3rt san \u00e1<\/span><span style=\"font-size:14pt\">ireamh<\/span><span style=\"font-size:14pt\">, caithfear a admh\u00e1<\/span><span style=\"font-size:14pt\">il<\/span><span style=\"font-size:14pt\">, go bhfuil dualgas ar th\u00ed<\/span><span style=\"font-size:14pt\">ortha<\/span><span style=\"font-size:14pt\"> na hEorpa tearmann a chur ar f\u00e1il do na d\u00eddeanaithe at\u00e1<\/span><span style=\"font-size:14pt\"> ag teit<\/span><span style=\"font-size:14pt\">headh lena mbeo<\/span><span style=\"font-size:14pt\">, \u00f3 choga\u00ed agus \u00f3<\/span><span style=\"font-size:14pt\"> bhaol<\/span><span style=\"font-size:14pt\"> ina dt\u00edortha d\u00fa<\/span><span style=\"font-size:14pt\">chasacha<\/span><span style=\"font-size:14pt\">, sa l\u00e1 at\u00e1<\/span><span style=\"font-size:14pt\"> inniu ann. B\u2019fh\u00e9idir nach bhfuil an dualgas c\u00e9anna orthu i gc\u00e1s an dreama \u00fad at\u00e1<\/span><span style=\"font-size:14pt\"> ar a dteit<\/span><span style=\"font-size:14pt\">headh<\/span><span style=\"font-size:14pt\">,<\/span><span style=\"font-size:14pt\"> ar th\u00f3<\/span><span style=\"font-size:14pt\">ir oibre<\/span><span style=\"font-size:14pt\">, agus st\u00ed<\/span><span style=\"font-size:14pt\">l bheatha Iar<\/span><span style=\"font-size:14pt\">thar na hEorpa. Agus leis an sc\u00e9al seo a chr\u00edochn\u00fa, is d\u00f3cha gur ch\u00f3<\/span><span style=\"font-size:14pt\">ir go gcuirfeadh <\/span><span style=\"font-size:14pt\">na c\u00farsa\u00ed<\/span><span style=\"font-size:14pt\"> <\/span><span style=\"font-size:14pt\">sin ar \u00e1r s\u00faile d\u00fa<\/span><span style=\"font-size:14pt\">inn<\/span><span style=\"font-size:14pt\">,<\/span><span style=\"font-size:14pt\"> go bhfuil dualgas orainn freisin<\/span><span style=\"font-size:14pt\">,<\/span><span style=\"font-size:14pt\"> ceist an lucht taistil<\/span><span style=\"font-size:14pt\">,<\/span><span style=\"font-size:14pt\"> agus fadhb na ndaoine gan teach gan treibh<\/span><span style=\"font-size:14pt\">, a fhuascailt<\/span><span style=\"font-size:14pt\"> freisin<\/span><span style=\"font-size:14pt\">, n\u00f3 n\u00e1r d\u00fa<\/span><span style=\"font-size:14pt\">radh riamh anall<\/span><span style=\"font-size:14pt\">, go dtosa\u00edonn an charthannacht ag b\u00e9<\/span><span style=\"font-size:14pt\">al an dorais, mar i ndeireadh na d<\/span><span style=\"font-size:14pt\">\u00e1<\/span><span style=\"font-size:14pt\">la, n<\/span><span style=\"font-size:14pt\">ach iad ar gcomharsana iad an d\u00e1<\/span><span style=\"font-size:14pt\"> dhream sin.<\/span><\/p><p style=\"text-align:center;margin-top:0pt;padding-top:0;margin-bottom:10pt;padding-bottom:0;line-height:1.38\"><span style=\"height:1em\"><span>.<\/span><\/span><\/p>","protected":false},"excerpt":{"rendered":"<p>Bhur gC\u00e9ad F\u00e1ilte isteach 2 Peadar Bair\u00e9ad (This week we continue our welcome for Refugees.) . Athsmaoineamh Bh\u00ed m\u00e9 ag smaoineamh ar leithsc\u00e9al a ghabh\u00e1il libh faoi\u2019n dearmad cl\u00f3 a bh\u00ed i dteideal an ph\u00edosa a scr\u00edobh m\u00e9 faoi fhadhb na nd\u00eddeanaithe, coic\u00edos \u00f3 shoin, nuair a bh\u00ed \u2018each\u2019 le l\u00e9amh in \u00e1it \u2018Isteach\u2019, agus [&hellip;]<\/p>\n","protected":false},"author":2,"featured_media":13435,"comment_status":"open","ping_status":"open","sticky":false,"template":"","format":"standard","meta":{"nf_dc_page":"","_et_pb_use_builder":"","_et_pb_old_content":"","_et_gb_content_width":"","footnotes":""},"categories":[1],"tags":[],"class_list":["post-12123","post","type-post","status-publish","format-standard","has-post-thumbnail","hentry","category-gan-chatagoir"],"_links":{"self":[{"href":"https:\/\/mickgb.com\/en\/wp-json\/wp\/v2\/posts\/12123","targetHints":{"allow":["GET"]}}],"collection":[{"href":"https:\/\/mickgb.com\/en\/wp-json\/wp\/v2\/posts"}],"about":[{"href":"https:\/\/mickgb.com\/en\/wp-json\/wp\/v2\/types\/post"}],"author":[{"embeddable":true,"href":"https:\/\/mickgb.com\/en\/wp-json\/wp\/v2\/users\/2"}],"replies":[{"embeddable":true,"href":"https:\/\/mickgb.com\/en\/wp-json\/wp\/v2\/comments?post=12123"}],"version-history":[{"count":1,"href":"https:\/\/mickgb.com\/en\/wp-json\/wp\/v2\/posts\/12123\/revisions"}],"predecessor-version":[{"id":12124,"href":"https:\/\/mickgb.com\/en\/wp-json\/wp\/v2\/posts\/12123\/revisions\/12124"}],"wp:featuredmedia":[{"embeddable":true,"href":"https:\/\/mickgb.com\/en\/wp-json\/wp\/v2\/media\/13435"}],"wp:attachment":[{"href":"https:\/\/mickgb.com\/en\/wp-json\/wp\/v2\/media?parent=12123"}],"wp:term":[{"taxonomy":"category","embeddable":true,"href":"https:\/\/mickgb.com\/en\/wp-json\/wp\/v2\/categories?post=12123"},{"taxonomy":"post_tag","embeddable":true,"href":"https:\/\/mickgb.com\/en\/wp-json\/wp\/v2\/tags?post=12123"}],"curies":[{"name":"wp","href":"https:\/\/api.w.org\/{rel}","templated":true}]}}