{"id":12131,"date":"2017-04-04T11:00:00","date_gmt":"2017-04-04T11:00:00","guid":{"rendered":"https:\/\/mickgb.com\/?p=12131"},"modified":"2024-04-08T01:15:11","modified_gmt":"2024-04-08T01:15:11","slug":"bliain-na-comhdhala-eochairiste","status":"publish","type":"post","link":"https:\/\/mickgb.com\/en\/bliain-na-comhdhala-eochairiste\/","title":{"rendered":"Bliain na Comhdhala Eochairiste"},"content":{"rendered":"<p style=\"text-align:center;margin-top:0pt;padding-top:0;margin-bottom:0pt;padding-bottom:0;line-height:2.4;font-weight:bold;font-size:24pt\">I   mB\u00e9al  an  Phobail<\/p><p style=\"margin-top:0pt;padding-top:0;margin-bottom:0pt;padding-bottom:0;line-height:2.4;font-size:14pt\">Peadar Bair\u00e9ad<\/p><p style=\"margin-top:0pt;padding-top:0;margin-bottom:0pt;padding-bottom:0;line-height:2.4\"><span style=\"height:1em\"><span>.<\/span><\/span><\/p><p style=\"text-align:center;margin-top:0pt;padding-top:0;margin-bottom:0pt;padding-bottom:0;line-height:2.4\"><span style=\"font-size:14pt\">(<\/span><strong><span style=\"font-size:14pt\"><em>I mB\u00e9<\/em><\/span><span style=\"font-size:14pt\"><em>al an Phobail this week recalls the Eucharistic Congress Year of 1932<\/em><\/span><\/strong><span style=\"font-size:14pt\">.)<\/span><\/p><h1 style=\"text-align:center;margin-top:0pt;padding-top:0;margin-bottom:0pt;padding-bottom:0;line-height:2.4;font-weight:bold;font-size:18pt\">N\u00e1isi\u00fan ag \u00e9ir\u00ed as a shuan<\/h1><p style=\"text-align:justify;margin-top:0pt;padding-top:0;margin-bottom:0pt;padding-bottom:0;line-height:2.4;font-size:14pt\">T\u00e1 cuimhne mhaith agam f\u00f3s ar an mbliain 1932. Bh\u00ed an St\u00e1t s\u2019againne f\u00f3s ina \u00f3ige. Bh\u00ed corra\u00edl dra\u00edochta san aer, agus borradh \u00far ag teacht in anam, agus in aigne, an n\u00e1isi\u00fain. Bh\u00ed c\u00f3na\u00ed orm fh\u00e9in in Iorras na nIontas, thiar i gContae Mhaigh Eo, ag an am, agus thabharfadh duine ar bith faoi deara, go raibh meisce na saoirse f\u00f3s ag coipeadh i bhfuil agus i bhfeoil na cosmhuintire. N\u00e1 ceap anois, go raibh saol an mhadaidh bh\u00e1in f\u00f3s curtha in \u00e1irithe d\u00e1r ndaoine. B\u2019fhada uainn an saol \u00dat\u00f3ipeach sin f\u00f3s, n\u00f3 n\u00ed raibh acu ach \u00f3n l\u00e1imh go dt\u00ed an b\u00e9al, agus Conch\u00far M\u00f3r sa ch\u00fainne ag a mbun\u00fas f\u00f3s. Ach bh\u00ed d\u00f3chas ina gcro\u00ed istigh acu go raibh an Geimhreadh thart. <\/p><p style=\"text-align:justify;margin-top:0pt;padding-top:0;margin-bottom:0pt;padding-bottom:0;line-height:2.4\"><span style=\"font-size:14pt\">Filleann orm freisin, cuimhn\u00ed ar thoghch\u00e1n na bliana cinni\u00fana\u00ed c\u00e9anna sin. N\u00e1r mh\u00f3r an sp\u00f3rt a bh\u00ed againne, gas\u00fair, agus muid ag \u00e9isteacht le h\u00f3r\u00e1id\u00edocht na n-iarrth\u00f3ir\u00ed, taobh amuigh de Sh\u00e9ip\u00e9al an Gheata Mh\u00f3ir, chuile Dhomhnach, agus muid ag druidim i dtreo Olltoghch\u00e1in na bliana sin. Is cuimhin liom freisin an corr-ghluaiste\u00e1n, maisithe le bal\u00fain ildaite,<\/span><span style=\"font-size:14pt\"> ag d\u00e9anamh a shl\u00ed thar dhrochbh\u00f3ithre Iorrais, ag an am, agus iad ag scaipeadh billeoga daite fan Bh\u00f3ithre Iorrais . Sea, gan dabht ar domhan, ba chorraitheach an tr\u00e1th \u00e9 don t\u00e9 a <\/span><span style=\"font-size:14pt\">bh\u00ed \u00f3g, agus n\u00e1r thuig doimhneas, n\u00f3 deacracht na bhfadhbanna, a raibh an t\u00edr seo ag iomrasc\u00e1il leo, i dt\u00fas thriochaid\u00ed an ocrais, ach n\u00e1r chuma linne, gas\u00fair, a raibh spraoi agus cleasa\u00edocht ar \u00e1r n-aire againn, na laethe \u00fad. <\/span><\/p><h1 style=\"text-align:center;margin-top:0pt;padding-top:0;margin-bottom:0pt;padding-bottom:0;line-height:2.4;font-weight:bold;font-size:18pt\">Ag ceili\u00faradh theacht na Cr\u00edosta\u00edochta<\/h1><p style=\"text-align:justify;margin-top:0pt;padding-top:0;margin-bottom:0pt;padding-bottom:0;line-height:2.4\"><span style=\"font-size:14pt\">Ar scoil d\u00fainn, rinne ar m\u00fainteoir, In\u00edon N\u00ed Choinn, chuile iarracht ar shol\u00fantacht na h\u00f3c\u00e1ide a chur i dtuiscint d\u00fainn. Sea, agus thugadh s\u00ed sinn ar thurasanna chuig Teach Phobail an Gheata Mh\u00f3ir, agus mh\u00edn\u00edodh s\u00ed d\u00fainn, t\u00e1bhacht an cheili\u00fartha a bh\u00ed ar si\u00fal i dt\u00edr seo na h\u00c9ireann, ag an am. Mh\u00ednigh s\u00ed, go raibh muid ag ceili\u00faradh theacht na Cr\u00edosta\u00edochta chun na t\u00edre seo, c\u00faig ch\u00e9ad d\u00e9ag bliain roimhe sin, n\u00f3 n\u00e1r th\u00e1inig P\u00e1draig Mac Calprainn fh\u00e9in chugainn, leis an gCr\u00edosta\u00edocht a chraoibhscaoileadh ans<\/span><span style=\"font-size:14pt\">eo in \u00e1r measc, sa bhliain 432 AD. Thuig s\u00ed, nach mbeadh a chomhmhaith de cheili\u00faradh againn sa t\u00edr seo ar\u00eds go dt\u00ed an bhliain 2032, agus chuile sheans, d\u00e1r lei, nach mbeadh sise, n\u00f3 sinne, p\u00e1irteach sa cheili\u00faradh sin. <\/span><\/p><h1 style=\"text-align:center;margin-top:0pt;padding-top:0;margin-bottom:0pt;padding-bottom:0;line-height:2.4;font-weight:bold;font-size:18pt\">Bratacha ar foluain<\/h1><p style=\"text-align:justify;margin-top:0pt;padding-top:0;margin-bottom:0pt;padding-bottom:0;line-height:2.4\"><span style=\"font-size:14pt\">Is cuimhin liom freisin, gur mhol an sagart par\u00e1iste d\u00e1 phobal, gur ch\u00f3ir d\u00f3ibh bratacha N\u00e1isi\u00fanta agus bratacha an Ph\u00e1pa a fh\u00e1il agus a chur in airde ar shimn\u00e9ithe a dtithe, leis an \u00f3c\u00e1id stairi\u00fail sin a cheili\u00faradh. Sea, agus rinneadar rud air freisin, agus geallaimse dhuit \u00e9 gur ghal\u00e1nta, chorraitheach, an radharc \u00e9, breathn\u00fa ar na bhratach sin, ar foluain le gaoith, os cionn shimn\u00e9ithe na dtithe aoldaite, seascaire, ceanntu\u00ed, a sheol go br\u00f3d\u00fail \u00f3 cheann ceann an bhaile, faoi <\/span><span style=\"font-size:14pt\">mar ba chabhlach mara iad. Sin iad na cuimhn\u00ed a rith liom, an l\u00e1 cheana, nuair a chuala m\u00e9 go rabhthas le Comhdh\u00e1il Eochairisteach a thion\u00f3l i dt\u00edr seo na h\u00c9ireann ar\u00eds, sa bhliain 2012, le cuimhne cheithre sc\u00f3r bliain Chomhdh\u00e1il 1932, a chom\u00f3radh. Ba ansin a tuigeadh dom, go raibh breall ar In\u00edon N\u00ed Choinn, agus nach mbeadh orainn fanacht c\u00e9ad bliain don ch\u00e9ad cheili\u00faradh eile. <\/span><\/p><p style=\"text-align:center;margin-top:0pt;padding-top:0;margin-bottom:0pt;padding-bottom:0;line-height:2.4\"><span style=\"height:1em\"><span>.<\/span><\/span><\/p>","protected":false},"excerpt":{"rendered":"<p>I mB\u00e9al an Phobail Peadar Bair\u00e9ad . (I mB\u00e9al an Phobail this week recalls the Eucharistic Congress Year of 1932.) N\u00e1isi\u00fan ag \u00e9ir\u00ed as a shuan T\u00e1 cuimhne mhaith agam f\u00f3s ar an mbliain 1932. Bh\u00ed an St\u00e1t s\u2019againne f\u00f3s ina \u00f3ige. Bh\u00ed corra\u00edl dra\u00edochta san aer, agus borradh \u00far ag teacht in anam, agus [&hellip;]<\/p>\n","protected":false},"author":2,"featured_media":13435,"comment_status":"open","ping_status":"open","sticky":false,"template":"","format":"standard","meta":{"nf_dc_page":"","_et_pb_use_builder":"","_et_pb_old_content":"","_et_gb_content_width":"","footnotes":""},"categories":[1],"tags":[],"class_list":["post-12131","post","type-post","status-publish","format-standard","has-post-thumbnail","hentry","category-gan-chatagoir"],"_links":{"self":[{"href":"https:\/\/mickgb.com\/en\/wp-json\/wp\/v2\/posts\/12131","targetHints":{"allow":["GET"]}}],"collection":[{"href":"https:\/\/mickgb.com\/en\/wp-json\/wp\/v2\/posts"}],"about":[{"href":"https:\/\/mickgb.com\/en\/wp-json\/wp\/v2\/types\/post"}],"author":[{"embeddable":true,"href":"https:\/\/mickgb.com\/en\/wp-json\/wp\/v2\/users\/2"}],"replies":[{"embeddable":true,"href":"https:\/\/mickgb.com\/en\/wp-json\/wp\/v2\/comments?post=12131"}],"version-history":[{"count":1,"href":"https:\/\/mickgb.com\/en\/wp-json\/wp\/v2\/posts\/12131\/revisions"}],"predecessor-version":[{"id":12132,"href":"https:\/\/mickgb.com\/en\/wp-json\/wp\/v2\/posts\/12131\/revisions\/12132"}],"wp:featuredmedia":[{"embeddable":true,"href":"https:\/\/mickgb.com\/en\/wp-json\/wp\/v2\/media\/13435"}],"wp:attachment":[{"href":"https:\/\/mickgb.com\/en\/wp-json\/wp\/v2\/media?parent=12131"}],"wp:term":[{"taxonomy":"category","embeddable":true,"href":"https:\/\/mickgb.com\/en\/wp-json\/wp\/v2\/categories?post=12131"},{"taxonomy":"post_tag","embeddable":true,"href":"https:\/\/mickgb.com\/en\/wp-json\/wp\/v2\/tags?post=12131"}],"curies":[{"name":"wp","href":"https:\/\/api.w.org\/{rel}","templated":true}]}}