{"id":12257,"date":"2017-04-04T11:00:00","date_gmt":"2017-04-04T11:00:00","guid":{"rendered":"https:\/\/mickgb.com\/?p=12257"},"modified":"2024-04-08T01:17:27","modified_gmt":"2024-04-08T01:17:27","slug":"creideamh-agus-dochas","status":"publish","type":"post","link":"https:\/\/mickgb.com\/en\/creideamh-agus-dochas\/","title":{"rendered":"Creideamh agus dochas"},"content":{"rendered":"<p style=\"text-align:center;margin-top:0pt;padding-top:0;margin-bottom:0pt;padding-bottom:0;line-height:2.4;font-weight:bold;font-size:24pt\">I  mB\u00e9al  an  Phobail<\/p><p style=\"margin-top:0pt;padding-top:0;margin-bottom:0pt;padding-bottom:0;line-height:2.4;font-size:14pt\">Peadar Bair\u00e9ad<\/p><p style=\"text-align:center;margin-top:0pt;padding-top:0;margin-bottom:0pt;padding-bottom:0;line-height:2.4;font-size:14pt;margin-left:36pt\"><strong><em>(I mB\u00e9al an Phobail this week considers some problems of Faith and Fatherland.)<\/em><\/strong><\/p><p style=\"text-align:center;margin-top:0pt;padding-top:0;margin-bottom:0pt;padding-bottom:0;line-height:2.4;font-size:14pt\"><strong><span style=\"font-size:18pt\">Creideamh agus D\u00f3chas<\/span><\/strong><\/p><p style=\"text-align:justify;margin-top:0pt;padding-top:0;margin-bottom:0pt;padding-bottom:0;line-height:2.4;font-size:14pt\">Faoi mar is eol daoibh cheana, is minic a l\u00e9im an p\u00edosa a scr\u00edobhann Mark Dooley san Irish Daily Mail. Bhuel, ba mhaith liom tagairt a dh\u00e9anamh inniu do ph\u00edosa a scr\u00edobh s\u00e9, in eagr\u00e1n an 27\u00fa I\u00fail 2011, den nuacht\u00e1n c\u00e9anna sin. Is \u00e9 is m\u00f3 at\u00e1 idir cham\u00e1in aige sa ph\u00edosa seo n\u00f3 an chaoi a bhfuil daoine \u00e1irithe ag iarraidh briseadh leis an R\u00f3imh le heaglais \u00farnua d\u00e1 gcuid fh\u00e9in a bhun\u00fa anseo. D\u00e1r le Dooley, is \u00e9asca i bhfad \u00e9 aont\u00fa le tuairim an mh\u00f3raimh n\u00e1 cur ina coinne, agus d\u00e1r leis, bh\u00ed a chruth\u00fa sin le feice\u00e1il go forleathan, ar na mallaibh, tar \u00e9is fhoilsi\u00fa Thuarasc\u00e1il Dheoise Cluana. Ionsa\u00edodh seo, agus ionsa\u00edodh si\u00fad. Tugadh faoin nduine seo, agus tugadh faoin t\u00e9 \u00fad eile, ach n\u00e1r bheag duine a rinne iarracht ar bith, le duine, n\u00f3 le hinstiti\u00faid, ar bith d\u00edobh si\u00fad a bh\u00ed faoi ionsa\u00ed, a chosaint ar na hionsaithe sin? <\/p><p style=\"text-align:center;margin-top:0pt;padding-top:0;margin-bottom:0pt;padding-bottom:0;line-height:2.4;font-size:14pt\"><strong><span style=\"font-size:18pt\">Eaglais nua a th\u00f3g\u00e1il \u00f3 bhonn<\/span><\/strong><\/p><p style=\"text-align:justify;margin-top:0pt;padding-top:0;margin-bottom:0pt;padding-bottom:0;line-height:2.4;font-size:14pt\">Tuigtear d\u00f3, go bhfuil faoi dhaoine, agus faoi eagra\u00edochta\u00ed, \u00e1irithe, cos i bpoll a chur leis an Eaglais Chaitliceach R\u00f3mh\u00e1nach, faoi mar at\u00e1 s\u00ed sa t\u00edr seo faoi l\u00e1thair. D\u00e1r leis, cuireann cuid acu seo go l\u00e1idir i gcoinne chleachtas, agus mh\u00faineadh traidisi\u00fanta, na hEaglaise c\u00e9anna sin. N\u00ed r\u00f3-mh\u00f3r a gcion ar an bP\u00e1pa Benedict fh\u00e9in, ach oiread, b\u00edodh go bhfuil a chion fh\u00e9in d\u00e9anta ag an bP\u00e1pa sin, le cr\u00edoch a chur le m\u00ed-\u00fas\u00e1id ghn\u00e9asach i measc na cl\u00e9ire, d\u00e1r leis. Ach t\u00e1 a ngunna\u00ed m\u00f3ra ar fad d\u00edrithe acu ar an Vatac\u00e1in, n\u00f3 tuigtear d\u00f3ibh, go bhfuil an Vatac\u00e1in me\u00e1ite ar dhul chun cinn Dara Comhairle na Vatac\u00e1ine a chur ar ceal, agus \u00e9 ar intinn acu, filleadh ar sheansmacht dian Chomhairle Trent. Ach, d\u00e1r le Mark, ba i ndiaidh Chomhairle na Vatac\u00e1ine a th\u00e1inig f\u00e1s ar mh\u00ed-\u00fas\u00e1id ghn\u00e9asach i measc na cl\u00e9ire, agus chomh maith le sin, agus b\u2019fh\u00e9idir d\u00e1 bharr sin, gur th\u00e1inig meath ollmh\u00f3r ar uimhir na ndaoine, ar theastaigh uathu, aird a thabhairt ar ghairm chun p\u00e1irt a ghlacadh in obair shl\u00e1naithe na hEaglaise sin. N\u00ed, toisc gur cuireadh polasa\u00ed Chomhairle na Vatac\u00e1ine i ngn\u00edomh, ach toisc n\u00e1r cuireadh i ngn\u00edomh \u00e9 faoi mar a bh\u00ed beartaithe ag an gComhairle fh\u00e9in \u00e9 a dh\u00e9anamh, a tharla go ndeachaigh daoine \u00e1irithe ar strae \u00f3n bhf\u00edrinne. D\u00e9arfainn gurb \u00e9 tuairim Mark Dooley n\u00f3 gur ch\u00f3ir d\u00edri\u00fa anois ar an Eaglais a shl\u00e1n\u00fa tr\u00ed fhilleadh ar spiorad\u00e1ltacht chaillte na laethe a bh\u00ed, in ionad a bheith ag iarraidh Eaglais nua a th\u00f3g\u00e1il \u00f3 bhonn.<\/p><p style=\"text-align:center;margin-top:0pt;padding-top:0;margin-bottom:0pt;padding-bottom:0;line-height:2.4;font-size:14pt\"><strong><span style=\"font-size:18pt\">D\u00edlseacht<\/span><\/strong><\/p><p style=\"text-align:justify;margin-top:0pt;padding-top:0;margin-bottom:0pt;padding-bottom:0;line-height:2.4;font-size:14pt\">Tugtar faoi deara, go bhf\u00e1gtar an mille\u00e1n uilig ar an Eaglais i gc\u00e1s na      n-eaglaiseach \u00fad a rinne m\u00ed-\u00fas\u00e1id ghn\u00e9asach ar ghas\u00fair, agus chuile cheart ag daoine a leith\u00e9id a dh\u00e9anamh, ach n\u00ed tr\u00ed rialacha na hEaglaise a lean\u00faint a rinne siad a leith\u00e9id, ach a mhalairt. Ach ar deireadh thiar, agus le cr\u00edoch a chur leis an bp\u00edosa seo, n\u00e1r ch\u00f3ir smaoineamh ar an t\u00e9 a chuir t\u00fas leis an Eaglais, lena hAspail, agus lena lucht c\u00fanta, agus m\u00e1 choin\u00edtear s\u00fail orthu si\u00fad, agus m\u00e1 thugtar aird orthu, n\u00ed raghfar i bhfad ar f\u00e1n \u00f3n bhf\u00edrinne. <\/p><p style=\"text-align:justify;margin-top:0pt;padding-top:0;margin-bottom:0pt;padding-bottom:0;line-height:2.4;font-size:14pt\">Fillfidh m\u00e9 ar an \u00e1bhar seo ar\u00eds, ar ball, n\u00f3 tuigtear dom, go bhfuil roinnt mhaith daoine buartha faoi na c\u00farsa\u00ed seo.        <\/p><p style=\"text-align:justify;margin-top:0pt;padding-top:0;margin-bottom:0pt;padding-bottom:0;line-height:2.4;font-size:14pt\"><span style=\"height:1em\"><span>.<\/span><\/span><\/p><p style=\"text-align:center;margin-top:0pt;padding-top:0;margin-bottom:0pt;padding-bottom:0;line-height:2.4\"><span style=\"height:1em\"><span>.<\/span><\/span><\/p>","protected":false},"excerpt":{"rendered":"<p>I mB\u00e9al an Phobail Peadar Bair\u00e9ad (I mB\u00e9al an Phobail this week considers some problems of Faith and Fatherland.) Creideamh agus D\u00f3chas Faoi mar is eol daoibh cheana, is minic a l\u00e9im an p\u00edosa a scr\u00edobhann Mark Dooley san Irish Daily Mail. Bhuel, ba mhaith liom tagairt a dh\u00e9anamh inniu do ph\u00edosa a scr\u00edobh s\u00e9, [&hellip;]<\/p>\n","protected":false},"author":2,"featured_media":13435,"comment_status":"open","ping_status":"open","sticky":false,"template":"","format":"standard","meta":{"nf_dc_page":"","_et_pb_use_builder":"","_et_pb_old_content":"","_et_gb_content_width":"","footnotes":""},"categories":[1],"tags":[],"class_list":["post-12257","post","type-post","status-publish","format-standard","has-post-thumbnail","hentry","category-gan-chatagoir"],"_links":{"self":[{"href":"https:\/\/mickgb.com\/en\/wp-json\/wp\/v2\/posts\/12257","targetHints":{"allow":["GET"]}}],"collection":[{"href":"https:\/\/mickgb.com\/en\/wp-json\/wp\/v2\/posts"}],"about":[{"href":"https:\/\/mickgb.com\/en\/wp-json\/wp\/v2\/types\/post"}],"author":[{"embeddable":true,"href":"https:\/\/mickgb.com\/en\/wp-json\/wp\/v2\/users\/2"}],"replies":[{"embeddable":true,"href":"https:\/\/mickgb.com\/en\/wp-json\/wp\/v2\/comments?post=12257"}],"version-history":[{"count":1,"href":"https:\/\/mickgb.com\/en\/wp-json\/wp\/v2\/posts\/12257\/revisions"}],"predecessor-version":[{"id":12258,"href":"https:\/\/mickgb.com\/en\/wp-json\/wp\/v2\/posts\/12257\/revisions\/12258"}],"wp:featuredmedia":[{"embeddable":true,"href":"https:\/\/mickgb.com\/en\/wp-json\/wp\/v2\/media\/13435"}],"wp:attachment":[{"href":"https:\/\/mickgb.com\/en\/wp-json\/wp\/v2\/media?parent=12257"}],"wp:term":[{"taxonomy":"category","embeddable":true,"href":"https:\/\/mickgb.com\/en\/wp-json\/wp\/v2\/categories?post=12257"},{"taxonomy":"post_tag","embeddable":true,"href":"https:\/\/mickgb.com\/en\/wp-json\/wp\/v2\/tags?post=12257"}],"curies":[{"name":"wp","href":"https:\/\/api.w.org\/{rel}","templated":true}]}}