{"id":12259,"date":"2017-04-04T11:00:00","date_gmt":"2017-04-04T11:00:00","guid":{"rendered":"https:\/\/mickgb.com\/?p=12259"},"modified":"2024-04-08T01:17:27","modified_gmt":"2024-04-08T01:17:27","slug":"criostoir-o-tuama-ar-lar","status":"publish","type":"post","link":"https:\/\/mickgb.com\/en\/criostoir-o-tuama-ar-lar\/","title":{"rendered":"Criost\u00f3ir \u00d3 Tuama ar l\u00e1r"},"content":{"rendered":"<p style=\"text-align:center;margin-top:0pt;padding-top:0;margin-bottom:10pt;padding-bottom:0;line-height:1.38\"><strong><span style=\"font-size:26pt\">Criost\u00f3ir \u00d3 Tuama ar l\u00e1r<\/span><\/strong><\/p><p style=\"margin-top:0pt;padding-top:0;margin-bottom:10pt;padding-bottom:0;line-height:1.38\"><span style=\"font-size:14pt\">Peadar Bair\u00e9ad<\/span><\/p><p style=\"text-align:center;margin-top:0pt;padding-top:0;margin-bottom:10pt;padding-bottom:0;line-height:1.38\"><strong><span style=\"font-size:14pt\"><em>(This week we mourn the death<\/em><\/span><span style=\"font-size:14pt\"><em> of Criost\u00f3ir \u00d3<\/em><\/span><span style=\"font-size:14pt\"><em> Tuama)<\/em><\/span><\/strong><\/p><p style=\"text-align:justify;margin-top:0pt;padding-top:0;margin-bottom:10pt;padding-bottom:0;line-height:1.38\"><span style=\"font-size:14pt\">Anois<\/span><span style=\"font-size:14pt\">,<\/span><span style=\"font-size:14pt\"> b\u00ed<\/span><span style=\"font-size:14pt\">odh nach<\/span><span style=\"font-size:14pt\"> raibh aon r\u00f3-aithne agam fh\u00e9<\/span><span style=\"font-size:14pt\">in <\/span><span style=\"font-size:14pt\">ar Chriost\u00f3ir Uasal \u00d3<\/span><span style=\"font-size:14pt\"> Tuama<\/span><span style=\"font-size:14pt\">, ag an am gc\u00e9<\/span><span style=\"font-size:14pt\">a<\/span><span style=\"font-size:14pt\">nna, samhla\u00ed<\/span><span style=\"font-size:14pt\">tear dom<\/span><span style=\"font-size:14pt\">,<\/span><span style=\"font-size:14pt\"> go raibh aithne mhaith a<\/span><span style=\"font-size:14pt\">gam air thar bhlianta fada. Ba \u00e9 an ch\u00e9ad chaoi ar chuir m\u00e9<\/span><span style=\"font-size:14pt\"> aithne air, <\/span><span style=\"font-size:14pt\">n\u00f3 tr\u00ed dhalta\u00ed d\u00e1 chuid<\/span><span style=\"font-size:14pt\"> a th\u00e1inig go Col\u00e1iste Chiar\u00e1in<\/span><span style=\"font-size:14pt\"> lena gc\u00farsa Me\u00e1nscola\u00edochta a <\/span><span style=\"font-size:14pt\">dh\u00e9anamh. Tharla go raibh an Ghaeilge \u00e1 m\u00faineadh agam<\/span><span style=\"font-size:14pt\"> sa Chol\u00e1iste<\/span><span style=\"font-size:14pt\"> sin, <\/span><span style=\"font-size:14pt\">\u00f3<\/span><span style=\"font-size:14pt\">n mbliain 1966<\/span><span style=\"font-size:14pt\">, go dt\u00ed an bhliain 1988, tr\u00e1<\/span><span style=\"font-size:14pt\">th <\/span><span style=\"font-size:14pt\">a ndeachaigh m\u00e9 ar scor<\/span><span style=\"font-size:14pt\">, agus i rith a<\/span><span style=\"font-size:14pt\">n ama sin uilig, geall leis, bh\u00ed Criost\u00f3ir ina Phr\u00edomhoide i scoil Bhaile R\u00f3ib<\/span><span style=\"font-size:14pt\">\u00edn. I<\/span><span style=\"font-size:14pt\"> rith an ama sin<\/span><span style=\"font-size:14pt\">, chuir m\u00e9 aithne ar roinnt mhaith d\u00e1 dhalta\u00ed<\/span><span style=\"font-size:14pt\"> agus ba ghearr i mbun na Gaei<\/span><span style=\"font-size:14pt\">lge i gCol\u00e1iste Chiar\u00e1in m\u00e9<\/span><span style=\"font-size:14pt\"> nuair a<\/span><span style=\"font-size:14pt\"> thug m\u00e9<\/span><span style=\"font-size:14pt\"> f<\/span><span style=\"font-size:14pt\">aoi deara<\/span><span style=\"font-size:14pt\">,<\/span><span style=\"font-size:14pt\"> go ra<\/span><span style=\"font-size:14pt\">ibh an-chumas Gaeilge ag<\/span><span style=\"font-size:14pt\"> gas\u00fa<\/span><span style=\"font-size:14pt\">ir<\/span><span style=\"font-size:14pt\"> na d\u00faiche sin, ach thug m\u00e9 suntas faoi leith do <\/span><span style=\"font-size:14pt\">chuid de <\/span><span style=\"font-size:14pt\">na gas\u00fair<\/span><span style=\"font-size:14pt\"> a <\/span><span style=\"font-size:14pt\">rinne freastal ar Scoil Chriost\u00f3ir. Ba gheall le cainteoir\u00ed d\u00fa<\/span><span style=\"font-size:14pt\">chais roinnt<\/span><span style=\"font-size:14pt\"> acu. B\u2019in mar a chuir<\/span><span style=\"font-size:14pt\"> m\u00e9 aithne ar an nGael d\u00ed<\/span><span style=\"font-size:14pt\">ograiseach<\/span><span style=\"font-size:14pt\">, d\u00ed<\/span><span style=\"font-size:14pt\">lis sin<\/span><span style=\"font-size:14pt\">, a ch\u00e9<\/span><span style=\"font-size:14pt\">aduair. A<\/span><span style=\"font-size:14pt\">gus, ar ball, blianta ina <\/span><span style=\"font-size:14pt\">d<\/span><span style=\"font-size:14pt\">hiaidh sin, bh\u00ed \u00e1thas orm go bhfuair m\u00e9 deis le sin a chur in i\u00fal do Chriost\u00f3ir fh\u00e9<\/span><span style=\"font-size:14pt\">in.  <\/span><span style=\"font-size:14pt\">Conas a tharla a leith\u00e9<\/span><span style=\"font-size:14pt\">id, an ea?<\/span><\/p><p style=\"text-align:center;margin-top:0pt;padding-top:0;margin-bottom:10pt;padding-bottom:0;line-height:1.38\"><strong><span style=\"font-size:18pt\">De Thimpiste<\/span><\/strong><\/p><p style=\"text-align:justify;margin-top:0pt;padding-top:0;margin-bottom:10pt;padding-bottom:0;line-height:1.38\"><span style=\"font-size:14pt\">De thimpiste, faoi mar a tharla\u00edonn go minic i gc\u00e1s d\u00e1 leith\u00e9id.  Tharla gur scr\u00edobh m\u00e9 p\u00edosa faoi Ghaird\u00ed<\/span><span style=\"font-size:14pt\">n an Ghorta i mBaile Roibin, agus <\/span><span style=\"font-size:14pt\">gur foils\u00edodh \u00e9<\/span><span style=\"font-size:14pt\"> s<\/span><span style=\"font-size:14pt\">a<\/span><span style=\"font-size:14pt\"> chol\u00fa<\/span><span style=\"font-size:14pt\">n seo, agus go gairid ina dhiaidh sin<\/span><span style=\"font-size:14pt\">, fuair m\u00e9 glaoch telef\u00f3in \u00f3 Chriost\u00f3<\/span><span style=\"font-size:14pt\">ir<\/span><span style=\"font-size:14pt\">, agus n\u00ed call dom a r\u00e1<\/span><span style=\"font-size:14pt\">,<\/span><span style=\"font-size:14pt\"> gur chuireamar c\u00farsa\u00ed tr\u00ed ch\u00e9<\/span><span style=\"font-size:14pt\">ile<\/span><span style=\"font-size:14pt\">, ach go h\u00e1<\/span><span style=\"font-size:14pt\">irithe<\/span><span style=\"font-size:14pt\">, c\u00farsa\u00ed<\/span><span style=\"font-size:14pt\"> na teanga s\u2019againne. Agus t<\/span><span style=\"font-size:14pt\">harla nach raibh \u00e1r nd\u00f3<\/span><span style=\"font-size:14pt\">thain ama <\/span><span style=\"font-size:14pt\">againn le c\u00farsa\u00ed a ch\u00ed<\/span><span style=\"font-size:14pt\">oradh i gceart<\/span><span style=\"font-size:14pt\">, agus thug Criost\u00f3ir cuireadh chun a th\u00ed<\/span><span style=\"font-size:14pt\"> dhom<\/span><span style=\"font-size:14pt\">. D\u00fairt m\u00e9<\/span><span style=\"font-size:14pt\"> go dtabharfainn cuairt air<\/span><span style=\"font-size:14pt\">, amach anseo, ach ar\u00eds, mar a tharla\u00ed<\/span><span style=\"font-size:14pt\">on<\/span><span style=\"font-size:14pt\">n go minic i gc\u00e1s d\u00e1 leith\u00e9id, thagadh rud eic\u00ed<\/span><span style=\"font-size:14pt\">nt sa mbealach orm chuile bhabhta<\/span><span style=\"font-size:14pt\">, agus ba \u00e9 deireadh an sc\u00e9il \u00e9<\/span><span style=\"font-size:14pt\">,<\/span><span style=\"font-size:14pt\"> n\u00e1r \u00e9<\/span><span style=\"font-size:14pt\">irigh liom an chu<\/span><span style=\"font-size:14pt\">airt sin a thabhairt air riamh \u00f3 shoin,<\/span><span style=\"font-size:14pt\"> agus<\/span><span style=\"font-size:14pt\"> faraoir g\u00e9ar! chaill m\u00e9 an deis sin, agus anois, t\u00e1 s\u00e9 r\u00f3-dh\u00e9anach chuige,<\/span><span style=\"font-size:14pt\"> ach nach \u00e9 sin an saol<\/span><span style=\"font-size:14pt\"> agat?<\/span><span style=\"font-size:14pt\"> Ach, b\u00edodh n\u00e1r \u00e9<\/span><span style=\"font-size:14pt\">irigh liom an chuairt sin a thabhairt<\/span><span style=\"font-size:14pt\"> air, d\u2019fhanamar i dteangmh\u00e1il le ch\u00e9ile tr\u00ed<\/span><span style=\"font-size:14pt\"> chorr litir agus <\/span><span style=\"font-size:14pt\">tr\u00ed ghlaonna<\/span><span style=\"font-size:14pt\"> telef\u00f3<\/span><span style=\"font-size:14pt\">in<\/span><span style=\"font-size:14pt\">, anois is ar\u00eds. \u00d3n dteangmh\u00e1<\/span><span style=\"font-size:14pt\">il sin<\/span><span style=\"font-size:14pt\">, bh\u00ed s\u00e9 soil\u00e9ir <\/span><span style=\"font-size:14pt\">go mba Ghael d\u00ed<\/span><span style=\"font-size:14pt\">ograiseach<\/span><span style=\"font-size:14pt\">, d\u00edlis<\/span><span style=\"font-size:14pt\">,<\/span><span style=\"font-size:14pt\"> \u00e9 Criost\u00f3ir agus go raibh sp\u00e9<\/span><span style=\"font-size:14pt\">is<\/span><span style=\"font-size:14pt\"> <\/span><span style=\"font-size:14pt\">aige i ngach gn\u00e9<\/span><span style=\"font-size:14pt\"> den saol Gaelach <\/span><span style=\"font-size:14pt\">sa phobal <\/span><span style=\"font-size:14pt\">a bh\u00ed<\/span><span style=\"font-size:14pt\"> thart air. <\/span><\/p><p style=\"text-align:center;margin-top:0pt;padding-top:0;margin-bottom:10pt;padding-bottom:0;line-height:1.38\"><strong><span style=\"font-size:18pt\">G\u00e1ird\u00edn an Ghorta<\/span><\/strong><\/p><p style=\"text-align:justify;margin-top:0pt;padding-top:0;margin-bottom:10pt;padding-bottom:0;line-height:1.38\"><span style=\"font-size:14pt\"> <\/span><span style=\"font-size:14pt\">ach chomh fada is a bhaineann s\u00e9<\/span><span style=\"font-size:14pt\"> liomsa<\/span><span style=\"font-size:14pt\">, is \u00e9 Gaird\u00edn an Ghorta an leacht is m\u00f3 a choinn\u00f3idh a chuimhne glas in Osra\u00ed<\/span><span style=\"font-size:14pt\">,<\/span><span style=\"font-size:14pt\"> go ceann i bhfad<\/span><span style=\"font-size:14pt\">,<\/span><span style=\"font-size:14pt\"> n\u00f3 ba<\/span><span style=\"font-size:14pt\"> s<\/span><span style=\"font-size:14pt\">h<\/span><span style=\"font-size:14pt\">aothar gan ch\u00faiteamh \u00e9<\/span><span style=\"font-size:14pt\">,<\/span><span style=\"font-size:14pt\"> gan dabht ar domhan. Agus <\/span><span style=\"font-size:14pt\">mar<\/span><span style=\"font-size:14pt\"> chloch phr\u00e9achain ar an ngn\u00f3<\/span><span style=\"font-size:14pt\"> sin <\/span><span style=\"font-size:14pt\">go l\u00e9<\/span><span style=\"font-size:14pt\">ir, <\/span><span style=\"font-size:14pt\">d\u2019\u00e9<\/span><span style=\"font-size:14pt\">irigh leis<\/span><span style=\"font-size:14pt\">,<\/span><span style=\"font-size:14pt\"> an <\/span><span style=\"font-size:14pt\">tUachtar\u00e1<\/span><span style=\"font-size:14pt\">n, Mary R<\/span><span style=\"font-size:14pt\">obinson, a mhealladh go Baile R\u00f3ib\u00edn leis an nGaird\u00edn c\u00e9anna sin a oscailt go hoifigi\u00fa<\/span><span style=\"font-size:14pt\">il<\/span><span style=\"font-size:14pt\">,<\/span><span style=\"font-size:14pt\"> sa bhliain <\/span><span style=\"font-size:14pt\">1999.<\/span><span style=\"font-size:14pt\">&nbsp;&nbsp;<\/span><span style=\"font-size:14pt\">N\u00ed g\u00e1 dhom tagairt a dh\u00e9anamh do na tionscnaimh go l\u00e9ir a raibh l\u00e1mh ag Crios<\/span><span style=\"font-size:14pt\">t\u00fair iontu lena linn, leor<\/span><span style=\"font-size:14pt\"> <\/span><span style=\"font-size:14pt\">ceann acu a lua anse<\/span><span style=\"font-size:14pt\">o. Rinne s\u00e9 cion fir le sc\u00e9im uisce a thos\u00fa<\/span><span style=\"font-size:14pt\"> i mBai<\/span><span style=\"font-size:14pt\">le <\/span><span style=\"font-size:14pt\">R\u00f3ib\u00edn sa bhliain 1957.  B<\/span><span style=\"font-size:14pt\">h\u00ed an t-\u00e1dh ar Bhaile R\u00f3ib\u00edn gur th\u00e1<\/span><span style=\"font-size:14pt\">inig an <\/span><span style=\"font-size:14pt\">Gaeilgeoir l\u00ed<\/span><span style=\"font-size:14pt\">ofa aneas<\/span><span style=\"font-size:14pt\"> \u00f3<\/span><span style=\"font-size:14pt\"> Bhaile Bh\u00fa<\/span><span style=\"font-size:14pt\">irne<\/span><span style=\"font-size:14pt\"> <\/span><span style=\"font-size:14pt\">chucu<\/span><span style=\"font-size:14pt\"> i dt\u00fas na gcaogaid\u00ed<\/span><span style=\"font-size:14pt\"> agus  gur fhan s\u00e9<\/span><span style=\"font-size:14pt\"> leo mar Phr<\/span><span style=\"font-size:14pt\">\u00ed<\/span><span style=\"font-size:14pt\">omh<\/span><span style=\"font-size:14pt\">oide uaidh sin go ndeachaigh s\u00e9<\/span><span style=\"font-size:14pt\"> ar scor<\/span><span style=\"font-size:14pt\">. N\u00ed<\/span><span style=\"font-size:14pt\"> haon ionadh mar sin<\/span><span style=\"font-size:14pt\">, go mb\u00edodh togha na <\/span><span style=\"font-size:14pt\">Gaeilge ag gas\u00fair na scoile sin.<\/span><span style=\"font-size:14pt\"> <\/span><\/p><p style=\"text-align:center;margin-top:0pt;padding-top:0;margin-bottom:10pt;padding-bottom:0;line-height:1.2\"><strong><span style=\"font-size:18pt\">Criost\u00f3ir  ar  l\u00e1<\/span><span style=\"font-size:18pt\">r<\/span><\/strong><\/p><p style=\"text-align:justify;margin-top:0pt;padding-top:0;margin-bottom:10pt;padding-bottom:0;line-height:1.2;margin-left:72pt\"><span style=\"font-size:14pt\">Crann eile in\u00e1r gcoill anois s\u00ed<\/span><span style=\"font-size:14pt\">nte<\/span><span style=\"font-size:14pt\">,<\/span><\/p><p style=\"text-align:justify;margin-top:0pt;padding-top:0;margin-bottom:10pt;padding-bottom:0;line-height:1.2;margin-left:72pt\"><span style=\"font-size:14pt\">N\u00f3 t\u00e1 Criost\u00f3ir \u00d3 Tuama faoin bhf\u00f3d<\/span><span style=\"font-size:14pt\">,<\/span><\/p><p style=\"text-align:justify;margin-top:0pt;padding-top:0;margin-bottom:10pt;padding-bottom:0;line-height:1.2;margin-left:72pt\"><span style=\"font-size:14pt\">Is bearna bhaoil<\/span><span style=\"font-size:14pt\"> f\u00e1gtha in\u00e1<\/span><span style=\"font-size:14pt\">r gcosaint<\/span><span style=\"font-size:14pt\">,<\/span><\/p><p style=\"text-align:justify;margin-top:0pt;padding-top:0;margin-bottom:10pt;padding-bottom:0;line-height:1.2;margin-left:72pt\"><span style=\"font-size:14pt\">Bearna nach l\u00edonfar gan str\u00f3<\/span><span style=\"font-size:14pt\">.<\/span><\/p><p style=\"text-align:justify;margin-top:0pt;padding-top:0;margin-bottom:10pt;padding-bottom:0;line-height:1.2;margin-left:72pt\"><span style=\"height:1em\"><span>.<\/span><\/span><\/p><p style=\"text-align:justify;margin-top:0pt;padding-top:0;margin-bottom:10pt;padding-bottom:0;line-height:1.2;margin-left:72pt\"><span style=\"font-size:14pt\">Shaothraigh s\u00e9<\/span><span style=\"font-size:14pt\"> G<\/span><span style=\"font-size:14pt\">h<\/span><span style=\"font-size:14pt\">aelacha<\/span><span style=\"font-size:14pt\">s<\/span><span style=\"font-size:14pt\"> Osra\u00ed,<\/span><\/p><p style=\"text-align:justify;margin-top:0pt;padding-top:0;margin-bottom:10pt;padding-bottom:0;line-height:1.2;margin-left:72pt\"><span style=\"font-size:14pt\">I<\/span><span style=\"font-size:14pt\">s d\u2019fhorbair an teanga gan locht<\/span><span style=\"font-size:14pt\">,<\/span><\/p><p style=\"text-align:justify;margin-top:0pt;padding-top:0;margin-bottom:10pt;padding-bottom:0;line-height:1.2;margin-left:72pt\"><span style=\"font-size:14pt\">Beidh cuimhne anseo feadh na mblianta<\/span><\/p><p style=\"text-align:justify;margin-top:0pt;padding-top:0;margin-bottom:10pt;padding-bottom:0;line-height:1.2;margin-left:72pt\"><span style=\"font-size:14pt\">Ar an M\u00e1<\/span><span style=\"font-size:14pt\">istir a shaothraigh gan sos.<\/span><\/p><p style=\"margin-top:0pt;padding-top:0;margin-bottom:10pt;padding-bottom:0;line-height:1.2;margin-left:72pt\"><span style=\"height:1em\"><span>.<\/span><\/span><\/p><p style=\"margin-top:0pt;padding-top:0;margin-bottom:10pt;padding-bottom:0;line-height:1.2;margin-left:72pt\"><span style=\"font-size:14pt\">D\u00fa<\/span><span style=\"font-size:14pt\">inn is ceart<\/span><span style=\"font-size:14pt\"> a ch\u00e1il a mh\u00f3<\/span><span style=\"font-size:14pt\">radh<\/span><\/p><p style=\"margin-top:0pt;padding-top:0;margin-bottom:10pt;padding-bottom:0;line-height:1.2;margin-left:72pt\"><span style=\"font-size:14pt\">I gCr<\/span><span style=\"font-size:14pt\">\u00ed<\/span><span style=\"font-size:14pt\">ocha<\/span><span style=\"font-size:14pt\"> F\u00e1<\/span><span style=\"font-size:14pt\">il<\/span><span style=\"font-size:14pt\">, \u00f3<\/span><span style=\"font-size:14pt\"> thonn go tonn<\/span><span style=\"font-size:14pt\">,<\/span><\/p><p style=\"margin-top:0pt;padding-top:0;margin-bottom:10pt;padding-bottom:0;line-height:1.2;margin-left:72pt\"><span style=\"font-size:14pt\">D\u00fa<\/span><span style=\"font-size:14pt\">inn is <\/span><span style=\"font-size:14pt\">c\u00f3<\/span><span style=\"font-size:14pt\">ir <\/span><span style=\"font-size:14pt\">a ghl\u00f3ir a fh\u00f3<\/span><span style=\"font-size:14pt\">gairt<\/span><span style=\"font-size:14pt\">,<\/span><\/p><p style=\"margin-top:0pt;padding-top:0;margin-bottom:10pt;padding-bottom:0;line-height:1.2;margin-left:72pt\"><span style=\"font-size:14pt\">Ano<\/span><span style=\"font-size:14pt\">is is cho\u00ed<\/span><span style=\"font-size:14pt\">ch\u2019<\/span><span style=\"font-size:14pt\">,<\/span><span style=\"font-size:14pt\"> abhus  is thall<\/span><span style=\"font-size:14pt\">.<\/span><span style=\"font-size:14pt\"> <\/span><\/p><p style=\"text-align:justify;margin-top:0pt;padding-top:0;margin-bottom:10pt;padding-bottom:0;line-height:1.2;margin-left:72pt\"><span style=\"height:1em\"><span>.<\/span><\/span><\/p><p style=\"text-align:justify;margin-top:0pt;padding-top:0;margin-bottom:10pt;padding-bottom:0;line-height:1.2;margin-left:72pt\"><span style=\"font-size:14pt\">Solas na soilse dod\u2019 anam<\/span><span style=\"font-size:14pt\"> uasal<\/span><span style=\"font-size:14pt\">,<\/span><\/p><p style=\"text-align:justify;margin-top:0pt;padding-top:0;margin-bottom:10pt;padding-bottom:0;line-height:1.2;margin-left:72pt\"><span style=\"font-size:14pt\">Is \u00e1<\/span><span style=\"font-size:14pt\">it ag bord geal<\/span><span style=\"font-size:14pt\"> <\/span><span style=\"font-size:14pt\">R\u00ed na R\u00e9ad<\/span><span style=\"font-size:14pt\"> <\/span><\/p><p style=\"text-align:justify;margin-top:0pt;padding-top:0;margin-bottom:10pt;padding-bottom:0;line-height:1.2;margin-left:72pt\"><span style=\"font-size:14pt\">Go raibh agatsa inniu is <\/span><span style=\"font-size:14pt\">feasta,<\/span><\/p><p style=\"text-align:justify;margin-top:0pt;padding-top:0;margin-bottom:10pt;padding-bottom:0;line-height:1.2;margin-left:72pt\"><span style=\"font-size:14pt\">I measc na Naomh i<\/span><span style=\"font-size:14pt\"> nD\u00fan gheal D\u00e9<\/span><span style=\"font-size:14pt\">.<\/span><\/p><p style=\"text-align:justify;margin-top:0pt;padding-top:0;margin-bottom:10pt;padding-bottom:0;line-height:1.2;margin-left:72pt\"><span style=\"height:1em\"><span>.<\/span><\/span><\/p><p style=\"text-align:justify;margin-top:0pt;padding-top:0;margin-bottom:10pt;padding-bottom:0;line-height:1.2;margin-left:72pt\"><span style=\"height:1em\"><span>.<\/span><\/span><\/p><p style=\"text-align:justify;margin-top:0pt;padding-top:0;margin-bottom:10pt;padding-bottom:0;line-height:1.2;margin-left:72pt\"><span style=\"height:1em\"><span>.<\/span><\/span><\/p>","protected":false},"excerpt":{"rendered":"<p>Criost\u00f3ir \u00d3 Tuama ar l\u00e1r Peadar Bair\u00e9ad (This week we mourn the death of Criost\u00f3ir \u00d3 Tuama) Anois, b\u00edodh nach raibh aon r\u00f3-aithne agam fh\u00e9in ar Chriost\u00f3ir Uasal \u00d3 Tuama, ag an am gc\u00e9anna, samhla\u00edtear dom, go raibh aithne mhaith agam air thar bhlianta fada. Ba \u00e9 an ch\u00e9ad chaoi ar chuir m\u00e9 aithne air, [&hellip;]<\/p>\n","protected":false},"author":2,"featured_media":13435,"comment_status":"open","ping_status":"open","sticky":false,"template":"","format":"standard","meta":{"nf_dc_page":"","_et_pb_use_builder":"","_et_pb_old_content":"","_et_gb_content_width":"","footnotes":""},"categories":[1],"tags":[],"class_list":["post-12259","post","type-post","status-publish","format-standard","has-post-thumbnail","hentry","category-gan-chatagoir"],"_links":{"self":[{"href":"https:\/\/mickgb.com\/en\/wp-json\/wp\/v2\/posts\/12259","targetHints":{"allow":["GET"]}}],"collection":[{"href":"https:\/\/mickgb.com\/en\/wp-json\/wp\/v2\/posts"}],"about":[{"href":"https:\/\/mickgb.com\/en\/wp-json\/wp\/v2\/types\/post"}],"author":[{"embeddable":true,"href":"https:\/\/mickgb.com\/en\/wp-json\/wp\/v2\/users\/2"}],"replies":[{"embeddable":true,"href":"https:\/\/mickgb.com\/en\/wp-json\/wp\/v2\/comments?post=12259"}],"version-history":[{"count":1,"href":"https:\/\/mickgb.com\/en\/wp-json\/wp\/v2\/posts\/12259\/revisions"}],"predecessor-version":[{"id":12260,"href":"https:\/\/mickgb.com\/en\/wp-json\/wp\/v2\/posts\/12259\/revisions\/12260"}],"wp:featuredmedia":[{"embeddable":true,"href":"https:\/\/mickgb.com\/en\/wp-json\/wp\/v2\/media\/13435"}],"wp:attachment":[{"href":"https:\/\/mickgb.com\/en\/wp-json\/wp\/v2\/media?parent=12259"}],"wp:term":[{"taxonomy":"category","embeddable":true,"href":"https:\/\/mickgb.com\/en\/wp-json\/wp\/v2\/categories?post=12259"},{"taxonomy":"post_tag","embeddable":true,"href":"https:\/\/mickgb.com\/en\/wp-json\/wp\/v2\/tags?post=12259"}],"curies":[{"name":"wp","href":"https:\/\/api.w.org\/{rel}","templated":true}]}}