{"id":12283,"date":"2017-04-04T11:00:00","date_gmt":"2017-04-04T11:00:00","guid":{"rendered":"https:\/\/mickgb.com\/?p=12283"},"modified":"2024-04-08T01:06:20","modified_gmt":"2024-04-08T01:06:20","slug":"d_imigh-sin-is-thainig-seo","status":"publish","type":"post","link":"https:\/\/mickgb.com\/en\/d_imigh-sin-is-thainig-seo\/","title":{"rendered":"D_imigh sin is thainig seo"},"content":{"rendered":"<p style=\"text-align:center;margin-top:0pt;padding-top:0;margin-bottom:0pt;padding-bottom:0;line-height:2.4;font-weight:bold;font-size:24pt\">D\u2019imigh sin is th\u00e1inig seo<\/p><p style=\"text-align:center;margin-top:0pt;padding-top:0;margin-bottom:0pt;padding-bottom:0;line-height:2.4;font-weight:bold;font-size:24pt\"><span style=\"height:1em\"><span>.<\/span><\/span><\/p><p style=\"text-align:justify;margin-top:0pt;padding-top:0;margin-bottom:0pt;padding-bottom:0;line-height:2.4;font-weight:bold;font-size:24pt\"><span style=\"font-size:14pt\">Nuair a bhreathna\u00edm thart orm, sa l\u00e1 at\u00e1<\/span><span style=\"font-size:14pt\"> inniu ann, agus nuair a thugaim faoi deara, na hathruithe ollmh\u00f3ra uilig at\u00e1 tagtha ar an saol, \u00f3 bh\u00ed mise im\u2019 ghas\u00far agus m\u00e9 ag f\u00e1s suas in Iorras na nIontas, samhla\u00edtear dhom, gur beag duine a th\u00e1inig tr\u00ed athruithe chomh m\u00f3r sin lena linn.<\/span><\/p><p style=\"text-align:justify;margin-top:0pt;padding-top:0;margin-bottom:0pt;padding-bottom:0;line-height:2.4;font-weight:bold;font-size:24pt\"><span style=\"font-size:14pt\">\u201cTuige sin?\u201d ad\u00e9arfadh duine, b\u2019fh\u00e9idir.<\/span><\/p><p style=\"text-align:justify;margin-top:0pt;padding-top:0;margin-bottom:0pt;padding-bottom:0;line-height:2.4;font-weight:bold;font-size:24pt\"><span style=\"font-size:14pt\">Toisc go raibh an saol as ar f\u00e1isceadh mise gar go maith do shaol na me\u00e1naoiseanna, agus ar an \u00e1bhar sin, bh\u00ed turas na gc\u00e9adta bliain le taisteal agamsa, le bogadh isteach i ndomhan iontach, dra\u00edochta, na r\u00e9 seo ina mairimid anois.<\/span><\/p><p style=\"text-align:justify;margin-top:0pt;padding-top:0;margin-bottom:0pt;padding-bottom:0;line-height:2.4;font-weight:bold;font-size:24pt\"><span style=\"font-size:14pt\">\u201cB\u2019fh\u00e9idir gur mhaith leat spl\u00e9achadh a thabhairt d\u00fainn ar an gcine\u00e1l saoil a bh\u00ed i dtreis, tr\u00e1th raibh t\u00fa id\u2019 bhun\u00f3c, tarraingt ar cheithre sc\u00f3r bliain \u00f3 shoin anois?\u201d<\/span><\/p><p style=\"text-align:justify;margin-top:0pt;padding-top:0;margin-bottom:0pt;padding-bottom:0;line-height:2.4;font-weight:bold;font-size:24pt\"><span style=\"font-size:14pt\">N\u00ed raibh m\u00e9 ach ag fanacht le gaoth an fhocail! n\u00f3, mar is eol do ch\u00e1ch, is bre\u00e1 go deo le mo leith\u00e9idse bheith ag insint, agus ag snas\u00fa sc\u00e9alta a \u00f3ige. <\/span><\/p><p style=\"text-align:center;margin-top:0pt;padding-top:0;margin-bottom:0pt;padding-bottom:0;line-height:2.4;font-weight:bold;font-size:24pt\"><span style=\"font-size:18pt\">Saol eile ar fad<\/span><\/p><p style=\"text-align:justify;margin-top:0pt;padding-top:0;margin-bottom:0pt;padding-bottom:0;line-height:2.4;font-weight:bold;font-size:24pt\"><span style=\"font-size:14pt\">Saol difri\u00fail ar fad a bh\u00ed ann an tr\u00e1th sin, agus t\u00e1 s\u00e9 beagnach dodh\u00e9anta compar\u00e1id ar bith a dh\u00e9anamh idir an d\u00e1 shaol sin, n\u00f3 bh\u00ed saontacht, simpl\u00edocht, agus soineanntacht, ag baint le pobal na r\u00e9 sin. Bh\u00ed siad bocht, \u00f3 thaobh gustail de, i gcompar\u00e1id le pobal an lae inniu, ach \u00f3 tharla go raibh chuile dhuine <\/span><span style=\"font-size:14pt\">chomh bocht lena ch\u00e9ile, n\u00edor thug \u00e9inne a bhochtaineacht fh\u00e9in faoi deara! Ba bheag a bh\u00ed uathu le blas a chur ar ch\u00farsa\u00ed a saoil. Braoin\u00edn tae, gr\u00e1inn\u00edn si\u00faicre, agus ruainn\u00edn tobac! agus d\u2019fh\u00e9adfaid\u00eds iad si\u00fad a cheannach le toradh na feirme; sic\u00edn\u00ed, uibheacha, n\u00f3 p\u00e1rd\u00f3g pr\u00e1ta\u00ed; agus gan le d\u00e9anamh acu ach a leith\u00e9id a dh\u00edol le fear an tsiopa, n\u00f3 ar sr\u00e1id an mhargaidh sa mbaile m\u00f3r. N\u00ed raibh innealra le cabhr\u00fa leo amuigh sna goirt ach ag an gcorrdhuine, agus m\u00e1 bh\u00ed scl\u00e1bha\u00edocht le d\u00e9anamh, dh\u00e9anaid\u00eds fh\u00e9<\/span><span style=\"font-size:14pt\">in \u00e9, leis an sp\u00e1d, leis an speal, leis an sle\u00e1n, n\u00f3 leis an sluasaid. N\u00ed call dom a r\u00e1, go mb\u00edodh asail acu, agus capall, fi\u00fa, ag an gcorr dhuine, agus bhainf\u00ed \u00fas\u00e1id as na cr\u00e9at\u00fair ch\u00e9anna sin, le m\u00f3in agus f\u00e9ar a tharraingt chun na hiothlainne, agus le treabhadh n\u00f3 fuirse a dh\u00e9anamh, agus ar deireadh thiar, n\u00e1rbh \u00e9 an capall a tharraing\u00edodh na c\u00f3nra\u00ed ar chairt chun na reilge d\u00f3ibh. <\/span><\/p><p style=\"text-align:center;margin-top:0pt;padding-top:0;margin-bottom:0pt;padding-bottom:0;line-height:2.4;font-weight:bold;font-size:24pt\"><span style=\"font-size:18pt\">Leas Farraige<\/span><\/p><p style=\"text-align:justify;margin-top:0pt;padding-top:0;margin-bottom:0pt;padding-bottom:0;line-height:2.4;font-weight:bold;font-size:24pt\"><span style=\"font-size:14pt\">\u00d3 tharla go raibh c\u00f3na\u00ed ormsa in aice na farraige, bh\u00ed dl\u00fath-bhaint againne leis an bhfarraige ch\u00e9anna sin. Bhaint\u00ed leas ar na carraigreacha cois tr\u00e1, le linn rabharta\u00ed m\u00f3ra an Earraigh, sea, agus uaireannta, thagadh an leas farraige c\u00e9anna sin isteach le tonn, agus n\u00ed bh\u00edodh le d\u00e9anamh ag daoine ansin, ach dul agus \u00e9 a tharl\u00fa leo abhaile, le cur ar phr\u00e1ta\u00ed, n\u00f3 ar mh\u00f3in\u00e9ir, agus ba dheacair an leas farraige c\u00e9anna sin a bhualadh sa chr\u00e9 ghainmheach, a bh\u00ed coitianta sa d\u00faiche  s\u2019againne. Tr\u00e1th eile, dh\u00e9anfa<\/span><span style=\"font-size:14pt\">\u00ed faoch\u00f3ga, b\u00e1irneacha, cluis\u00edn\u00ed agus a leith\u00e9id a phiocadh cois tr\u00e1, len iad a dh\u00edol, sea, agus sleabhac agus carraig\u00edn <\/span><span style=\"font-size:14pt\">mar a gc\u00e9anna, n\u00f3 b\u2019fheamainn inite iad na hearra\u00ed sin, a raibh an-ghlaoch orthu sna bailte m\u00f3ra timpeall, ag an am. <\/span><\/p><p style=\"text-align:center;margin-top:0pt;padding-top:0;margin-bottom:0pt;padding-bottom:0;line-height:2.4;font-weight:bold;font-size:24pt\"><span style=\"font-size:18pt\">Ceilp freisin!<\/span><\/p><p style=\"text-align:justify;margin-top:0pt;padding-top:0;margin-bottom:0pt;padding-bottom:0;line-height:2.4;font-weight:bold;font-size:24pt\"><span style=\"font-size:14pt\">Sea, agus c\u00e1 bhf\u00e1gfainn an cheilp? N\u00f3 san Earrach, nuair a chait\u00ed slata mara agus agus leathach, ina bpoirt, isteach ar na tr\u00e1nna sa timpeall, thagadh daoine, leis na hearra\u00ed sin a chur ar bruach, agus a chur in airde ar fhalla\u00ed \u00edsle, a th\u00f3gadh siad in aice na duirlinge, len iad a thriom\u00fa, agus ar ball ansin, i dt\u00fas an tSamhraidh, dh\u00e9anaid\u00eds na hearra\u00ed c\u00e9anna sin a dh\u00f3 ansin os cionn na mara m\u00f3ire. Nach againne, gas\u00fair, a bh\u00edodh an sp\u00f3rt agus an spraoi ansin, agus muid ag tabhairt l\u00f3in chuig na daideanna a<\/span><span style=\"font-size:14pt\"> bh\u00edodh ansin, i mbun na dtinte, agus muidinne ag rith tr\u00edd na m\u00fartha toite agus deataigh, mar thaitn\u00edodh an boladh iontach sl\u00e1inti\u00fail a thagadh \u00f3 na tinte c\u00e9anna sin thar barr linne. Ach n\u00ed ar mhaithe le sp\u00f3rt n\u00f3 spraoi a chur ar f\u00e1il d\u00fainne a dh\u00e9anta\u00ed an cheilp sin a dh\u00f3, n\u00edorbh ea muis! ach lena dh\u00edol leis na Francaigh, a thagadh go hIorras, chuile bhliain, leis an earra sin a cheannach, n\u00f3 bh\u00ed an-ghlaoch air thall, le h\u00edoda\u00edn a dh\u00e9anamh as.  <\/span><\/p><p style=\"text-align:center;margin-top:0pt;padding-top:0;margin-bottom:0pt;padding-bottom:0;line-height:2.4;font-weight:bold;font-size:24pt\"><span style=\"font-size:18pt\">Tithe agus eile<\/span><\/p><p style=\"text-align:justify;margin-top:0pt;padding-top:0;margin-bottom:0pt;padding-bottom:0;line-height:2.4;font-weight:bold;font-size:24pt\"><span style=\"font-size:14pt\">Sea, agus c\u00e9ard faoi na tithe a bh\u00ed ag daoine an tr\u00e1th \u00fad, in Iorras thiar?<\/span><\/p><p style=\"text-align:justify;margin-top:0pt;padding-top:0;margin-bottom:0pt;padding-bottom:0;line-height:2.4;font-weight:bold;font-size:24pt\"><span style=\"font-size:14pt\">Tithe ceann tu\u00ed, den chuid ba mh\u00f3, a bh\u00ed in \u00fas\u00e1id i measc phobal Iorrais, na laethe \u00fad, agus n\u00ed call dom a r\u00e1, n\u00e1r thithe r\u00f3-mh\u00f3ra, n\u00f3 r\u00f3-ghal\u00e1nta, a bh\u00ed iontu. Bh\u00ed iontu, seomra ollmh\u00f3r, a d\u2019fheidhm\u00edodh mar sheomra su\u00ed, mar sheomra bia, <\/span><span style=\"font-size:14pt\">mar ph\u00e1rl\u00fas, agus mar chistin ag an am gc\u00e9anna, agus chomh maith le sin, bh\u00edodh seomra codlata n\u00f3 dh\u00f3 iontu freisin. De ghn\u00e1th, chodla\u00edodh na tuismitheoir\u00ed i gcailleach sh\u00fag\u00e1in sa chistin, c\u00f3ngarach don tine. Aoldaite ar an dtaobh amuigh agus ar an dtaobh istigh a bh\u00edd\u00eds, agus de ghn\u00e1th, n\u00ed bh\u00edodh iontu ach fuinneoga an-bheaga, agus d\u2019dh\u00e9adf\u00e1 a r\u00e1, gurbh \u00e9 c\u00f3ras na dtiarna\u00ed talaimh a d\u2019fh\u00e1g tithe d\u00e1 leith\u00e9id ag pobal Iorrais an tr\u00e1th sin. <\/span><\/p><p style=\"text-align:justify;margin-top:0pt;padding-top:0;margin-bottom:0pt;padding-bottom:0;line-height:2.4;font-weight:bold;font-size:24pt\"><span style=\"font-size:14pt\">B\u2019fh\u00e9idir go dtugann sin spl\u00e9achadh eic\u00ednt d\u00fainn ar an gcine\u00e1l saoil<\/span><span style=\"font-size:14pt\"> a bh\u00ed sa treis, an tr\u00e1th \u00fad, agus nuair a bhreathna\u00edm ar shaol an lae inniu, feictear dom go mba iontach iad na hathruithe at\u00e1 tagtha ar an saol, le mo linnse, agus n\u00ed chuireann c\u00fal\u00fa eacnama\u00edochta an lae inniu as dom in aon chor, n\u00f3 is m\u00f3r an dul chun cinn at\u00e1 d\u00e9anta ag an dt\u00edr\u00edn s\u2019againne \u00f3 bh\u00ed mise i mo ghas\u00far, agus gan dabht ar domhan, \u00e9ireoidh linn teacht i dt\u00edr ar\u00eds, i ndiaidh d\u00fainn na ndeacrachta\u00ed seo uilig a chlo\u00ed.   <\/span><\/p><p style=\"text-align:justify;margin-top:0pt;padding-top:0;margin-bottom:0pt;padding-bottom:0;line-height:2.4;font-weight:bold;font-size:24pt\"><span style=\"height:1em\"><span>.<\/span><\/span><\/p><p style=\"text-align:justify;margin-top:0pt;padding-top:0;margin-bottom:0pt;padding-bottom:0;line-height:2.4;font-weight:bold;font-size:24pt\"><span style=\"height:1em\"><span>.<\/span><\/span><\/p><p style=\"text-align:justify;margin-top:0pt;padding-top:0;margin-bottom:0pt;padding-bottom:0;line-height:2.4;font-weight:bold;font-size:24pt\"><span style=\"font-size:14pt\">Peadar Bair\u00e9ad<\/span><\/p><p style=\"text-align:center;margin-top:0pt;padding-top:0;margin-bottom:0pt;padding-bottom:0;line-height:2.4\"><span style=\"height:1em\"><span>.<\/span><\/span><\/p>","protected":false},"excerpt":{"rendered":"<p>D\u2019imigh sin is th\u00e1inig seo . Nuair a bhreathna\u00edm thart orm, sa l\u00e1 at\u00e1 inniu ann, agus nuair a thugaim faoi deara, na hathruithe ollmh\u00f3ra uilig at\u00e1 tagtha ar an saol, \u00f3 bh\u00ed mise im\u2019 ghas\u00far agus m\u00e9 ag f\u00e1s suas in Iorras na nIontas, samhla\u00edtear dhom, gur beag duine a th\u00e1inig tr\u00ed athruithe chomh [&hellip;]<\/p>\n","protected":false},"author":2,"featured_media":13435,"comment_status":"open","ping_status":"open","sticky":false,"template":"","format":"standard","meta":{"nf_dc_page":"","_et_pb_use_builder":"","_et_pb_old_content":"","_et_gb_content_width":"","footnotes":""},"categories":[1],"tags":[],"class_list":["post-12283","post","type-post","status-publish","format-standard","has-post-thumbnail","hentry","category-gan-chatagoir"],"_links":{"self":[{"href":"https:\/\/mickgb.com\/en\/wp-json\/wp\/v2\/posts\/12283","targetHints":{"allow":["GET"]}}],"collection":[{"href":"https:\/\/mickgb.com\/en\/wp-json\/wp\/v2\/posts"}],"about":[{"href":"https:\/\/mickgb.com\/en\/wp-json\/wp\/v2\/types\/post"}],"author":[{"embeddable":true,"href":"https:\/\/mickgb.com\/en\/wp-json\/wp\/v2\/users\/2"}],"replies":[{"embeddable":true,"href":"https:\/\/mickgb.com\/en\/wp-json\/wp\/v2\/comments?post=12283"}],"version-history":[{"count":1,"href":"https:\/\/mickgb.com\/en\/wp-json\/wp\/v2\/posts\/12283\/revisions"}],"predecessor-version":[{"id":12284,"href":"https:\/\/mickgb.com\/en\/wp-json\/wp\/v2\/posts\/12283\/revisions\/12284"}],"wp:featuredmedia":[{"embeddable":true,"href":"https:\/\/mickgb.com\/en\/wp-json\/wp\/v2\/media\/13435"}],"wp:attachment":[{"href":"https:\/\/mickgb.com\/en\/wp-json\/wp\/v2\/media?parent=12283"}],"wp:term":[{"taxonomy":"category","embeddable":true,"href":"https:\/\/mickgb.com\/en\/wp-json\/wp\/v2\/categories?post=12283"},{"taxonomy":"post_tag","embeddable":true,"href":"https:\/\/mickgb.com\/en\/wp-json\/wp\/v2\/tags?post=12283"}],"curies":[{"name":"wp","href":"https:\/\/api.w.org\/{rel}","templated":true}]}}