{"id":12289,"date":"2017-04-04T11:00:00","date_gmt":"2017-04-04T11:00:00","guid":{"rendered":"https:\/\/mickgb.com\/?p=12289"},"modified":"2024-04-08T01:06:20","modified_gmt":"2024-04-08T01:06:20","slug":"da-mbeinnse-im-sheasamh-i-gceartlar-mo-dhaoine-2","status":"publish","type":"post","link":"https:\/\/mickgb.com\/en\/da-mbeinnse-im-sheasamh-i-gceartlar-mo-dhaoine-2\/","title":{"rendered":"D\u00e1 mbeinnse im sheasamh i gceartlar mo dhaoine 2"},"content":{"rendered":"<h2 style=\"text-align:center;margin-top:10pt;padding-top:0;margin-bottom:0pt;padding-bottom:0;line-height:1.38;font-weight:bold;color:#4F81BD;font-size:13pt;margin-left:72pt\"><span style=\"color:#000000;font-size:28pt\">\u2018D\u00e1 mbeinnse \u2018mo sheasamh i gceartl\u00e1r mo dhaoine<\/span><span style=\"color:#000000;font-size:28pt\">\u2019&#8230;&#8230;<\/span><span style=\"color:#000000;font-size:28pt\">2<\/span><\/h2><p style=\"text-align:center;margin-top:0pt;padding-top:0;margin-bottom:10pt;padding-bottom:0;line-height:1.38\"><span style=\"height:1em\"><span>.<\/span><\/span><\/p><p style=\"text-align:center;margin-top:0pt;padding-top:0;margin-bottom:10pt;padding-bottom:0;line-height:1.38\"><strong><span style=\"color:#000000;font-size:20pt\">(Cuairt ar Lissadell)<\/span><\/strong><\/p><p style=\"margin-top:0pt;padding-top:0;margin-bottom:10pt;padding-bottom:0;line-height:1.38\"><span style=\"font-size:14pt\">Peadar Bair\u00e9ad<\/span><\/p><p style=\"text-align:center;margin-top:0pt;padding-top:0;margin-bottom:10pt;padding-bottom:0;line-height:1.38\"><span style=\"height:1em\"><span>.<\/span><\/span><\/p><p style=\"text-align:center;margin-top:0pt;padding-top:0;margin-bottom:10pt;padding-bottom:0;line-height:1.38\"><strong><span style=\"font-size:20pt\">Fuinneoga m\u00f3ra<\/span><span style=\"font-size:20pt\"> ag breathn\u00fa \u00f3 dheas<\/span><span style=\"font-size:20pt\">,<\/span><\/strong><\/p><p style=\"text-align:justify;margin-top:0pt;padding-top:0;margin-bottom:10pt;padding-bottom:0;line-height:1.38\"><span style=\"font-size:14pt\">Bh\u00edomar in\u00e1r su\u00ed go bre\u00e1 luath ar an D\u00e9<\/span><span style=\"font-size:14pt\">ardaoin<\/span><span style=\"font-size:14pt\">, an 6\u00fa l\u00e1 d\u2019I\u00fa<\/span><span style=\"font-size:14pt\">il, 2017<\/span><span style=\"font-size:14pt\">, agus nuair a bh\u00edomar r\u00e9<\/span><span style=\"font-size:14pt\">idh chuige<\/span><span style=\"font-size:14pt\">,<\/span><span style=\"font-size:14pt\"> thugamar aghaidh ar Phroinnteach an Ballina<\/span><span style=\"font-size:14pt\"> Manor Hotel le br<\/span><span style=\"font-size:14pt\">icfeasta gal\u00e1nta a chaitheamh ansin ar \u00e1<\/span><span style=\"font-size:14pt\">r su<\/span><span style=\"font-size:14pt\">aimhneas. N\u00ed bhacfaidh m\u00e9<\/span><span style=\"font-size:14pt\"> le liosta de<\/span><span style=\"font-size:14pt\"> na deasa deasa a chaitheamar d\u00e1<\/span><span style=\"font-size:14pt\">r <\/span><span style=\"font-size:14pt\">mbricfeasta ansin, ach leor a r\u00e1, gur \u00e9<\/span><span style=\"font-size:14pt\">irigh linn an ruaig a chur ar ocras agus ar thart<\/span><span style=\"font-size:14pt\">, ar an \u00f3c\u00e1<\/span><span style=\"font-size:14pt\">id<\/span><span style=\"font-size:14pt\">, agus tar \u00e9is d\u00fainn sinn f\u00e9in a fh\u00e1il r\u00e9idh le seal a chaitheamh ag f\u00e1maireacht sa d\u00fathaigh stairi\u00fa<\/span><span style=\"font-size:14pt\">il sin<\/span><span style=\"font-size:14pt\">, d\u2019arda\u00edomar ar seolta&#8230;<\/span><span style=\"font-size:14pt\">. <\/span><\/p><p style=\"text-align:justify;margin-top:0pt;padding-top:0;margin-bottom:10pt;padding-bottom:0;line-height:1.38\"><span style=\"font-size:14pt\">C\u00e1 ndeachaigh muid ag f\u00e1<\/span><span style=\"font-size:14pt\">maireacht, an ea?<\/span><\/p><p style=\"text-align:justify;margin-top:0pt;padding-top:0;margin-bottom:10pt;padding-bottom:0;line-height:1.38\"><span style=\"font-size:14pt\">Bhuel! b\u2019fhada an l\u00e1 muid ag \u00e9isteacht le sc\u00e9alta faoi\u2019n Teach M\u00f3r \u00fad<\/span><span style=\"font-size:14pt\"> i gContae Shligigh, <\/span><span style=\"font-size:14pt\">\u201c<\/span><span style=\"font-size:14pt\">Lissadell<\/span><span style=\"font-size:14pt\">\u201d<\/span><span style=\"font-size:14pt\">.<\/span><span style=\"font-size:14pt\"> <\/span><\/p><p style=\"text-align:justify;margin-top:0pt;padding-top:0;margin-bottom:10pt;padding-bottom:0;line-height:1.38;margin-left:108pt\"><span style=\"font-size:14pt\">Solas an tr\u00e1thn\u00f3<\/span><span style=\"font-size:14pt\">na i Lissadell.<\/span><\/p><p style=\"text-align:justify;margin-top:0pt;padding-top:0;margin-bottom:10pt;padding-bottom:0;line-height:1.38;margin-left:108pt\"><span style=\"font-size:14pt\">Fuinneoga m\u00f3ra ag breathn\u00fa \u00f3<\/span><span style=\"font-size:14pt\"> dheas<\/span><\/p><p style=\"text-align:justify;margin-top:0pt;padding-top:0;margin-bottom:10pt;padding-bottom:0;line-height:1.38;margin-left:108pt\"><span style=\"font-size:14pt\">Ar \u00e1illeacht t\u00edre is tr\u00e1<\/span><span style=\"font-size:14pt\">.<\/span><\/p><p style=\"text-align:justify;margin-top:0pt;padding-top:0;margin-bottom:10pt;padding-bottom:0;line-height:1.38;margin-left:108pt\"><span style=\"font-size:14pt\">Beirt bhan gl\u00e9asta go gl\u00e9<\/span><span style=\"font-size:14pt\">geal,<\/span><\/p><p style=\"text-align:justify;margin-top:0pt;padding-top:0;margin-bottom:10pt;padding-bottom:0;line-height:1.38;margin-left:108pt\"><span style=\"font-size:14pt\">Iad araon<\/span><span style=\"font-size:14pt\"> \u00e1<\/span><span style=\"font-size:14pt\">lainn, <\/span><\/p><p style=\"text-align:justify;margin-top:0pt;padding-top:0;margin-bottom:10pt;padding-bottom:0;line-height:1.38;margin-left:108pt\"><span style=\"font-size:14pt\">ach duine acu ina Gazelle.<\/span><\/p><p style=\"text-align:justify;margin-top:0pt;padding-top:0;margin-bottom:10pt;padding-bottom:0;line-height:1.38\"><span style=\"font-size:14pt\">agus \u00f3 tharla<\/span><span style=\"font-size:14pt\"> anois,<\/span><span style=\"font-size:14pt\"> go raibh s\u00e9<\/span><span style=\"font-size:14pt\"> gar go leor<\/span><span style=\"font-size:14pt\"> <\/span><span style=\"font-size:14pt\">d\u00fa<\/span><span style=\"font-size:14pt\">inn<\/span><span style=\"font-size:14pt\">, <\/span><span style=\"font-size:14pt\">shocra\u00ed<\/span><span style=\"font-size:14pt\">omar ar chuairt a thabhairt a<\/span><span style=\"font-size:14pt\">ir. N\u00ed g\u00e1 a r\u00e1<\/span><span style=\"font-size:14pt\"> go raibh<\/span><span style=\"font-size:14pt\"> na l\u00ednte \u00fa<\/span><span style=\"font-size:14pt\">d<\/span><span style=\"font-size:14pt\"> as d\u00e1<\/span><span style=\"font-size:14pt\">n an Yeatsaigh <\/span><span style=\"font-size:14pt\">de ghlanmhe<\/span><span style=\"font-size:14pt\">abhair<\/span><span style=\"font-size:14pt\"> againn<\/span><span style=\"font-size:14pt\">&#8230;<\/span><\/p><p style=\"text-align:justify;margin-top:0pt;padding-top:0;margin-bottom:10pt;padding-bottom:0;line-height:1.38;margin-left:108pt\"><span style=\"font-size:14pt\">\u201c<\/span><span style=\"font-size:14pt\">The light of evening, Lissadell,<\/span><\/p><p style=\"text-align:justify;margin-top:0pt;padding-top:0;margin-bottom:10pt;padding-bottom:0;line-height:1.38;margin-left:108pt\"><span style=\"font-size:14pt\">Great windows open to the south,<\/span><\/p><p style=\"text-align:justify;margin-top:0pt;padding-top:0;margin-bottom:10pt;padding-bottom:0;line-height:1.38;margin-left:108pt\"><span style=\"font-size:14pt\">Two girls in silk kimonos, both<\/span><\/p><p style=\"text-align:justify;margin-top:0pt;padding-top:0;margin-bottom:10pt;padding-bottom:0;line-height:1.38;margin-left:108pt\"><span style=\"font-size:14pt\">beautiful, one a gazelle.<\/span><span style=\"font-size:14pt\">\u201d<\/span><\/p><p style=\"text-align:center;margin-top:0pt;padding-top:0;margin-bottom:10pt;padding-bottom:0;line-height:1.38\"><strong><span style=\"font-size:20pt\">Ar Lissadell a tharraing m\u00e9 an sc\u00e9al<\/span><\/strong><\/p><p style=\"text-align:justify;margin-top:0pt;padding-top:0;margin-bottom:10pt;padding-bottom:0;line-height:1.38\"><span style=\"font-size:14pt\">Agus b\u00ed<\/span><span style=\"font-size:14pt\">odh gur bhaineamar taitneamh <\/span><span style=\"font-size:14pt\">n\u00e1<\/span><span style=\"font-size:14pt\">r bheag, <\/span><span style=\"font-size:14pt\">as an aistear chuige, agus<\/span><span style=\"font-size:14pt\"> as an<\/span><span style=\"font-size:14pt\"> radharc neamha\u00ed, a bh\u00ed le f\u00e1<\/span><span style=\"font-size:14pt\">il againn ar shliabh<\/span><span style=\"font-size:14pt\">,<\/span><span style=\"font-size:14pt\"> is<\/span><span style=\"font-size:14pt\"> ar ghleann, ar mhuir is ar thr\u00e1, ar bhailte is ar thuath, n\u00edl f\u00fa<\/span><span style=\"font-size:14pt\">m ta<\/span><span style=\"font-size:14pt\">da a r\u00e1 f\u00fa<\/span><span style=\"font-size:14pt\">thu<\/span><span style=\"font-size:14pt\"> sin,<\/span><span style=\"font-size:14pt\"> an babhta seo<\/span><span style=\"font-size:14pt\">,<\/span><span style=\"font-size:14pt\"> n\u00f3 n\u00ed orthu a tharraing m\u00e9<\/span><span style=\"font-size:14pt\"> <\/span><span style=\"font-size:14pt\">an sc\u00e9<\/span><span style=\"font-size:14pt\">al<\/span><span style=\"font-size:14pt\">, ach ar an Teach M\u00f3<\/span><span style=\"font-size:14pt\">r \u00fad,<\/span><span style=\"font-size:14pt\"> Lissadell<\/span><span style=\"font-size:14pt\">,<\/span><span style=\"font-size:14pt\"> a sheas go r\u00ed<\/span><span style=\"font-size:14pt\">oga ansin<\/span><span style=\"font-size:14pt\">,<\/span><span style=\"font-size:14pt\"> ar <\/span><span style=\"font-size:14pt\">thalamh ard os cionn na mara, agus mar<\/span><span style=\"font-size:14pt\"> sin, gan a thuilleadh moille<\/span><span style=\"font-size:14pt\">,<\/span><span style=\"font-size:14pt\"> <\/span><span style=\"font-size:14pt\">bh\u00ed<\/span><span style=\"font-size:14pt\">omar<\/span><span style=\"font-size:14pt\"> ar \u00e1r sl\u00ed<\/span><span style=\"font-size:14pt\"> isteach sa<\/span><span style=\"font-size:14pt\"> Teach M\u00f3r R\u00ed<\/span><span style=\"font-size:14pt\">oga sin, Lissadell.<\/span><span style=\"font-size:14pt\"> <\/span><\/p><p style=\"text-align:justify;margin-top:0pt;padding-top:0;margin-bottom:10pt;padding-bottom:0;line-height:1.38\"><span style=\"font-size:14pt\">Ba \u00e9 Sir Robert Gore-Booth a th\u00f3<\/span><span style=\"font-size:14pt\">g an Teach sin<\/span><span style=\"font-size:14pt\">,<\/span><span style=\"font-size:14pt\"> sa bhliain 1833<\/span><span style=\"font-size:14pt\">. Bh\u00ed spar\u00e1n teann ag an bhfear c\u00e9<\/span><span style=\"font-size:14pt\">anna sin<\/span><span style=\"font-size:14pt\">, ag an am, agus is d\u00f3<\/span><span style=\"font-size:14pt\">cha gur t<\/span><span style=\"font-size:14pt\">heastaigh uaidh sin a chur in i\u00fa<\/span><span style=\"font-size:14pt\">l<\/span><span style=\"font-size:14pt\">,<\/span><span style=\"font-size:14pt\"> tr\u00ed mh\u00e9<\/span><span style=\"font-size:14pt\">id<\/span><span style=\"font-size:14pt\">, agus tr\u00ed shu\u00ed<\/span><span style=\"font-size:14pt\">omh a Thigh<\/span><span style=\"font-size:14pt\">.  Bhain garchlann Sir Robert c\u00e1<\/span><span style=\"font-size:14pt\">il <\/span><span style=\"font-size:14pt\">agus cl\u00fa amach d\u00f3<\/span><span style=\"font-size:14pt\">i<\/span><span style=\"font-size:14pt\">bh fh\u00e9<\/span><span style=\"font-size:14pt\">in<\/span><span style=\"font-size:14pt\">, ar ball. T\u00e1<\/span><span style=\"font-size:14pt\">\u2019s ag chuile dhuine faoi<\/span><span style=\"font-size:14pt\">,<\/span><span style=\"font-size:14pt\"> Constance, Countess Markievicz<\/span><span style=\"font-size:14pt\">, agus an ch\u00e1il a bhain sise amach di fh\u00e9<\/span><span style=\"font-size:14pt\">in i stair c<\/span><span style=\"font-size:14pt\">horraithe a t\u00ed<\/span><span style=\"font-size:14pt\">re<\/span><span style=\"font-size:14pt\">, ina l\u00e1. Bh\u00ed garin\u00ed<\/span><span style=\"font-size:14pt\">on eile aige <\/span><span style=\"font-size:14pt\">freisin, Eva, agus bhain sise c\u00e1il amach di fh\u00e9in mar fhile, mar sh\u00edoch\u00e1na\u00ed<\/span><span style=\"font-size:14pt\"> agus mar shuf<\/span><span style=\"font-size:14pt\">rag\u00f3<\/span><span style=\"font-size:14pt\">ir<\/span><span style=\"font-size:14pt\">. Bhain a gharmhac<\/span><span style=\"font-size:14pt\">, Sir Josslyn Gore-Booth,<\/span><span style=\"font-size:14pt\"> c\u00e1il amach d\u00f3 fh\u00e9<\/span><span style=\"font-size:14pt\">in<\/span><span style=\"font-size:14pt\">,<\/span><span style=\"font-size:14pt\"> freisin<\/span><span style=\"font-size:14pt\">, mar gharn\u00f3<\/span><span style=\"font-size:14pt\">ir<\/span><span style=\"font-size:14pt\">.<\/span><\/p><p style=\"text-align:justify;margin-top:0pt;padding-top:0;margin-bottom:10pt;padding-bottom:0;line-height:1.38\"><span style=\"font-size:14pt\">Ach faoi\u2019<\/span><span style=\"font-size:14pt\">n am<\/span><span style=\"font-size:14pt\"> seo<\/span><span style=\"font-size:14pt\">, t\u00e1<\/span><span style=\"font-size:14pt\"> muid bailithe sa <\/span><span style=\"font-size:14pt\">\u2018<\/span><span style=\"font-size:14pt\">porte-cochere<\/span><span style=\"font-size:14pt\">\u2019<\/span><span style=\"font-size:14pt\"> agus muid ag fana<\/span><span style=\"font-size:14pt\">cht ar \u00e1<\/span><span style=\"font-size:14pt\">r <\/span><span style=\"font-size:14pt\">dtreora\u00ed, le sinn a sti\u00faradh timpeall an T\u00ed Mh\u00f3ir seo, Lissadell. Seo an \u00e1it a dtagadh na c\u00f3ist\u00ed fad\u00f3,<\/span><span style=\"font-size:14pt\"> le deis a thabhairt do na m<\/span><span style=\"font-size:14pt\">aithe m\u00f3ra f\u00e1<\/span><span style=\"font-size:14pt\">il isteach<\/span><span style=\"font-size:14pt\">, gan bhaol \u00f3 ghaoth n\u00f3 \u00f3<\/span><span style=\"font-size:14pt\"> fhearthainn. Ar ball<\/span><span style=\"font-size:14pt\">, th\u00e1inig fear bre\u00e1, \u00f3<\/span><span style=\"font-size:14pt\">g<\/span><span style=\"font-size:14pt\">,<\/span><span style=\"font-size:14pt\"> chugainn<\/span><span style=\"font-size:14pt\">,<\/span><span style=\"font-size:14pt\"> agus d\u2019<\/span><span style=\"font-size:14pt\">i<\/span><span style=\"font-size:14pt\">arr orainn \u00e9<\/span><span style=\"font-size:14pt\"> a leanacht isteach. Rinneamar rud air, agus isteach linn i dtosach<\/span><span style=\"font-size:14pt\"> sa Halla m\u00f3<\/span><span style=\"font-size:14pt\">r<\/span><span style=\"font-size:14pt\">, orn\u00e1ideach, \u00e9<\/span><span style=\"font-size:14pt\"> ard, maorga<\/span><span style=\"font-size:14pt\">, is ag cur thar maoil le trosc\u00e1n \u00e1<\/span><span style=\"font-size:14pt\">lainn<\/span><span style=\"font-size:14pt\">, \u00e1<\/span><span style=\"font-size:14pt\">rsa<\/span><span style=\"font-size:14pt\">, agus le picti\u00fa<\/span><span style=\"font-size:14pt\">ir <\/span><span style=\"font-size:14pt\">mh\u00f3<\/span><span style=\"font-size:14pt\">ra<\/span><span style=\"font-size:14pt\">,<\/span><span style=\"font-size:14pt\"> <\/span><span style=\"font-size:14pt\">suntasacha,<\/span><span style=\"font-size:14pt\"> eala\u00ed<\/span><span style=\"font-size:14pt\">onta<\/span><span style=\"font-size:14pt\">,<\/span><span style=\"font-size:14pt\"> crochta ar na <\/span><span style=\"font-size:14pt\">falla\u00ed<\/span><span style=\"font-size:14pt\">.<\/span><span style=\"font-size:14pt\"> Labhair an treorai linn go bre\u00e1<\/span><span style=\"font-size:14pt\"> <\/span><span style=\"font-size:14pt\">soil\u00e9<\/span><span style=\"font-size:14pt\">ir<\/span><span style=\"font-size:14pt\">,<\/span><span style=\"font-size:14pt\"> <\/span><span style=\"font-size:14pt\">faoi chuile s<\/span><span style=\"font-size:14pt\">h\u00f3<\/span><span style=\"font-size:14pt\">rt <\/span><span style=\"font-size:14pt\">a bh\u00ed<\/span><span style=\"font-size:14pt\"> leagtha ama<\/span><span style=\"font-size:14pt\">ch ansin os \u00e1<\/span><span style=\"font-size:14pt\">r gcomhair. Leanamar linn ansin<\/span><span style=\"font-size:14pt\"> ar \u00e1r dturas tr\u00ed<\/span><span style=\"font-size:14pt\"> <\/span><span style=\"font-size:14pt\">na sheomra\u00ed a bh\u00ed suite ar an <\/span><span style=\"font-size:14pt\">url\u00e1r tal\u00fa<\/span><span style=\"font-size:14pt\">n. Chuaigh an Bialann i gcionn go <\/span><span style=\"font-size:14pt\">m\u00f3<\/span><span style=\"font-size:14pt\">r orainn<\/span><span style=\"font-size:14pt\">, tr\u00ed \u00e1<\/span><span style=\"font-size:14pt\">illeacht<\/span><span style=\"font-size:14pt\">, agus tr\u00ed<\/span><span style=\"font-size:14pt\"> fheabhas a leagan amach<\/span><span style=\"font-size:14pt\">, agus tr\u00ed fhoirfeacht a cuid trosc\u00e1<\/span><span style=\"font-size:14pt\">in. <\/span><\/p><p style=\"text-align:justify;margin-top:0pt;padding-top:0;margin-bottom:10pt;padding-bottom:0;line-height:1.38\"><span style=\"height:1em\"><span>.<\/span><\/span><\/p><p style=\"text-align:center;margin-top:0pt;padding-top:0;margin-bottom:10pt;padding-bottom:0;line-height:1.38\"><strong><span style=\"font-size:20pt\">Th\u00edos Staighre<\/span><\/strong><\/p><p style=\"text-align:justify;margin-top:0pt;padding-top:0;margin-bottom:10pt;padding-bottom:0;line-height:1.38\"><span style=\"font-size:14pt\">SIos linn ansin go dt\u00ed an <\/span><span style=\"font-size:14pt\">chistin agus tr\u00ed<\/span><span style=\"font-size:14pt\"> bhialann an lucht freastail<\/span><span style=\"font-size:14pt\">, agus caithfidh m\u00e9 a admh\u00e1<\/span><span style=\"font-size:14pt\">il anseo<\/span><span style=\"font-size:14pt\">,<\/span><span style=\"font-size:14pt\"> <\/span><span style=\"font-size:14pt\">nach ndeachaigh leagan amach,<\/span><span style=\"font-size:14pt\"> n\u00f3<\/span><span style=\"font-size:14pt\"> treallamh,<\/span><span style=\"font-size:14pt\"> n\u00f3 trosc\u00e1<\/span><span style=\"font-size:14pt\">n,<\/span><span style=\"font-size:14pt\"> na n-iona<\/span><span style=\"font-size:14pt\">d sin,<\/span><span style=\"font-size:14pt\"> <\/span><span style=\"font-size:14pt\">i bhfeidhm orm fh\u00e9<\/span><span style=\"font-size:14pt\">in<\/span><span style=\"font-size:14pt\">, in aon chor, n\u00f3 thug s\u00e9<\/span><span style=\"font-size:14pt\"> le fios dom<\/span><span style=\"font-size:14pt\">,<\/span><span style=\"font-size:14pt\"> an <\/span><span style=\"font-size:14pt\">meas a bh\u00ed ag aicme amh\u00e1<\/span><span style=\"font-size:14pt\">in ar aicme eile, agus iad ag maireac<\/span><span style=\"font-size:14pt\">ht\u00e1<\/span><span style=\"font-size:14pt\">il fa<\/span><span style=\"font-size:14pt\">oin d\u00edon c\u00e9anna. Ach sin mar a bh\u00ed, an tr\u00e1<\/span><span style=\"font-size:14pt\">th sin, ach<\/span><span style=\"font-size:14pt\"> n\u00e1r ch\u00f3<\/span><span style=\"font-size:14pt\">ir <\/span><span style=\"font-size:14pt\">d\u00fainn sa ghl\u00fa<\/span><span style=\"font-size:14pt\">n seo<\/span><span style=\"font-size:14pt\">, f\u00e9<\/span><span style=\"font-size:14pt\">achaint chuige, nach mar sin a bheas sa Phoblach s\u2019againne<\/span><span style=\"font-size:14pt\">,<\/span><span style=\"font-size:14pt\"> feasta. Ach leis an meas sin a chur abhaile orainn,<\/span><span style=\"font-size:14pt\"> i nd\u00e1<\/span><span style=\"font-size:14pt\">ir<\/span><span style=\"font-size:14pt\">\u00ed<\/span><span style=\"font-size:14pt\">re, <\/span><span style=\"font-size:14pt\">seoladh amach as an Teach M\u00f3r sin tr\u00ed tholl\u00e1n na n-oibrithe, a t\u00f3<\/span><span style=\"font-size:14pt\">gadh ansin<\/span><span style=\"font-size:14pt\">,<\/span><span style=\"font-size:14pt\"> sa chaoi na<\/span><span style=\"font-size:14pt\">ch mbeadh radharc ag lucht an t\u00ed, n\u00f3<\/span><span style=\"font-size:14pt\"> ag a <\/span><span style=\"font-size:14pt\">gcuairteoir\u00ed,<\/span><span style=\"font-size:14pt\"> ar oibrith<\/span><span style=\"font-size:14pt\">e gioblacha ar a mbealach isteach <\/span><span style=\"font-size:14pt\">chuig, <\/span><span style=\"font-size:14pt\">n\u00f3 <\/span><span style=\"font-size:14pt\">ar a mbealach <\/span><span style=\"font-size:14pt\">amach as<\/span><span style=\"font-size:14pt\">,<\/span><span style=\"font-size:14pt\"> an Teach M\u00f3<\/span><span style=\"font-size:14pt\">r sin. Lissadell. <\/span><span style=\"font-size:14pt\">Ach sin  uilig r\u00e1<\/span><span style=\"font-size:14pt\">ite<\/span><span style=\"font-size:14pt\">,<\/span><span style=\"font-size:14pt\"> agus tuigthe<\/span><span style=\"font-size:14pt\">, caithfidh m\u00e9 a admh\u00e1<\/span><span style=\"font-size:14pt\">il<\/span><span style=\"font-size:14pt\">, <\/span><span style=\"font-size:14pt\">go ndeac<\/span><span style=\"font-size:14pt\">haigh an Teach c\u00e9<\/span><span style=\"font-size:14pt\">anna sin i bhfeidhm <\/span><span style=\"font-size:14pt\">go m\u00f3r orm fh\u00e9<\/span><span style=\"font-size:14pt\">in<\/span><span style=\"font-size:14pt\">, agus ar na cuairteoir\u00ed a bh\u00ed in \u00e9<\/span><span style=\"font-size:14pt\">indigh linn<\/span><span style=\"font-size:14pt\">, ar \u00e1<\/span><span style=\"font-size:14pt\">r dturas<\/span><span style=\"font-size:14pt\"> staitri\u00fail<\/span><span style=\"font-size:14pt\"> go Lissadell.<\/span><\/p><p style=\"text-align:justify;margin-top:0pt;padding-top:0;margin-bottom:10pt;padding-bottom:0;line-height:1.38\"><span style=\"height:1em\"><span>.<\/span><\/span><\/p><p style=\"text-align:justify;margin-top:0pt;padding-top:0;margin-bottom:10pt;padding-bottom:0;line-height:1.38\"><span style=\"height:1em\"><span>.<\/span><\/span><\/p><p style=\"text-align:justify;margin-top:0pt;padding-top:0;margin-bottom:10pt;padding-bottom:0;line-height:1.38\"><span style=\"height:1em\"><span>.<\/span><\/span><\/p><p style=\"text-align:justify;margin-top:0pt;padding-top:0;margin-bottom:10pt;padding-bottom:0;line-height:1.38\"><span style=\"height:1em\"><span>.<\/span><\/span><\/p><p style=\"text-align:justify;margin-top:0pt;padding-top:0;margin-bottom:10pt;padding-bottom:0;line-height:1.38\"><span style=\"height:1em\"><span>.<\/span><\/span><\/p>","protected":false},"excerpt":{"rendered":"<p>\u2018D\u00e1 mbeinnse \u2018mo sheasamh i gceartl\u00e1r mo dhaoine\u2019&#8230;&#8230;2 . (Cuairt ar Lissadell) Peadar Bair\u00e9ad . Fuinneoga m\u00f3ra ag breathn\u00fa \u00f3 dheas, Bh\u00edomar in\u00e1r su\u00ed go bre\u00e1 luath ar an D\u00e9ardaoin, an 6\u00fa l\u00e1 d\u2019I\u00fail, 2017, agus nuair a bh\u00edomar r\u00e9idh chuige, thugamar aghaidh ar Phroinnteach an Ballina Manor Hotel le bricfeasta gal\u00e1nta a chaitheamh ansin [&hellip;]<\/p>\n","protected":false},"author":2,"featured_media":13435,"comment_status":"open","ping_status":"open","sticky":false,"template":"","format":"standard","meta":{"nf_dc_page":"","_et_pb_use_builder":"","_et_pb_old_content":"","_et_gb_content_width":"","footnotes":""},"categories":[1],"tags":[],"class_list":["post-12289","post","type-post","status-publish","format-standard","has-post-thumbnail","hentry","category-gan-chatagoir"],"_links":{"self":[{"href":"https:\/\/mickgb.com\/en\/wp-json\/wp\/v2\/posts\/12289","targetHints":{"allow":["GET"]}}],"collection":[{"href":"https:\/\/mickgb.com\/en\/wp-json\/wp\/v2\/posts"}],"about":[{"href":"https:\/\/mickgb.com\/en\/wp-json\/wp\/v2\/types\/post"}],"author":[{"embeddable":true,"href":"https:\/\/mickgb.com\/en\/wp-json\/wp\/v2\/users\/2"}],"replies":[{"embeddable":true,"href":"https:\/\/mickgb.com\/en\/wp-json\/wp\/v2\/comments?post=12289"}],"version-history":[{"count":1,"href":"https:\/\/mickgb.com\/en\/wp-json\/wp\/v2\/posts\/12289\/revisions"}],"predecessor-version":[{"id":12290,"href":"https:\/\/mickgb.com\/en\/wp-json\/wp\/v2\/posts\/12289\/revisions\/12290"}],"wp:featuredmedia":[{"embeddable":true,"href":"https:\/\/mickgb.com\/en\/wp-json\/wp\/v2\/media\/13435"}],"wp:attachment":[{"href":"https:\/\/mickgb.com\/en\/wp-json\/wp\/v2\/media?parent=12289"}],"wp:term":[{"taxonomy":"category","embeddable":true,"href":"https:\/\/mickgb.com\/en\/wp-json\/wp\/v2\/categories?post=12289"},{"taxonomy":"post_tag","embeddable":true,"href":"https:\/\/mickgb.com\/en\/wp-json\/wp\/v2\/tags?post=12289"}],"curies":[{"name":"wp","href":"https:\/\/api.w.org\/{rel}","templated":true}]}}