{"id":12293,"date":"2017-04-04T11:00:00","date_gmt":"2017-04-04T11:00:00","guid":{"rendered":"https:\/\/mickgb.com\/?p=12293"},"modified":"2024-04-08T01:06:20","modified_gmt":"2024-04-08T01:06:20","slug":"dail-gan-cheann","status":"publish","type":"post","link":"https:\/\/mickgb.com\/en\/dail-gan-cheann\/","title":{"rendered":"D\u00e1il gan cheann"},"content":{"rendered":"<p style=\"text-align:center;margin-top:0pt;padding-top:0;margin-bottom:10pt;padding-bottom:0;line-height:1.38\"><strong><span style=\"font-size:28pt\">I  mB\u00e9al  an  Phobail<\/span><\/strong><\/p><p style=\"margin-top:0pt;padding-top:0;margin-bottom:10pt;padding-bottom:0;line-height:1.8\"><span style=\"font-size:14pt\">Peadar Bair\u00e9ad<\/span><\/p><p style=\"text-align:center;margin-top:0pt;padding-top:0;margin-bottom:10pt;padding-bottom:0;line-height:1.8\"><strong><span style=\"font-size:14pt\"><em>(This week we consider our D\u00e1il difficulties)<\/em><\/span><\/strong><\/p><p style=\"text-align:center;margin-top:0pt;padding-top:0;margin-bottom:10pt;padding-bottom:0;line-height:1.8\"><strong><span style=\"font-size:18pt\">D\u00e1<\/span><span style=\"font-size:18pt\">il gan Cheann<\/span><\/strong><\/p><p style=\"margin-top:0pt;padding-top:0;margin-bottom:10pt;padding-bottom:0;line-height:1.8\"><strong><span style=\"text-decoration:underline;font-size:14pt\"><em>An c\u00faigi\u00fa l\u00e1 d\u00e9ag d\u2019Aibre\u00e1<\/em><\/span><span style=\"text-decoration:underline;font-size:14pt\"><em>n 2016<\/em><\/span><span style=\"font-size:14pt\"><em>.<\/em><\/span><\/strong><\/p><p style=\"text-align:justify;margin-top:0pt;padding-top:0;margin-bottom:10pt;padding-bottom:0;line-height:1.8\"><span style=\"font-size:14pt\">Agus an p\u00edosa seo \u00e1<\/span><span style=\"font-size:14pt\"> scriobh agam<\/span><span style=\"font-size:14pt\">,<\/span><span style=\"font-size:14pt\"> t\u00e1 D\u00e1il \u00c9ireann <\/span><span style=\"font-size:14pt\">seacht seachtain<\/span><span style=\"font-size:14pt\"> ar an saol<\/span><span style=\"font-size:14pt\">, agus gan Taoiseach<\/span><strong><span style=\"font-size:14pt\"> <\/span><\/strong><span style=\"font-size:14pt\">tofa aice f\u00f3<\/span><span style=\"font-size:14pt\">s<\/span><span style=\"font-size:14pt\">! <\/span><span style=\"font-size:14pt\">N\u00ed haon iona<\/span><span style=\"font-size:14pt\">dh \u00e9 go bhfuil daoine \u00e1irithe<\/span><span style=\"font-size:14pt\"> br\u00e9an den ghn\u00f3 seo ar fad, n\u00f3 ba \u00e9 ba l\u00fa a raibh s\u00fa<\/span><span style=\"font-size:14pt\">il acu leis<\/span><span style=\"font-size:14pt\">, n\u00f3<\/span><span style=\"font-size:14pt\"> go mbeadh T<\/span><span style=\"font-size:14pt\">aoiseach tofa acu faoi\u2019n am seo. Tar \u00e9is roinnt seachtain\u00ed toghch\u00e1na\u00ed<\/span><span style=\"font-size:14pt\">ochta<\/span><span style=\"font-size:14pt\">, d\u2019\u00e9irigh le toghlaigh na t\u00edre seo c\u00e9<\/span><span style=\"font-size:14pt\">ad caoga a<\/span><span style=\"font-size:14pt\">gu<\/span><span style=\"font-size:14pt\">s seacht<\/span><span style=\"font-size:14pt\"> dT<\/span><span style=\"font-size:14pt\">eachta chun na D<\/span><span style=\"font-size:14pt\">\u00e1<\/span><span style=\"font-size:14pt\">la sin a thoghadh<\/span><span style=\"font-size:14pt\">,<\/span><span style=\"font-size:14pt\"> agus bh\u00edothas ag s\u00fa<\/span><span style=\"font-size:14pt\">il<\/span><span style=\"font-size:14pt\">, go nd\u00e9anfadh an slua T<\/span><span style=\"font-size:14pt\">eachta sin an beart, taobh istigh d\u2019achar gearr. <\/span><span style=\"font-size:14pt\">Ach n\u00ed<\/span><span style=\"font-size:14pt\">or dhein! <\/span><span style=\"font-size:14pt\">agus t\u00e1<\/span><span style=\"font-size:14pt\"> daoine ann<\/span><span style=\"font-size:14pt\">,<\/span><span style=\"font-size:14pt\"> ad\u00e9<\/span><span style=\"font-size:14pt\">arfadh<\/span><span style=\"font-size:14pt\">, n\u00e1r ch\u00f3ir l\u00e1n-tuarastal a thabhairt d\u00f3ibh go dt\u00ed<\/span><span style=\"font-size:14pt\"> go mbeadh an beart sin curtha i<\/span><span style=\"font-size:14pt\"> gcr\u00edch acu,<\/span><span style=\"font-size:14pt\"> Thogh<\/span><span style=\"font-size:14pt\"> na v\u00f3t\u00f3ir\u00ed na Teachta\u00ed sin, ar an gc\u00e9<\/span><span style=\"font-size:14pt\">ad dul sios<\/span><span style=\"font-size:14pt\">, leis an t\u00edr a r\u00edal\u00fa, agus sa dara h\u00e1it, le haire faoi leith a thabhairt do ghn\u00f3tha\u00ed<\/span><span style=\"font-size:14pt\"> an togh<\/span><span style=\"font-size:14pt\">laigh a thogh ia<\/span><span style=\"font-size:14pt\">d. Conas a d\u2019fh\u00e9adfaid\u00eds na gn\u00f3tha\u00ed<\/span><span style=\"font-size:14pt\"> sin a dh\u00e9<\/span><span style=\"font-size:14pt\">anamh<\/span><span style=\"font-size:14pt\">,<\/span><span style=\"font-size:14pt\"> mura mbeadh Taoiseach agus Rialtas roghnaithe acu<\/span><span style=\"font-size:14pt\">, agus a fhios ag madra\u00ed an bhaile go bhfuil a leith\u00e9<\/span><span style=\"font-size:14pt\">i<\/span><span style=\"font-size:14pt\">d\u00ed ag teast\u00e1il go g\u00e9ar \u00f3n dt\u00ed<\/span><span style=\"font-size:14pt\">r<\/span><span style=\"font-size:14pt\"> s\u2019againne<\/span><span style=\"font-size:14pt\">,<\/span><span style=\"font-size:14pt\"> i l\u00e1<\/span><span style=\"font-size:14pt\">thair na huaire seo<\/span><span style=\"font-size:14pt\">. N\u00e1<\/span><span style=\"font-size:14pt\">r mhinic a chualamar caint sna seanlaethe<\/span><span style=\"font-size:14pt\">, faoi g<\/span><span style=\"font-size:14pt\">h<\/span><span style=\"font-size:14pt\">uth an phobail, n\u00f3 faoi<\/span><span style=\"font-size:14pt\"> toil an phobail<\/span><span style=\"font-size:14pt\">, i gc\u00e1s d\u00e1 leith\u00e9id seo? Agus ba \u00e9 a bh\u00ed<\/span><span style=\"font-size:14pt\"> i gceist <\/span><span style=\"font-size:14pt\">ag daoine an tr\u00e1<\/span><span style=\"font-size:14pt\">th sin<\/span><span style=\"font-size:14pt\">, n\u00f3<\/span><span style=\"font-size:14pt\"> gur thogh an pobal na<\/span><span style=\"font-size:14pt\"> Teachta\u00ed, agus b\u2019in sin! Bh\u00ed<\/span><span style=\"font-size:14pt\"> a<\/span><span style=\"font-size:14pt\"> ngn\u00f3<\/span><span style=\"font-size:14pt\">&#8211;<\/span><span style=\"font-size:14pt\">san <\/span><span style=\"font-size:14pt\">d\u00e9anta acu ansin, agus bh\u00ed<\/span><span style=\"font-size:14pt\"> ar na Teachta\u00ed<\/span><span style=\"font-size:14pt\"> tofa sc<\/span><span style=\"font-size:14pt\">il a bhaint as toradh an toghch\u00e1in, agus Rialtas a roghn\u00fa, faoi mar ba thoil do na v\u00f3t\u00f3ir\u00ed<\/span><span style=\"font-size:14pt\">. <\/span><span style=\"font-size:14pt\">Bhuel! bh\u00ed sin \u00e9<\/span><span style=\"font-size:14pt\">asca go maith<\/span><span style=\"font-size:14pt\">, nuair nach raibh sa D\u00e1il ar fad ach an d\u00e1 ph\u00e1irt\u00ed mh\u00f3ra agus cupla mionph\u00e1irt\u00ed<\/span><span style=\"font-size:14pt\">. <\/span><span style=\"font-size:14pt\">Ach, de r\u00e9<\/span><span style=\"font-size:14pt\">ir ma<\/span><span style=\"font-size:14pt\">r a chuaigh uimhir na<\/span><span style=\"font-size:14pt\"> bp\u00e1irtithe agus na n<\/span><span style=\"font-size:14pt\">eamhsple\u00e1igh i m\u00e9ad, chuaigh an cheist ch\u00e9anna sin i gcastacht, go dt\u00ed gur tharla, faoi mar at\u00e1 againn i <\/span><span style=\"font-size:14pt\">l\u00e1<\/span><span style=\"font-size:14pt\">thair na huaire seo<\/span><span style=\"font-size:14pt\">,<\/span><span style=\"font-size:14pt\"> f<\/span><span style=\"font-size:14pt\">adhb at\u00e1 chomh do-r\u00e9itithe le Caor\u2019 Inis G\u00e9, geall leis. agus lei<\/span><span style=\"font-size:14pt\">s an gceist a dh\u00e9anamh n\u00edos<\/span><span style=\"font-size:14pt\"> casta f\u00f3<\/span><span style=\"font-size:14pt\">s, <\/span><span style=\"font-size:14pt\">t\u00e1 coimhe\u00e1<\/span><span style=\"font-size:14pt\"> na cumhachta, faoin am seo, <\/span><span style=\"font-size:14pt\">ag bu\u00edon beag neamhsple\u00e1<\/span><span style=\"font-size:14pt\">igh<\/span><span style=\"font-size:14pt\">. Ach sin uilig r\u00e1<\/span><span style=\"font-size:14pt\">ite,<\/span><span style=\"font-size:14pt\"> caithfear a admh\u00e1<\/span><span style=\"font-size:14pt\">il<\/span><span style=\"font-size:14pt\">, go bhfuil l\u00e9ar\u00f3<\/span><span style=\"font-size:14pt\"> <\/span><span style=\"font-size:14pt\">beag <\/span><span style=\"font-size:14pt\">solais<\/span><span style=\"font-size:14pt\">, agus d\u00f3<\/span><span style=\"font-size:14pt\">chais<\/span><span style=\"font-size:14pt\">, d\u00edrithe ar chos\u00e1n inmhianaithe os \u00e1r gcomhair amach, cos\u00e1n<\/span><span style=\"font-size:14pt\"> a <\/span><span style=\"font-size:14pt\">thabharfaidh thar bhogach chora\u00ed<\/span><span style=\"font-size:14pt\"> crua an tsaoil sinn<\/span><span style=\"font-size:14pt\">, sa todhcha\u00ed<\/span><span style=\"font-size:14pt\">.<\/span><strong><span style=\"font-size:14pt\"> <\/span><\/strong><\/p><p style=\"text-align:center;margin-top:0pt;padding-top:0;margin-bottom:10pt;padding-bottom:0;line-height:1.8\"><strong><span style=\"font-size:18pt\">R\u00e9 Nua tosaithe<\/span><\/strong><\/p><p style=\"text-align:justify;margin-top:0pt;padding-top:0;margin-bottom:10pt;padding-bottom:0;line-height:1.8\"><span style=\"font-size:14pt\">T\u00e1 na sean<\/span><span style=\"font-size:14pt\">laethe thart<\/span><span style=\"font-size:14pt\">.<\/span><span style=\"font-size:14pt\"> Deireadh feasta le bheith ag s\u00fail go mbainfeadh P\u00e1irt\u00ed ar bith m\u00f3ramh ioml\u00e1n amach, n\u00f3 n\u00ed h\u00e9<\/span><span style=\"font-size:14pt\"> sin toil an phobail. Tuigtear don phobal cliste s\u2019againne<\/span><span style=\"font-size:14pt\">,<\/span><span style=\"font-size:14pt\"> gurb \u00e9<\/span><span style=\"font-size:14pt\"> \u00e1<\/span><span style=\"font-size:14pt\">r leas \u00e9 d\u00e1<\/span><span style=\"font-size:14pt\"> mbe<\/span><span style=\"font-size:14pt\">adh Rialtas cumtha as comhaont\u00fa p\u00e1irtithe \u00e1<\/span><span style=\"font-size:14pt\">irithe<\/span><span style=\"font-size:14pt\">, a chumfadh Rialtas as na p\u00e1<\/span><span style=\"font-size:14pt\">irtithe sin<\/span><span style=\"font-size:14pt\">, le toil<\/span><span style=\"font-size:14pt\"> na D\u00e1la, chomh fada is a leanfaid\u00eds polasaithe a sh\u00e1s\u00f3dh m\u00f3ramh na D\u00e1<\/span><span style=\"font-size:14pt\">la<\/span><span style=\"font-size:14pt\">, agus a mbeadh p\u00e1irtithe eile s\u00e1sta gan chur ina choinne,<\/span><span style=\"font-size:14pt\"> ar feadh tr<\/span><span style=\"font-size:14pt\">\u00e9imh<\/span><span style=\"font-size:14pt\">se \u00e1irithe. N\u00e1r dheacair leagan<\/span><span style=\"font-size:14pt\"> amach d\u00e1 leith\u00e9id a bhualadh? n\u00f3<\/span><span style=\"font-size:14pt\"> <\/span><span style=\"font-size:14pt\">bheadh deis<\/span><span style=\"font-size:14pt\"> feasta ag Neamhsple\u00e1igh<\/span><span style=\"font-size:14pt\"> p\u00e1irt a ghlacadh i r\u00edal\u00fa na t\u00ed<\/span><span style=\"font-size:14pt\">re, agus bheadh seans acu freisin<\/span><span style=\"font-size:14pt\">, p\u00e1irt ioml\u00e1<\/span><span style=\"font-size:14pt\">n a ghlacadh i gcumadh<\/span><span style=\"font-size:14pt\">, agus i leas\u00fa<\/span><span style=\"font-size:14pt\"> dlithe na Poblachta s\u2019againne.<\/span><span style=\"font-size:14pt\"> N\u00f3, t\u00e1 a fhios ag fia is ag fiolar<\/span><span style=\"font-size:14pt\"> nach<\/span><span style=\"font-size:14pt\"> raibh an deis sin ag neamhsple\u00e1<\/span><span style=\"font-size:14pt\">igh<\/span><span style=\"font-size:14pt\">, n\u00f3 ag roinnt mhaith c\u00falbhinseoir\u00ed<\/span><span style=\"font-size:14pt\">,<\/span><span style=\"font-size:14pt\"> cheana<\/span><span style=\"font-size:14pt\">. N<\/span><span style=\"font-size:14pt\">\u00ed raibh rompu, i nd\u00e1ir\u00edre,<\/span><span style=\"font-size:14pt\"> ach blianta <\/span><span style=\"font-size:14pt\">fada ag freagairt rolla, ag scr\u00edobh litreacha, ag lorg f\u00e1bhair, agus ag f\u00e9<\/span><span style=\"font-size:14pt\">achaint chuige go mbead<\/span><span style=\"font-size:14pt\">h v\u00f3t\u00f3ir\u00ed<\/span><span style=\"font-size:14pt\"> a <\/span><span style=\"font-size:14pt\">dtoghlaigh s\u00e1<\/span><span style=\"font-size:14pt\">sta glacadh leo<\/span><span style=\"font-size:14pt\"> aris<\/span><span style=\"font-size:14pt\">, sa ch\u00e9ad toghch\u00e1n eile. D\u00e1r nd\u00f3igh, bh\u00ed cumhacht de chine\u00e1<\/span><span style=\"font-size:14pt\">l eile acu<\/span><span style=\"font-size:14pt\">, an t-am ar fad, bh\u00ed cumhacht mor\u00e1lta acu, an cine\u00e1<\/span><span style=\"font-size:14pt\">l cumhachta a bhronn an pobal orthu, agus cumhacht a bhainfeadh stad as Rialtas<\/span><span style=\"font-size:14pt\">, d\u00e1<\/span><span style=\"font-size:14pt\"> mb<\/span><span style=\"font-size:14pt\">e<\/span><span style=\"font-size:14pt\">adh s<\/span><span style=\"font-size:14pt\">iad ag iarraidh feidhmi\u00fa<\/span><span style=\"font-size:14pt\"> i gcoinne toil <\/span><span style=\"font-size:14pt\">an phobail. Sea, t\u00e1 m\u00e9<\/span><span style=\"font-size:14pt\"> ag ceapadh go bh<\/span><span style=\"font-size:14pt\">f<\/span><span style=\"font-size:14pt\">uil ceacht \u00e1 mh\u00fa<\/span><span style=\"font-size:14pt\">ineadh ag an bpobal <\/span><span style=\"font-size:14pt\">don lucht polait\u00ed<\/span><span style=\"font-size:14pt\">ochta, ce<\/span><span style=\"font-size:14pt\">acht a <\/span><span style=\"font-size:14pt\">raghadh chun leas<\/span><span style=\"font-size:14pt\"> an St\u00e1<\/span><span style=\"font-size:14pt\">it<\/span><span style=\"font-size:14pt\">, sna blianta at\u00e1 romhainn amach.  T\u00e1 s\u00fa<\/span><span style=\"font-size:14pt\">il agam<\/span><span style=\"font-size:14pt\">,<\/span><span style=\"font-size:14pt\"> g<\/span><span style=\"font-size:14pt\">o dtoghfa\u00ed Taoiseeach i rith na<\/span><span style=\"font-size:14pt\"> seachtaine seo chugainn<\/span><span style=\"font-size:14pt\"> agus go roghn\u00f3idh seisean Air\u00ed<\/span><span style=\"font-size:14pt\"> cliste<\/span><span style=\"font-size:14pt\">,<\/span><span style=\"font-size:14pt\"> eolgaiseacha<\/span><span style=\"font-size:14pt\">,<\/span><span style=\"font-size:14pt\"> as<\/span><span style=\"font-size:14pt\">tu si\u00fad a bheadh toilteanach, le cead a bP\u00e1irt\u00ed, &#8211; m\u00e1s ball de Ph\u00e1irt\u00ed iad &#8211; , bheith ina mbaill dh\u00ed<\/span><span style=\"font-size:14pt\">lse<\/span><span style=\"font-size:14pt\"> <\/span><span style=\"font-size:14pt\">de\u2019<\/span><span style=\"font-size:14pt\">n Rialtas nua<\/span><span style=\"font-size:14pt\">, agus gu\u00edmis uilig Rath D\u00e9<\/span><span style=\"font-size:14pt\"> ar a gcuid oi<\/span><span style=\"font-size:14pt\">bre sa Dara D\u00e1<\/span><span style=\"font-size:14pt\">il Triochad.<\/span><\/p><p style=\"margin-top:0pt;padding-top:0;margin-bottom:10pt;padding-bottom:0;line-height:1.8\"><span style=\"height:1em\"><span>.<\/span><\/span><\/p>","protected":false},"excerpt":{"rendered":"<p>I mB\u00e9al an Phobail Peadar Bair\u00e9ad (This week we consider our D\u00e1il difficulties) D\u00e1il gan Cheann An c\u00faigi\u00fa l\u00e1 d\u00e9ag d\u2019Aibre\u00e1n 2016. Agus an p\u00edosa seo \u00e1 scriobh agam, t\u00e1 D\u00e1il \u00c9ireann seacht seachtain ar an saol, agus gan Taoiseach tofa aice f\u00f3s! N\u00ed haon ionadh \u00e9 go bhfuil daoine \u00e1irithe br\u00e9an den ghn\u00f3 seo [&hellip;]<\/p>\n","protected":false},"author":2,"featured_media":13435,"comment_status":"open","ping_status":"open","sticky":false,"template":"","format":"standard","meta":{"nf_dc_page":"","_et_pb_use_builder":"","_et_pb_old_content":"","_et_gb_content_width":"","footnotes":""},"categories":[1],"tags":[],"class_list":["post-12293","post","type-post","status-publish","format-standard","has-post-thumbnail","hentry","category-gan-chatagoir"],"_links":{"self":[{"href":"https:\/\/mickgb.com\/en\/wp-json\/wp\/v2\/posts\/12293","targetHints":{"allow":["GET"]}}],"collection":[{"href":"https:\/\/mickgb.com\/en\/wp-json\/wp\/v2\/posts"}],"about":[{"href":"https:\/\/mickgb.com\/en\/wp-json\/wp\/v2\/types\/post"}],"author":[{"embeddable":true,"href":"https:\/\/mickgb.com\/en\/wp-json\/wp\/v2\/users\/2"}],"replies":[{"embeddable":true,"href":"https:\/\/mickgb.com\/en\/wp-json\/wp\/v2\/comments?post=12293"}],"version-history":[{"count":1,"href":"https:\/\/mickgb.com\/en\/wp-json\/wp\/v2\/posts\/12293\/revisions"}],"predecessor-version":[{"id":12294,"href":"https:\/\/mickgb.com\/en\/wp-json\/wp\/v2\/posts\/12293\/revisions\/12294"}],"wp:featuredmedia":[{"embeddable":true,"href":"https:\/\/mickgb.com\/en\/wp-json\/wp\/v2\/media\/13435"}],"wp:attachment":[{"href":"https:\/\/mickgb.com\/en\/wp-json\/wp\/v2\/media?parent=12293"}],"wp:term":[{"taxonomy":"category","embeddable":true,"href":"https:\/\/mickgb.com\/en\/wp-json\/wp\/v2\/categories?post=12293"},{"taxonomy":"post_tag","embeddable":true,"href":"https:\/\/mickgb.com\/en\/wp-json\/wp\/v2\/tags?post=12293"}],"curies":[{"name":"wp","href":"https:\/\/api.w.org\/{rel}","templated":true}]}}