{"id":12299,"date":"2017-04-04T11:00:00","date_gmt":"2017-04-04T11:00:00","guid":{"rendered":"https:\/\/mickgb.com\/?p=12299"},"modified":"2024-04-08T01:14:54","modified_gmt":"2024-04-08T01:14:54","slug":"daithi-o-hogain-file","status":"publish","type":"post","link":"https:\/\/mickgb.com\/en\/daithi-o-hogain-file\/","title":{"rendered":"Daithi O hOgain, file."},"content":{"rendered":"<p style=\"text-align:center;margin-top:0pt;padding-top:0;margin-bottom:0pt;padding-bottom:0;line-height:1.8;font-weight:bold;font-size:18pt\"><span style=\"font-size:28pt\">Laoch eile ar l\u00e1r<\/span><\/p><p style=\"margin-top:0pt;padding-top:0;margin-bottom:0pt;padding-bottom:0;line-height:2.4;font-weight:bold;font-size:24pt\"><span style=\"height:1em\"><span>.<\/span><\/span><\/p><p style=\"margin-top:0pt;padding-top:0;margin-bottom:0pt;padding-bottom:0;line-height:2.4;font-weight:bold;font-size:24pt\"><span style=\"font-size:14pt\">Peadar Bair\u00e9ad<\/span><\/p><p style=\"text-align:center;margin-top:0pt;padding-top:0;margin-bottom:0pt;padding-bottom:0;line-height:2.4;font-weight:bold;font-size:24pt;margin-left:72pt\"><span style=\"font-size:18pt\"><em>An  Drochsc\u00e9al<\/em><\/span><\/p><p style=\"text-align:justify;margin-top:0pt;padding-top:0;margin-bottom:0pt;padding-bottom:0;line-height:1.8;font-weight:bold;font-size:18pt\"><span style=\"font-size:14pt\">Tamall \u00f3 shoin, <\/span><span style=\"font-size:14pt\">i<\/span><span style=\"font-size:14pt\">s<\/span><span style=\"font-size:14pt\"> <\/span><span style=\"font-size:14pt\">ea chuala m\u00e9 an drochsc\u00e9al<\/span><span style=\"font-size:14pt\">,<\/span><span style=\"font-size:14pt\"> go raibh \u00e1<\/span><span style=\"font-size:14pt\">r gcara<\/span><span style=\"font-size:14pt\">, Daith\u00ed ild\u00e1<\/span><span style=\"font-size:14pt\">nac<\/span><span style=\"font-size:14pt\">h \u00d3 h\u00d3g\u00e1in ar l\u00e1r. N\u00edorbh aon strains\u00e9ar \u00e9 sna b\u00f3la\u00ed seo, n\u00f3 ba bhre\u00e1 leis i gc\u00f3na\u00ed freastal ar \u00e1r nDaonscoil f<\/span><span style=\"font-size:14pt\">h<\/span><span style=\"font-size:14pt\">\u00e9inig, Daonscoil Osra\u00ed. Beidh cuimhne f\u00f3<\/span><span style=\"font-size:14pt\">s againn ar an mbliain seo<\/span><span style=\"font-size:14pt\">,<\/span><span style=\"font-size:14pt\"> 2011<\/span><span style=\"font-size:14pt\">,<\/span><span style=\"font-size:14pt\"> mar an bhliain a<\/span><span style=\"font-size:14pt\">r sciob an b\u00e1<\/span><span style=\"font-size:14pt\">s <\/span><span style=\"font-size:14pt\">laoch Gaelach eile uainn, Daith\u00ed ci\u00fa<\/span><span style=\"font-size:14pt\">inbhria<\/span><span style=\"font-size:14pt\">thrach, s\u00e9<\/span><span style=\"font-size:14pt\">imh, cneasta<\/span><span style=\"font-size:14pt\">,<\/span><span style=\"font-size:14pt\"> na gile, \u00d3 <\/span><span style=\"font-size:14pt\">h\u00d3g\u00e1in.  Ba as Cill Chainnigh d\u00e1 thuist\u00ed<\/span><span style=\"font-size:14pt\">,<\/span><span style=\"font-size:14pt\"> ar gach taobh den teach, agus s\u00edlim gur tuigeadh to maith d\u00f3, agus \u00e9 ag tabhairt l\u00e9<\/span><span style=\"font-size:14pt\">acht<\/span><span style=\"font-size:14pt\">a uaidh anseo ag Daonscoil Osra\u00ed, go raibh s\u00e9 i measc a mhuintire fh\u00e9in, b\u00edodh n\u00e1r rugadh sa d\u00fathaigh seo \u00e9<\/span><span style=\"font-size:14pt\">.  N\u00ed g\u00e1<\/span><span style=\"font-size:14pt\"> dhom <\/span><span style=\"font-size:14pt\">a r\u00e1<\/span><span style=\"font-size:14pt\"> anseo<\/span><span style=\"font-size:14pt\">, go raibh Daith\u00ed ar dhuine de scol\u00e1ir\u00ed m\u00f3<\/span><span style=\"font-size:14pt\">ra na Gaeilge, agus lena chois sin<\/span><span style=\"font-size:14pt\">, ba mh\u00f3r aige chuile ghn\u00e9 d\u00e1r mb\u00e9aloideas agus d\u00e1r gcult\u00fa<\/span><span style=\"font-size:14pt\">r<\/span><span style=\"font-size:14pt\"> mar chine a ndeachaigh a ph<\/span><span style=\"font-size:14pt\">r\u00e9amhacha siar s\u00edos i gcr\u00e9 na cine s\u2019againne. Bh\u00ed aithne mhaith ag scol\u00e1ir\u00ed<\/span><span style=\"font-size:14pt\"> Dhaonsc<\/span><span style=\"font-size:14pt\">oil Osra\u00ed ar Dhaith\u00ed, agus meas d\u00e1 r\u00e9ir sin acu air, n\u00f3 ba charraig ar chuile ghn\u00e9 den teanga \u00e9, agus nuair a chuaigh s\u00e9 chun oibre ar \u00e1bhar, bheadh a fhios agat l\u00e1ithreach go scalfadh s\u00e9 t\u00f3irse a l\u00e9<\/span><span style=\"font-size:14pt\">inn agus a thaighde<\/span><span style=\"font-size:14pt\">, ar chuile ghn\u00e9 den \u00e1<\/span><span style=\"font-size:14pt\">bhar sin<\/span><span style=\"font-size:14pt\">,<\/span><span style=\"font-size:14pt\"> agus nuai<\/span><span style=\"font-size:14pt\">r a bheadh deireadh r\u00e1ite ag Daith\u00ed ar \u00e1<\/span><span style=\"font-size:14pt\">bhar, bheadh a fhios agat go raibh an focal deiridh cloist<\/span><span style=\"font-size:14pt\">e agat faoi. Ba leathan go deo \u00e9 r\u00e9imse a chuid scol\u00e1ireachta, \u00f3 bh\u00e9aloideas go d\u00edrbheathaisn\u00e9is, agus \u00f3 fhil\u00ed<\/span><span style=\"font-size:14pt\">ocht go stair chorraitheach a chine. Ba chruinn <\/span><span style=\"font-size:14pt\">\u00e9<\/span><span style=\"font-size:14pt\"> a chuid eolais, <\/span><span style=\"font-size:14pt\">agus ba dhoimhin a chuaigh a sp\u00e1d i ngort tofa a sp\u00e9<\/span><span style=\"font-size:14pt\">ise<\/span><span style=\"font-size:14pt\">, le pr\u00e1ta\u00ed<\/span><span style=\"font-size:14pt\"> <\/span><span style=\"font-size:14pt\">blasta eolais agus l\u00e9inn, idir bheag agus mh\u00f3<\/span><span style=\"font-size:14pt\">r<\/span><span style=\"font-size:14pt\">, a nochtach os \u00e1<\/span><span style=\"font-size:14pt\">r gcomhair<\/span><span style=\"font-size:14pt\">, agus \u00e9 ag tabhairt deis d\u00fa<\/span><span style=\"font-size:14pt\">inne<\/span><span style=\"font-size:14pt\">, toradh a chuid r\u00f3mhair a phiocadh suas go saor\u00e1<\/span><span style=\"font-size:14pt\">ideach<\/span><span style=\"font-size:14pt\">,<\/span><span style=\"font-size:14pt\"> cruinn. Sea, agus rin<\/span><span style=\"font-size:14pt\">ne s\u00e9 an gn\u00f3 cr\u00fa\u00f3gach sin agus miongh\u00e1ire ar <\/span><span style=\"font-size:14pt\">a bh\u00e9al, gan aon chur i gc\u00e9<\/span><span style=\"font-size:14pt\">ill<\/span><span style=\"font-size:14pt\">, n\u00f3 gan madra\u00ed a chur i bhfuinneoga d\u00fainn, n\u00f3 le breathn\u00fa air, thabharfadh s\u00e9<\/span><span style=\"font-size:14pt\"> le fios do dhuine<\/span><span style=\"font-size:14pt\">, go mba dhuine c\u00fa<\/span><span style=\"font-size:14pt\">thail<\/span><span style=\"font-size:14pt\">, l\u00e1<\/span><span style=\"font-size:14pt\">ch<\/span><span style=\"font-size:14pt\">,<\/span><span style=\"font-size:14pt\"> cneasta<\/span><span style=\"font-size:14pt\"> \u00e9, chuile l\u00e1<\/span><span style=\"font-size:14pt\"> riamh.   <\/span><\/p><p style=\"text-align:center;margin-top:0pt;padding-top:0;margin-bottom:0pt;padding-bottom:0;line-height:1.8;font-weight:bold;font-size:18pt\">Tugtha don L\u00e9ann<\/p><p style=\"text-align:justify;margin-top:0pt;padding-top:0;margin-bottom:0pt;padding-bottom:0;line-height:1.8;font-weight:bold;font-size:18pt\"><span style=\"font-size:14pt\">I mBrugh i gContae an Chl\u00e1<\/span><span style=\"font-size:14pt\">ir<\/span><span style=\"font-size:14pt\">, a rugadh Daith\u00ed, sa bhliain 1949, rud a d\u2019fh\u00e1g n\u00e1r mh\u00f3r\u00e1n thar na tr\u00ed sc\u00f3r d\u00f3, nuair a cailleadh \u00e9. Bh\u00ed s\u00e9 tugtha don l\u00e9ann \u00f3 th\u00fas, agus ghn\u00f3thaigh s\u00e9 scol\u00e1<\/span><span style=\"font-size:14pt\">ireacht i dtosach<\/span><span style=\"font-size:14pt\">, le deis a thabhairt d\u00f3 freastal ar mhe\u00e1<\/span><span style=\"font-size:14pt\">nscoil, agus ar ball<\/span><span style=\"font-size:14pt\">, ghn\u00f3thaigh s\u00e9 scol\u00e1<\/span><span style=\"font-size:14pt\">ireacht eile<\/span><span style=\"font-size:14pt\">, a d\u2019oscail an tsl\u00ed isteach san Ollscoil d\u00f3. Bhain s\u00e9 leas as na scol\u00e1ireachta\u00ed c\u00e9anna sin, agus d\u2019\u00e9<\/span><span style=\"font-size:14pt\">irigh thar barr leis sna fiontair sin<\/span><span style=\"font-size:14pt\">, agus ba \u00e9 deireadh an sc\u00e9il \u00e9 n\u00f3 gur bhain s\u00e9 C\u00e9im Docht\u00fa<\/span><span style=\"font-size:14pt\">rachta amach <\/span><span style=\"font-size:14pt\">sa bhliain <\/span><span style=\"font-size:14pt\">1976<\/span><span style=\"font-size:14pt\">. Chuir a thaighde agus a staid\u00e9ar don Ch\u00e9<\/span><span style=\"font-size:14pt\">im<\/span><span style=\"font-size:14pt\"> ch\u00e9anna sin \u00e1bhar leabhair ar f\u00e1il d\u00f3, leabhar ar bhaist s\u00e9<\/span><span style=\"font-size:14pt\">, An File, air. Ina dhiaidh sin<\/span><span style=\"font-size:14pt\">, chaith s\u00e9 tr\u00e9imhs\u00ed \u00e1irithe ar f\u00e1n i ngoirt an l\u00e9inn, ach i ndeireadh na d\u00e1<\/span><span style=\"font-size:14pt\">la<\/span><span style=\"font-size:14pt\">, dh\u00edrigh s\u00e9 a aire ar bh\u00e9<\/span><span style=\"font-size:14pt\">aloideas<\/span><span style=\"font-size:14pt\">,<\/span><span style=\"font-size:14pt\"> agus ar stair a chine<\/span><span style=\"font-size:14pt\">, agus n\u00edor chr\u00edochnaigh s\u00e9 go dt\u00ed gur shroich s\u00e9 barr Dhr\u00e9imire an L\u00e9<\/span><span style=\"font-size:14pt\">inn<\/span><span style=\"font-size:14pt\">, agus gur bhain s\u00e9 amach aitheantas idirn\u00e1isi\u00fanta d\u00f3 fh\u00e9<\/span><span style=\"font-size:14pt\">in sa ghort sin.<\/span><\/p><p style=\"text-align:justify;margin-top:0pt;padding-top:0;margin-bottom:0pt;padding-bottom:0;line-height:1.8;font-weight:bold;font-size:18pt\"><span style=\"font-size:14pt\">Ba fhile aitheanta \u00e9<\/span><span style=\"font-size:14pt\"> freisin<\/span><span style=\"font-size:14pt\">, a chuir roinnt bhaili\u00fach\u00e1n d\u00e1 shaothar ar f\u00e1il d\u00fainn thar bhlianta a r\u00e9. Agus mar a luaigh m\u00e9 thuas, ba mh\u00f3<\/span><span style=\"font-size:14pt\">r aige<\/span><span style=\"font-size:14pt\">.<\/span><span style=\"font-size:14pt\"> c<\/span><span style=\"font-size:14pt\">huile l\u00e1<\/span><span style=\"font-size:14pt\"> riamh<\/span><span style=\"font-size:14pt\">, iarrachta\u00ed na ndaoine ar D<\/span><span style=\"font-size:14pt\">haonscoileanna agus<\/span><span style=\"font-size:14pt\"> ar S<\/span><span style=\"font-size:14pt\">coileanna Samhraidh a chur ar bun<\/span><span style=\"font-size:14pt\">, le traidisi\u00fain agus b\u00e9aloideas \u00e1iti\u00fail a choth\u00fa<\/span><span style=\"font-size:14pt\"> agus a fhorba<\/span><span style=\"font-size:14pt\">irt, agus meas na muintire a dh\u00edri\u00fa ar na gn\u00e9ithe sin d\u00e1<\/span><span style=\"font-size:14pt\"> saol.<\/span><\/p><p style=\"text-align:center;margin-top:0pt;padding-top:0;margin-bottom:0pt;padding-bottom:0;line-height:1.8;font-weight:bold;font-size:18pt\"><span style=\"font-size:14pt\">Chuir m\u00e9 fh\u00e9in aithne ar Dhaith\u00ed,<\/span><span style=\"font-size:14pt\"> anseo i gCill Chainnigh<\/span><span style=\"font-size:14pt\">, le linn blianta \u00e1irithe d\u00e1r nDaonscoil \u00e1iti\u00fail fh\u00e9in, Daonscoil Osra\u00ed. Mhothaigh m\u00e9 i gc\u00f3na\u00ed go mba dhuine uasal, gean\u00fail, cneasta, c\u00fathail \u00e9, ach ba shoil\u00e9ir a ghr\u00e1 don l\u00e9ann agus don taighde agus \u00e9 i mbun l\u00e9achta, nuair a d\u2019fheicfe\u00e1<\/span><span style=\"font-size:14pt\"> <\/span><span style=\"font-size:14pt\">an lasair \u00e1thais ag soilsi\u00fa<\/span><span style=\"font-size:14pt\"> <\/span><span style=\"font-size:14pt\">tr\u00edna sh\u00fa<\/span><span style=\"font-size:14pt\">ile<\/span><span style=\"font-size:14pt\"> beoga<\/span><span style=\"font-size:14pt\">, agus an chaoi a dtagadh na focail amach as a bh\u00e9<\/span><span style=\"font-size:14pt\">al ina gcaise do<\/span><span style=\"font-size:14pt\">&#8211;<\/span><span style=\"font-size:14pt\">stoptha<\/span><span style=\"font-size:14pt\">, corraitheach, d\u00e1ir\u00ed<\/span><span style=\"font-size:14pt\">reach.<\/span> <\/p><p style=\"text-align:center;margin-top:0pt;padding-top:0;margin-bottom:0pt;padding-bottom:0;line-height:1.8;font-weight:bold;font-size:18pt\">Cloch ar a Charn<\/p><p style=\"text-align:justify;margin-top:0pt;padding-top:0;margin-bottom:0pt;padding-bottom:0;line-height:1.8;font-weight:bold;font-size:18pt\"><span style=\"font-size:14pt\">Rinne m\u00e9 iarracht ar chupla v\u00e9arsa a shnadhmadh le ch\u00e9ile mar chloch ar a charn, agus le mo mheas ar \u00e1r Scol\u00e1ire Gaelach fh\u00e9in a chur in i\u00fal. Seo chugaibh  anois \u00e9\u2026\u2026\u2026\u2026\u2026\u2026<\/span><\/p><p style=\"text-align:center;margin-top:0pt;padding-top:0;margin-bottom:0pt;padding-bottom:0;line-height:1.8;font-weight:bold;font-size:18pt\">Laoch eile ar l\u00e1r<\/p><p style=\"margin-top:0pt;padding-top:0;margin-bottom:0pt;padding-bottom:0;line-height:1.8;font-weight:bold;font-size:18pt;margin-left:108pt\"><span style=\"font-size:14pt\">Trom anocht cro\u00ed \u00e9igeas Osra\u00ed,<\/span><\/p><p style=\"margin-top:0pt;padding-top:0;margin-bottom:0pt;padding-bottom:0;line-height:1.8;font-weight:bold;font-size:18pt;margin-left:108pt\"><span style=\"font-size:14pt\">Millteach m\u00f3r a chaill,<\/span><\/p><p style=\"margin-top:0pt;padding-top:0;margin-bottom:0pt;padding-bottom:0;line-height:1.8;font-weight:bold;font-size:18pt;margin-left:108pt\"><span style=\"font-size:14pt\">Fear d\u00e1na eile s\u00ednte, caillte,<\/span><\/p><p style=\"margin-top:0pt;padding-top:0;margin-bottom:0pt;padding-bottom:0;line-height:1.8;font-weight:bold;font-size:18pt;margin-left:108pt\"><span style=\"font-size:14pt\">Fleasc a cheirde sciobtha ar f\u00e1n.<\/span><\/p><p style=\"margin-top:0pt;padding-top:0;margin-bottom:0pt;padding-bottom:0;line-height:1.8;font-weight:bold;font-size:18pt;margin-left:108pt\"><span style=\"height:1em\"><span>.<\/span><\/span><\/p><p style=\"margin-top:0pt;padding-top:0;margin-bottom:0pt;padding-bottom:0;line-height:1.8;font-weight:bold;font-size:18pt;margin-left:108pt\"><span style=\"font-size:14pt\">Tobar eolais, Foinse eagna,<\/span><\/p><p style=\"margin-top:0pt;padding-top:0;margin-bottom:0pt;padding-bottom:0;line-height:1.8;font-weight:bold;font-size:18pt;margin-left:108pt\"><span style=\"font-size:14pt\">Crann taca Gael go hioml\u00e1n<\/span><\/p><p style=\"margin-top:0pt;padding-top:0;margin-bottom:0pt;padding-bottom:0;line-height:1.8;font-weight:bold;font-size:18pt;margin-left:108pt\"><span style=\"font-size:14pt\">Laoch sa bhearna in am an gh\u00e1tair,<\/span><\/p><p style=\"margin-top:0pt;padding-top:0;margin-bottom:0pt;padding-bottom:0;line-height:1.8;font-weight:bold;font-size:18pt;margin-left:108pt\"><span style=\"font-size:14pt\">Ar gcosaint tr\u00e9an gach am is<\/span><span style=\"font-size:14pt\"> tr\u00e1th.<\/span><\/p><p style=\"margin-top:0pt;padding-top:0;margin-bottom:0pt;padding-bottom:0;line-height:1.8;font-weight:bold;font-size:18pt;margin-left:108pt\"><span style=\"height:1em\"><span>.<\/span><\/span><\/p><p style=\"margin-top:0pt;padding-top:0;margin-bottom:0pt;padding-bottom:0;line-height:1.8;font-weight:bold;font-size:18pt;margin-left:108pt\"><span style=\"font-size:14pt\">C\u00e9 sheasfaidh feasta sa bhearna bhaoil d\u00fainn,<\/span><\/p><p style=\"margin-top:0pt;padding-top:0;margin-bottom:0pt;padding-bottom:0;line-height:1.8;font-weight:bold;font-size:18pt;margin-left:108pt\"><span style=\"font-size:14pt\">Nuair a thiocfaidh g\u00e9ar ar chine Gael?<\/span><\/p><p style=\"margin-top:0pt;padding-top:0;margin-bottom:0pt;padding-bottom:0;line-height:1.8;font-weight:bold;font-size:18pt;margin-left:108pt\"><span style=\"font-size:14pt\">C\u00e9 dh\u00e9anfaidh an taighde, lenar gc\u00e1s a scaoileadh,<\/span><\/p><p style=\"margin-top:0pt;padding-top:0;margin-bottom:0pt;padding-bottom:0;line-height:1.8;font-weight:bold;font-size:18pt;margin-left:108pt\"><span style=\"font-size:14pt\">Nuair a dh\u00e9anfar ionsa\u00ed ar \u00e1r n-aos l\u00e9inn.    <\/span><\/p><p style=\"margin-top:0pt;padding-top:0;margin-bottom:0pt;padding-bottom:0;line-height:1.8;font-weight:bold;font-size:18pt;margin-left:108pt\"><span style=\"height:1em\"><span>.<\/span><\/span><\/p><p style=\"margin-top:0pt;padding-top:0;margin-bottom:0pt;padding-bottom:0;line-height:1.8;font-weight:bold;font-size:18pt;margin-left:108pt\"><span style=\"font-size:14pt\">Moth\u00f3idh muid uainn th\u00fa, anseo in Osra\u00ed<\/span><\/p><p style=\"margin-top:0pt;padding-top:0;margin-bottom:0pt;padding-bottom:0;line-height:1.8;font-weight:bold;font-size:18pt;margin-left:108pt\"><span style=\"font-size:14pt\">In aimsir \u00e1lainn \u00e1r nDaonscoile gl\u00e9<\/span><\/p><p style=\"margin-top:0pt;padding-top:0;margin-bottom:0pt;padding-bottom:0;line-height:1.8;font-weight:bold;font-size:18pt;margin-left:108pt\"><span style=\"font-size:14pt\">N\u00f3 ghlac t\u00fa chugat saor\u00e1ntacht \u00e1r R\u00edochta<\/span><\/p><p style=\"margin-top:0pt;padding-top:0;margin-bottom:0pt;padding-bottom:0;line-height:1.8;font-weight:bold;font-size:18pt;margin-left:108pt\"><span style=\"font-size:14pt\">Mar dh\u00fathaigh \u00e1rsa do chine ghil fh\u00e9i<\/span><span style=\"font-size:14pt\">n<\/span><\/p><h1 style=\"margin-top:0pt;padding-top:0;margin-bottom:0pt;padding-bottom:0;line-height:1.8;font-size:14pt;margin-left:108pt\"> <\/h1><h1 style=\"margin-top:0pt;padding-top:0;margin-bottom:0pt;padding-bottom:0;line-height:1.8;font-size:14pt;margin-left:108pt\">Solas na Soilse ag soilsi\u00fa  na sl\u00ed dhuit,<\/h1><p style=\"margin-top:0pt;padding-top:0;margin-bottom:0pt;padding-bottom:0;line-height:1.8;font-size:12pt;margin-left:108pt\"><span style=\"font-size:14pt\">Is leaba gan chnaipe id chomhairse gach tr\u00e1th,<\/span><\/p><p style=\"margin-top:0pt;padding-top:0;margin-bottom:0pt;padding-bottom:0;line-height:1.8;font-size:12pt;margin-left:108pt\"><span style=\"font-size:14pt\">Scol\u00e1ireacht is taighde dod mhealladh le h\u00e9ifeacht,<\/span><\/p><p style=\"margin-top:0pt;padding-top:0;margin-bottom:0pt;padding-bottom:0;line-height:1.8;font-size:12pt;margin-left:108pt\"><span style=\"font-size:14pt\">Anois agus cho\u00edche, go bruinne an bhr\u00e1tha.<\/span><\/p><p style=\"margin-top:0pt;padding-top:0;margin-bottom:0pt;padding-bottom:0;line-height:1.8;font-size:12pt\"><span style=\"height:1em\"><span>.<\/span><\/span><\/p><p style=\"margin-top:0pt;padding-top:0;margin-bottom:0pt;padding-bottom:0;line-height:1.8;font-size:12pt\"><span style=\"font-size:14pt\">Solas na soilse agus leaba i measc Naoimh \u00c9ireann go raibh ag a amam uasal, anocht, agus i dt\u00f3lamh.<\/span><\/p><p style=\"margin-top:0pt;padding-top:0;margin-bottom:0pt;padding-bottom:0;line-height:1.8;font-size:12pt;margin-left:108pt\"><span style=\"height:1em\"><span>.<\/span><\/span><\/p><p style=\"text-align:justify;margin-top:0pt;padding-top:0;margin-bottom:0pt;padding-bottom:0;line-height:1.8;font-weight:bold;font-size:18pt\"><span style=\"height:1em\"><span>.<\/span><\/span><\/p>","protected":false},"excerpt":{"rendered":"<p>Laoch eile ar l\u00e1r . Peadar Bair\u00e9ad An Drochsc\u00e9al Tamall \u00f3 shoin, is ea chuala m\u00e9 an drochsc\u00e9al, go raibh \u00e1r gcara, Daith\u00ed ild\u00e1nach \u00d3 h\u00d3g\u00e1in ar l\u00e1r. N\u00edorbh aon strains\u00e9ar \u00e9 sna b\u00f3la\u00ed seo, n\u00f3 ba bhre\u00e1 leis i gc\u00f3na\u00ed freastal ar \u00e1r nDaonscoil fh\u00e9inig, Daonscoil Osra\u00ed. Beidh cuimhne f\u00f3s againn ar an mbliain [&hellip;]<\/p>\n","protected":false},"author":2,"featured_media":13435,"comment_status":"open","ping_status":"open","sticky":false,"template":"","format":"standard","meta":{"nf_dc_page":"","_et_pb_use_builder":"","_et_pb_old_content":"","_et_gb_content_width":"","footnotes":""},"categories":[1],"tags":[],"class_list":["post-12299","post","type-post","status-publish","format-standard","has-post-thumbnail","hentry","category-gan-chatagoir"],"_links":{"self":[{"href":"https:\/\/mickgb.com\/en\/wp-json\/wp\/v2\/posts\/12299","targetHints":{"allow":["GET"]}}],"collection":[{"href":"https:\/\/mickgb.com\/en\/wp-json\/wp\/v2\/posts"}],"about":[{"href":"https:\/\/mickgb.com\/en\/wp-json\/wp\/v2\/types\/post"}],"author":[{"embeddable":true,"href":"https:\/\/mickgb.com\/en\/wp-json\/wp\/v2\/users\/2"}],"replies":[{"embeddable":true,"href":"https:\/\/mickgb.com\/en\/wp-json\/wp\/v2\/comments?post=12299"}],"version-history":[{"count":1,"href":"https:\/\/mickgb.com\/en\/wp-json\/wp\/v2\/posts\/12299\/revisions"}],"predecessor-version":[{"id":12300,"href":"https:\/\/mickgb.com\/en\/wp-json\/wp\/v2\/posts\/12299\/revisions\/12300"}],"wp:featuredmedia":[{"embeddable":true,"href":"https:\/\/mickgb.com\/en\/wp-json\/wp\/v2\/media\/13435"}],"wp:attachment":[{"href":"https:\/\/mickgb.com\/en\/wp-json\/wp\/v2\/media?parent=12299"}],"wp:term":[{"taxonomy":"category","embeddable":true,"href":"https:\/\/mickgb.com\/en\/wp-json\/wp\/v2\/categories?post=12299"},{"taxonomy":"post_tag","embeddable":true,"href":"https:\/\/mickgb.com\/en\/wp-json\/wp\/v2\/tags?post=12299"}],"curies":[{"name":"wp","href":"https:\/\/api.w.org\/{rel}","templated":true}]}}