{"id":12313,"date":"2017-04-04T11:00:00","date_gmt":"2017-04-04T11:00:00","guid":{"rendered":"https:\/\/mickgb.com\/?p=12313"},"modified":"2024-04-08T01:06:54","modified_gmt":"2024-04-08T01:06:54","slug":"daonscoil-osrai-agus-feile-cheilteach-chill-chainnigh","status":"publish","type":"post","link":"https:\/\/mickgb.com\/en\/daonscoil-osrai-agus-feile-cheilteach-chill-chainnigh\/","title":{"rendered":"Daonscoil Osrai agus Feile Cheilteach Chill Chainnigh"},"content":{"rendered":"<h1 style=\"text-align:justify;margin-top:0pt;padding-top:0;margin-bottom:0pt;padding-bottom:0;line-height:2.4;font-weight:bold;font-size:16pt\"><span style=\"font-size:12pt\">poll\u00e1ir\u00ed<\/span><span style=\"font-size:12pt\">, nostrils;   <\/span><span style=\"font-size:12pt\">\u00e9acht<\/span><span style=\"font-size:12pt\">, a feat;   <\/span><span style=\"font-size:12pt\">oidhreacht \u00e1rsa<\/span><span style=\"font-size:12pt\">,  an ancient heritage;   <\/span><span style=\"font-size:12pt\">sa diallait<\/span><span style=\"font-size:12pt\">,  in charge;   <\/span><span style=\"font-size:12pt\">tr\u00e1chtaireacht<\/span><span style=\"font-size:12pt\">, commentary;   <\/span><span style=\"font-size:12pt\">goile<\/span><span style=\"font-size:12pt\">, appetite;   <\/span><span style=\"font-size:12pt\">taca\u00edocht<\/span><span style=\"font-size:12pt\">, support.<\/span><\/h1><p style=\"margin-top:0pt;padding-top:0;margin-bottom:0pt;padding-bottom:0;line-height:1.2\"><span style=\"height:1em\"><span>.<\/span><\/span><\/p><h1 style=\"text-align:center;margin-top:0pt;padding-top:0;margin-bottom:0pt;padding-bottom:0;line-height:1.8;font-weight:bold;font-size:16pt\">Daonscoil Osra\u00ed <\/h1><h1 style=\"text-align:center;margin-top:0pt;padding-top:0;margin-bottom:0pt;padding-bottom:0;line-height:1.8;font-weight:bold;font-size:16pt\">Agus F\u00e9ile Cheilteach Chill Chainnigh.<\/h1><h1 style=\"text-align:center;margin-top:0pt;padding-top:0;margin-bottom:0pt;padding-bottom:0;line-height:1.8;font-weight:bold;font-size:16pt\">Deireadh F\u00f3mhair 2005<\/h1><p style=\"text-align:center;margin-top:0pt;padding-top:0;margin-bottom:0pt;padding-bottom:0;line-height:1.2\"><span style=\"height:1em\"><span>.<\/span><\/span><\/p><h2 style=\"margin-top:0pt;padding-top:0;margin-bottom:0pt;padding-bottom:0;line-height:2.4;font-weight:bold;font-size:14pt\">Peadar Bair\u00e9ad<\/h2><h3 style=\"text-align:center;margin-top:0pt;padding-top:0;margin-bottom:0pt;padding-bottom:0;line-height:1.2;font-weight:bold;font-size:14pt\">An Exciting Daonscoil<\/h3><p style=\"text-align:justify;margin-top:0pt;padding-top:0;margin-bottom:0pt;padding-bottom:0;line-height:2.4\"><span style=\"height:1em\"><span>.<\/span><\/span><\/p><p style=\"text-align:justify;margin-top:0pt;padding-top:0;margin-bottom:0pt;padding-bottom:0;line-height:2.4\">Nuair a fhaighim Cl\u00e1r Dhaonscoil Osra\u00ed, an tr\u00e1th seo chuile bhliain, b\u00edonn a fhios agam l\u00e1ithreach, nach fada uainn an Geimhreadh g\u00e1ifeach, n\u00f3 tion\u00f3ltar an Daonscoil s\u2019againne i M\u00ed Dheireadh F\u00f3mhair, agus faoin am sin, is f\u00e9idir boladh na Samhna, agus t\u00fas an Gheimhridh, a fh\u00e1il id  pholl\u00e1ir\u00ed cheana f\u00e9in, agus d\u00e1 chomhartha sin, n\u00ed go hannamh a thagann c\u00e9adsioc an Gheimhrid chugainn i bhfochair na Daonscoile. Ach n\u00ed chuige sin at\u00e1 m\u00e9, an babhta seo, ach chuige seo, agus sin, go bhfuil thart ar sheacht l\u00e1 le Gaeilge, geallta d\u00fainn, ag t\u00fas Dheireadh F\u00f3mhair na bliana seo, agus n\u00ed \u00e9acht beag n\u00e1 suarach \u00e9 sin.<\/p><h3 style=\"text-align:center;margin-top:0pt;padding-top:0;margin-bottom:0pt;padding-bottom:0;line-height:2.4;font-weight:bold;font-size:14pt\">In the Parade Tower<\/h3><p style=\"text-align:justify;margin-top:0pt;padding-top:0;margin-bottom:0pt;padding-bottom:0;line-height:2.4\">Daonscoil Osra\u00ed 2005 a thiocfaidh le ch\u00e9ile i dtosach, agus cuirfear t\u00fas leis an scoil, o\u00edche Aoine, an 7\u00fa Deireadh F\u00f3mhair, \u201905, nuair a chuirfear F\u00e1ilte roimh scol\u00e1ir\u00ed na bliana seo i dT\u00far na Par\u00e1ide, i gCaisle\u00e1n Chill Chainnigh, ag a hocht a chlog. Tabharfaidh sin deis do scol\u00e1ir\u00ed na bliana seo bualadh le ch\u00e9ile, agus a gcomhr\u00e1 a dh\u00e9anamh, roimh an Oscailt Oifigi\u00fail, nuair a chuirfear t\u00fas le himeachta\u00ed Dhaonscoil na bliana seo. Ag a ceathr\u00fa chun a naoi, tiocfaidh \u00e1r seanchara, An Docht\u00fair Daith\u00ed \u00d3 h\u00d3g\u00e1in, U.C.D. ar an bhf\u00f3d, le c\u00e9ad l\u00e9acht na bliana seo a thabhairt.  \u201cNa Ceiltigh \u2013 Oidhreacht \u00c1rsa\u201d, an t\u00e9ad ar a sheinnfidh Daith\u00ed a phort, an babhta seo. N\u00ed g\u00e1 a r\u00e1 go mbeidh tarraingt faoi leith ar an l\u00e9acht seo, n\u00f3 t\u00e1 s\u00e9 deacair an Docht\u00fair c\u00e9anna seo a bhualadh, mar is duine \u00e9 a bhfuil idir fios agus leigheas aige nuair a thugann s\u00e9 faoi \u00e1bhar a bhfuil baint aige le b\u00e9aloideas n\u00f3 seanchas, n\u00f3 tada d\u00e1 leith\u00e9id sin. Beifear ag s\u00fail le h\u00e9acht uaidh agus an l\u00e9acht seo idir cham\u00e1in aige. I ndiaidh na l\u00e9achta sin beidh Ceili\u00faradh na hO\u00edche a chom\u00f3radh sa Robertson Suite in \u00d3st\u00e1n Chill Chainnigh. <\/p><h3 style=\"text-align:center;margin-top:0pt;padding-top:0;margin-bottom:0pt;padding-bottom:0;line-height:2.4;font-weight:bold;font-size:14pt\">The Celtic Languages<\/h3><p style=\"text-align:justify;margin-top:0pt;padding-top:0;margin-bottom:0pt;padding-bottom:0;line-height:2.4\">Ar an Satharn ansin, tiocfaidh scol\u00e1ir\u00ed na Daonscoile le ch\u00e9ile ar\u00eds, i dT\u00far na Par\u00e1ide, sa Chaisle\u00e1n, mar a dtabharfaidh an Docht\u00fair Proinsias \u00d3 Drisceoil l\u00e9acht uaidh ar \u201cThe Celtic Languages\u201d.  N\u00ed g\u00e1 a r\u00e1 go mbeidh fonn ar chuile scol\u00e1ire \u00e9isteacht leis an l\u00e9acht seo, agus \u00f3 tharla gurb \u00e9 Proinsias s\u2019againne a bheidh sa diallait, an babhta seo, b\u00ed cinnte go dtabharfar \u00e9isteacht aireach, d\u00fathrachtach do.  <\/p><p style=\"text-align:justify;margin-top:0pt;padding-top:0;margin-bottom:0pt;padding-bottom:0;line-height:2.4\">N\u00edos d\u00e9ana\u00ed, an Satharn sin, tabharfar lucht na Daonscoile ar Thuras Bus, agus faoi mar is gn\u00e1ch, beidh Pat Nolan S.E.R.T.O. sa diallait don turas c\u00e9anna sin. T\u00e1 m\u00e9 cinnte, go mbainfear an-taitneamh as idir thuras agus thr\u00e1chtaireacht, n\u00f3 t\u00e1 Pat molta mar thr\u00e1chtaire agus mise i mo thost. F\u00e1gfaidh an Bus Cl\u00f3s an Mhargaidh ag a 2.00 i.n.  N\u00ed call dom a r\u00e1, go mbeidh goile ag na scol\u00e1ir\u00ed don bhF\u00e9asta Cheilteach, a leagfar os a gcomhair, ag a 7.00 an tr\u00e1thn\u00f3na sin, agus nuair a chuirfidh t\u00fa le sin, go dtabharfaidh \u00c9amon \u00d3 Cath\u00e1in l\u00e9acht l\u00e9irithe uaidh, n\u00edos d\u00e9ana\u00ed, is f\u00e9idir a bheith cinnte, go mbeidh tuirse ar lucht na Daonscoile an o\u00edche sin, agus go gcodl\u00f3idh siad go s\u00e1mh go maidin arna mh\u00e1rach.<\/p><h3 style=\"text-align:center;margin-top:0pt;padding-top:0;margin-bottom:0pt;padding-bottom:0;line-height:2.4;font-weight:bold;font-size:14pt\">The Daonscoil Mass<\/h3><p style=\"text-align:justify;margin-top:0pt;padding-top:0;margin-bottom:0pt;padding-bottom:0;line-height:2.4\">Ceili\u00farfar Aifreann na F\u00e9ile, sa bhFriary, Maidin Domhnaigh, ag a 11.00 r.n. Craolfar an tAifreann sin beo ar Raidi\u00f3 na Gaeltachta, an mhaidin sin.<\/p><p style=\"text-align:justify;margin-top:0pt;padding-top:0;margin-bottom:0pt;padding-bottom:0;line-height:2.4\">T\u00e1 m\u00e9 cinnte go mbainfear taitneamh agus tairbhe as Cl\u00e1r na Daonscoile seo \u201905.<\/p><p style=\"text-align:justify;margin-top:0pt;padding-top:0;margin-bottom:0pt;padding-bottom:0;line-height:2.4\">Ach beidh tuilleadh ar f\u00e1il do lucht na Gaeilge agus an Ghaelachais i rith na seachtaine d\u00e1r gcionn, n\u00f3 seolfar F\u00e9ile Cheilteach Chill Chainnigh ar Ch\u00e9adaoin na seachtaine c\u00e9anna sin, an 12\u00fa Deireadh F\u00f3mhair \u201905, nuair a l\u00e9ireoidh Siamsa T\u00edre, (The National Folk Theatre of Ireland)  CLANN  LIR , th\u00edos in Amharclann an Watergate, ag tos\u00fa ag a 8.00 an o\u00edche sin.  Chomh fada agus is eol dom, l\u00e9ireoidh siad an Dr\u00e1ma c\u00e9anna sin ar\u00eds ar o\u00edche D\u00e9ardaoin, an 13\u00fa de Dheireadh F\u00f3mhair, ag an am gc\u00e9anna. Chomh maith le sin, beidh Craft Fair ar si\u00fal i dTeach an Bhuitl\u00e9irigh, \u00f3 Ch\u00e9adaoin go Satharn na seachtaine sin. T\u00e1 m\u00e9 cinnte, go mbeidh an-tarraingt ar an Aonach c\u00e9anna sin. <\/p><h3 style=\"text-align:center;margin-top:0pt;padding-top:0;margin-bottom:0pt;padding-bottom:0;line-height:2.4;font-weight:bold;font-size:14pt\">Storytelling Time<\/h3><p style=\"text-align:justify;margin-top:0pt;padding-top:0;margin-bottom:0pt;padding-bottom:0;line-height:2.4\">N\u00ed dh\u00e9anfar dearmad ar an aos \u00f3g, ach oiread, le linn na F\u00e9ile Ceilt\u00ed, n\u00f3 beidh deis acusan teacht le ch\u00e9ile th\u00edos i dTeach an Bhuitl\u00e9irigh, ar an Satharn, ag a 3.00 i.n. nuair a chuirfidh Liz Weir cl\u00e1r sc\u00e9ala\u00edochta ar f\u00e1il d\u00f3ibh.<\/p><p style=\"text-align:justify;margin-top:0pt;padding-top:0;margin-bottom:0pt;padding-bottom:0;line-height:2.4\">M\u00e1 t\u00e1 tuilleadh eolais uait, n\u00edl le d\u00e9anamh agat ach glaoch ar She\u00e1n Breathnach, ag (056) 7722744, n\u00f3 ar Dhonnchadh \u00d3 Raghailligh, ag (056) 7765821. Cuirfidh siadsan ar an eolas th\u00fa.<\/p><p style=\"text-align:justify;margin-top:0pt;padding-top:0;margin-bottom:0pt;padding-bottom:0;line-height:2.4\">Bhuel, sin agat anois cl\u00e1r na bliana seo, don Daonscoil, agus don bhF\u00e9ile Cheilteach freisin, agus t\u00e1 m\u00e9 cinnte go n-aont\u00f3idh t\u00fa liom, go bhfuil cl\u00e1r ar d\u00f3igh leagtha amach ag an d\u00e1 Choiste sin d\u00fainn, agus gan le d\u00e9anamh againne ach \u00e1r dtaca\u00edocht a thabhairt d\u00f3ibh.  B\u00ed cinnte, go bhfuil na d\u00e1tai sin curtha isteach id Dhialann agat, n\u00f3 mar is eol duit fh\u00e9in, n\u00ed mhairfidh f\u00e9ilte d\u00e1 leith\u00e9id seo, gan taca\u00edocht an phobail.<\/p><p style=\"margin-top:0pt;padding-top:0;margin-bottom:0pt;padding-bottom:0;line-height:2.4\"><span style=\"height:1em\"><span>.<\/span><\/span><\/p><p style=\"margin-top:0pt;padding-top:0;margin-bottom:0pt;padding-bottom:0;line-height:2.4\"><span style=\"height:1em\"><span>.<\/span><\/span><\/p><p style=\"text-align:center;margin-top:0pt;padding-top:0;margin-bottom:0pt;padding-bottom:0;line-height:2.4\"><span style=\"height:1em\"><span>.<\/span><\/span><\/p><p style=\"text-align:justify;margin-top:0pt;padding-top:0;margin-bottom:0pt;padding-bottom:0;line-height:2.4\"><span style=\"height:1em\"><span>.<\/span><\/span><\/p><p style=\"text-align:center;margin-top:0pt;padding-top:0;margin-bottom:0pt;padding-bottom:0;line-height:1.2\"><span style=\"height:1em\"><span>.<\/span><\/span><\/p><p style=\"margin-top:0pt;padding-top:0;margin-bottom:0pt;padding-bottom:0;line-height:2.4\"><span style=\"height:1em\"><span>.<\/span><\/span><\/p>","protected":false},"excerpt":{"rendered":"<p>poll\u00e1ir\u00ed, nostrils; \u00e9acht, a feat; oidhreacht \u00e1rsa, an ancient heritage; sa diallait, in charge; tr\u00e1chtaireacht, commentary; goile, appetite; taca\u00edocht, support. . Daonscoil Osra\u00ed Agus F\u00e9ile Cheilteach Chill Chainnigh. Deireadh F\u00f3mhair 2005 . Peadar Bair\u00e9ad An Exciting Daonscoil . Nuair a fhaighim Cl\u00e1r Dhaonscoil Osra\u00ed, an tr\u00e1th seo chuile bhliain, b\u00edonn a fhios agam l\u00e1ithreach, nach [&hellip;]<\/p>\n","protected":false},"author":2,"featured_media":13435,"comment_status":"open","ping_status":"open","sticky":false,"template":"","format":"standard","meta":{"nf_dc_page":"","_et_pb_use_builder":"","_et_pb_old_content":"","_et_gb_content_width":"","footnotes":""},"categories":[1],"tags":[],"class_list":["post-12313","post","type-post","status-publish","format-standard","has-post-thumbnail","hentry","category-gan-chatagoir"],"_links":{"self":[{"href":"https:\/\/mickgb.com\/en\/wp-json\/wp\/v2\/posts\/12313","targetHints":{"allow":["GET"]}}],"collection":[{"href":"https:\/\/mickgb.com\/en\/wp-json\/wp\/v2\/posts"}],"about":[{"href":"https:\/\/mickgb.com\/en\/wp-json\/wp\/v2\/types\/post"}],"author":[{"embeddable":true,"href":"https:\/\/mickgb.com\/en\/wp-json\/wp\/v2\/users\/2"}],"replies":[{"embeddable":true,"href":"https:\/\/mickgb.com\/en\/wp-json\/wp\/v2\/comments?post=12313"}],"version-history":[{"count":1,"href":"https:\/\/mickgb.com\/en\/wp-json\/wp\/v2\/posts\/12313\/revisions"}],"predecessor-version":[{"id":12314,"href":"https:\/\/mickgb.com\/en\/wp-json\/wp\/v2\/posts\/12313\/revisions\/12314"}],"wp:featuredmedia":[{"embeddable":true,"href":"https:\/\/mickgb.com\/en\/wp-json\/wp\/v2\/media\/13435"}],"wp:attachment":[{"href":"https:\/\/mickgb.com\/en\/wp-json\/wp\/v2\/media?parent=12313"}],"wp:term":[{"taxonomy":"category","embeddable":true,"href":"https:\/\/mickgb.com\/en\/wp-json\/wp\/v2\/categories?post=12313"},{"taxonomy":"post_tag","embeddable":true,"href":"https:\/\/mickgb.com\/en\/wp-json\/wp\/v2\/tags?post=12313"}],"curies":[{"name":"wp","href":"https:\/\/api.w.org\/{rel}","templated":true}]}}