{"id":12321,"date":"2017-04-04T11:00:00","date_gmt":"2017-04-04T11:00:00","guid":{"rendered":"https:\/\/mickgb.com\/?p=12321"},"modified":"2024-04-08T01:08:36","modified_gmt":"2024-04-08T01:08:36","slug":"dearg-le-fearg","status":"publish","type":"post","link":"https:\/\/mickgb.com\/en\/dearg-le-fearg\/","title":{"rendered":"Dearg le  Fearg"},"content":{"rendered":"<p style=\"text-align:center;margin-top:0pt;padding-top:0;margin-bottom:0pt;padding-bottom:0;line-height:1.2\"><strong><span style=\"font-size:28pt\">\u201c<\/span><span style=\"font-size:28pt\">Dearg le  Fearg<\/span><span style=\"font-size:28pt\">\u201d<\/span><\/strong><\/p><p style=\"margin-top:0pt;padding-top:0;margin-bottom:10pt;padding-bottom:0;line-height:1.38\"><span style=\"height:1em\"><span>.<\/span><\/span><\/p><p style=\"margin-top:0pt;padding-top:0;margin-bottom:10pt;padding-bottom:0;line-height:1.38\"><span style=\"font-size:14pt\">Peadar Bair\u00e9ad<\/span><\/p><p style=\"text-align:center;margin-top:0pt;padding-top:0;margin-bottom:10pt;padding-bottom:0;line-height:1.38\"><span style=\"font-size:14pt\">(<\/span><strong><span style=\"font-size:14pt\"><em>This week we consider The Language Revival, past and present)<\/em><\/span><\/strong><\/p><p style=\"text-align:center;margin-top:0pt;padding-top:0;margin-bottom:10pt;padding-bottom:0;line-height:1.8\"><strong><span style=\"font-size:18pt\">L\u00e1 M\u00f3r na Gaeilge<\/span><\/strong><\/p><p style=\"text-align:justify;margin-top:0pt;padding-top:0;margin-bottom:10pt;padding-bottom:0;line-height:1.8\"><span style=\"font-size:14pt\">M\u00f3<\/span><span style=\"font-size:14pt\">r idir inn\u00e9<\/span><span style=\"font-size:14pt\"> agus inniu, faoi<\/span><span style=\"font-size:14pt\"> mar adeireadh an seandream fad\u00f3, nuair a<\/span> <span style=\"font-size:14pt\">bh\u00ed<\/span><span style=\"font-size:14pt\">d\u00eds ag cur s\u00edos ar na hathruithe a bh\u00ed tagtha ar an saol \u00f3 bh\u00edodarsan ina ngas\u00fair. N\u00ed fh\u00e9<\/span><span style=\"font-size:14pt\">adfainnse a<\/span><span style=\"font-size:14pt\">n r\u00e1<\/span><span style=\"font-size:14pt\">iteas sin a bhr\u00e9agn\u00fa \u00f3 mo chleachtadh fh\u00e9in ar <\/span><span style=\"font-size:14pt\">an saol<\/span><span style=\"font-size:14pt\">. Mar n<\/span><span style=\"font-size:14pt\">uair a bh\u00ed mise ag f\u00e1s an\u00edos, in \u00f3<\/span><span style=\"font-size:14pt\">ige na haoise seo caite<\/span><span style=\"font-size:14pt\">, bh\u00ed<\/span> <span style=\"font-size:14pt\">\u2018chuile dhuine f\u00f3s loml\u00e1n le spiorad Lucht an \u00c9ir\u00ed<\/span><span style=\"font-size:14pt\"> Amach<\/span><span style=\"font-size:14pt\">, agus n\u00ed call dom a r\u00e1<\/span><span style=\"font-size:14pt\"> go raibh S<\/span><span style=\"font-size:14pt\">aoirse na cosmhuintire, Athaont\u00fa<\/span><span style=\"font-size:14pt\"> na T\u00ed<\/span><span style=\"font-size:14pt\">re, agus Athbheochan na Teanga<\/span><span style=\"font-size:14pt\">, mar chlocha<\/span><span style=\"font-size:14pt\"> riachtanacha<\/span><span style=\"font-size:14pt\"> ar Phaidr\u00ed<\/span><span style=\"font-size:14pt\">n <\/span><span style=\"font-size:14pt\">\u2018<\/span><span style=\"font-size:14pt\">chuil<\/span><span style=\"font-size:14pt\">e dhuine, geall leis. Chuaigh m\u00e9 fh\u00e9in le sagart\u00f3ireacht<\/span><span style=\"font-size:14pt\"> , ach tr\u00e1th a raibh l<\/span><span style=\"font-size:14pt\">\u00e9ann an tsagairt \u00e1 chur orm, bh\u00ed<\/span><span style=\"font-size:14pt\">omarna, micl\u00e9inn, loml\u00e1n le spiorad an n\u00e1isi\u00fain<\/span><span style=\"font-size:14pt\"> freisin<\/span><span style=\"font-size:14pt\">. <\/span><span style=\"font-size:14pt\">Sin an cine\u00e1l ruda at\u00e1<\/span><span style=\"font-size:14pt\"> i gceist agam. <\/span><span style=\"font-size:14pt\">Theastaigh \u00f3<\/span><span style=\"font-size:14pt\"> <\/span><span style=\"font-size:14pt\">\u2018<\/span><span style=\"font-size:14pt\">chuile dhuine, geall leis, dul le Gaeilge<\/span><span style=\"font-size:14pt\">,<\/span><span style=\"font-size:14pt\"> feas<\/span><span style=\"font-size:14pt\">ta. Rinne an Rialtas a chion fh\u00e9<\/span><span style=\"font-size:14pt\">in<\/span><span style=\"font-size:14pt\"> <\/span><span style=\"font-size:14pt\">sa chusp\u00f3ir n\u00e1isi\u00fa<\/span><span style=\"font-size:14pt\">nta sin<\/span><span style=\"font-size:14pt\">, ag an am<\/span><span style=\"font-size:14pt\">. <\/span><span style=\"font-size:14pt\">Chreid chuile dhuine, <\/span><span style=\"font-size:14pt\">beagnach, go mba th\u00edr gan anam \u00ed<\/span><span style=\"font-size:14pt\"> an t\u00edr nach raibh a teanga fh\u00e9in aice.<\/span><\/p><p style=\"text-align:center;margin-top:0pt;padding-top:0;margin-bottom:10pt;padding-bottom:0;line-height:1.8\"><strong><span style=\"font-size:18pt\">A<\/span><span style=\"font-size:18pt\">thbheochan agus athphr\u00e9amh\u00fa<\/span><\/strong><\/p><p style=\"text-align:justify;margin-top:0pt;padding-top:0;margin-bottom:10pt;padding-bottom:0;line-height:1.8\"><span style=\"font-size:14pt\">Anois, caithfear a admh\u00e1<\/span><span style=\"font-size:14pt\">il<\/span><span style=\"font-size:14pt\">,<\/span><span style=\"font-size:14pt\"> go<\/span><span style=\"font-size:14pt\"> raibh d\u00e1ir\u00edreacht ag baint le hiarrachta\u00ed \u00e1<\/span><span style=\"font-size:14pt\">r Rialta<\/span><span style=\"font-size:14pt\">s leis an teanga n\u00e1isi\u00fanta a a<\/span><span style=\"font-size:14pt\">thheochan<\/span><span style=\"font-size:14pt\">, agus a athphr\u00e9amh\u00fa, ar\u00ed<\/span><span style=\"font-size:14pt\">s<\/span><span style=\"font-size:14pt\">, mar phr\u00ed<\/span><span style=\"font-size:14pt\">o<\/span><span style=\"font-size:14pt\">mhtheanga an n\u00e1isi\u00fain, agus na t\u00ed<\/span><span style=\"font-size:14pt\">re, ar feadh roinnt mhaith blianta, ach <\/span><span style=\"font-size:14pt\">de r\u00e9<\/span><span style=\"font-size:14pt\">ir mar a chuaigh caitheamh sna laethe <\/span><span style=\"font-size:14pt\">agus sna blianta <\/span><span style=\"font-size:14pt\">\u00e1<\/span><span style=\"font-size:14pt\">fach<\/span><span style=\"font-size:14pt\">, th\u00e1inig meath ar chuid den d\u00e1ir\u00ed<\/span><span style=\"font-size:14pt\">reacht sin<\/span><span style=\"font-size:14pt\">,<\/span><span style=\"font-size:14pt\"> agus a<\/span><span style=\"font-size:14pt\">r ball, tuigeadh go mbeadh an d\u00e1theangachas n\u00ed<\/span><span style=\"font-size:14pt\">os ciallmhaire mar sprioc<\/span><span style=\"font-size:14pt\">,<\/span><span style=\"font-size:14pt\"> agus mar chloch chora<\/span><span style=\"font-size:14pt\">, ar \u00e1r mbealach chun na hathbheochana inmhianaithe. Tar \u00e9is tr\u00e9imhse i mbun an <\/span><span style=\"font-size:14pt\">chusp\u00f3ra sin \u00e1<\/span><span style=\"font-size:14pt\">fach<\/span><span style=\"font-size:14pt\">,<\/span><span style=\"font-size:14pt\"> tuigea<\/span><span style=\"font-size:14pt\">dh do roinnt \u00e1<\/span><span style=\"font-size:14pt\">irithe daoine<\/span><span style=\"font-size:14pt\">,<\/span><span style=\"font-size:14pt\"> go raibh ag teip orainn a<\/span><span style=\"font-size:14pt\">on dul chun cinn suntasach a dh\u00e9anamh ar \u00e1<\/span><span style=\"font-size:14pt\">r mbealach chun na sprice sin<\/span><span style=\"font-size:14pt\">,<\/span><span style=\"font-size:14pt\"> ach oiread<\/span><span style=\"font-size:14pt\">.<\/span><span style=\"font-size:14pt\"> <\/span><\/p><p style=\"text-align:center;margin-top:0pt;padding-top:0;margin-bottom:10pt;padding-bottom:0;line-height:1.8\"><strong><span style=\"font-size:18pt\">\u201c<\/span><span style=\"font-size:18pt\">Dearg le Fearg<\/span><span style=\"font-size:18pt\">\u201d<\/span><\/strong><\/p><p style=\"text-align:justify;margin-top:0pt;padding-top:0;margin-bottom:10pt;padding-bottom:0;line-height:1.8\"><span style=\"font-size:14pt\">Deineadh an sc\u00e9al a scr\u00fad\u00fa<\/span><span style=\"font-size:14pt\">,<\/span><span style=\"font-size:14pt\"> agus a athscr\u00fad\u00fa, ar\u00ed<\/span><span style=\"font-size:14pt\">s i<\/span><span style=\"font-size:14pt\">s ar\u00ed<\/span><span style=\"font-size:14pt\">s eile. Leagadh an plean seo amach<\/span><span style=\"font-size:14pt\">, is leagadh an plean <\/span><span style=\"font-size:14pt\">\u00fad<\/span><span style=\"font-size:14pt\"> eile<\/span><span style=\"font-size:14pt\"> amach, ach ba \u00e9 an sc\u00e9al c\u00e9anna i gc\u00f3na\u00ed \u00e9. Bh\u00ed ag teip orainn cusp\u00f3ir \u00fad an \u00c9<\/span><span style=\"font-size:14pt\">ir<\/span><span style=\"font-size:14pt\">i Amach a bhaint amach. Tamall \u00f3<\/span><span style=\"font-size:14pt\"> shoin<\/span><span style=\"font-size:14pt\">, socra\u00edodh ar strait\u00e9<\/span><span style=\"font-size:14pt\">is fiche bliain don Ghaeilge<\/span><span style=\"font-size:14pt\"> a chur i bhfeidhm<\/span><span style=\"font-size:14pt\">,<\/span><span style=\"font-size:14pt\"> <\/span><span style=\"font-size:14pt\"> agus ceapadh Coimisi<\/span><span style=\"font-size:14pt\">n\u00e9<\/span><span style=\"font-size:14pt\">ir Teanga<\/span><span style=\"font-size:14pt\">, le f\u00e9<\/span><span style=\"font-size:14pt\">achaint chuige<\/span><span style=\"font-size:14pt\">, go nd\u00e9anfadh an Earn\u00e1<\/span><span style=\"font-size:14pt\">i<\/span><span style=\"font-size:14pt\">l P<\/span><span style=\"font-size:14pt\">hoibl\u00ed, agus eagra\u00edochta\u00ed st\u00e1<\/span><span style=\"font-size:14pt\">t-<\/span><span style=\"font-size:14pt\">urraithe<\/span><span style=\"font-size:14pt\"> chuile dh\u00ed<\/span><span style=\"font-size:14pt\">cheall<\/span><span style=\"font-size:14pt\"> lena gcuid seirbh\u00eds\u00ed uilig a chur ar f\u00e1il tr\u00ed<\/span><span style=\"font-size:14pt\"> Ghaeilge<\/span><span style=\"font-size:14pt\">,<\/span><span style=\"font-size:14pt\"> d\u00f3ibh si\u00fad arbh \u00e9<\/span><span style=\"font-size:14pt\"> a mian<\/span><span style=\"font-size:14pt\">, gn\u00f3 a dh\u00e9anamh leo tr\u00edd an dteanga n\u00e1isi\u00fa<\/span><span style=\"font-size:14pt\">nta sin. Agus glactar leis<\/span><span style=\"font-size:14pt\">, nach tr\u00ed f\u00e1bhar a dh\u00e9anfaid\u00eds a leith\u00e9id ach toisc gurb \u00e9<\/span><span style=\"font-size:14pt\"> sin a gceart<\/span><span style=\"font-size:14pt\">, mar shaor\u00e1<\/span><span style=\"font-size:14pt\">naigh<\/span><span style=\"font-size:14pt\">, sa St\u00e1t D<\/span><span style=\"font-size:14pt\">\u00e1<\/span><span style=\"font-size:14pt\">theangach seo.<\/span><\/p><p style=\"text-align:justify;margin-top:0pt;padding-top:0;margin-bottom:10pt;padding-bottom:0;line-height:1.8\"><span style=\"font-size:14pt\">Ba \u00e9 toradh a bh\u00ed ar an socr\u00fa sin n<\/span><span style=\"font-size:14pt\">\u00f3 gur \u00e9irigh an Coimisin\u00e9ir<\/span><span style=\"font-size:14pt\">, Se\u00e1n \u00d3<\/span><span style=\"font-size:14pt\"> Curre\u00e1in<\/span><span style=\"font-size:14pt\">,<\/span><span style=\"font-size:14pt\"> as a phost<\/span><span style=\"font-size:14pt\">, toisc go raibh ag teip ar an St\u00e1<\/span><span style=\"font-size:14pt\">t a t<\/span><span style=\"font-size:14pt\">h<\/span><span style=\"font-size:14pt\">aobhsa<\/span><span style=\"font-size:14pt\">n den mhargadh a choimhl\u00edonadh<\/span><span style=\"font-size:14pt\">,<\/span><span style=\"font-size:14pt\"> tr\u00ed<\/span><span style=\"font-size:14pt\"> <\/span><span style=\"font-size:14pt\">gan comhoibri\u00fa leis<\/span><span style=\"font-size:14pt\"> an gCoimisin\u00e9ir<\/span><span style=\"font-size:14pt\"> ina dhualgais\u00ed i leith na teanga <\/span><span style=\"font-size:14pt\">. T\u00e1 s\u00fa<\/span><span style=\"font-size:14pt\">il againn<\/span><span style=\"font-size:14pt\">, go mbeidh comhoibri\u00fa n\u00edos fearr le f\u00e1<\/span><span style=\"font-size:14pt\">il ag a chomharba<\/span><span style=\"font-size:14pt\">,<\/span><span style=\"font-size:14pt\"> R\u00f3n\u00e1n \u00d3 Domhnaill,<\/span><span style=\"font-size:14pt\"> sa phost c\u00e9<\/span><span style=\"font-size:14pt\">anna sin.<\/span><span style=\"font-size:14pt\"> M\u00e1 tharla\u00edonn sin, tabharfar seans eile don teanga bhocht.<\/span><span style=\"font-size:14pt\"> <\/span><span style=\"font-size:14pt\">Agus n\u00e1rbh oiri\u00fanach<\/span><span style=\"font-size:14pt\"> an timpiste \u00e9<\/span><span style=\"font-size:14pt\"> gur eagra\u00edodh L\u00e1 M\u00f3r na Gaeilge sna s\u00e1la ar fh\u00f3gairt an Choimisin\u00e9<\/span><span style=\"font-size:14pt\">ara <\/span><span style=\"font-size:14pt\">Teanga go raibh socraithe aige \u00e9ir\u00ed<\/span><span style=\"font-size:14pt\"> as oifig <\/span><span style=\"font-size:14pt\">toisc nach raibh C<\/span><span style=\"font-size:14pt\">othrom na F\u00e9inne \u00e1 thabhairt don ch\u00e9ad teanga n\u00e1isi\u00fanta. Agus ba \u00e9 cusp\u00f3ir an teacht le ch\u00e9ile sin n\u00f3 dea-mh\u00e9in an phobail n\u00e1isi\u00fa<\/span><span style=\"font-size:14pt\">n<\/span><span style=\"font-size:14pt\">ta i leith na teanga<\/span><span style=\"font-size:14pt\"> a l\u00e9iri\u00fa<\/span><span style=\"font-size:14pt\"> don Rialtas<\/span><span style=\"font-size:14pt\">,<\/span><span style=\"font-size:14pt\"> agus <\/span><span style=\"font-size:14pt\">le go gcuirf\u00ed ar a s\u00faile d\u00f3ibh<\/span><span style=\"font-size:14pt\">,<\/span><span style=\"font-size:14pt\"> go raibh leatrom \u00e1 dh\u00e9<\/span><span style=\"font-size:14pt\">anamh acu ar an dteanga<\/span><span style=\"font-size:14pt\">,<\/span><span style=\"font-size:14pt\"> agus ar lucht a labhartha<\/span><span style=\"font-size:14pt\">,<\/span><span style=\"font-size:14pt\"> toisc go bhfuiltear <\/span><span style=\"font-size:14pt\">ag cur iachall orthu<\/span><span style=\"font-size:14pt\"> deighle\u00e1il leis an St\u00e1t tr\u00ed mhe\u00e1n an Bh\u00e9<\/span><span style=\"font-size:14pt\">arla, ce go bhfui<\/span><span style=\"font-size:14pt\">l chuile cheart acu bheith ag s\u00fa<\/span><span style=\"font-size:14pt\">il le comhc<\/span><span style=\"font-size:14pt\">hearta <\/span><span style=\"font-size:14pt\">le lucht labhartha an Bh\u00e9arla agus iad i mbun gn\u00f3 leis an St\u00e1t. F\u00e9<\/span><span style=\"font-size:14pt\">ach mar <\/span><span style=\"font-size:14pt\">a chuireann Conradh na Gaeilge \u00e9, nuair a \u00e9il\u00ed<\/span><span style=\"font-size:14pt\">onn siadsan&#8230;<\/span><\/p><p style=\"text-align:justify;margin-top:0pt;padding-top:0;margin-bottom:10pt;padding-bottom:0;line-height:1.8;margin-left:72pt\"><span style=\"font-size:14pt\">\u201cSeirbh\u00eds\u00ed St\u00e1it a chur ar f\u00e1<\/span><span style=\"font-size:14pt\">il as Gaeilge do Pho<\/span><span style=\"font-size:14pt\">bal na Gaeilge ar chomhchaighde\u00e1n leis na seirbh\u00eds\u00ed as B\u00e9<\/span><span style=\"font-size:14pt\">arla.\u201d<\/span><\/p><p style=\"text-align:justify;margin-top:0pt;padding-top:0;margin-bottom:10pt;padding-bottom:0;line-height:1.8\"><span style=\"font-size:14pt\">Agus chomh maith le sin<\/span><span style=\"font-size:14pt\">, \u00e9il\u00ed<\/span><span style=\"font-size:14pt\">onn siad&#8230;<\/span><\/p><p style=\"text-align:justify;margin-top:0pt;padding-top:0;margin-bottom:10pt;padding-bottom:0;line-height:1.8;margin-left:72pt\"><strong><span style=\"font-size:14pt\">\u201cSeirbh\u00eds St\u00e1it as Gaeilge a chinnti\u00fa<\/span><span style=\"font-size:14pt\"> do phobal na Gae<\/span><span style=\"font-size:14pt\">ltachta, gan cheist, gan choinn\u00ed<\/span><span style=\"font-size:14pt\">oll, faoi dheireadh 2016.<\/span><span style=\"font-size:14pt\">\u201d<\/span><\/strong><\/p><p style=\"text-align:justify;margin-top:0pt;padding-top:0;margin-bottom:10pt;padding-bottom:0;line-height:1.8\"><span style=\"font-size:14pt\">B\u2019fh\u00e9<\/span><span style=\"font-size:14pt\">idir gur leor sin<\/span><span style=\"font-size:14pt\">,<\/span><span style=\"font-size:14pt\"> don bhabh<\/span><span style=\"font-size:14pt\">ta seo, ach amh\u00e1in a r\u00e1,<\/span><span style=\"font-size:14pt\"> go bhfuil pobal na<\/span><span style=\"font-size:14pt\"> Gaeilge <\/span><span style=\"font-size:14pt\">\u201c<\/span><strong><span style=\"font-size:16pt\">dearg le fearg<\/span><span style=\"font-size:16pt\">\u201d<\/span><\/strong><span style=\"font-size:14pt\"> faoi ch\u00farsa\u00ed<\/span><span style=\"font-size:14pt\"> mar at\u00e1, agus go dteasta\u00edonn<\/span><span style=\"font-size:14pt\"> <\/span><strong><span style=\"font-size:14pt\">\u201cBeart de r\u00e9ir a mBriathar\u201d<\/span><\/strong><span style=\"font-size:14pt\"> uathu \u00f3<\/span><span style=\"font-size:14pt\">n St\u00e1<\/span><span style=\"font-size:14pt\">t s\u2019againne, feasta.<\/span><\/p>","protected":false},"excerpt":{"rendered":"<p>\u201cDearg le Fearg\u201d . Peadar Bair\u00e9ad (This week we consider The Language Revival, past and present) L\u00e1 M\u00f3r na Gaeilge M\u00f3r idir inn\u00e9 agus inniu, faoi mar adeireadh an seandream fad\u00f3, nuair a bh\u00edd\u00eds ag cur s\u00edos ar na hathruithe a bh\u00ed tagtha ar an saol \u00f3 bh\u00edodarsan ina ngas\u00fair. N\u00ed fh\u00e9adfainnse an r\u00e1iteas sin [&hellip;]<\/p>\n","protected":false},"author":2,"featured_media":13435,"comment_status":"open","ping_status":"open","sticky":false,"template":"","format":"standard","meta":{"nf_dc_page":"","_et_pb_use_builder":"","_et_pb_old_content":"","_et_gb_content_width":"","footnotes":""},"categories":[1],"tags":[],"class_list":["post-12321","post","type-post","status-publish","format-standard","has-post-thumbnail","hentry","category-gan-chatagoir"],"_links":{"self":[{"href":"https:\/\/mickgb.com\/en\/wp-json\/wp\/v2\/posts\/12321","targetHints":{"allow":["GET"]}}],"collection":[{"href":"https:\/\/mickgb.com\/en\/wp-json\/wp\/v2\/posts"}],"about":[{"href":"https:\/\/mickgb.com\/en\/wp-json\/wp\/v2\/types\/post"}],"author":[{"embeddable":true,"href":"https:\/\/mickgb.com\/en\/wp-json\/wp\/v2\/users\/2"}],"replies":[{"embeddable":true,"href":"https:\/\/mickgb.com\/en\/wp-json\/wp\/v2\/comments?post=12321"}],"version-history":[{"count":1,"href":"https:\/\/mickgb.com\/en\/wp-json\/wp\/v2\/posts\/12321\/revisions"}],"predecessor-version":[{"id":12322,"href":"https:\/\/mickgb.com\/en\/wp-json\/wp\/v2\/posts\/12321\/revisions\/12322"}],"wp:featuredmedia":[{"embeddable":true,"href":"https:\/\/mickgb.com\/en\/wp-json\/wp\/v2\/media\/13435"}],"wp:attachment":[{"href":"https:\/\/mickgb.com\/en\/wp-json\/wp\/v2\/media?parent=12321"}],"wp:term":[{"taxonomy":"category","embeddable":true,"href":"https:\/\/mickgb.com\/en\/wp-json\/wp\/v2\/categories?post=12321"},{"taxonomy":"post_tag","embeddable":true,"href":"https:\/\/mickgb.com\/en\/wp-json\/wp\/v2\/tags?post=12321"}],"curies":[{"name":"wp","href":"https:\/\/api.w.org\/{rel}","templated":true}]}}