{"id":12327,"date":"2017-04-04T11:00:00","date_gmt":"2017-04-04T11:00:00","guid":{"rendered":"https:\/\/mickgb.com\/?p=12327"},"modified":"2024-04-08T01:14:54","modified_gmt":"2024-04-08T01:14:54","slug":"deoch-shearbh-na-diomua","status":"publish","type":"post","link":"https:\/\/mickgb.com\/en\/deoch-shearbh-na-diomua\/","title":{"rendered":"Deoch shearbh na D\u00edomua"},"content":{"rendered":"<p style=\"text-align:center;margin-top:0pt;padding-top:0;margin-bottom:0pt;padding-bottom:0;line-height:2.4;font-weight:bold;font-size:24pt\">I  mB\u00e9al  an  Phobail<\/p><p style=\"margin-top:0pt;padding-top:0;margin-bottom:0pt;padding-bottom:0;line-height:2.4;font-size:14pt\">Peadar Bair\u00e9ad<\/p><p style=\"text-align:center;margin-top:0pt;padding-top:0;margin-bottom:0pt;padding-bottom:0;line-height:2.4\"><strong><span style=\"font-size:18pt\">Na Cait, go deo!<\/span><\/strong><\/p><p style=\"text-align:justify;margin-top:0pt;padding-top:0;margin-bottom:0pt;padding-bottom:0;line-height:2.4;font-size:14pt\">I Magh Nuad a bh\u00ed m\u00e9 fh\u00e9in L\u00e1 na Craoibhe. Chaith m\u00e9 scathamh ag ullmh\u00fa chuile sh\u00f3rt, sa chaoi go mbeadh su\u00edochan deas comp\u00f3rdach in \u00e1irithe dhom, os comhair an telefise\u00e1in, nuair a thos\u00f3dh an pleancadh. Ba bheag rud i bhfoirm amhrais a bh\u00ed neadaithe i gcistin m\u2019aigne, an mhaidin cheannann ch\u00e9anna sin. Cinnte, bhainfeadh na Cait an c\u00faigi\u00fa Craobh as a ch\u00e9ile agus scr\u00edobhfadh siad a n-ainmneacha i rolla gl\u00f3rmhar na staire, an l\u00e1 cinni\u00fanach sin! Tuige nach mbainfeadh? N\u00e1r dhein siad an beart bliain \u00f3 shoin? Agus m\u00e1 dhein, n\u00e1r luigh s\u00e9 le r\u00e9as\u00fan go bhf\u00e9adfadh siad an cleas c\u00e9anna a imirt ar\u00eds i mbliana? <\/p><p style=\"text-align:justify;margin-top:0pt;padding-top:0;margin-bottom:0pt;padding-bottom:0;line-height:2.4\"><span style=\"font-size:14pt\">Bh\u00ed m\u00e9 socraithe i mo shu\u00edoch\u00e1n tofa, go bre\u00e1 luath. M\u00e9 ag \u00e9isteacht leis na saineolaithe ag cabaireacht leo agus iad ag dearbh\u00fa os comhair an tsaoil, gur chreid siadsan freisin, go mbeadh an l\u00e1 ag an Cait s\u2019againne. Ba mhil bheach dom chluasa na briathra c\u00e9anna sin an l\u00e1 meala \u00fad. <\/span><\/p><h1 style=\"text-align:center;margin-top:0pt;padding-top:0;margin-bottom:0pt;padding-bottom:0;line-height:2.4;font-weight:bold;font-size:18pt\">Na Deasghn\u00e1tha gn\u00e1cha<\/h1><p style=\"text-align:justify;margin-top:0pt;padding-top:0;margin-bottom:0pt;padding-bottom:0;line-height:2.4\"><span style=\"font-size:14pt\">Ba ghearr ansin gur cuireadh t\u00fas leis na  deasghn\u00e1tha r\u00e9amhchluiche. An tUachtar\u00e1n ar an bhf\u00f3d, an Banna Ceoil, Amhr\u00e1n na bhFiann, agus m\u00e1irse\u00e1il na bhF\u00f3irne os comhair an bhreis is ceithre sc\u00f3r m\u00edle duine, a bh\u00ed bailithe ar an bhf\u00f3d, leis an gCluiche Craoibhe sin san Iom\u00e1int a fheice\u00e1il. Ansin na himreoir\u00ed <\/span><span style=\"font-size:14pt\">ag dul chun a n-\u00e1iteacha tofa agus iad ag f\u00e1il r\u00e9idh don chluiche. Corr-bh\u00e9ic gaisce agus misnithe \u00f3n slua. An sliotar \u00e1 chaitheamh isteach ag an r\u00e9iteoir, agus bh\u00ed Craobhchluiche 2010 faoi l\u00e1n tseoil. <\/span><\/p><p style=\"text-align:justify;margin-top:0pt;padding-top:0;margin-bottom:0pt;padding-bottom:0;line-height:2.4\"><span style=\"font-size:14pt\">Bh\u00ed m\u00e9 ag ceapadh f\u00f3s go mbeadh an bua ag na Cait. Nach raibh na hiom\u00e1naithe a ceapadh a bheith gortaithe, nach raibh siadsan ar an bhf\u00f3d, leis an mbua sin a chur in \u00e1irithe d\u00f3ibh?  Ba ghearr \u00e1fach go raibh gaisce \u00e1 dh\u00e9anamh ag na Tiobraidigh ar an bhfaiche imeartha. Bh\u00ed an dabht beag sin ag dul i m\u00e9ad i gci<\/span><span style=\"font-size:14pt\">stin m\u2019aigne, ach nach raibh neart ama f\u00e1gtha f\u00f3s ag na Cait, le cor in aghaidh an caim a thabhairt d\u00e1 gc\u00e9il\u00ed imeartha? Sea, agus faoi leath-am, n\u00ed raibh ach poc b\u00e1ire idir an d\u00e1 fhoireann. Bh\u00ed m\u00e9 ag ceapadh f\u00f3s go mbainfeadh na Cainnigh an cluiche cinni\u00fanach sin.<\/span><\/p><h1 style=\"text-align:center;margin-top:0pt;padding-top:0;margin-bottom:0pt;padding-bottom:0;line-height:2.4;font-weight:bold;font-size:18pt\">Deoch shearbh na D\u00edomua<\/h1><p style=\"text-align:justify;margin-top:0pt;padding-top:0;margin-bottom:0pt;padding-bottom:0;line-height:2.4\"><span style=\"font-size:14pt\">Anois, n\u00edl f\u00famsa cuntas ioml\u00e1n, buille ar bhuille, ar ar tharla le linn an chluiche cheanna sin, a thabhairt daoibh anseo, ach is f\u00e9idir liom a r\u00e1, go mba ghearr go ndeachaigh s\u00e9 i bhfeidhm ormsa, go raibh seans ann anois, nach mar a sh\u00edl m\u00e9, a bheadh, an babhta seo. Chuaigh na Tiobraidigh \u00f3 neart go neart, agus charnaigh siad na sc\u00f3ranna freisin, agus ba \u00e9 deireadh an sc\u00e9il \u00e9 n\u00f3 gur \u00e9irigh leo curaidh na bliana seo caite a chlo\u00ed. <\/span><\/p><p style=\"text-align:justify;margin-top:0pt;padding-top:0;margin-bottom:0pt;padding-bottom:0;line-height:2.4\"><span style=\"font-size:14pt\">Bhuel, bh\u00ed s\u00e9 \u00e9asca go maith dul chun cainte liomsa ar feadh tamaill ina dhiaidh sin, ach ansin, rinne m\u00e9 athsmaoineamh ar an sc\u00e9al, agus ba ghearr gur cuireadh ar mo sh\u00faile dom, go raibh ardmholadh tuillte ag na Tiobraidigh, agus i nd\u00e1ir\u00edre, <\/span><span style=\"font-size:14pt\">go raibh \u00e9acht, agus gaisce n\u00e1r bheag, d\u00e9anta acu ar Phairc na hImeartha. Go maire siad a mbua, agus fad saoil ag chuile dhuine de na himreoir\u00ed a th\u00f3g \u00e1r gcro\u00ed, lena ngaisce, agus lena scileanna, amuigh ansin ar Ph\u00e1irc an Bh\u00e1ire. Sea, agus s\u00edlim, gur mar sin a bhreathnaigh bun\u00fas na gCainneach ar bhua Thiobraid \u00c1rann i gCraobhchluiche na bliana seo 2010.<\/span><\/p><h1 style=\"text-align:center;margin-top:0pt;padding-top:0;margin-bottom:0pt;padding-bottom:0;line-height:2.4;font-weight:bold;font-size:18pt\">Comhbhr\u00f3n agus Comhghairdeas<\/h1><p style=\"text-align:justify;margin-top:0pt;padding-top:0;margin-bottom:0pt;padding-bottom:0;line-height:2.4\"><span style=\"font-size:14pt\">Ach, le cr\u00edoch a chur le p\u00ed<\/span><span style=\"font-size:14pt\">osa na seachtaine seo, ba mhaith liom, i dtosach b\u00e1ire, comhbhr\u00f3n a dh\u00e9anamh le foireann Chill Chainnigh, ar \u00f3c\u00e1id na d\u00edomua seo, ach ag an am gc\u00e9anna ba mhaith liom comhghairdeas a dh\u00e9anamh leo, as a scileanna, as a bhfear\u00falacht, as a misneach, agus as a ngal\u00e1ntacht. Mo chuidse de, thug an fhoireann ch\u00e9anna seo pl\u00e9isi\u00far agus s\u00e1samh dom, thar thr\u00e9imhse fhada. N\u00e1r mhinic a th\u00f3g siad mo chro\u00ed lena ngaisce? N\u00e1r mhinic a d\u2019\u00e9irigh leo \u00e1thas a chur orm, toisc gur shocraigh m\u00e9 im aigne, blianta fada \u00f3 shin, saor\u00e1n<\/span><span style=\"font-size:14pt\">tacht Osra\u00ed a bhaint amach dom fh\u00e9in, agus mo dh\u00e1nsa a cheangal le d\u00e1n an phobail \u00e1rsa, bhr\u00f3d\u00fail seo, agus b\u00edodh go mba fhear peile m\u00e9 \u00f3 dh\u00fachas, ba ghearr an mhoill orm sa d\u00faiche seo, go dt\u00ed go raibh m\u00e9 im\u2019 thaca\u00ed d\u00edograiseach ag Foireann Iom\u00e1na Chill Chainnigh. Sea, agus mar dhuine a chuir aithne ar Bhrian Mac \u00d3da, blianta \u00f3 shoin, i gCol\u00e1iste Chiar\u00e1in, caithfidh m\u00e9 a admh\u00e1il gur chuir m\u00e9 suim, agus dh\u00e1 shuim, i r\u00e9 Bhriain mar Bhainisteoir ar an bhfoireann ch\u00e1ili\u00fail sin, go nuige seo, ach go h\u00e1irithe. <\/span><\/p><p style=\"text-align:center;margin-top:0pt;padding-top:0;margin-bottom:0pt;padding-bottom:0;line-height:2.4\"><strong><span style=\"font-size:18pt\">Tu<\/span><span style=\"font-size:18pt\">illeadh le teacht&#8230;..<\/span><\/strong><\/p><p style=\"text-align:justify;margin-top:0pt;padding-top:0;margin-bottom:0pt;padding-bottom:0;line-height:2.4\"><span style=\"font-size:14pt\">Ach, nach f\u00e9idir linn uilig a bheith cinnte go mbeidh tuilleadh le clos againn faoin bhfoireann iontach s\u2019againne, agus faoina mBainisteoir oilte, c\u00e1ili\u00fail, scili\u00fail. Agus t\u00e1 s\u00fail agam go mbeidh deis ag na Cainnigh deoch na bua a \u00f3l as Corn Mhic Charthaigh ar\u00eds, gan aon r\u00f3-mhoill. <\/span><\/p><p style=\"text-align:center;margin-top:0pt;padding-top:0;margin-bottom:0pt;padding-bottom:0;line-height:2.4\"><span style=\"height:1em\"><span>.<\/span><\/span><\/p>","protected":false},"excerpt":{"rendered":"<p>I mB\u00e9al an Phobail Peadar Bair\u00e9ad Na Cait, go deo! I Magh Nuad a bh\u00ed m\u00e9 fh\u00e9in L\u00e1 na Craoibhe. Chaith m\u00e9 scathamh ag ullmh\u00fa chuile sh\u00f3rt, sa chaoi go mbeadh su\u00edochan deas comp\u00f3rdach in \u00e1irithe dhom, os comhair an telefise\u00e1in, nuair a thos\u00f3dh an pleancadh. Ba bheag rud i bhfoirm amhrais a bh\u00ed neadaithe [&hellip;]<\/p>\n","protected":false},"author":2,"featured_media":13435,"comment_status":"open","ping_status":"open","sticky":false,"template":"","format":"standard","meta":{"nf_dc_page":"","_et_pb_use_builder":"","_et_pb_old_content":"","_et_gb_content_width":"","footnotes":""},"categories":[1],"tags":[],"class_list":["post-12327","post","type-post","status-publish","format-standard","has-post-thumbnail","hentry","category-gan-chatagoir"],"_links":{"self":[{"href":"https:\/\/mickgb.com\/en\/wp-json\/wp\/v2\/posts\/12327","targetHints":{"allow":["GET"]}}],"collection":[{"href":"https:\/\/mickgb.com\/en\/wp-json\/wp\/v2\/posts"}],"about":[{"href":"https:\/\/mickgb.com\/en\/wp-json\/wp\/v2\/types\/post"}],"author":[{"embeddable":true,"href":"https:\/\/mickgb.com\/en\/wp-json\/wp\/v2\/users\/2"}],"replies":[{"embeddable":true,"href":"https:\/\/mickgb.com\/en\/wp-json\/wp\/v2\/comments?post=12327"}],"version-history":[{"count":1,"href":"https:\/\/mickgb.com\/en\/wp-json\/wp\/v2\/posts\/12327\/revisions"}],"predecessor-version":[{"id":12328,"href":"https:\/\/mickgb.com\/en\/wp-json\/wp\/v2\/posts\/12327\/revisions\/12328"}],"wp:featuredmedia":[{"embeddable":true,"href":"https:\/\/mickgb.com\/en\/wp-json\/wp\/v2\/media\/13435"}],"wp:attachment":[{"href":"https:\/\/mickgb.com\/en\/wp-json\/wp\/v2\/media?parent=12327"}],"wp:term":[{"taxonomy":"category","embeddable":true,"href":"https:\/\/mickgb.com\/en\/wp-json\/wp\/v2\/categories?post=12327"},{"taxonomy":"post_tag","embeddable":true,"href":"https:\/\/mickgb.com\/en\/wp-json\/wp\/v2\/tags?post=12327"}],"curies":[{"name":"wp","href":"https:\/\/api.w.org\/{rel}","templated":true}]}}