{"id":12349,"date":"2017-04-04T11:00:00","date_gmt":"2017-04-04T11:00:00","guid":{"rendered":"https:\/\/mickgb.com\/?p=12349"},"modified":"2024-04-08T01:12:35","modified_gmt":"2024-04-08T01:12:35","slug":"doirse-de-7","status":"publish","type":"post","link":"https:\/\/mickgb.com\/en\/doirse-de-7\/","title":{"rendered":"Doirse De 7"},"content":{"rendered":"<p style=\"text-align:center;margin-top:0pt;padding-top:0;margin-bottom:0pt;padding-bottom:0;line-height:2.4\"><span style=\"height:1em\"><span>.<\/span><\/span><\/p><p style=\"text-align:center;margin-top:0pt;padding-top:0;margin-bottom:0pt;padding-bottom:0;line-height:2.4\"><strong><span style=\"text-decoration:underline;font-size:12pt\">E A C H T R A I G H    D \u00da I N N .  7. <\/span><\/strong><\/p><p style=\"text-align:center;margin-top:0pt;padding-top:0;margin-bottom:0pt;padding-bottom:0;line-height:2.4\"><span style=\"height:1em\"><span>.<\/span><\/span><\/p><p style=\"text-align:justify;margin-top:0pt;padding-top:0;margin-bottom:0pt;padding-bottom:0;line-height:2.4\"><span style=\"font-size:12pt\">Is d\u00f3cha gur thug sibh faoi deara, go mb\u00edm ag caint faoin bhfarrage minic go leor na laethe seo. <\/span><\/p><p style=\"text-align:justify;margin-top:0pt;padding-top:0;margin-bottom:0pt;padding-bottom:0;line-height:2.4\"><span style=\"font-size:12pt\">Thug!   Bhuel, n\u00ed haon ionadh sin, i nd\u00e1ir\u00edre, n\u00f3 rugadh mise i ngiorracht scread asail don bhfarraige, agus b\u2019\u00ed an fharraige mh\u00f3rthonnach ch\u00e9anna sin a mheall chun codlata, chuile o\u00edche m\u00e9, lena suantra\u00ed sh\u00e1mh, shuanmhar.   Agus \u00f3 tharla go raibh c\u00f3na\u00ed orainne ar Leithinis an Mhuirthead, in Iorras, i gContae Mhaigh Eo, bh\u00ed an fharraige thart timpeall orainn, ar chuile thaobh.  Taobh thiar agus taobh thuaidh d\u00ednn, bh\u00ed an Fharraige Mh\u00f3r, Farraige a th\u00e9adh ar buile le m\u00f3rtas agus le mustar le linn stoirme ag<\/span><span style=\"font-size:12pt\">us doininne, agus Farraige a mb\u00edodh cuma chi\u00fain, chneasta, chairdi\u00fail uirthi, le linn soininne agus s\u00e9imhe.   Agus ar an dtaobh thoir agus ar an dtaobh theas d\u00ednn, bh\u00ed uisc\u00ed fiala, fairsinge, f\u00e1ilteacha Chuan  an Fh\u00f3id Duibh.  N\u00ed raibh an Leithinis m\u00f3r\u00e1n thar mh\u00edle ar leithead, ag an \u00e1it a raibh  c\u00f3na\u00ed orainne, i mbaile na Droime, f\u00e1gann sin go raibh radharc agamsa ar aghaidh na mara, chuile uair a raghainn taobh amuigh de dhoras an t\u00ed. <\/span><\/p><p style=\"text-align:justify;margin-top:0pt;padding-top:0;margin-bottom:0pt;padding-bottom:0;line-height:2.4\"><span style=\"height:1em\"><span>.<\/span><\/span><\/p><p style=\"text-align:justify;margin-top:0pt;padding-top:0;margin-bottom:0pt;padding-bottom:0;line-height:2.4\"><span style=\"font-size:12pt\"> Ar an taobh thiar d\u00ednn, ach go h\u00e1irithe, bh\u00ed tr\u00e1nna fada, fairsinge, b\u00e1na, le duine a mhealladh chucu, tr\u00e1th ar bith den bhliain, agus tr\u00e1nna nach mb\u00edodh tarraingt daoine orthu, go h\u00e1irithe an tr\u00e1th \u00fad, a raibh mise ag f\u00e1s suas thiar, tarraingt ar dheich mblaina is tr\u00ed sc\u00f3r \u00f3 shoin.  B\u2019fh\u00e9idir gur cuimhin leat an d\u00e1n beag \u00fad a scr\u00edobh m\u00e9 faoi na tr\u00e1nna c\u00e9anna sin, agus m\u00e9 im fhile \u00f3g, ag foghlaim mo cheirde, sna caogaid\u00ed, beagnach leithch\u00e9ad bliain \u00f3 shoin anois!  Bhuel, nach cuma?  mar \u00f3 tharla go bhfuil <\/span><span style=\"font-size:12pt\">an deis agam, d\u00e9anfaidh m\u00e9 \u00e9 a aithris dhuit, anois d\u00edreach, ar lic mo thinte\u00e1in fh\u00e9in.  Seo chugat \u00e9&#8230;..<\/span><\/p><p style=\"text-align:justify;margin-top:0pt;padding-top:0;margin-bottom:0pt;padding-bottom:0;line-height:2.4;margin-left:131pt\"><span style=\"height:1em\"><span>.<\/span><\/span><\/p><p style=\"text-align:justify;margin-top:0pt;padding-top:0;margin-bottom:0pt;padding-bottom:0;line-height:2.4;margin-left:131pt\"><span style=\"font-size:12pt\">**************************************<\/span><\/p><p style=\"text-align:justify;margin-top:0pt;padding-top:0;margin-bottom:0pt;padding-bottom:0;line-height:2.4;margin-left:131pt\"><span style=\"height:1em\"><span>.<\/span><\/span><\/p><p style=\"text-align:justify;margin-top:0pt;padding-top:0;margin-bottom:0pt;padding-bottom:0;line-height:2.4;margin-left:131pt\"><span style=\"font-size:12pt\">             C O I S    T R \u00c1 .<\/span><\/p><p style=\"text-align:justify;margin-top:0pt;padding-top:0;margin-bottom:0pt;padding-bottom:0;line-height:2.4;margin-left:145pt\"><span style=\"font-size:12pt\">Tr\u00e1 bh\u00e1n, leathan, fhairsing,<\/span><\/p><p style=\"text-align:justify;margin-top:0pt;padding-top:0;margin-bottom:0pt;padding-bottom:0;line-height:2.4;margin-left:145pt\"><span style=\"font-size:12pt\">Ag miogarnach faoin ngr\u00e9in. <\/span><\/p><p style=\"text-align:justify;margin-top:0pt;padding-top:0;margin-bottom:0pt;padding-bottom:0;line-height:2.4;margin-left:145pt\"><span style=\"font-size:12pt\">Tonn ch\u00farbh\u00e1n ag sleamhn\u00fa<\/span><\/p><p style=\"text-align:justify;margin-top:0pt;padding-top:0;margin-bottom:0pt;padding-bottom:0;line-height:2.4;margin-left:145pt\"><span style=\"font-size:12pt\">Thar ghaineamh shleamhain, sh\u00e9imh.<\/span><\/p><p style=\"text-align:justify;margin-top:0pt;padding-top:0;margin-bottom:0pt;padding-bottom:0;line-height:2.4;margin-left:145pt\"><span style=\"height:1em\"><span>.<\/span><\/span><\/p><p style=\"text-align:justify;margin-top:0pt;padding-top:0;margin-bottom:0pt;padding-bottom:0;line-height:2.4;margin-left:145pt\"><span style=\"font-size:12pt\">Seana-bh\u00f3 ag lapaireacht,<\/span><\/p><p style=\"text-align:justify;margin-top:0pt;padding-top:0;margin-bottom:0pt;padding-bottom:0;line-height:2.4;margin-left:145pt\"><span style=\"font-size:12pt\">Currach ar th\u00f3ir na n-iasc,<\/span><\/p><p style=\"text-align:justify;margin-top:0pt;padding-top:0;margin-bottom:0pt;padding-bottom:0;line-height:2.4;margin-left:145pt\"><span style=\"font-size:12pt\">Creasa leathaigh mar leathar,<\/span><\/p><p style=\"text-align:justify;margin-top:0pt;padding-top:0;margin-bottom:0pt;padding-bottom:0;line-height:2.4;margin-left:145pt\"><span style=\"font-size:12pt\">Leata sa mbruth f\u00f3 thir.<\/span><\/p><p style=\"text-align:justify;margin-top:0pt;padding-top:0;margin-bottom:0pt;padding-bottom:0;line-height:2.4;margin-left:145pt\"><span style=\"height:1em\"><span>.<\/span><\/span><\/p><p style=\"text-align:justify;margin-top:0pt;padding-top:0;margin-bottom:0pt;padding-bottom:0;line-height:2.4;margin-left:145pt\"><span style=\"font-size:12pt\">R\u00f3n m\u00f3r, sleamhain, sl\u00edoctha,<\/span><\/p><p style=\"text-align:justify;margin-top:0pt;padding-top:0;margin-bottom:0pt;padding-bottom:0;line-height:2.4;margin-left:145pt\"><span style=\"font-size:12pt\">\u00c1 ghrian\u00fa fh\u00e9in ar thr\u00e1,<\/span><\/p><p style=\"text-align:justify;margin-top:0pt;padding-top:0;margin-bottom:0pt;padding-bottom:0;line-height:2.4;margin-left:145pt\"><span style=\"font-size:12pt\">Roilleach ag fanacht go foighdeach,<\/span><\/p><p style=\"text-align:justify;margin-top:0pt;padding-top:0;margin-bottom:0pt;padding-bottom:0;line-height:2.4;margin-left:145pt\"><span style=\"font-size:12pt\">Gain\u00e9ad ag tumadh sa Bh\u00e1.<\/span><\/p><p style=\"text-align:justify;margin-top:0pt;padding-top:0;margin-bottom:0pt;padding-bottom:0;line-height:2.4;margin-left:145pt\"><span style=\"height:1em\"><span>.<\/span><\/span><\/p><p style=\"text-align:justify;margin-top:0pt;padding-top:0;margin-bottom:0pt;padding-bottom:0;line-height:2.4;margin-left:145pt\"><span style=\"font-size:12pt\">Faoile\u00e1n codlatach in airde,<\/span><\/p><p style=\"text-align:justify;margin-top:0pt;padding-top:0;margin-bottom:0pt;padding-bottom:0;line-height:2.4;margin-left:145pt\"><span style=\"font-size:12pt\">Ag marca\u00edocht ar an ngaoth,<\/span><\/p><p style=\"text-align:justify;margin-top:0pt;padding-top:0;margin-bottom:0pt;padding-bottom:0;line-height:2.4;margin-left:145pt\"><span style=\"font-size:12pt\">An saol go l\u00e9ir ar meisce,<\/span><\/p><p style=\"text-align:justify;margin-top:0pt;padding-top:0;margin-bottom:0pt;padding-bottom:0;line-height:2.4;margin-left:145pt\"><span style=\"font-size:12pt\">Is poit\u00edn an aeir \u00e1 chlo\u00ed.<\/span><\/p><p style=\"text-align:justify;margin-top:0pt;padding-top:0;margin-bottom:0pt;padding-bottom:0;line-height:2.4;margin-left:145pt\"><span style=\"height:1em\"><span>.<\/span><\/span><\/p><p style=\"text-align:justify;margin-top:0pt;padding-top:0;margin-bottom:0pt;padding-bottom:0;line-height:2.4;margin-left:145pt\"><span style=\"font-size:12pt\">Thiar in Iorras  at\u00e1imse,<\/span><\/p><p style=\"text-align:justify;margin-top:0pt;padding-top:0;margin-bottom:0pt;padding-bottom:0;line-height:2.4;margin-left:145pt\"><span style=\"font-size:12pt\">Ag \u00f3l na gr\u00e9ine bu\u00ed,<\/span><\/p><p style=\"text-align:justify;margin-top:0pt;padding-top:0;margin-bottom:0pt;padding-bottom:0;line-height:2.4;margin-left:145pt\"><span style=\"font-size:12pt\">Gan Chr\u00edosta\u00ed anseo im fhochair,<\/span><\/p><p style=\"text-align:justify;margin-top:0pt;padding-top:0;margin-bottom:0pt;padding-bottom:0;line-height:2.4;margin-left:145pt\"><span style=\"font-size:12pt\">Ar an ngaineamh bhog im lu\u00ed.<\/span><\/p><p style=\"text-align:justify;margin-top:0pt;padding-top:0;margin-bottom:0pt;padding-bottom:0;line-height:2.4;margin-left:145pt\"><span style=\"height:1em\"><span>.<\/span><\/span><\/p><p style=\"text-align:justify;margin-top:0pt;padding-top:0;margin-bottom:0pt;padding-bottom:0;line-height:2.4;margin-left:145pt\"><span style=\"font-size:12pt\">**********************************<\/span><\/p><p style=\"text-align:justify;margin-top:0pt;padding-top:0;margin-bottom:0pt;padding-bottom:0;line-height:2.4;margin-left:1pt;text-indent:-1pt\"><span style=\"font-size:12pt\">Bhuel, b\u2019in \u00e9 d\u00edreach mar a bh\u00edodh s\u00e9 thiar in Iorras, le linn m\u2019\u00f3igese.  Annamh a th\u00e9adh daoine ag sn\u00e1mh sa bhFarraige Mh\u00f3r \u00e1fach, an tr\u00e1th \u00fad, n\u00f3 bh\u00ed s\u00ed              <\/span><span style=\"font-size:12pt\">r\u00f3-gharbh, agus r\u00f3-chont\u00fairteach freisin.  D\u00e1 bhfeicfe\u00e1 \u00e9inne ag sn\u00e1mh ansin, d\u2019fh\u00e9adf\u00e1 a bheith cinnte gur strains\u00e9ar a bh\u00ed ann.  N\u00ed hionann sin is a r\u00e1 nach dt\u00e9adh na d\u00fachasaigh ina gar, in aon chor.  N\u00ed hea, muis, n\u00f3 bh\u00edodh an-t\u00f3ir ar thr\u00e1nna na Farraige M\u00f3ire, an tr\u00e1th \u00fad, go h\u00e1irithe le linn an chogaidh, n\u00f3 bh\u00ed seans ann i gc\u00f3na\u00ed, go bhfaighfe\u00e1 \u00e9ad\u00e1il luachmhar eic\u00ednt caite isteach ar an tr\u00e1, n\u00f3 bh\u00ed longa m\u00f3ra \u00e1 gcur go t\u00f3in poill ag na Gearm\u00e1naigh agus a mb\u00e1id f\u00f3-thoinn.  Olc an ghaoth nach s\u00e9ideann m<\/span><span style=\"font-size:12pt\">aith do dhuine eic\u00ednt, adeirtear, agus bh\u00edodh baraill\u00ed ola, saileanna adhmaid, burla\u00ed ruib\u00e9ir, agus earra\u00ed d\u00e1 leith\u00e9id \u00e1 gcaitheamh i dt\u00edr, go rialta, ar thr\u00e1nna fairsinge Iorrais, an tr\u00e1th \u00fad.  Cupla babhta, caitheadh baraille \u2018moonshine\u2019 i dt\u00edr, agus geallaimse dhuit \u00e9, n\u00e1r f\u00e1gadh r\u00f3-fhada ar an tr\u00e1 iad, na baraill\u00ed c\u00e9anna sin.  Nuair a chuaigh an sc\u00e9al sa timpeall, go raibh an \u2018moonshine\u2019 ar f\u00e1il, ba ghearr go raibh tarraingt na d\u00fatha\u00ed ar an s\u00edb\u00edn, a bh\u00ed i mbun a dh\u00edolta.  Thagadh daoine.  D\u2019\u00f3ladh taosc\u00e1<\/span><span style=\"font-size:12pt\">n.  D\u2019im\u00edodh siad leo go bre\u00e1, s\u00e1sta, ag rotha\u00edocht leo abhaile.  Tar \u00e9is d\u00f3ibh m\u00edle sl\u00ed, n\u00f3 mar sin, a chur d\u00edobh, d\u2019fheicfe\u00e1 ag longad\u00e1n \u00f3 thaobh taobh an bh\u00f3thair iad.  Ansin thitfid\u00eds ina bpleist ar thaobh an bhealaigh mh\u00f3ir, agus d\u2019fhanaid\u00eds ansin go mbeadh codladh na meisce curtha d\u00edobh acu, agus ansin d\u2019\u00e9ir\u00edd\u00eds go bre\u00e1, br\u00edomhar, agus raghaid\u00eds abhaile, gan bhascadh gan bh\u00e1rthainn.  N\u00ed i gc\u00f3na\u00ed a thagadh \u00e9ad\u00e1il d\u00e1 leith\u00e9id isteach, mar corruair, is amhlaidh a chait\u00ed corp duine i dt\u00edr, corp \u00f3 long eic<\/span><span style=\"font-size:12pt\">\u00ednt a chuaigh go t\u00f3in poill, le linn stoirme, n\u00f3 eachtra cogaidh.  Is maith is cuimhin liom f\u00f3s, an l\u00e1 a caitheadh corp Iod\u00e1laigh, d\u00e1rbh ainm, Luigi Taparo, isteach ar an tr\u00e1 bhre\u00e1 sin a sh\u00edneann \u00f3 Chorr\u00e1n na gcloch go Gualainn na dtonn.  Nach ioma\u00ed ainm a chuala m\u00e9 idir an d\u00e1 linn at\u00e1 dearmadta agam, ach nach glas a fhanann cuimhne Luigi bocht im chuimhnese, go dt\u00ed an l\u00e1 at\u00e1 innu fh\u00e9in ann.  Chuaigh an tarl\u00faint sin i gcionn go m\u00f3r orm fh\u00e9in agus ar mo chomhaoiseanna, ag an am sin. Bean a th\u00e1inig ar an gcor<\/span><span style=\"font-size:12pt\">p sin, a ch\u00e9aduair, agus d\u2019\u00e9irigh lei \u00e9 a tharraingt lei, go dt\u00ed go raibh s\u00e9 \u00f3 bhaol ar uachtar cladaigh.  Cuireadh fios ar na g\u00e1rda\u00ed agus ar an sagart, agus ba ghearr go raibh slua bailithe thart ar an gcorp\u00e1n, \u00e1 th\u00f3rramh, d\u2019fh\u00e9adf\u00e1 a r\u00e1.  Ar ball, th\u00e1inig an t-adhlacth\u00f3ir, gur chuir i gc\u00f3nra \u00e9, agus gur th\u00f3g chun si\u00fail \u00e9.  Cuireadh sc\u00e9ala chuig <\/span><span style=\"font-size:12pt\">a mhuintir, san Iod\u00e1il, ach socra\u00edodh ar an gcorp a chur in Iorras, ag an am sin, ach bh\u00ed ar intinn a mhuintire \u00e9 a thabhairt leo abhaile, ar ball, nuair a bheadh <\/span><span style=\"font-size:12pt\">an cogadh thart, rud a dhein.  <\/span><\/p><p style=\"text-align:justify;margin-top:0pt;padding-top:0;margin-bottom:0pt;padding-bottom:0;line-height:2.4;margin-left:1pt;text-indent:-1pt\"><span style=\"font-size:12pt\">Amuigh p\u00edosa \u00f3n gc\u00f3sta Atlantach, lu\u00edonn, mar a bheadh braisl\u00e9ad d\u2019oile\u00e1in.  Cheapf\u00e1 go bhf\u00e9adf\u00e1 do l\u00e1mh a leagan orthu, ach i nd\u00e1ir\u00edre, t\u00e1 na hoile\u00e1in ch\u00e9anna sin tamall maith amach \u00f3n gc\u00f3sta.  Nach minic a chuala t\u00fa m\u00e9 ag cur s\u00edos ar chuid de na hoile\u00e1in sin cheana, ar Inis G\u00e9idhe Theas, agus Inis G\u00e9idhe Thuaidh, ar Dhufair, ar Inis gCaorach, agus ar Inis Gluaire fh\u00e9in, mar ar bhaist Naomh Breand\u00e1n Clann Lir fad\u00f3.  <\/span><\/p><p style=\"text-align:justify;margin-top:0pt;padding-top:0;margin-bottom:0pt;padding-bottom:0;line-height:2.4;margin-left:1pt;text-indent:-1pt\"><span style=\"font-size:12pt\">N\u00ed haon ionadh mar sin, go bhfuil \u00e1it faoi leith ag an bhfarraige im chro\u00ed istigh, nach bhfuil rithim na mara fite fuaite im anam istigh?   Nach cuid dem bheith fh\u00e9in \u00ed?  Agus nach bhfuil meon na mara gafa i  bhfeidhm ar m\u2019aigne agus ar mo bheatha?  Nach raibh s\u00ed ansin agus m\u00e9 im\u2019  ph\u00e1iste \u00f3g ag breathn\u00fa amach, tr\u00ed sh\u00faile neamhurch\u00f3ideacha na h\u00f3ige, ar a haghaidh inathraithe?  Nach raibh s\u00ed ansin agus m\u00e9 im scol\u00e1ire \u00f3g, agus \u00ed taobh liom ar mo bhealach chun na scoile, chuile mhaidin.  Nach bhf\u00e1ilt\u00edodh s\u00ed r<\/span><span style=\"font-size:12pt\">omhainn, na maidneacha bre\u00e1tha Samhraidh sin, nuair a th\u00e9imis gas\u00fair ag sn\u00e1mh inti, ar \u00e1r mbealach chun na scoile, agus nach mb\u00edodh s\u00ed ansin ar\u00eds, ar \u00e1r mbealach abhaile, agus na m\u00fartha f\u00e1ilte aici romhainn ar\u00eds.  Agus nuair a d\u2019fh\u00e1s m\u00e9 suas im fhear \u00f3g, n\u00e1rbh \u00e9 an sc\u00e9al c\u00e9anna aici \u00e9?  Sea, n\u00ed fh\u00e9adfainn locht ar bith a leagan ar an bhfarraige mar chomharsa b\u00e9al dorais, agus n\u00edor agair an mhuir mh\u00f3rchro\u00edoch ch\u00e9anna d\u00edoltas riamh orm fh\u00e9in n\u00f3 ar mo mhuintir.  N\u00ed haon ionadh mar sin, gur mhaith liom \u00ed a r\u00edom<\/span><span style=\"font-size:12pt\">h im\u2019 dh\u00e1nta agus im\u2019 sc\u00e9alta, chomh rialta sin, mar is \u00ed cara mo chro\u00ed is m\u2019anama \u00ed.  Ach anois, ag an am gc\u00e9anna, n\u00ed bheadh aon d\u00edmheas agam riamh uirthi, agus n\u00ed raghainn sa tseans lei, ach oiread.  Le cr\u00edoch a chur leis an bp\u00edosa seo,  b\u2019fh\u00e9idir n\u00e1rbh olc an tseift \u00ed, cupla v\u00e9arsa eile a lua as d\u00e1n a scr\u00edobh m\u00e9 faoi oile\u00e1in agus bailte cois cuain in Iorras thiar, le linn m\u2019\u00f3ige&#8230;&#8230;<\/span><\/p><p style=\"text-align:justify;margin-top:0pt;padding-top:0;margin-bottom:0pt;padding-bottom:0;line-height:2.4;margin-left:143pt;text-indent:-1pt\"><span style=\"font-size:12pt\">                  DRA\u00cdOCHT   NA   MARA. <\/span><\/p><p style=\"text-align:justify;margin-top:0pt;padding-top:0;margin-bottom:0pt;padding-bottom:0;line-height:2.4;margin-left:143pt;text-indent:-1pt\"><span style=\"font-size:12pt\">Dra\u00edocht na Mara M\u00f3ire,<\/span><\/p><p style=\"text-align:justify;margin-top:0pt;padding-top:0;margin-bottom:0pt;padding-bottom:0;line-height:2.4;margin-left:143pt;text-indent:-1pt\"><span style=\"font-size:12pt\">Mar bhrat geal c\u00fair anuas<\/span><\/p><p style=\"text-align:justify;margin-top:0pt;padding-top:0;margin-bottom:0pt;padding-bottom:0;line-height:2.4;margin-left:143pt;text-indent:-1pt\"><span style=\"font-size:12pt\">Ar aigne ghlinn na h\u00f3ige,<\/span><\/p><p style=\"text-align:justify;margin-top:0pt;padding-top:0;margin-bottom:0pt;padding-bottom:0;line-height:2.4;margin-left:143pt;text-indent:-1pt\"><span style=\"font-size:12pt\">In Iorras binn na gcuan.<\/span><\/p><p style=\"text-align:justify;margin-top:0pt;padding-top:0;margin-bottom:0pt;padding-bottom:0;line-height:2.4;margin-left:143pt;text-indent:-1pt\"><span style=\"height:1em\"><span>.<\/span><\/span><\/p><p style=\"text-align:justify;margin-top:0pt;padding-top:0;margin-bottom:0pt;padding-bottom:0;line-height:2.4;margin-left:143pt;text-indent:-1pt\"><span style=\"font-size:12pt\">Tr\u00e1nna fairsinge, b\u00e1na,<\/span><\/p><p style=\"text-align:justify;margin-top:0pt;padding-top:0;margin-bottom:0pt;padding-bottom:0;line-height:2.4;margin-left:143pt;text-indent:-1pt\"><span style=\"font-size:12pt\">A mheallann f\u00f3s mo dh\u00e1n<\/span><\/p><p style=\"text-align:justify;margin-top:0pt;padding-top:0;margin-bottom:0pt;padding-bottom:0;line-height:2.4;margin-left:143pt;text-indent:-1pt\"><span style=\"font-size:12pt\">Go t\u00edr dheas l\u00e1ch na meala,<\/span><\/p><p style=\"text-align:justify;margin-top:0pt;padding-top:0;margin-bottom:0pt;padding-bottom:0;line-height:2.4;margin-left:143pt;text-indent:-1pt\"><span style=\"font-size:12pt\">Tar \u00e9is blianta fada ar f\u00e1n.<\/span><\/p><p style=\"text-align:justify;margin-top:0pt;padding-top:0;margin-bottom:0pt;padding-bottom:0;line-height:2.4;margin-left:143pt;text-indent:-1pt\"><span style=\"height:1em\"><span>.<\/span><\/span><\/p><p style=\"text-align:justify;margin-top:0pt;padding-top:0;margin-bottom:0pt;padding-bottom:0;line-height:2.4;margin-left:143pt;text-indent:-1pt\"><span style=\"font-size:12pt\">Gualainn, Corr\u00e1n, Inis Gluaire,<\/span><\/p><p style=\"text-align:justify;margin-top:0pt;padding-top:0;margin-bottom:0pt;padding-bottom:0;line-height:2.4;margin-left:143pt;text-indent:-1pt\"><span style=\"font-size:12pt\">Carraig Mhainn\u00edn agus Inis G\u00e9idhe,<\/span><\/p><p style=\"text-align:justify;margin-top:0pt;padding-top:0;margin-bottom:0pt;padding-bottom:0;line-height:2.4;margin-left:143pt;text-indent:-1pt\"><span style=\"font-size:12pt\">Dufair, Bearnach, is S\u00e1il\u00edn,<\/span><\/p><p style=\"text-align:justify;margin-top:0pt;padding-top:0;margin-bottom:0pt;padding-bottom:0;line-height:2.4;margin-left:143pt;text-indent:-1pt\"><span style=\"font-size:12pt\">Mar ph\u00e9arla\u00ed im\u2019  bhraisl\u00e9ad.<\/span><\/p><p style=\"text-align:justify;margin-top:0pt;padding-top:0;margin-bottom:0pt;padding-bottom:0;line-height:2.4;margin-left:143pt;text-indent:-1pt\"><span style=\"height:1em\"><span>.<\/span><\/span><\/p><p style=\"text-align:justify;margin-top:0pt;padding-top:0;margin-bottom:0pt;padding-bottom:0;line-height:2.4;margin-left:143pt;text-indent:-1pt\"><span style=\"font-size:12pt\">Dra\u00edocht na Mara M\u00f3ire,<\/span><\/p><p style=\"text-align:justify;margin-top:0pt;padding-top:0;margin-bottom:0pt;padding-bottom:0;line-height:2.4;margin-left:143pt;text-indent:-1pt\"><span style=\"font-size:12pt\">Ag  buaileadh ar thr\u00e1 mo shaoil,<\/span><\/p><p style=\"text-align:justify;margin-top:0pt;padding-top:0;margin-bottom:0pt;padding-bottom:0;line-height:2.4;margin-left:143pt;text-indent:-1pt\"><span style=\"font-size:12pt\">Mar othra f\u00f3s dom chumhdach <\/span><\/p><p style=\"text-align:justify;margin-top:0pt;padding-top:0;margin-bottom:0pt;padding-bottom:0;line-height:2.4;margin-left:143pt;text-indent:-1pt\"><span style=\"font-size:12pt\">Ar bhuairt, ar bhr\u00f3n, ar aois.<\/span><\/p><p style=\"text-align:justify;margin-top:0pt;padding-top:0;margin-bottom:0pt;padding-bottom:0;line-height:2.4;margin-left:143pt;text-indent:-1pt\"><span style=\"height:1em\"><span>.<\/span><\/span><\/p><p style=\"text-align:justify;margin-top:0pt;padding-top:0;margin-bottom:0pt;padding-bottom:0;line-height:2.4;margin-left:143pt;text-indent:-1pt\"><span style=\"font-size:12pt\">Greadaigi libh a thonnta,<\/span><\/p><p style=\"text-align:justify;margin-top:0pt;padding-top:0;margin-bottom:0pt;padding-bottom:0;line-height:2.4;margin-left:143pt;text-indent:-1pt\"><span style=\"font-size:12pt\">Ar thr\u00e1nna geala, bu\u00ed,<\/span><\/p><p style=\"text-align:justify;margin-top:0pt;padding-top:0;margin-bottom:0pt;padding-bottom:0;line-height:2.4;margin-left:143pt;text-indent:-1pt\"><span style=\"font-size:12pt\">Caith chugainn ar phort na beatha,<\/span><\/p><p style=\"text-align:justify;margin-top:0pt;padding-top:0;margin-bottom:0pt;padding-bottom:0;line-height:2.4;margin-left:143pt;text-indent:-1pt\"><span style=\"font-size:12pt\">S\u00edoch\u00e1in, l\u00fach\u00e1ir, is maoin.<\/span><\/p><p style=\"text-align:justify;margin-top:0pt;padding-top:0;margin-bottom:0pt;padding-bottom:0;line-height:2.4;margin-left:1pt;text-indent:-1pt\"><span style=\"font-size:12pt\">Anois tuigeann t\u00fa c\u00e9n f\u00e1th a bhfuil an oiread sin measa agam ar an Mhuir Mh\u00f3r Bheannach agus ar an bhfarraige chi\u00fain, sh\u00e9imh, n\u00f3 nach iad dh\u00e1 thaobh an aon bheith amh\u00e1in iad?<\/span><\/p><p style=\"text-align:justify;margin-top:0pt;padding-top:0;margin-bottom:0pt;padding-bottom:0;line-height:2.4;margin-left:1pt;text-indent:-1pt\"><span style=\"font-size:12pt\">B\u2019fh\u00e9idir gur leor sin do thuras na huaire seo, ach b\u00ed liom an ch\u00e9ad bhabhta eile, nuair a bheidh cuimhn\u00ed eile \u00e1 l\u00e9iri\u00fa agus \u00e1 snas\u00fa agam daoibh.  Go dt\u00ed sin&#8230;<\/span><\/p><p style=\"text-align:justify;margin-top:0pt;padding-top:0;margin-bottom:0pt;padding-bottom:0;line-height:2.4;margin-left:1pt;text-indent:-1pt\"><span style=\"font-size:12pt\">Sl\u00e1n&#8230;&#8230;&#8230;<\/span><\/p><p style=\"text-align:justify;margin-top:0pt;padding-top:0;margin-bottom:0pt;padding-bottom:0;line-height:2.4;margin-left:1pt;text-indent:-1pt\"><span style=\"height:1em\"><span>.<\/span><\/span><\/p><p style=\"text-align:justify;margin-top:0pt;padding-top:0;margin-bottom:0pt;padding-bottom:0;line-height:2.4;margin-left:1pt;text-indent:-1pt\"><span style=\"font-size:12pt\">*********************<\/span><\/p><p style=\"text-align:justify;margin-top:0pt;padding-top:0;margin-bottom:0pt;padding-bottom:0;line-height:2.4;margin-left:1pt;text-indent:-1pt\"><span style=\"font-size:12pt\">Peadar Bair\u00e9ad.<\/span><\/p><p style=\"text-align:justify;margin-top:0pt;padding-top:0;margin-bottom:0pt;padding-bottom:0;line-height:2.4;margin-left:1pt;text-indent:-1pt\"><span style=\"font-size:12pt\">*********************<\/span><\/p><p style=\"margin-top:0pt;padding-top:0;margin-bottom:0pt;padding-bottom:0;line-height:1\"><span style=\"height:1em\"><span>.<\/span><\/span><\/p><p style=\"margin-top:0pt;padding-top:0;margin-bottom:0pt;padding-bottom:0;line-height:1\"><span style=\"height:1em\"><span>.<\/span><\/span><\/p>","protected":false},"excerpt":{"rendered":"<p>. E A C H T R A I G H D \u00da I N N . 7. . Is d\u00f3cha gur thug sibh faoi deara, go mb\u00edm ag caint faoin bhfarrage minic go leor na laethe seo. Thug! Bhuel, n\u00ed haon ionadh sin, i nd\u00e1ir\u00edre, n\u00f3 rugadh mise i ngiorracht scread asail don bhfarraige, [&hellip;]<\/p>\n","protected":false},"author":2,"featured_media":13435,"comment_status":"open","ping_status":"open","sticky":false,"template":"","format":"standard","meta":{"nf_dc_page":"","_et_pb_use_builder":"","_et_pb_old_content":"","_et_gb_content_width":"","footnotes":""},"categories":[1],"tags":[],"class_list":["post-12349","post","type-post","status-publish","format-standard","has-post-thumbnail","hentry","category-gan-chatagoir"],"_links":{"self":[{"href":"https:\/\/mickgb.com\/en\/wp-json\/wp\/v2\/posts\/12349","targetHints":{"allow":["GET"]}}],"collection":[{"href":"https:\/\/mickgb.com\/en\/wp-json\/wp\/v2\/posts"}],"about":[{"href":"https:\/\/mickgb.com\/en\/wp-json\/wp\/v2\/types\/post"}],"author":[{"embeddable":true,"href":"https:\/\/mickgb.com\/en\/wp-json\/wp\/v2\/users\/2"}],"replies":[{"embeddable":true,"href":"https:\/\/mickgb.com\/en\/wp-json\/wp\/v2\/comments?post=12349"}],"version-history":[{"count":1,"href":"https:\/\/mickgb.com\/en\/wp-json\/wp\/v2\/posts\/12349\/revisions"}],"predecessor-version":[{"id":12350,"href":"https:\/\/mickgb.com\/en\/wp-json\/wp\/v2\/posts\/12349\/revisions\/12350"}],"wp:featuredmedia":[{"embeddable":true,"href":"https:\/\/mickgb.com\/en\/wp-json\/wp\/v2\/media\/13435"}],"wp:attachment":[{"href":"https:\/\/mickgb.com\/en\/wp-json\/wp\/v2\/media?parent=12349"}],"wp:term":[{"taxonomy":"category","embeddable":true,"href":"https:\/\/mickgb.com\/en\/wp-json\/wp\/v2\/categories?post=12349"},{"taxonomy":"post_tag","embeddable":true,"href":"https:\/\/mickgb.com\/en\/wp-json\/wp\/v2\/tags?post=12349"}],"curies":[{"name":"wp","href":"https:\/\/api.w.org\/{rel}","templated":true}]}}