{"id":12449,"date":"2017-04-04T11:00:00","date_gmt":"2017-04-04T11:00:00","guid":{"rendered":"https:\/\/mickgb.com\/?p=12449"},"modified":"2024-04-08T01:27:35","modified_gmt":"2024-04-08T01:27:35","slug":"ealu-copy-copy","status":"publish","type":"post","link":"https:\/\/mickgb.com\/en\/ealu-copy-copy\/","title":{"rendered":"\u00c9AL\u00da&#8230;.. &#8211; Copy &#8211; Copy"},"content":{"rendered":"<p style=\"text-align:center;margin-top:0pt;padding-top:0;margin-bottom:10pt;padding-bottom:0;line-height:1.8\"><strong><span style=\"font-size:28pt\">I  mB\u00e9al  an  Phobail<\/span><\/strong><\/p><p style=\"margin-top:0pt;padding-top:0;margin-bottom:10pt;padding-bottom:0;line-height:1.8\"><span style=\"font-size:14pt\">Peadar Bair\u00e9ad<\/span><span style=\"font-size:14pt\">,<\/span><\/p><p style=\"text-align:center;margin-top:0pt;padding-top:0;margin-bottom:10pt;padding-bottom:0;line-height:1.8\"><strong><span style=\"font-size:14pt\"><em> (This week we review \u00c9AL\u00da by \u00c1ine U\u00ed Fhoghl\u00fa)<\/em><\/span><\/strong><\/p><p style=\"text-align:center;margin-top:0pt;padding-top:0;margin-bottom:10pt;padding-bottom:0;line-height:1.8\"><span style=\"font-size:14pt\">C\u00e9adchl\u00f3<\/span><span style=\"font-size:14pt\"> sa bhliain 2013&#8230;..<\/span><span style=\"font-size:14pt\">&#8230;.. \u20ac8.00<\/span><\/p><p style=\"text-align:center;margin-top:0pt;padding-top:0;margin-bottom:10pt;padding-bottom:0;line-height:1.8\"><span style=\"height:1em\"><span>.<\/span><\/span><\/p><p style=\"text-align:center;margin-top:0pt;padding-top:0;margin-bottom:10pt;padding-bottom:0;line-height:1.8\"><strong><span style=\"font-size:18pt\">Leabhar Sp\u00e9isi\u00fail<\/span><\/strong><\/p><p style=\"text-align:justify;margin-top:0pt;padding-top:0;margin-bottom:10pt;padding-bottom:0;line-height:1.8\"><span style=\"font-size:14pt\">Anois, b\u00ed<\/span><span style=\"font-size:14pt\">odh gur foils\u00cd<\/span><span style=\"font-size:14pt\">odh an leabhar s<\/span><span style=\"font-size:14pt\">eo sa bhliain 2013, caithfidh m\u00e9 a admh\u00e1<\/span><span style=\"font-size:14pt\">il<\/span><span style=\"font-size:14pt\">, n\u00e1r l\u00e9igh m\u00e9 fh\u00e9in \u00e9 go dt\u00ed le d\u00e9ana\u00ed, agus c\u00e9<\/span><span style=\"font-size:14pt\"> nach bhfuil sa leabhar <\/span><span style=\"font-size:14pt\">ar fad ach thart ar ch\u00e9<\/span><span style=\"font-size:14pt\">ad leathanach<\/span><span style=\"font-size:14pt\"> \u00f3 th\u00fas deireadh, caithfidh m\u00e9 a r\u00e1<\/span><span style=\"font-size:14pt\"> leat<\/span><span style=\"font-size:14pt\"> anseo<\/span><span style=\"font-size:14pt\">, gur bhain m\u00e9 an-taitneamh as. D\u2019\u00e9irigh leis an \u00fadar r\u00e9imse leathan de mhoth\u00fach\u00e1in an <\/span><span style=\"font-size:14pt\">duine daonna<\/span><span style=\"font-size:14pt\"> a chur<\/span><span style=\"font-size:14pt\"> ag comhcheol go ceolmhar sa sc\u00e9al seo. T\u00e1 gr\u00e1, fuath, caradas, d\u00ed<\/span><span style=\"font-size:14pt\">oltas<\/span><span style=\"font-size:14pt\">,<\/span><span style=\"font-size:14pt\"> agus<\/span><span style=\"font-size:14pt\"> uisce faoi thalamh<\/span><span style=\"font-size:14pt\">, fite fuaite go heala\u00edonta tr\u00edd an sc\u00e9<\/span><span style=\"font-size:14pt\">al seo. <\/span><span style=\"font-size:14pt\">N\u00ed<\/span><span style=\"font-size:14pt\"> haon ionadh<\/span><span style=\"font-size:14pt\">,<\/span><span style=\"font-size:14pt\"> gur b<\/span><span style=\"font-size:14pt\">huaigh an leabhar seo duais Chl\u00f3- Iarchonnacht<\/span><span style=\"font-size:14pt\"> sa bhliain 2013<\/span><span style=\"font-size:14pt\">,<\/span><span style=\"font-size:14pt\"> agus n<\/span><span style=\"font-size:14pt\">\u00ed g\u00e1<\/span><span style=\"font-size:14pt\">, ach oiread,<\/span><span style=\"font-size:14pt\"> a r\u00e1<\/span><span style=\"font-size:14pt\">,<\/span><span style=\"font-size:14pt\"> nach \u00e9 seo an ch\u00e9ad leabhar a shil \u00f3  pheann l\u00edofa an \u00fa<\/span><span style=\"font-size:14pt\">dair<\/span><span style=\"font-size:14pt\"> scili\u00fa<\/span><span style=\"font-size:14pt\">il<\/span><span style=\"font-size:14pt\"> seo<\/span><span style=\"font-size:14pt\">,<\/span><span style=\"font-size:14pt\"> n\u00f3 is scr\u00edbhneoir d\u00e9anta pr\u00f3<\/span><span style=\"font-size:14pt\">is \u00ed<\/span><span style=\"font-size:14pt\">, agus file aitheanta <\/span><span style=\"font-size:14pt\">foilsithe \u00ed <\/span><span style=\"font-size:14pt\">freisin as Rinn Bhile i gContae Phort L\u00e1<\/span><span style=\"font-size:14pt\">irge<\/span><span style=\"font-size:14pt\">. <\/span><\/p><p style=\"text-align:justify;margin-top:0pt;padding-top:0;margin-bottom:10pt;padding-bottom:0;line-height:1.8\"><span style=\"font-size:14pt\">Ach a<\/span><span style=\"font-size:14pt\">g tagairt don leabhar seo, is f\u00e9idir a r\u00e1, gurb \u00ed,<\/span><span style=\"font-size:14pt\"> <\/span><strong><span style=\"font-size:14pt\">Magda<\/span><span style=\"font-size:14pt\">,<\/span><\/strong><span style=\"font-size:14pt\"> an pr\u00edomhcharachtar sa sc\u00e9al n\u00f3 f\u00edtear an sc\u00e9<\/span><span style=\"font-size:14pt\">al ar fad, <\/span><span style=\"font-size:14pt\">d\u2019fh\u00e9adf\u00e1 a r\u00e1<\/span><span style=\"font-size:14pt\">, thart uirthi.<\/span><\/p><p style=\"text-align:center;margin-top:0pt;padding-top:0;margin-bottom:10pt;padding-bottom:0;line-height:1.8\"><strong><span style=\"font-size:18pt\">Sc\u00e9al Mhagda<\/span><\/strong><\/p><p style=\"text-align:justify;margin-top:0pt;padding-top:0;margin-bottom:10pt;padding-bottom:0;line-height:1.8\"><span style=\"font-size:14pt\">Bean \u00f3g Pholannach is<\/span><span style=\"font-size:14pt\"> ea Magda<\/span><span style=\"font-size:14pt\">, a th\u00e1inig ar imirce go h\u00c9irinn ar th\u00f3<\/span><span style=\"font-size:14pt\">ir oibre<\/span><span style=\"font-size:14pt\">, agus \u00ed ag s\u00fail le saol sona s\u00e1sta<\/span><span style=\"font-size:14pt\">, ar dhroim na muice,<\/span><span style=\"font-size:14pt\"> a chaitheamh anseo, ach n\u00ed mar a sh\u00edltear a<\/span><span style=\"font-size:14pt\"> b<\/span><span style=\"font-size:14pt\">\u00edtear, go minic, agus n\u00edorbh aon eisceacht \u00e9 sc\u00e9<\/span><span style=\"font-size:14pt\">al Mhagda<\/span><span style=\"font-size:14pt\">,<\/span><span style=\"font-size:14pt\"> <\/span><span style=\"font-size:14pt\">ach oiread.<\/span><span style=\"font-size:14pt\"> D\u2019\u00e9irigh lei obair a fh\u00e1il mar bhean ghlantach\u00e1<\/span><span style=\"font-size:14pt\">in<\/span><span style=\"font-size:14pt\">. Caithfidh s\u00e9 go mba chail\u00edn dath\u00fa<\/span><span style=\"font-size:14pt\">il \u00ed<\/span><span style=\"font-size:14pt\"> Magda, agus ba ghearr gur leag <\/span><strong><span style=\"font-size:14pt\">Matt<\/span><\/strong><span style=\"font-size:14pt\">, fear saibhir gn\u00f3, s\u00fa<\/span><span style=\"font-size:14pt\">il uirthi<\/span><span style=\"font-size:14pt\">, agus b\u00edodh go raibh Magda ar bheag\u00e1n B\u00e9arla, n\u00ed<\/span><span style=\"font-size:14pt\">orbh <\/span><span style=\"font-size:14pt\">aon c<\/span><span style=\"font-size:14pt\">h<\/span><span style=\"font-size:14pt\">onstaic \u00e9<\/span><span style=\"font-size:14pt\"> sin<\/span><span style=\"font-size:14pt\"> do ch\u00farsa\u00ed a gcaradais<\/span><span style=\"font-size:14pt\">, n\u00f3 bh\u00ed<\/span><span style=\"font-size:14pt\"> Polainnis den scoth ag Ma<\/span><span style=\"font-size:14pt\">tt. Lean c\u00farsa\u00ed<\/span><span style=\"font-size:14pt\"> ar aghaidh go seoigh<\/span><span style=\"font-size:14pt\">, agus i ngearraimsir bh\u00ed an p\u00e9<\/span><span style=\"font-size:14pt\">i<\/span><span style=\"font-size:14pt\">re ceangailte faoi chuing an ph\u00f3<\/span><span style=\"font-size:14pt\">sta<\/span><span style=\"font-size:14pt\">, agus c\u00f3na\u00ed orthu i dteach gal\u00e1<\/span><span style=\"font-size:14pt\">n<\/span><span style=\"font-size:14pt\">ta ar imeall na cathrach, ach n\u00edor chathair mar a tuairisc \u00e9 an Matt c\u00e9<\/span><span style=\"font-size:14pt\">anna seo<\/span><span style=\"font-size:14pt\">, n\u00f3 in ionad a bheith gr\u00e1mhar cine\u00e1<\/span><span style=\"font-size:14pt\">lta<\/span><span style=\"font-size:14pt\">,<\/span><span style=\"font-size:14pt\"> is <\/span><span style=\"font-size:14pt\">amhlaidh a bh\u00ed s\u00e9 \u00e9<\/span><span style=\"font-size:14pt\">admhar <\/span><span style=\"font-size:14pt\">gr\u00e1<\/span><span style=\"font-size:14pt\">nna. Ba <\/span><span style=\"font-size:14pt\">ghearr go bhfacthas do Mhagda n\u00e1r ch\u00e9ile a bh\u00ed ag teast\u00e1il \u00f3 Mhatt ach scl\u00e1bha\u00ed,  a choinneodh teach glan n\u00e9ata d\u00f3, agus a chuirfeadh saol comp\u00f3rdach, s\u00f3mhar ar f\u00e1il d\u00f3 fh\u00e9in. Theastaigh uaidh go gcoinneodh s\u00ed<\/span><span style=\"font-size:14pt\"> an teach gl<\/span><span style=\"font-size:14pt\">an agus go r\u00e9iteodh s\u00ed b\u00e9il\u00ed blasta den scoth d\u00f3<\/span><span style=\"font-size:14pt\">, agus chomh maith le sin<\/span><span style=\"font-size:14pt\">, go gcoinneodh s\u00ed chuile sh\u00f3rt sa teach ina \u00e1it cheart fh\u00e9in. Ba ghearr go bhfuai<\/span><span style=\"font-size:14pt\">r Magda amach freisin<\/span><span style=\"font-size:14pt\">, go mba <\/span><span style=\"font-size:14pt\">mhaist\u00edn de bhulla\u00ed \u00e9 Matt, a rinne<\/span><span style=\"font-size:14pt\"> \u00ed a bhualadh agus a bhatr\u00e1<\/span><span style=\"font-size:14pt\">il cupla babhta. <\/span><span style=\"font-size:14pt\">N\u00ed raibh Magda s\u00e1sta cur suas le saol d\u00e1 leith\u00e9<\/span><span style=\"font-size:14pt\">id<\/span><span style=\"font-size:14pt\">, agus thosaigh s\u00ed ag ullmh\u00fa don l\u00e1 nuair a gheobhadh s\u00ed deis \u00e9alaithe. D\u2019fhoghlaim s\u00ed B\u00e9<\/span><span style=\"font-size:14pt\">arla, i ngan <\/span><span style=\"font-size:14pt\">fhios do Mhatt, agus thosaigh s\u00ed ag plean\u00e1<\/span><span style=\"font-size:14pt\">il<\/span><span style=\"font-size:14pt\">, agus ag ullmh\u00fa,<\/span><span style=\"font-size:14pt\"> <\/span><span style=\"font-size:14pt\">don l\u00e1 m\u00f3r sin. <\/span><\/p><p style=\"text-align:justify;margin-top:0pt;padding-top:0;margin-bottom:10pt;padding-bottom:0;line-height:1.8\"><span style=\"font-size:14pt\">Ar \u00e9irigh lei \u00e9al\u00fa? n\u00f3<\/span><span style=\"font-size:14pt\"> <\/span><span style=\"font-size:14pt\">an raibh Matt \u00e1<\/span><span style=\"font-size:14pt\">balta cosc a chur lena pleananna? <\/span><\/p><p style=\"text-align:center;margin-top:0pt;padding-top:0;margin-bottom:10pt;padding-bottom:0;line-height:1.8\"><strong><span style=\"font-size:18pt\">An-l\u00e9amh<\/span><\/strong><\/p><p style=\"text-align:justify;margin-top:0pt;padding-top:0;margin-bottom:10pt;padding-bottom:0;line-height:1.8\"><span style=\"font-size:14pt\">Anois, n\u00edl f\u00famsa an sc\u00e9<\/span><span style=\"font-size:14pt\">al ar fad a mhilleadh ort<\/span><span style=\"font-size:14pt\">sa, ach m\u00e1 theasta\u00edonn uaitse fios f\u00e1tha gach sc\u00e9il a fh\u00e1il amach duit fh\u00e9in, n\u00edl le d\u00e9<\/span><span style=\"font-size:14pt\">ana<\/span><span style=\"font-size:14pt\">mh agat ach an leabhar seo a fh\u00e1<\/span><span style=\"font-size:14pt\">il<\/span><span style=\"font-size:14pt\">, agus a l\u00e9<\/span><span style=\"font-size:14pt\">amh<\/span><span style=\"font-size:14pt\">,<\/span><span style=\"font-size:14pt\"> agus geallaimse dhuit <\/span><span style=\"font-size:14pt\">\u00e9, nach mbeidh a chath\u00fa<\/span><span style=\"font-size:14pt\"> ort<\/span><span style=\"font-size:14pt\">, n\u00f3 is deas, sp\u00e9isi\u00fail, teannasach, an sc\u00e9al \u00e9, ar deacair \u00e9 a chur uait, <\/span><span style=\"font-size:14pt\">agus cuir le sin<\/span><span style=\"font-size:14pt\">, gur f\u00e9<\/span><span style=\"font-size:14pt\">idir leat an leabhar a cheannach ar \u20ac8.00. Sladmhargadh<\/span><span style=\"font-size:14pt\">,<\/span><span style=\"font-size:14pt\"> gan aon dabht<\/span><span style=\"font-size:14pt\">, ar leabhar chomh corraitheach, s\u00e1s\u00fail, leis<\/span><span style=\"font-size:14pt\">.<\/span><span style=\"font-size:14pt\"> Bh\u00ed orm fh\u00e9in \u00e9 a athl\u00e9amh, le toit agus taitneamh ioml\u00e1n a bhaint as!<\/span><span style=\"font-size:14pt\">&nbsp;&nbsp;<\/span><\/p><p style=\"text-align:justify;margin-top:0pt;padding-top:0;margin-bottom:10pt;padding-bottom:0;line-height:1.38\"><span style=\"height:1em\"><span>.<\/span><\/span><\/p><p style=\"text-align:justify;margin-top:0pt;padding-top:0;margin-bottom:10pt;padding-bottom:0;line-height:1.38\"><span style=\"height:1em\"><span>.<\/span><\/span><\/p>","protected":false},"excerpt":{"rendered":"<p>I mB\u00e9al an Phobail Peadar Bair\u00e9ad, (This week we review \u00c9AL\u00da by \u00c1ine U\u00ed Fhoghl\u00fa) C\u00e9adchl\u00f3 sa bhliain 2013&#8230;..&#8230;.. \u20ac8.00 . Leabhar Sp\u00e9isi\u00fail Anois, b\u00edodh gur foils\u00cdodh an leabhar seo sa bhliain 2013, caithfidh m\u00e9 a admh\u00e1il, n\u00e1r l\u00e9igh m\u00e9 fh\u00e9in \u00e9 go dt\u00ed le d\u00e9ana\u00ed, agus c\u00e9 nach bhfuil sa leabhar ar fad ach [&hellip;]<\/p>\n","protected":false},"author":2,"featured_media":13435,"comment_status":"open","ping_status":"open","sticky":false,"template":"","format":"standard","meta":{"nf_dc_page":"","_et_pb_use_builder":"","_et_pb_old_content":"","_et_gb_content_width":"","footnotes":""},"categories":[1],"tags":[],"class_list":["post-12449","post","type-post","status-publish","format-standard","has-post-thumbnail","hentry","category-gan-chatagoir"],"_links":{"self":[{"href":"https:\/\/mickgb.com\/en\/wp-json\/wp\/v2\/posts\/12449","targetHints":{"allow":["GET"]}}],"collection":[{"href":"https:\/\/mickgb.com\/en\/wp-json\/wp\/v2\/posts"}],"about":[{"href":"https:\/\/mickgb.com\/en\/wp-json\/wp\/v2\/types\/post"}],"author":[{"embeddable":true,"href":"https:\/\/mickgb.com\/en\/wp-json\/wp\/v2\/users\/2"}],"replies":[{"embeddable":true,"href":"https:\/\/mickgb.com\/en\/wp-json\/wp\/v2\/comments?post=12449"}],"version-history":[{"count":1,"href":"https:\/\/mickgb.com\/en\/wp-json\/wp\/v2\/posts\/12449\/revisions"}],"predecessor-version":[{"id":12450,"href":"https:\/\/mickgb.com\/en\/wp-json\/wp\/v2\/posts\/12449\/revisions\/12450"}],"wp:featuredmedia":[{"embeddable":true,"href":"https:\/\/mickgb.com\/en\/wp-json\/wp\/v2\/media\/13435"}],"wp:attachment":[{"href":"https:\/\/mickgb.com\/en\/wp-json\/wp\/v2\/media?parent=12449"}],"wp:term":[{"taxonomy":"category","embeddable":true,"href":"https:\/\/mickgb.com\/en\/wp-json\/wp\/v2\/categories?post=12449"},{"taxonomy":"post_tag","embeddable":true,"href":"https:\/\/mickgb.com\/en\/wp-json\/wp\/v2\/tags?post=12449"}],"curies":[{"name":"wp","href":"https:\/\/api.w.org\/{rel}","templated":true}]}}