{"id":12479,"date":"2017-04-04T11:00:00","date_gmt":"2017-04-04T11:00:00","guid":{"rendered":"https:\/\/mickgb.com\/?p=12479"},"modified":"2024-04-08T01:27:43","modified_gmt":"2024-04-08T01:27:43","slug":"feilire-pharaiste-achadh-an-bhiolair","status":"publish","type":"post","link":"https:\/\/mickgb.com\/en\/feilire-pharaiste-achadh-an-bhiolair\/","title":{"rendered":"Feilire Pharaiste Achadh an Bhiolair"},"content":{"rendered":"<p style=\"margin-top:0pt;padding-top:0;margin-bottom:0pt;padding-bottom:0;line-height:2.4;font-size:14pt\"><span style=\"font-size:12pt\">A Ph\u00e1draig, a chara,<\/span><\/p><p style=\"margin-top:0pt;padding-top:0;margin-bottom:0pt;padding-bottom:0;line-height:2.4;font-size:14pt\"><span style=\"font-size:12pt\">N\u2019fheadar ar sp\u00e9is p\u00edosa d\u00e1 leith\u00e9id seo th\u00edos?<\/span><\/p><p style=\"margin-top:0pt;padding-top:0;margin-bottom:0pt;padding-bottom:0;line-height:2.4;font-size:14pt\"><span style=\"font-size:12pt\">Beir Bua agus Beannacht<\/span><\/p><p style=\"margin-top:0pt;padding-top:0;margin-bottom:0pt;padding-bottom:0;line-height:2.4;font-size:14pt\"><span style=\"font-size:12pt\">\u00f3<\/span><\/p><p style=\"margin-top:0pt;padding-top:0;margin-bottom:0pt;padding-bottom:0;line-height:2.4;font-size:14pt\"><span style=\"font-size:12pt\">Peadar Bair\u00e9ad.<\/span><\/p><p style=\"margin-top:0pt;padding-top:0;margin-bottom:0pt;padding-bottom:0;line-height:2.4;font-size:14pt\"><span style=\"height:1em\"><span>.<\/span><\/span><\/p><p style=\"margin-top:0pt;padding-top:0;margin-bottom:0pt;padding-bottom:0;line-height:2.4;font-size:14pt\"><span style=\"height:1em\"><span>.<\/span><\/span><\/p><p style=\"text-align:center;margin-top:0pt;padding-top:0;margin-bottom:0pt;padding-bottom:0;line-height:2.4;font-size:14pt\"><span style=\"height:1em\"><span>.<\/span><\/span><\/p><p style=\"text-align:center;margin-top:0pt;padding-top:0;margin-bottom:0pt;padding-bottom:0;line-height:2.4;font-size:14pt\"><strong><span style=\"font-size:24pt\">Feilire  Achadh  a\u2019  Bhiolair<\/span><\/strong><\/p><p style=\"margin-top:0pt;padding-top:0;margin-bottom:0pt;padding-bottom:0;line-height:2.4;font-size:14pt\"><span style=\"height:1em\"><span>.<\/span><\/span><\/p><p style=\"margin-top:0pt;padding-top:0;margin-bottom:0pt;padding-bottom:0;line-height:2.4;font-size:14pt\">Peadar Bair\u00e9ad<\/p><p style=\"text-align:justify;margin-top:0pt;padding-top:0;margin-bottom:0pt;padding-bottom:0;line-height:2.4;font-size:14pt\"><span style=\"height:1em\"><span>.<\/span><\/span><\/p><p style=\"text-align:justify;margin-top:0pt;padding-top:0;margin-bottom:0pt;padding-bottom:0;line-height:2.4;font-size:14pt\">Tamall \u00f3 shoin, sheol Criost\u00f3ir \u00d3 Tuama F\u00e9ilire Phar\u00e1iste Achadh a\u2019 Bhiolair chugam, agus caithfidh m\u00e9 a r\u00e1, go dtabharfainn fh\u00e9in an chraobh don bhF\u00e9ilire ch\u00e9anna sin, n\u00f3 n\u00ed hamh\u00e1in go dtugann s\u00e9 m\u00edosa agus d\u00e1ta\u00ed na bliana, faoi mar a thugann f\u00e9ilir\u00ed eile d\u00fainn, ach chomh maith le sin, tugann s\u00e9 eolas fairsing, l\u00e9annta, iomad\u00fail d\u00fainn, faoi shaol, faoi shaothar, faoi chreideamh, agus faoi logainmneacha an Phar\u00e1iste sin. Caithfidh m\u00e9 a admh\u00e1il, nach bhfaca m\u00e9 fh\u00e9in f\u00e9ilire ar aon dul leis cheana, ar a eags\u00falacht, ar a thaighde, ar a leagan amach, agus ar a th\u00edri\u00falacht. Is m\u00f3r go deo an chreidi\u00faint do Chriost\u00f3ir \u00e9 f\u00e9ilire d\u00e1 leith\u00e9id a chur ar f\u00e1il d\u00e1 phobal, agus is m\u00f3r at\u00e1 muid uilig faoi chomaoin aige as an bhF\u00e9ilire \u00e1lainn seo a chur ar f\u00e1il d\u00fainn. Crochfaidh m\u00e9 fh\u00e9in an F\u00e9ilire seo in \u00e1it a mbeidh deis agam, braon d\u00e1r n-oidhreacht a \u00f3l as go rialta.<\/p><p style=\"text-align:justify;margin-top:0pt;padding-top:0;margin-bottom:0pt;padding-bottom:0;line-height:2.4\"><span style=\"font-size:14pt\">Breathnaigh ar an gc\u00e9ad leathanach de, mar a bhfuil blas agus radharc an Fh\u00e9ilire le f\u00e1il againn. Ag barr an leathanaigh sin t\u00e1 seo le l\u00e9amh againn&#8230;.<\/span><\/p><h2 style=\"text-align:justify;margin-top:0pt;padding-top:0;margin-bottom:0pt;padding-bottom:0;line-height:2.4;font-size:14pt;margin-left:144pt\"><strong><span style=\"font-size:18pt\">2011 CALENDAR<\/span><\/strong><\/h2><h3 style=\"text-align:justify;margin-top:0pt;padding-top:0;margin-bottom:0pt;padding-bottom:0;line-height:2.4;font-size:14pt;margin-left:108pt\"><strong><span style=\"font-size:18pt\">The Christian Community<\/span><\/strong><\/h3><p style=\"text-align:justify;margin-top:0pt;padding-top:0;margin-bottom:0pt;padding-bottom:0;line-height:2.4\"><strong><span style=\"font-size:18pt\">                   Of Aghavillar and the adjacent areas<\/span><\/strong><\/p><p style=\"text-align:justify;margin-top:0pt;padding-top:0;margin-bottom:0pt;padding-bottom:0;line-height:2.4\"><span style=\"font-size:14pt\">Faoin m\u00e9id sin, t\u00e1 picti\u00fair le feice\u00e1il againn, picti\u00fair a bhfuil baint acu le creideamh agus le stair phobal na d\u00faiche sin. T\u00e1 cupla eaglais le feice\u00e1il againn ar an leathanach sin, agus Maighdean Mhedugorje, maraon le picti\u00far d\u2019eaglais Mhedugorje fh\u00e9in. Chomh maith le sin, t\u00e1 picti\u00far de Thobar Beannaithe Achadh a\u2019 Bhiolair, agus picti\u00far dIosag\u00e1n Phr\u00e1ig. T\u00e1 le l\u00e9amh ar an leathanach seo an d\u00e1n cr\u00e1ifeach sin, \u201cA Mhuire na nGr\u00e1s\u201d agus deirtear faoin d\u00e1n sin, go raibh de n\u00f3s ag an Easpag James Mcloughlin, na<\/span><span style=\"font-size:14pt\">ch maireann, go raibh de n\u00f3s aige, an d\u00e1n sin a aithris chuile l\u00e1 d\u00e1 shaol.  T\u00e1 anseo freisin, tagairt dEaglais Bhreannd\u00e1in i mBaile R\u00f3ib\u00edn, Eaglais a d\u00fanadh ar Dhomhnach C\u00e1sca na bliana 2008.<\/span><\/p><p style=\"text-align:justify;margin-top:0pt;padding-top:0;margin-bottom:0pt;padding-bottom:0;line-height:2.4\"><span style=\"font-size:14pt\">De r\u00e9ir mar a th\u00e9ann t\u00fa ar aghaidh sa bhF\u00e9ilire ansin, tugtar m\u00edreanna eolais duit, ar chuile leathanach. T\u00e1 tagairt do Bhreannd\u00e1n, \u00c9arlamh an Phar\u00e1iste, ar an dara leathanach. Faoi chuile mh\u00ed ansin, t\u00e1 m\u00edreanna eolais le f\u00e1il, faoin teideal, <\/span><strong><span style=\"font-size:14pt\"><em>An raibh fhios agat<\/em><\/span><\/strong><span style=\"font-size:14pt\">, m\u00edreanna eolais faoi chluich\u00ed, faoi fhoirne, agus faoi <\/span><span style=\"font-size:14pt\">eachtra\u00ed a tharla sa Phar\u00e1iste. T\u00e1 tagairt le f\u00e1il iontu faoi Leacht Charraig Seabhac, a t\u00f3gadh sa bhliain 1926, agus a chosain \u00a321.00 ag an am sin, tagairt freisin do Mhairt\u00edrigh Mhanch\u00fain, faoi  chuairt an Uachtar\u00e1in, M\u00e1ire Mhac Ghiolla \u00cdosa, ar Bhaile R\u00f3ib\u00edn sa bhliain 1999, tr\u00e1th ar oscail s\u00ed Gaird\u00edn an Ghorta go hoifigi\u00fail, agus t\u00e1 le f\u00e1il i measc na m\u00edreanna sin freisin, tagairt don \u00f3c\u00e1id ar thug Miche\u00e1l Daibh\u00e9id \u00f3r\u00e1id uaidh, <\/span><span style=\"font-size:14pt\">do shlua ollmh\u00f3r, \u00f3 ch\u00e9imeanna Theach Chonradh na Tal\u00fan, i mBaile Hug\u00fain. Sea, agus t\u00e1 tuilleadh le f\u00e1il sna m\u00edreanna c\u00e9anna sin freisin. Ar thaobh chl\u00e9 chuile leathanach den bhF\u00e9ilire t\u00e1  picti\u00fair sp\u00e9isi\u00fala feistithe ag an \u00fadar, agus n\u00ed h\u00e9 sin amh\u00e1in \u00e9, mar t\u00e1 grianghrafanna sp\u00e9isi\u00fala freisin le f\u00e1il ag deireadh an Fh\u00e9ilire faoin dteideal, <\/span><\/p><h1 style=\"text-align:center;margin-top:0pt;padding-top:0;margin-bottom:0pt;padding-bottom:0;line-height:2.4;font-weight:bold;font-size:18pt\">C\u00e1 h-\u00e1it?  C\u00e9 h-\u00e9?  Who?  Where?  When?<\/h1><p style=\"text-align:justify;margin-top:0pt;padding-top:0;margin-bottom:0pt;padding-bottom:0;line-height:2.4;font-size:14pt\">Picti\u00fair sp\u00e9isi\u00fala a bhfuil baint acu leis an \u00e1it, agus picti\u00fair a gcuirfeadh pobal Achadh a\u2019 Bhiolair sp\u00e9is faoi leith iontu. Agus mar chloch phr\u00e9ach\u00e1in ar an ioml\u00e1n, tugann s\u00e9 liosta logainmneacha, gona m\u00edni\u00fa, agus gan dabht ar domhan, is d\u00edol sp\u00e9ise iad sin do chuile dhuine. Ar an leathanach sin, t\u00e1 eolas le f\u00e1il againn ar sheacht n-\u00e1it d\u00e9ag sa Phar\u00e1iste, \u00e1iteacha ar n\u00f3s, Aghavillar fh\u00e9in, Booleyglass, Doire Lia, Condstown, Stoneyford, Newmarket, agus tuilleadh. F\u00e1gfaidh m\u00e9 f\u00fat fh\u00e9in iad a l\u00e9amh, ar do chaoth\u00falacht.<\/p><p style=\"text-align:justify;margin-top:0pt;padding-top:0;margin-bottom:0pt;padding-bottom:0;line-height:2.4\"><span style=\"font-size:14pt\">Sea, agus ar ch\u00fal an Fh\u00e9ilire, tugtar liosta de na fir, agus de na mn\u00e1, \u00f3n d\u00faiche seo, a leath an Soisc\u00e9al i bhfad agus i ngearr, agus t\u00e1 grianghrafanna sheachtair d\u00e9ag acusan le f\u00e1il ansin freisin.<\/span><\/p><p style=\"text-align:justify;margin-top:0pt;padding-top:0;margin-bottom:0pt;padding-bottom:0;line-height:2.4\"><span style=\"font-size:14pt\">F\u00e1gfaidh m\u00e9 an chuid eile f\u00fat fh\u00e9in, ach uair amh\u00e1in eile, ba mhaith liom comhghairdeas a dh\u00e9anamh le Criost\u00f3ir \u00d3 Tuama fh\u00e9in, fear d\u00e9anta agus fear deartha an Fh\u00e9ilire sp\u00e9isi\u00fail, neamhghn\u00e1ch seo. N\u00e1r laga Dia a l\u00e1mh.   <\/span><\/p>","protected":false},"excerpt":{"rendered":"<p>A Ph\u00e1draig, a chara, N\u2019fheadar ar sp\u00e9is p\u00edosa d\u00e1 leith\u00e9id seo th\u00edos? Beir Bua agus Beannacht \u00f3 Peadar Bair\u00e9ad. . . . Feilire Achadh a\u2019 Bhiolair . Peadar Bair\u00e9ad . Tamall \u00f3 shoin, sheol Criost\u00f3ir \u00d3 Tuama F\u00e9ilire Phar\u00e1iste Achadh a\u2019 Bhiolair chugam, agus caithfidh m\u00e9 a r\u00e1, go dtabharfainn fh\u00e9in an chraobh don bhF\u00e9ilire [&hellip;]<\/p>\n","protected":false},"author":2,"featured_media":13435,"comment_status":"open","ping_status":"open","sticky":false,"template":"","format":"standard","meta":{"nf_dc_page":"","_et_pb_use_builder":"","_et_pb_old_content":"","_et_gb_content_width":"","footnotes":""},"categories":[1],"tags":[],"class_list":["post-12479","post","type-post","status-publish","format-standard","has-post-thumbnail","hentry","category-gan-chatagoir"],"_links":{"self":[{"href":"https:\/\/mickgb.com\/en\/wp-json\/wp\/v2\/posts\/12479","targetHints":{"allow":["GET"]}}],"collection":[{"href":"https:\/\/mickgb.com\/en\/wp-json\/wp\/v2\/posts"}],"about":[{"href":"https:\/\/mickgb.com\/en\/wp-json\/wp\/v2\/types\/post"}],"author":[{"embeddable":true,"href":"https:\/\/mickgb.com\/en\/wp-json\/wp\/v2\/users\/2"}],"replies":[{"embeddable":true,"href":"https:\/\/mickgb.com\/en\/wp-json\/wp\/v2\/comments?post=12479"}],"version-history":[{"count":1,"href":"https:\/\/mickgb.com\/en\/wp-json\/wp\/v2\/posts\/12479\/revisions"}],"predecessor-version":[{"id":12480,"href":"https:\/\/mickgb.com\/en\/wp-json\/wp\/v2\/posts\/12479\/revisions\/12480"}],"wp:featuredmedia":[{"embeddable":true,"href":"https:\/\/mickgb.com\/en\/wp-json\/wp\/v2\/media\/13435"}],"wp:attachment":[{"href":"https:\/\/mickgb.com\/en\/wp-json\/wp\/v2\/media?parent=12479"}],"wp:term":[{"taxonomy":"category","embeddable":true,"href":"https:\/\/mickgb.com\/en\/wp-json\/wp\/v2\/categories?post=12479"},{"taxonomy":"post_tag","embeddable":true,"href":"https:\/\/mickgb.com\/en\/wp-json\/wp\/v2\/tags?post=12479"}],"curies":[{"name":"wp","href":"https:\/\/api.w.org\/{rel}","templated":true}]}}