{"id":12515,"date":"2017-04-04T11:00:00","date_gmt":"2017-04-04T11:00:00","guid":{"rendered":"https:\/\/mickgb.com\/?p=12515"},"modified":"2024-04-08T01:08:19","modified_gmt":"2024-04-08T01:08:19","slug":"fuerteventura","status":"publish","type":"post","link":"https:\/\/mickgb.com\/en\/fuerteventura\/","title":{"rendered":"Fuerteventura"},"content":{"rendered":"<p style=\"text-align:center;margin-top:0pt;padding-top:0;margin-bottom:0pt;padding-bottom:0;line-height:2.4;font-weight:bold;font-size:18pt\"><span style=\"font-size:24pt\">I mB\u00e9al an Phobail<\/span><\/p><p style=\"margin-top:0pt;padding-top:0;margin-bottom:0pt;padding-bottom:0;line-height:1.2;font-size:14pt\"><strong>Peadar Bair\u00e9ad<\/strong><\/p><p style=\"text-align:center;margin-top:0pt;padding-top:0;margin-bottom:0pt;padding-bottom:0;line-height:2.4;font-weight:bold;font-size:18pt\">&nbsp;&nbsp;&nbsp;&nbsp;<span style=\"height:1em\"><span>.<\/span><\/span><\/p><p style=\"text-align:center;margin-top:0pt;padding-top:0;margin-bottom:0pt;padding-bottom:0;line-height:2.4;font-weight:bold;font-size:18pt\">I bhfad \u00f3 bhaile<\/p><p style=\"margin-top:0pt;padding-top:0;margin-bottom:0pt;padding-bottom:0;line-height:1.2\"><span style=\"height:1em\"><span>.<\/span><\/span><\/p><p style=\"text-align:justify;margin-top:0pt;padding-top:0;margin-bottom:0pt;padding-bottom:0;line-height:2.4\">N\u00ed d\u00f3igh liom gur inis m\u00e9 dhaoibh faoin saoire a chaith m\u00e9, i bhfad \u00f3 bhaile, amuigh i Fuerteventura, ceann de na hOile\u00e1in Chan\u00e1ireacha. Sin an fear de na hOile\u00e1in Chan\u00e1ireacha is c\u00f3ngara\u00ed do ch\u00f3sta na hAfraice. T\u00e1 a shliocht sin air, n\u00f3 b\u00edodh go bhfuil s\u00e9 suite roinnt mhaith m\u00edlte amach \u00f3n gc\u00f3sta sin, ag an am gc\u00e9anna, \u00e9ir\u00edonn leis na stoirmeacha geimhri\u00fala gaineamh geal \u00f3n Sah\u00e1ra a sh\u00e9ideadh trasna na farraige chuige, sa chaoi go bhfuil limist\u00e9ar fairsing den oile\u00e1n sin cl\u00fadaithe le dumhchanna geala gainimhe, dumhchanna at\u00e1 chomh geal, d\u2019fh\u00e9adfa a r\u00e1, leis na dumhchanna a gheof\u00e1 fan ch\u00f3sta an Mhuirthead, in Iorras, i gContae Mhaigh Eo. Sea, agus f\u00e9ach ar an ainm a baisteadh ar an bhfoirgneamh ina raibh muid lonnaithe fad a bh\u00edomar ag cur f\u00fainn ansin, \u201cOasis Dunas\u201d, sea, tugann sin le fios do dhuine go raibh na dumhchanna gainimhe sa chuid sin den oile\u00e1n, agus t\u00e1 na h\u00c1ras\u00e1in sin suite ar imeall an Ionaid Saoire sin Corralejo.<\/p><h1 style=\"text-align:center;margin-top:0pt;padding-top:0;margin-bottom:0pt;padding-bottom:0;line-height:2.4;font-weight:bold;font-size:14pt\">Guided  Tour !<\/h1><p style=\"text-align:justify;margin-top:0pt;padding-top:0;margin-bottom:0pt;padding-bottom:0;line-height:2.4\">Ar ar mbealach, ar bhus, \u00f3n Aerfort go Corralejo, bh\u00ed deis ag \u00e1r dTreora\u00ed ualach asail de sc\u00e9alta faoin oile\u00e1n a insint d\u00fainn, agus chomh maith le sin, bh\u00ed deis aice \u00e1r n-aire a dh\u00edri\u00fa ar fhear eile de na hOile\u00e1in Chan\u00e1ireacha, ar Lanzarote, a bh\u00ed le feice\u00e1il go taibhsi\u00fail ar thaobh na l\u00e1imhe deise, agus cuma dra\u00edochta air faoi ghrian scaltach r\u00f3stach an mhe\u00e1nlae.  Chuamar thar roinnt bailte poirt, agus m\u00edn\u00edodh d\u00fainn, go mba thogha ionaid iascaigh iad na bailte c\u00e9anna sin, ach chuir s\u00ed fainic na bhfainic orainn ag r\u00e1 go raibh de nos ag na d\u00fachasaigh, i gcuid acu, an iascaireacht sin a dh\u00e9anamh gan sn\u00e1ithe \u00e9adaigh orthu, taobh amuigh de hata agus stoca\u00ed, b\u2019fh\u00e9idir!<\/p><p style=\"text-align:justify;margin-top:0pt;padding-top:0;margin-bottom:0pt;padding-bottom:0;line-height:2.4\"> Chonaiceamar freisin sl\u00e9ibhte agus cnoic den uile dh\u00e9anamh, cuid acu maol, cuid acu beannach, agus cuid eile f\u00f3s nach raibh maol n\u00f3 beannach, ach iad ait, iontach, dodhearmadtha. <\/p><p style=\"text-align:center;margin-top:0pt;padding-top:0;margin-bottom:0pt;padding-bottom:0;line-height:2.4\"><strong><span style=\"font-size:14pt\">Aras Bhecks?<\/span><\/strong><\/p><p style=\"text-align:justify;margin-top:0pt;padding-top:0;margin-bottom:0pt;padding-bottom:0;line-height:2.4\">Ar \u00e1r mbealach freisin, chuamar thar \u00e1ras nua a bh\u00ed \u00e1 th\u00f3g\u00e1il ar thaobh an bh\u00f3thair, \u00e9 ollmh\u00f3r, m\u00edofar, neamhghn\u00e1ch, ach m\u00edn\u00edodh d\u00fainn go raibh s\u00e9 f\u00e1gtha sa tsl\u00ed sin le tamall anois. <\/p><p style=\"text-align:justify;margin-top:0pt;padding-top:0;margin-bottom:0pt;padding-bottom:0;line-height:2.4\">C\u00e9 a mba leis \u00e9, an ea?<\/p><p style=\"text-align:justify;margin-top:0pt;padding-top:0;margin-bottom:0pt;padding-bottom:0;line-height:2.4\">Luadh Posh agus Becks leis.<\/p><p style=\"text-align:justify;margin-top:0pt;padding-top:0;margin-bottom:0pt;padding-bottom:0;line-height:2.4\">Agus tuige n\u00e1r cr\u00edochna\u00edodh \u00e9?<\/p><p style=\"text-align:justify;margin-top:0pt;padding-top:0;margin-bottom:0pt;padding-bottom:0;line-height:2.4\">N\u00ed raibh freagra na ceiste sin ag \u00e9inne, a d\u00faradh linn, ach go raibh an chuma ar an sc\u00e9al nach bhf\u00e9adfadh an bheirt sin teacht ar aon fhocal, faoin chaoi ab fhearr le cr\u00edoch oiri\u00fanach a chur ar a \u201cgCasa Grande\u201d i bhFuerteventura. Minic a chualamar faoi chaisle\u00e1in sa Sp\u00e1inn a bheith \u00e1 th\u00f3g\u00e1il ag duine! bhuel, is d\u00f3cha go bhfuil ceann de na caisle\u00e1in sin \u00e1 th\u00f3g\u00e1il ag an l\u00e1n\u00fa seo i gc\u00faige iarg\u00falta de R\u00edocht sin na Sp\u00e1inne, agus m\u00e1 \u00e9ir\u00edonn leo riamh \u00e9 a chr\u00edochn\u00fa, t\u00e1 m\u00e9 cinnte go mbeidh \u201cCasa\u201d ar d\u00f3igh acu amuigh ansin, \u00e9 suite in \u00e1it chomh halainn is a d\u2019fh\u00e9adf\u00e1 a fh\u00e1il, agus \u00e9 feistithe ansin, ag breathn\u00fa amach ar an bhfarraige agus ar Oile\u00e1n \u00e1lainn Lanzarote.<\/p><h3 style=\"text-align:center;margin-top:0pt;padding-top:0;margin-bottom:0pt;padding-bottom:0;line-height:2.4;font-weight:bold;font-size:18pt\">Moill gan choinne<\/h3><p style=\"text-align:justify;margin-top:0pt;padding-top:0;margin-bottom:0pt;padding-bottom:0;line-height:2.4\">Ar deireadh thiar, shroicheamar \u00e1r gceann scr\u00edbe, agus muid tuirseach, traochta. lag leis an ocras. Thugamar aghaidh ar an gc\u00fantar, \u00e1it a raibh orainn dul tr\u00ed na gn\u00e1thch\u00farsa\u00ed cl\u00e1raithe. Ach bh\u00ed ceata\u00ed sa sc\u00e9al in\u00e1r gc\u00e1sna, \u00e1fach. N\u00ed d\u00f3igh liom gur mh\u00ednigh m\u00e9, i dtosach b\u00e1ire, go raibh dh\u00e1 ghr\u00fapa d\u00ednn ann, m\u00e9 fh\u00e9in is mo bhean i dtosach b\u00e1ire,, agus in \u00e9ineacht linn, bh\u00ed \u00e1r n-in\u00edon, a c\u00e9ile, agus a mbeirt p\u00e1ist\u00ed si\u00fad. Bhuel, n\u00ed raibh t\u00e1sc n\u00f3 tuairisc f\u00fainne le f\u00e1il sna leabhair s\u2019acusan. Bh\u00ed orainn fanacht ansin, fad is bh\u00ed siad ag cuart\u00fa anseo, is ag rans\u00fa ansi\u00fad. Chuireadar fios ar an mbainisteoir, agus ba \u00e9 an sc\u00e9al c\u00e9anna aigesan \u00e9, n\u00ed raibh ar a chumas faisn\u00e9is ar bith a fh\u00e1il go raibh muid cl\u00e1raithe acusan don tsaoire sin, olc, maith, n\u00f3 dona. Lean an sc\u00e9al mar sin ar feadh uair a chloig, ar a laghad, agus ansin, th\u00e1inig duine eic\u00ednt ar chuntas, i leabhar eic\u00ednt, go raibh \u00e1ras\u00e1in curtha in \u00e1irithe don dh\u00e1 ghr\u00fapa d\u00ednn. <\/p><p style=\"text-align:justify;margin-top:0pt;padding-top:0;margin-bottom:0pt;padding-bottom:0;line-height:2.4\">M\u00edle bu\u00edochas do Dhia, arsa sinne, d\u2019aon ghuth, ach ar an droch uair, n\u00ed raibh \u00e1ras\u00e1in ar bith r\u00e9idh le sinn a shacadh isteach iontu. An mbeadh muid s\u00e1sta fanacht cupla uair a chloig, le deis a thabhairt don bhfoireann glanta, \u00e1ras\u00e1in a ghlanadh agus a ullmh\u00fa d\u00fainn? Bhuel, b\u00ed ag caint ar rogha an d\u00e1 dh\u00edogha! N\u00f3 n\u00ed raibh le d\u00e9anamh againn, ach fanacht an d\u00e1 uair a chloig, sin n\u00f3 b\u00f3thar a bhualadh, agus \u00e1ras\u00e1n a lorg \u00e1it eic\u00ednt eile, b\u00edodh go raibh d\u00edolta againne as dh\u00e1 \u00e1ras\u00e1n san Ionad sin. Shocraiomar ar fanacht, agus ar ball, tar \u00e9is tr\u00ed huaire a chloig, ins\u00edodh d\u00fainn go raibh \u00e1r n-\u00e1ras\u00e1in r\u00e9idh d\u00fainn agus bronnadh na heochracha orainn! <\/p><h2 style=\"text-align:center;margin-top:0pt;padding-top:0;margin-bottom:0pt;padding-bottom:0;line-height:2.4;font-weight:bold;font-size:14pt\">Thar am !<\/h2><p style=\"text-align:justify;margin-top:0pt;padding-top:0;margin-bottom:0pt;padding-bottom:0;line-height:2.4\">Faoin am sin, ba bheag nach raibh muid gan aithne gan urlabhara. Ach ar aon n\u00f3s, tar \u00e9is d\u00fainn \u00e1r m\u00e1la\u00ed taistil a shocr\u00fa sna h\u00e1ras\u00e1in, thugamar an baile m\u00f3r orainn fh\u00e9in, agus muid sti\u00factha leis an ocras agus spalptha leis an tart. Anois, is f\u00e9idir liom a r\u00e1 nach raibh ganntanas bia n\u00f3 d\u00ed san Ionad Saoire c\u00e9anna sin Corralejo, n\u00f3 bh\u00ed Proinntithe agus \u00d3st\u00e1in den uile chine\u00e1l le f\u00e1il ina m\u00fartha \u00f3 cheann ceann an bhaile poirt \u00e1lainn c\u00e9anna sin. Chuireamar chuige sin, le flosc agus le fonn, agus i ndeireadh na d\u00e1la, chuireamar c\u00fal ar \u00e1r n-ocras agus ar \u00e1r dtart, agus chaitheamar an chuid eile den tr\u00e1thn\u00f3na sin ag guairdeall timpeall, ag baint taitnimh as chuile sh\u00f3rt a bh\u00ed le feice\u00e1il agus le cloiste\u00e1il i mbaile m\u00f3r Corralejo.<\/p><p style=\"text-align:justify;margin-top:0pt;padding-top:0;margin-bottom:0pt;padding-bottom:0;line-height:2.4\">Ar thaitin an tsaoire sin i bhFuerteventura linn, an ea?<\/p><h2 style=\"text-align:center;margin-top:0pt;padding-top:0;margin-bottom:0pt;padding-bottom:0;line-height:2.4;font-weight:bold;font-size:14pt\"><span style=\"font-size:18pt\">Tr\u00e1th Sosa<\/span><\/h2><p style=\"text-align:justify;margin-top:0pt;padding-top:0;margin-bottom:0pt;padding-bottom:0;line-height:2.4\">Bhuel, tr\u00edd is tr\u00edd, bhaineamar taitneamh agus tairbhe as an tr\u00e9imhse a chaitheamar ar an oile\u00e1n neamha\u00ed c\u00e9anna sin. Is d\u00f3cha gurb \u00e9 an bua is m\u00f3 a bhaineann le saoire d\u00e1 leith\u00e9id n\u00f3 go mb\u00edonn ar dhuine maireacht\u00e1il scathamh, gan ghluaiste\u00e1n, gan f\u00f3n, gan teilif\u00eds, d\u2019fh\u00e9adf\u00e1 a r\u00e1, agus go mb\u00edonn air freisin, saol simpl\u00ed a chaitheamh, saol a chuireann iachall air, scait\u00ed a chaitheamh ag smaoineamh, agus b\u00edonn air freisin a mharana a dh\u00e9anamh ar an gcine\u00e1l saoil at\u00e1 \u00e1 chaitheamh aige sa mbaile. Tugann sin uilig sos iontach \u00f3 ch\u00farama\u00ed an tsaoil chr\u00e1ite, ch\u00e9asta seo, don duine. Bhuel, b\u2019in mar a mhotha\u00edomarna, ar aon n\u00f3s, agus n\u00ed call dom a r\u00e1, gur bhaineamar taitneamh as saol an Oile\u00e1in iontaigh, neamha\u00ed sin. Ar an dtaobh eile den sc\u00e9al, \u00e1fach, caithfidh m\u00e9 a admh\u00e1il, go raibh an \u00e1it beag\u00e1in\u00edn r\u00f3-the domsa, n\u00f3 d\u00e9arfainn go raibh cine\u00e1l brothaill agus tonn teasa ann, le linn d\u00fainne bheith ansin, n\u00f3 bh\u00ed an teocht sna triochaid\u00ed, i rith an ama sin. Sea, agus caithfidh m\u00e9 a admh\u00e1il, go bhfuil an teocht c\u00e9anna sin beag\u00e1in\u00edn r\u00f3-the domsa, sea, agus sin gan tagairt ar bith a dh\u00e9anamh anseo do na diabhail corrmh\u00edolta, a bh\u00ed fl\u00fairseach go maith ar an oile\u00e1n ag an am sin, rud a chuir iachall ar dhaoine, bealadh, n\u00f3 ungadh, speisialta frithchorrmh\u00edolta a chaitheamh, leis na gadaithe beaga sin a choinne\u00e1il i bhfad uait!<\/p><p style=\"text-align:justify;margin-top:0pt;padding-top:0;margin-bottom:0pt;padding-bottom:0;line-height:2.4\">Ar aon n\u00f3s, taobh amuigh de sin ar fad, bhaineamar taitneamh as \u00e1r dtr\u00e9imhse ansin, agus thaitin cuma sc\u00e9irdi\u00fail, feannta, f\u00e1s\u00fail an oile\u00e1in linn, ach, ag an am gc\u00e9anna, n\u00edor shil m\u00e9 deoir ar bith nuair a bh\u00ed deireadh leis an tsaoire sin, agus muid ar \u00e1r mbealach ar ais abhaile go h\u00c9irinn iathghlas oile\u00e1nach, n\u00f3 nach mbeadh s\u00e9 deacair \u00e1it n\u00edos taitneamha\u00ed, n\u00edos ilchine\u00e1la\u00ed, n\u00edos \u00e1ille, n\u00ed \u00ed, a fh\u00e1il faoi lu\u00ed na gr\u00e9ine.<\/p><p style=\"text-align:justify;margin-top:0pt;padding-top:0;margin-bottom:0pt;padding-bottom:0;line-height:2.4\">An mbeidh m\u00e9 ag dul ar ais go Fuerteventura ar saoire ar\u00eds?<\/p><p style=\"text-align:justify;margin-top:0pt;padding-top:0;margin-bottom:0pt;padding-bottom:0;line-height:2.4\">N\u2019fheadar, ach t\u00e1 m\u00e9 ag ceapadh, go bhf\u00e9adfainn n\u00edos m\u00f3 taitnimh a bhaint as saoire anseo i measc Bh\u00e1nchnoic \u00c9ireann \u00d3, agus t\u00e9adh an aimsir tigh an diabhail!!! <\/p><p style=\"text-align:justify;margin-top:0pt;padding-top:0;margin-bottom:0pt;padding-bottom:0;line-height:2.4\">C\u00e9ard f\u00fatsa? <\/p><p style=\"text-align:justify;margin-top:0pt;padding-top:0;margin-bottom:0pt;padding-bottom:0;line-height:2.4\"><span style=\"height:1em\"><span>.<\/span><\/span><\/p><p style=\"text-align:justify;margin-top:0pt;padding-top:0;margin-bottom:0pt;padding-bottom:0;line-height:2.4\"><span style=\"height:1em\"><span>.<\/span><\/span><\/p><p style=\"text-align:justify;margin-top:0pt;padding-top:0;margin-bottom:0pt;padding-bottom:0;line-height:2.4\"><span style=\"height:1em\"><span>.<\/span><\/span><\/p><p style=\"text-align:justify;margin-top:0pt;padding-top:0;margin-bottom:0pt;padding-bottom:0;line-height:2.4\"><span style=\"height:1em\"><span>.<\/span><\/span><\/p><p style=\"text-align:justify;margin-top:0pt;padding-top:0;margin-bottom:0pt;padding-bottom:0;line-height:2.4\"><span style=\"height:1em\"><span>.<\/span><\/span><\/p><p style=\"text-align:justify;margin-top:0pt;padding-top:0;margin-bottom:0pt;padding-bottom:0;line-height:2.4\"><span style=\"height:1em\"><span>.<\/span><\/span><\/p><p style=\"text-align:justify;margin-top:0pt;padding-top:0;margin-bottom:0pt;padding-bottom:0;line-height:2.4\"><span style=\"height:1em\"><span>.<\/span><\/span><\/p><p style=\"text-align:justify;margin-top:0pt;padding-top:0;margin-bottom:0pt;padding-bottom:0;line-height:2.4\"><span style=\"height:1em\"><span>.<\/span><\/span><\/p><p style=\"text-align:justify;margin-top:0pt;padding-top:0;margin-bottom:0pt;padding-bottom:0;line-height:2.4\"><span style=\"height:1em\"><span>.<\/span><\/span><\/p>","protected":false},"excerpt":{"rendered":"<p>I mB\u00e9al an Phobail Peadar Bair\u00e9ad &nbsp;&nbsp;&nbsp;&nbsp;. I bhfad \u00f3 bhaile . N\u00ed d\u00f3igh liom gur inis m\u00e9 dhaoibh faoin saoire a chaith m\u00e9, i bhfad \u00f3 bhaile, amuigh i Fuerteventura, ceann de na hOile\u00e1in Chan\u00e1ireacha. Sin an fear de na hOile\u00e1in Chan\u00e1ireacha is c\u00f3ngara\u00ed do ch\u00f3sta na hAfraice. T\u00e1 a shliocht sin air, n\u00f3 [&hellip;]<\/p>\n","protected":false},"author":2,"featured_media":13435,"comment_status":"open","ping_status":"open","sticky":false,"template":"","format":"standard","meta":{"nf_dc_page":"","_et_pb_use_builder":"","_et_pb_old_content":"","_et_gb_content_width":"","footnotes":""},"categories":[1],"tags":[],"class_list":["post-12515","post","type-post","status-publish","format-standard","has-post-thumbnail","hentry","category-gan-chatagoir"],"_links":{"self":[{"href":"https:\/\/mickgb.com\/en\/wp-json\/wp\/v2\/posts\/12515","targetHints":{"allow":["GET"]}}],"collection":[{"href":"https:\/\/mickgb.com\/en\/wp-json\/wp\/v2\/posts"}],"about":[{"href":"https:\/\/mickgb.com\/en\/wp-json\/wp\/v2\/types\/post"}],"author":[{"embeddable":true,"href":"https:\/\/mickgb.com\/en\/wp-json\/wp\/v2\/users\/2"}],"replies":[{"embeddable":true,"href":"https:\/\/mickgb.com\/en\/wp-json\/wp\/v2\/comments?post=12515"}],"version-history":[{"count":1,"href":"https:\/\/mickgb.com\/en\/wp-json\/wp\/v2\/posts\/12515\/revisions"}],"predecessor-version":[{"id":12516,"href":"https:\/\/mickgb.com\/en\/wp-json\/wp\/v2\/posts\/12515\/revisions\/12516"}],"wp:featuredmedia":[{"embeddable":true,"href":"https:\/\/mickgb.com\/en\/wp-json\/wp\/v2\/media\/13435"}],"wp:attachment":[{"href":"https:\/\/mickgb.com\/en\/wp-json\/wp\/v2\/media?parent=12515"}],"wp:term":[{"taxonomy":"category","embeddable":true,"href":"https:\/\/mickgb.com\/en\/wp-json\/wp\/v2\/categories?post=12515"},{"taxonomy":"post_tag","embeddable":true,"href":"https:\/\/mickgb.com\/en\/wp-json\/wp\/v2\/tags?post=12515"}],"curies":[{"name":"wp","href":"https:\/\/api.w.org\/{rel}","templated":true}]}}