{"id":12545,"date":"2017-04-04T11:00:00","date_gmt":"2017-04-04T11:00:00","guid":{"rendered":"https:\/\/mickgb.com\/?p=12545"},"modified":"2024-04-08T01:06:12","modified_gmt":"2024-04-08T01:06:12","slug":"go-maire-an-tultach-an-cead-agus-tuilleadh","status":"publish","type":"post","link":"https:\/\/mickgb.com\/en\/go-maire-an-tultach-an-cead-agus-tuilleadh\/","title":{"rendered":"Go maire an tUltach an cead agus tuilleadh"},"content":{"rendered":"<p style=\"text-align:center;margin-top:0pt;padding-top:0;margin-bottom:10pt;padding-bottom:0;line-height:1.8\"><strong><span style=\"font-size:22pt\">L\u00e1 Breithe faoi sh\u00e9an is faoi mhaise do<\/span><\/strong><\/p><p style=\"text-align:center;margin-top:0pt;padding-top:0;margin-bottom:10pt;padding-bottom:0;line-height:1.8\"><strong><span style=\"font-size:28pt\"><em>a<\/em><\/span><span style=\"font-size:28pt\"><em>n<\/em><\/span><span style=\"font-size:28pt\"> <\/span><span style=\"font-size:28pt\"><em>tUltach<\/em><\/span><\/strong><\/p><p style=\"margin-top:0pt;padding-top:0;margin-bottom:10pt;padding-bottom:0;line-height:1.8\"><span style=\"font-size:14pt\">Peadar Bair\u00e9ad<\/span><\/p><p style=\"text-align:center;margin-top:0pt;padding-top:0;margin-bottom:10pt;padding-bottom:0;line-height:1.8\"><span style=\"height:1em\"><span>.<\/span><\/span><\/p><p style=\"text-align:center;margin-top:0pt;padding-top:0;margin-bottom:10pt;padding-bottom:0;line-height:1.8\"><strong><span style=\"font-size:18pt\">Go maire AN  <\/span><span style=\"font-size:18pt\">tULTACH an c\u00e9ad, agus tuilleadh<\/span><\/strong><\/p><p style=\"text-align:justify;margin-top:0pt;padding-top:0;margin-bottom:10pt;padding-bottom:0;line-height:1.8\"><span style=\"font-size:14pt\">N\u00e1<\/span><span style=\"font-size:14pt\">rbh<\/span><span style=\"font-size:14pt\"> inmholta an saothar \u00e9<\/span><span style=\"font-size:14pt\">,<\/span><span style=\"font-size:14pt\"> Iris Ghaeilge a bhun\u00fa agus a choinne\u00e1il sa tsi\u00fal ar feadh n\u00f3cha bliain? Agus d\u00e1 chruth\u00fa<\/span><span style=\"font-size:14pt\"> sin<\/span><span style=\"font-size:14pt\">, t\u00e1 os mo chomhair amach anois c\u00f3<\/span><span style=\"font-size:14pt\">ip <\/span><span style=\"font-size:14pt\">d\u2019eagr\u00e1n <\/span><span style=\"font-size:14pt\">na Sam<\/span><span style=\"font-size:14pt\">hna <\/span><span style=\"font-size:14pt\">den Iris ch\u00e9<\/span><span style=\"font-size:14pt\">anna sin<\/span><span style=\"font-size:14pt\">, agus ar chl\u00fa<\/span><span style=\"font-size:14pt\">dach <\/span><span style=\"font-size:14pt\">tosaigh an eagr\u00e1n<\/span><span style=\"font-size:14pt\"> sin t\u00e1 an r\u00e1<\/span><span style=\"font-size:14pt\">it<\/span><span style=\"font-size:14pt\">eas<\/span><strong><span style=\"font-size:14pt\">&#8230;<\/span><span style=\"font-size:14pt\">\u201d<\/span><span style=\"font-size:14pt\">90 Bliain Sl\u00e1<\/span><span style=\"font-size:14pt\">n in Ultaibh<\/span><span style=\"font-size:14pt\">\u201d<\/span><\/strong><span style=\"font-size:14pt\">, agus le c<\/span><span style=\"font-size:14pt\">ur leis an r\u00e1iteas c\u00e9<\/span><span style=\"font-size:14pt\">anna sin<\/span><span style=\"font-size:14pt\">,<\/span><span style=\"font-size:14pt\"> t\u00e1 alt bre\u00e1 le P\u00e1<\/span><span style=\"font-size:14pt\">draig Mac Cong\u00e1il<\/span><span style=\"font-size:14pt\">,<\/span><span style=\"font-size:14pt\"> ar leathanach a hocht<\/span><span style=\"font-size:14pt\">, faoin teideal \u201c90 bliain ar an fh\u00f3<\/span><span style=\"font-size:14pt\">d\u201d Sea, mh\u2019anam!<\/span><span style=\"font-size:14pt\"> nuair a smaoin\u00edonn t\u00fa<\/span><span style=\"font-size:14pt\"> air<\/span><span style=\"font-size:14pt\">, n\u00e1r gheall le mior\u00failt \u00e9 go rabhthas in ann Iris <\/span><span style=\"font-size:14pt\">L\u00e9annta <\/span><span style=\"font-size:14pt\">d\u00e1 leith\u00e9id a bhun\u00fa<\/span><span style=\"font-size:14pt\"> i saol corraitheach na bliana sin 1924<\/span><span style=\"font-size:14pt\">, agus nuair a chuireann t\u00fa san \u00e1ireamh nach raibh an St\u00e1t s\u2019againne ach ina bhun\u00f3<\/span><span style=\"font-size:14pt\">c ag an am<\/span><span style=\"font-size:14pt\">, agus a aird uilig d\u00ed<\/span><span style=\"font-size:14pt\">rithe, d\u2019f<\/span><span style=\"font-size:14pt\">h\u00e9adf\u00e1 a r\u00e1<\/span><span style=\"font-size:14pt\">, ar <\/span><span style=\"font-size:14pt\">theacht sl\u00e1n agus ar theacht i dt\u00ed<\/span><span style=\"font-size:14pt\">r<\/span><span style=\"font-size:14pt\">, agus \u00e9 tar \u00e9is f\u00e1il r\u00e9idh le cumhacht agus le m\u00e1<\/span><span style=\"font-size:14pt\">istreacht<\/span><span style=\"font-size:14pt\"> Gall, ach b\u2019in mar a tharla. N<\/span><span style=\"font-size:14pt\">uair a smaoin\u00edonn t\u00fa ar na deacrachta\u00ed a bh\u00ed le s\u00e1r\u00fa acu an tr\u00e1th \u00fa<\/span><span style=\"font-size:14pt\">d<\/span><span style=\"font-size:14pt\">, agus an chaoi ar \u00e9irigh le bunaitheoir\u00ed<\/span><span style=\"font-size:14pt\"> <\/span><strong><span style=\"font-size:14pt\">\u2018<\/span><span style=\"font-size:14pt\">An tUltach\u2019<\/span><\/strong><span style=\"font-size:14pt\"> na deacrachta\u00ed sin uilig a sh\u00e1r\u00fa,<\/span><span style=\"font-size:14pt\"> nach dtugann sin misneach d\u00fainne, faoi l\u00e1<\/span><span style=\"font-size:14pt\">t<\/span><span style=\"font-size:14pt\">hair<\/span><span style=\"font-size:14pt\">,<\/span><span style=\"font-size:14pt\"> tabhairt faoi na deac<\/span><span style=\"font-size:14pt\">rachta\u00ed at\u00e1 le s\u00e1r\u00fa againne<\/span><span style=\"font-size:14pt\">,<\/span><span style=\"font-size:14pt\"> faoin am <\/span><span style=\"font-size:14pt\">seo<\/span><span style=\"font-size:14pt\">, agus nuair a smaoin\u00edonn t\u00fa<\/span><span style=\"font-size:14pt\"> air<\/span><span style=\"font-size:14pt\">, nach inmholta an fiontar \u00e9, iarracht a dh\u00e9<\/span><span style=\"font-size:14pt\">anamh ar Iris c<\/span><span style=\"font-size:14pt\">homh l\u00e9annta, tarraingteach, d\u00fachasach, a choinne\u00e1il sa tsi\u00fal<\/span><span style=\"font-size:14pt\"> agus a fh\u00e1g\u00e1il le huacht<\/span><span style=\"font-size:14pt\"> d\u00f3ibh si\u00fad a thiocfas in\u00e1<\/span><span style=\"font-size:14pt\">r ndiaidh i n<\/span><span style=\"font-size:14pt\">Gort seo Choinn agus Eoin? Agus faoi ma<\/span><span style=\"font-size:14pt\">r adeirtear in Eagarfhocal eagr\u00e1<\/span><span style=\"font-size:14pt\">n<\/span><span style=\"font-size:14pt\"> seo<\/span><span style=\"font-size:14pt\"> <\/span><span style=\"font-size:14pt\">na Sa<\/span><span style=\"font-size:14pt\">mhna&#8230;\u201dIs boichte a bheas an t\u00ed<\/span><span style=\"font-size:14pt\">r, agus saol na Gaeilge,<\/span><span style=\"font-size:14pt\"> <\/span><span style=\"font-size:14pt\">m\u00e1 im\u00edonn iris\u00ed<\/span><span style=\"font-size:14pt\"> amhail <\/span><strong><span style=\"font-size:14pt\">an tUltach<\/span><\/strong><span style=\"font-size:14pt\"> <\/span><span style=\"font-size:14pt\">\u00f3<\/span><span style=\"font-size:14pt\">n tsaol.\u201d Lua<\/span><span style=\"font-size:14pt\">itear freisin san Eagarfhocal c\u00e9<\/span><span style=\"font-size:14pt\">anna sin<\/span><span style=\"font-size:14pt\">, an chaoi a gcaillfeadh scr\u00edbhneoir\u00ed nua, l\u00e9itheoir\u00ed<\/span><span style=\"font-size:14pt\"> na teanga<\/span><span style=\"font-size:14pt\">,<\/span><span style=\"font-size:14pt\"> agus mic l\u00e9<\/span><span style=\"font-size:14pt\">inn, go gcaillfeadh siad<\/span><span style=\"font-size:14pt\">san<\/span><span style=\"font-size:14pt\"> ard\u00e1n le dul i dteangmh\u00e1<\/span><span style=\"font-size:14pt\">il le spiorad agus le dearcadh a gcine<\/span><span style=\"font-size:14pt\"> tr\u00ed mhe\u00e1<\/span><span style=\"font-size:14pt\">n na teanga a<\/span><span style=\"font-size:14pt\"> mh\u00fa<\/span><span style=\"font-size:14pt\">nla<\/span><span style=\"font-size:14pt\">igh, a d\u2019aclaigh, a<\/span><span style=\"font-size:14pt\">gus a<\/span><span style=\"font-size:14pt\"> spreag<\/span><span style=\"font-size:14pt\">,<\/span><span style=\"font-size:14pt\"> aigne<\/span><span style=\"font-size:14pt\"> a gcine le sinsearacht, agus n\u00ed beag n\u00f3 suarach an focal \u00e9<\/span><span style=\"font-size:14pt\"> sin.<\/span><\/p><p style=\"text-align:center;margin-top:0pt;padding-top:0;margin-bottom:10pt;padding-bottom:0;line-height:1.8\"><strong><span style=\"font-size:18pt\">Eagr\u00e1n na Samhna, 2014<\/span><\/strong><\/p><p style=\"text-align:justify;margin-top:0pt;padding-top:0;margin-bottom:10pt;padding-bottom:0;line-height:1.8\"><span style=\"font-size:14pt\">Ach le <\/span><span style=\"font-size:14pt\">hiomp\u00f3 ar\u00eds<\/span><span style=\"font-size:14pt\"> ar eagr\u00e1<\/span><span style=\"font-size:14pt\">n seo na Samhna<\/span><span style=\"font-size:14pt\">, agus ar na hailt \u00e9ags\u00fala at\u00e1 le f\u00e1ill ann, caithfidh m\u00e9 a admh\u00e1il gur thaitin an p\u00edosa at\u00e1 ag \u00da<\/span><span style=\"font-size:14pt\">na Ultach ar leathanach a <\/span><span style=\"font-size:14pt\">c\u00fa<\/span><span style=\"font-size:14pt\">ig<\/span><span style=\"font-size:14pt\">. Siopad\u00f3ireacht na Nollag at\u00e1 idir cham\u00e1<\/span><span style=\"font-size:14pt\">in aici, earra a chu<\/span><span style=\"font-size:14pt\">ireann creatha  strus ag rith s\u00edos a cn\u00e1mh droma, an cr\u00e9at\u00far! Sea, agus n\u00ed le h\u00e1thas \u00e9, n\u00f3<\/span><span style=\"font-size:14pt\"> is fuat<\/span><span style=\"font-size:14pt\">h lei a gcaitear ar bronntanais\u00ed seaf\u00f3<\/span><span style=\"font-size:14pt\">ideacha, costasacha<\/span><span style=\"font-size:14pt\">,<\/span><span style=\"font-size:14pt\"> le bronnadh ar ghaolta a<\/span><span style=\"font-size:14pt\">g<\/span><span style=\"font-size:14pt\">us ar chairde nach mbainfidh \u00fas\u00e1<\/span><span style=\"font-size:14pt\">id riamh as na f\u00e9ir\u00edn\u00ed c\u00e9anna sin. T\u00e1 beala\u00ed<\/span><span style=\"font-size:14pt\"> eile,<\/span><span style=\"font-size:14pt\"> d\u00e1r le h\u00dana, le do mheas a chur in i\u00fal d\u00f3<\/span><span style=\"font-size:14pt\">ibh. <\/span><span style=\"font-size:14pt\">Coinnigh ort Una! n\u00f3 bh\u00ed g\u00e1 g\u00e9ar le halt d\u00e1 leith\u00e9<\/span><span style=\"font-size:14pt\">id uainn<\/span><span style=\"font-size:14pt\">, an tr\u00e1<\/span><span style=\"font-size:14pt\">th seo bliana.<\/span><\/p><p style=\"text-align:justify;margin-top:0pt;padding-top:0;margin-bottom:10pt;padding-bottom:0;line-height:1.8\"><span style=\"font-size:14pt\">T\u00e1 p\u00edosa\u00ed bre\u00e1tha le l\u00e9amh in eagran seo na Samhna agus t\u00e1 m\u00e9<\/span><span style=\"font-size:14pt\"> cinnte<\/span><span style=\"font-size:14pt\">, go mbai<\/span><span style=\"font-size:14pt\">nfear ta<\/span><span style=\"font-size:14pt\">itneamh agus toit astu. Chuir m\u00e9 <\/span><span style=\"font-size:14pt\">fh\u00e9in <\/span><span style=\"font-size:14pt\">sp\u00e9<\/span><span style=\"font-size:14pt\">is in alt faoin chaoi ar thug <\/span><span style=\"font-size:14pt\">an Chatal\u00f3in d\u00fashlan Rialtas na Sp\u00e1inne, p\u00ed<\/span><span style=\"font-size:14pt\">osa a chuirfeadh duine ag s<\/span><span style=\"font-size:14pt\">maoineamh ar an chaoi ar chuir \u00e1<\/span><span style=\"font-size:14pt\">r gcairde in Albain a gcosa uathu<\/span><span style=\"font-size:14pt\">,<\/span><span style=\"font-size:14pt\"> ar na mallaibh<\/span><span style=\"font-size:14pt\">, agus iad ag dul ar th\u00f3ir na saoirse polait\u00edochta d\u00f3ibh fh\u00e9<\/span><span style=\"font-size:14pt\">in<\/span><span style=\"font-size:14pt\">. S\u00fail againn go mbeidh l\u00e1 eile acu thall. Ailt bhre\u00e1tha freisin \u00f3 Ph\u00e1draic \u00d3 Siadhail, \u00f3 Chiar\u00e1n \u00d3<\/span><span style=\"font-size:14pt\"> Choigligh<\/span><span style=\"font-size:14pt\">,<\/span><span style=\"font-size:14pt\"> agus tuilleadh. <\/span><span style=\"font-size:14pt\"> <\/span><span style=\"font-size:14pt\"> <\/span><span style=\"font-size:14pt\">N\u00ed g\u00e1 a r\u00e1, go l\u00e9<\/span><span style=\"font-size:14pt\">im sa<\/span><span style=\"font-size:14pt\">othar Ghuaire chuile bhabhta, n\u00f3 is sp\u00e9isi\u00fail an p\u00edosa \u00e9 i gc\u00f3na\u00ed. An turas seo d\u00edr\u00edonn s\u00e9<\/span><span style=\"font-size:14pt\"> a air<\/span><span style=\"font-size:14pt\">e ar an Oireachtas agus ar chom\u00f3<\/span><span style=\"font-size:14pt\">radh 90 bliain <\/span><strong><span style=\"font-size:14pt\">de <\/span><span style=\"font-size:14pt\"><em>an tUltach<\/em><\/span><\/strong><span style=\"font-size:14pt\">. T\u00e1 p\u00edosa suimi\u00fail freisin \u00f3 Ph\u00e1<\/span><span style=\"font-size:14pt\">draig Mac Cong\u00e1il faoi\u2019n mbliain 1924 agus bun\u00fa<\/span><span style=\"font-size:14pt\"> <\/span><strong><span style=\"font-size:14pt\">an tUltach<\/span><\/strong><span style=\"font-size:14pt\">.<\/span><span style=\"font-size:14pt\"> L<\/span><span style=\"font-size:14pt\">uann s\u00e9 liosta de na tarluithe a bhain leis an bhliain sin \u00f3 bhun\u00fa F\u00f3rsa\u00ed Cosanta an <\/span><span style=\"font-size:14pt\">tSaorst\u00e1it (\u00d3glaigh na h\u00c9<\/span><span style=\"font-size:14pt\">ireann) i ndeireadh na bliana sin<\/span><span style=\"font-size:14pt\"> go dt\u00ed gur deineadh \u00e1bhar \u00e9<\/span><span style=\"font-size:14pt\">igeantach den Ghaeilge sna scoileanna<\/span><span style=\"font-size:14pt\">, sa bhliain ch\u00e9anna sin, agus \u00f3<\/span><span style=\"font-size:14pt\"> <\/span><span style=\"font-size:14pt\">fhoilsi\u00fa<\/span><span style=\"font-size:14pt\"> \u201cThe Hi<\/span><span style=\"font-size:14pt\">dden Ireland\u201d le D\u00f3nall \u00d3<\/span><span style=\"font-size:14pt\"> Corcora<\/span><span style=\"font-size:14pt\"> <\/span><span style=\"font-size:14pt\">go bun\u00fa<\/span><span style=\"font-size:14pt\"> <\/span><strong><span style=\"font-size:14pt\">an tUltach<\/span><\/strong><span style=\"font-size:14pt\"> le Lorc\u00e1n \u00d3 Muireadhaigh. Is soil\u00e9ir \u00f3n m\u00e9<\/span><span style=\"font-size:14pt\">id sin<\/span><span style=\"font-size:14pt\">, go raibh an saol Gaelach ag d\u00e9anamh tinnis d\u00e1 l\u00e1<\/span><span style=\"font-size:14pt\">n<\/span><span style=\"font-size:14pt\">,<\/span><span style=\"font-size:14pt\"> ag an am<\/span><span style=\"font-size:14pt\"> sin<\/span><span style=\"font-size:14pt\">. <\/span><\/p><p style=\"text-align:center;margin-top:0pt;padding-top:0;margin-bottom:10pt;padding-bottom:0;line-height:1.8\"><strong><span style=\"font-size:18pt\">F\u00e1s agus F\u00f3mhar flaithi\u00fail<\/span><\/strong><\/p><p style=\"text-align:justify;margin-top:0pt;padding-top:0;margin-bottom:10pt;padding-bottom:0;line-height:1.8\"><span style=\"font-size:14pt\">Bh\u00ed an talamh \u00e1 r\u00f3mhar agus an s\u00ed<\/span><span style=\"font-size:14pt\">ol <\/span><span style=\"font-size:14pt\">\u00e1<\/span><span style=\"font-size:14pt\"> chur<\/span><span style=\"font-size:14pt\">, agus s\u00fail<\/span><span style=\"font-size:14pt\"> acu<\/span><span style=\"font-size:14pt\"> le f\u00e1s agus f\u00f3mhar flaithi\u00fa<\/span><span style=\"font-size:14pt\">il<\/span><span style=\"font-size:14pt\">, ar ball.<\/span><span style=\"font-size:14pt\"> <\/span><span style=\"font-size:14pt\">Agus f\u00e9<\/span><span style=\"font-size:14pt\">ach<\/span><span style=\"font-size:14pt\">, nach bhfuil p\u00edosa beag uaim fh\u00e9in le l\u00e9<\/span><span style=\"font-size:14pt\">amh ann frei<\/span><span style=\"font-size:14pt\">sin faoi dhearcadh dhaoine ar n\u00f3<\/span><span style=\"font-size:14pt\">s <\/span><strong><span style=\"font-size:14pt\">Hanrahan <\/span><\/strong><span style=\"font-size:14pt\">a l<\/span><span style=\"font-size:14pt\">uaitear sa dan \u201c<\/span><strong><span style=\"font-size:14pt\">Said Hanrahan<\/span><\/strong><span style=\"font-size:14pt\">,\u201d<\/span><span style=\"font-size:14pt\"> Agus t\u00e1 s\u00fa<\/span><span style=\"font-size:14pt\">il agam nach mbuailfidh <\/span><strong><span style=\"font-size:14pt\">Galar Hanrahan <\/span><\/strong><span style=\"font-size:14pt\">lucht na nIris\u00ed Gaeilge agus nach mbacfaidh siad le deil\u00ed<\/span><span style=\"font-size:14pt\">n Hanrahan..<\/span><\/p><p style=\"text-align:justify;margin-top:0pt;padding-top:0;margin-bottom:10pt;padding-bottom:0;line-height:1.8\"><span style=\"font-size:14pt\"> \u201cWe\u2019ll all be rooned,\u201d said Hanrahan,<\/span><\/p><p style=\"text-align:justify;margin-top:0pt;padding-top:0;margin-bottom:10pt;padding-bottom:0;line-height:1.8\"><span style=\"font-size:14pt\">\u201cBefore the year is out.\u201d<\/span><\/p><p style=\"text-align:justify;margin-top:0pt;padding-top:0;margin-bottom:10pt;padding-bottom:0;line-height:1.8\"><span style=\"font-size:14pt\">B\u00edodh misneach agus cur le ch\u00e9ile againn feasta, agus \u00e9<\/span><span style=\"font-size:14pt\">ireoidh linn.<\/span><span style=\"font-size:14pt\"> Sea, agus fear na b\u00f3<\/span><span style=\"font-size:14pt\"> faoin ruball!<\/span><\/p><p style=\"text-align:justify;margin-top:0pt;padding-top:0;margin-bottom:10pt;padding-bottom:0;line-height:1.8\"><span style=\"height:1em\"><span>.<\/span><\/span><\/p>","protected":false},"excerpt":{"rendered":"<p>L\u00e1 Breithe faoi sh\u00e9an is faoi mhaise do an tUltach Peadar Bair\u00e9ad . Go maire AN tULTACH an c\u00e9ad, agus tuilleadh N\u00e1rbh inmholta an saothar \u00e9, Iris Ghaeilge a bhun\u00fa agus a choinne\u00e1il sa tsi\u00fal ar feadh n\u00f3cha bliain? Agus d\u00e1 chruth\u00fa sin, t\u00e1 os mo chomhair amach anois c\u00f3ip d\u2019eagr\u00e1n na Samhna den Iris [&hellip;]<\/p>\n","protected":false},"author":2,"featured_media":13435,"comment_status":"open","ping_status":"open","sticky":false,"template":"","format":"standard","meta":{"nf_dc_page":"","_et_pb_use_builder":"","_et_pb_old_content":"","_et_gb_content_width":"","footnotes":""},"categories":[1],"tags":[],"class_list":["post-12545","post","type-post","status-publish","format-standard","has-post-thumbnail","hentry","category-gan-chatagoir"],"_links":{"self":[{"href":"https:\/\/mickgb.com\/en\/wp-json\/wp\/v2\/posts\/12545","targetHints":{"allow":["GET"]}}],"collection":[{"href":"https:\/\/mickgb.com\/en\/wp-json\/wp\/v2\/posts"}],"about":[{"href":"https:\/\/mickgb.com\/en\/wp-json\/wp\/v2\/types\/post"}],"author":[{"embeddable":true,"href":"https:\/\/mickgb.com\/en\/wp-json\/wp\/v2\/users\/2"}],"replies":[{"embeddable":true,"href":"https:\/\/mickgb.com\/en\/wp-json\/wp\/v2\/comments?post=12545"}],"version-history":[{"count":1,"href":"https:\/\/mickgb.com\/en\/wp-json\/wp\/v2\/posts\/12545\/revisions"}],"predecessor-version":[{"id":12546,"href":"https:\/\/mickgb.com\/en\/wp-json\/wp\/v2\/posts\/12545\/revisions\/12546"}],"wp:featuredmedia":[{"embeddable":true,"href":"https:\/\/mickgb.com\/en\/wp-json\/wp\/v2\/media\/13435"}],"wp:attachment":[{"href":"https:\/\/mickgb.com\/en\/wp-json\/wp\/v2\/media?parent=12545"}],"wp:term":[{"taxonomy":"category","embeddable":true,"href":"https:\/\/mickgb.com\/en\/wp-json\/wp\/v2\/categories?post=12545"},{"taxonomy":"post_tag","embeddable":true,"href":"https:\/\/mickgb.com\/en\/wp-json\/wp\/v2\/tags?post=12545"}],"curies":[{"name":"wp","href":"https:\/\/api.w.org\/{rel}","templated":true}]}}