{"id":12609,"date":"2017-04-04T11:00:00","date_gmt":"2017-04-04T11:00:00","guid":{"rendered":"https:\/\/mickgb.com\/?p=12609"},"modified":"2024-04-08T01:12:26","modified_gmt":"2024-04-08T01:12:26","slug":"i-mbeal-an-phobail-2-2","status":"publish","type":"post","link":"https:\/\/mickgb.com\/en\/i-mbeal-an-phobail-2-2\/","title":{"rendered":"I  mB\u00e9al  an  Phobail (2)"},"content":{"rendered":"<p style=\"text-align:center;margin-top:0pt;padding-top:0;margin-bottom:10pt;padding-bottom:0;line-height:1.8\"><strong><span style=\"font-size:28pt\">Cuairt Phapuil eile ?<\/span><\/strong><\/p><p style=\"margin-top:0pt;padding-top:0;margin-bottom:10pt;padding-bottom:0;line-height:1.8\"><span style=\"font-size:14pt\">Peadar Bair\u00e9ad<\/span><\/p><p style=\"text-align:center;margin-top:0pt;padding-top:0;margin-bottom:10pt;padding-bottom:0;line-height:1.8\"><strong><span style=\"font-size:14pt\"><em>(This week we consider a<\/em><\/span><span style=\"font-size:14pt\"><em>nother<\/em><\/span><span style=\"font-size:14pt\"><em> Papal Visit to Ireland)<\/em><\/span><\/strong><\/p><p style=\"text-align:center;margin-top:0pt;padding-top:0;margin-bottom:10pt;padding-bottom:0;line-height:1.8\"><strong><span style=\"font-size:18pt\">Bliain an Ph\u00e1pa<\/span><\/strong><\/p><p style=\"text-align:justify;margin-top:0pt;padding-top:0;margin-bottom:10pt;padding-bottom:0;line-height:1.8;margin-left:108pt\"><strong><span style=\"font-size:14pt\">Bratacha geala in airde<\/span><span style=\"font-size:14pt\">,<\/span><\/strong><\/p><p style=\"text-align:justify;margin-top:0pt;padding-top:0;margin-bottom:10pt;padding-bottom:0;line-height:1.8;margin-left:108pt\"><strong><span style=\"font-size:14pt\">Is C<\/span><span style=\"font-size:14pt\">rois ard an Ph\u00e1<\/span><span style=\"font-size:14pt\">pa go buach<\/span><\/strong><\/p><p style=\"text-align:justify;margin-top:0pt;padding-top:0;margin-bottom:10pt;padding-bottom:0;line-height:1.8;margin-left:108pt\"><strong><span style=\"font-size:14pt\">Ar thulach geal aerach<\/span><span style=\"font-size:14pt\"> an Aifr<\/span><span style=\"font-size:14pt\">inn<\/span><span style=\"font-size:14pt\">,<\/span><\/strong><\/p><p style=\"text-align:justify;margin-top:0pt;padding-top:0;margin-bottom:10pt;padding-bottom:0;line-height:1.8;margin-left:108pt\"><strong><span style=\"font-size:14pt\">Nuair a thiocfaidh<\/span><span style=\"font-size:14pt\"> a Naofacht ar chuairt.<\/span><\/strong><\/p><p style=\"text-align:justify;margin-top:0pt;padding-top:0;margin-bottom:10pt;padding-bottom:0;line-height:1.8\"><span style=\"font-size:14pt\">Sc\u00e9<\/span><span style=\"font-size:14pt\">al<\/span><span style=\"font-size:14pt\"> an Ph\u00e1pa sc\u00e9al gach \u00e9<\/span><span style=\"font-size:14pt\">inne<\/span><span style=\"font-size:14pt\">, na laethe seo, agus n\u00ed taise d\u00fainn fh\u00e9<\/span><span style=\"font-size:14pt\">in \u00e9<\/span><span style=\"font-size:14pt\">, n\u00f3<\/span><span style=\"font-size:14pt\"> nach cu<\/span><span style=\"font-size:14pt\">imhin le roinnt mhaith daoine f\u00f3<\/span><span style=\"font-size:14pt\">s<\/span><span style=\"font-size:14pt\">,<\/span><span style=\"font-size:14pt\"> <\/span><span style=\"font-size:14pt\">1979, <\/span><span style=\"font-size:14pt\">\u2018<\/span><span style=\"font-size:14pt\">Bliain an Ph\u00e1<\/span><span style=\"font-size:14pt\">pa<\/span><span style=\"font-size:14pt\">\u2019,<\/span><span style=\"font-size:14pt\"> , <\/span><span style=\"font-size:14pt\">nuair a thug a Naofacht, Eoin P\u00f3l a D\u00f3<\/span><span style=\"font-size:14pt\">,<\/span><span style=\"font-size:14pt\"> cuairt ar Oile\u00e1<\/span><span style=\"font-size:14pt\">n<\/span><span style=\"font-size:14pt\"> seo<\/span><span style=\"font-size:14pt\"> na Naomh is na nOllamh<\/span><span style=\"font-size:14pt\">. <\/span><span style=\"font-size:14pt\">Fanann cuimhne na cuairte<\/span><span style=\"font-size:14pt\"> sin gl\u00e9,<\/span><span style=\"font-size:14pt\"> glan<\/span><span style=\"font-size:14pt\">,<\/span><span style=\"font-size:14pt\"> im <\/span><span style=\"font-size:14pt\">chuimhne fh\u00e9<\/span><span style=\"font-size:14pt\">in<\/span><span style=\"font-size:14pt\"> f\u00f3s, n\u00f3 nach raibh s\u00e9 de phribhl\u00e9<\/span><span style=\"font-size:14pt\">id agam<\/span><span style=\"font-size:14pt\"> Comaoin Naofa<\/span><span style=\"font-size:14pt\"> a ghlacadh<\/span><span style=\"font-size:14pt\"> \u00f3 l\u00e1imh an Ph\u00e1pa fh\u00e9in, i bP\u00e1irc an Fhio<\/span><span style=\"font-size:14pt\">n<\/span><span style=\"font-size:14pt\">nuisce<\/span><span style=\"font-size:14pt\">, ar an \u00f3c\u00e1id stairi\u00fail ch\u00e9<\/span><span style=\"font-size:14pt\">anna sin. <\/span><\/p><p style=\"text-align:justify;margin-top:0pt;padding-top:0;margin-bottom:10pt;padding-bottom:0;line-height:1.8\"><span style=\"font-size:14pt\">Th\u00e1<\/span><span style=\"font-size:14pt\">inig na cui<\/span><span style=\"font-size:14pt\">mhn\u00ed<\/span><span style=\"font-size:14pt\"> sin thar nais ina rabharta chugam<\/span><span style=\"font-size:14pt\">, nuair a l\u00e9<\/span><span style=\"font-size:14pt\">i<\/span><span style=\"font-size:14pt\">gh m\u00e9<\/span><span style=\"font-size:14pt\"> gur dhearbhaigh an <\/span><span style=\"font-size:14pt\">P\u00e1<\/span><span style=\"font-size:14pt\">pa Proinsias<\/span><span style=\"font-size:14pt\">,<\/span><span style=\"font-size:14pt\"> go<\/span><span style=\"font-size:14pt\"> dtion\u00f3lfa\u00ed an ch\u00e9ad chruinni\u00fa<\/span><span style=\"font-size:14pt\"> eile de <\/span><span style=\"font-size:14pt\">\u2018<\/span><span style=\"font-size:14pt\">Chruinni\u00fa<\/span><span style=\"font-size:14pt\"> Domhanda na gClann<\/span><span style=\"font-size:14pt\">\u2019<\/span><span style=\"font-size:14pt\">,<\/span><span style=\"font-size:14pt\"> i gCathair \u00c1<\/span><span style=\"font-size:14pt\">tha Cliath<\/span><span style=\"font-size:14pt\">,<\/span><span style=\"font-size:14pt\"> i gcionn tr\u00ed<\/span><span style=\"font-size:14pt\"> bliana eile, sa bhliain 2018.<\/span><span style=\"font-size:14pt\"> Anois, <\/span><span style=\"font-size:14pt\">glactar leis<\/span><span style=\"font-size:14pt\">,<\/span><span style=\"font-size:14pt\"> go bhf<\/span><span style=\"font-size:14pt\">uil s\u00e9 de n\u00f3s ag an bP\u00e1pa bheith i l\u00e1thair ag \u00f3c\u00e1id\u00ed d\u00e1 leith\u00e9<\/span><span style=\"font-size:14pt\">id<\/span><span style=\"font-size:14pt\">,<\/span><span style=\"font-size:14pt\"> <\/span><span style=\"font-size:14pt\">agus d\u00e1 bharr sin, t\u00e1<\/span><span style=\"font-size:14pt\">thar den tuairim<\/span><span style=\"font-size:14pt\">, go bhfuil socruithe ag an bP\u00e1pa Proinsias, bheith i l\u00e1thair ag an gc\u00e9ad chruinni\u00fa eile den eagra\u00ed<\/span><span style=\"font-size:14pt\">ocht sin<\/span><span style=\"font-size:14pt\">, i gCathair \u00c1<\/span><span style=\"font-size:14pt\">tha Cliath<\/span><span style=\"font-size:14pt\">,<\/span><span style=\"font-size:14pt\"> sa bhliain 2018. Cuireadh ceist ar<\/span><span style=\"font-size:14pt\"> <\/span><span style=\"font-size:14pt\">Dhiarmaid Mairtin,<\/span><span style=\"font-size:14pt\"> Ardeaspag \u00c1<\/span><span style=\"font-size:14pt\">tha Cliath<\/span><span style=\"font-size:14pt\">, <\/span><span style=\"font-size:14pt\">faoi chuairt sin an Ph\u00e1<\/span><span style=\"font-size:14pt\">pa<\/span><span style=\"font-size:14pt\">, ach ba \u00e9 <\/span><span style=\"font-size:14pt\">ad\u00fa<\/span><span style=\"font-size:14pt\">irt se<\/span><span style=\"font-size:14pt\">isean<\/span><span style=\"font-size:14pt\"> mar fhreagra<\/span><span style=\"font-size:14pt\"> ar an gceist sin<\/span><span style=\"font-size:14pt\">, n\u00f3 go raibh s\u00e9 r\u00f3-luath f\u00f3s le socr\u00fa d\u00e1<\/span><span style=\"font-size:14pt\"> leith<\/span><span style=\"font-size:14pt\">\u00e9id a dhearbh\u00fa, n\u00f3 nach nd\u00e9anfa\u00ed<\/span><span style=\"font-size:14pt\"> socr<\/span><span style=\"font-size:14pt\">uithe d\u00e1 leith\u00e9id go dt\u00ed go mbeif\u00ed i bhfad n\u00edos c\u00f3ngara\u00ed don sprioc-dh\u00e1ta, ach, i ndiaidh an ioml\u00e1in, is l\u00e9<\/span><span style=\"font-size:14pt\">ir<\/span><span style=\"font-size:14pt\">,<\/span><span style=\"font-size:14pt\"> go bhfuiltear i ngeall le bheith cinnte<\/span><span style=\"font-size:14pt\">, go bhfuil an P\u00e1pa fh\u00e9in me\u00e1<\/span><span style=\"font-size:14pt\">ite ar chuairt a thabhairt <\/span><span style=\"font-size:14pt\">ar \u00c9<\/span><span style=\"font-size:14pt\">irinn<\/span><span style=\"font-size:14pt\">, thart ar an am sin, m\u00e1s \u00e9<\/span><span style=\"font-size:14pt\"> toil D\u00e9 \u00e9<\/span><span style=\"font-size:14pt\">.<\/span><span style=\"font-size:14pt\">&nbsp;&nbsp;<\/span><span style=\"font-size:14pt\">N\u00ed<\/span><span style=\"font-size:14pt\">l dabht ar domhan ach <\/span><span style=\"font-size:14pt\">go <\/span><span style=\"font-size:14pt\">mbeidh aird an tsao<\/span><span style=\"font-size:14pt\">il mh\u00f3ir d\u00edrithe ar th\u00edr seo na h\u00c9<\/span><span style=\"font-size:14pt\">ireann<\/span><span style=\"font-size:14pt\">, m\u00e1 tharla\u00edonn a leith\u00e9<\/span><span style=\"font-size:14pt\">id. <\/span><\/p><p style=\"text-align:center;margin-top:0pt;padding-top:0;margin-bottom:10pt;padding-bottom:0;line-height:1.8\"><strong><span style=\"font-size:18pt\">An P\u00e1pa sna St\u00e1it<\/span><\/strong><\/p><p style=\"text-align:justify;margin-top:0pt;padding-top:0;margin-bottom:10pt;padding-bottom:0;line-height:1.8\"><span style=\"font-size:14pt\">Breathnaigh ar ar tha<\/span><span style=\"font-size:14pt\">rla le linn a chuairte ar na St\u00e1it Aontaithe. Chuir Me\u00e1in chumars\u00e1<\/span><span style=\"font-size:14pt\">ide an domhain suim<\/span><span style=\"font-size:14pt\">, agus dh\u00e1<\/span><span style=\"font-size:14pt\"> shuim<\/span><span style=\"font-size:14pt\">, sa chuairt ch\u00e9<\/span><span style=\"font-size:14pt\">anna sin<\/span><span style=\"font-size:14pt\">, agus bh\u00ed le tuigbhe\u00e1il \u00f3<\/span><span style=\"font-size:14pt\">n <\/span><span style=\"font-size:14pt\">aischoth\u00fa<\/span><span style=\"font-size:14pt\"> go raibh<\/span><span style=\"font-size:14pt\"> lucht \u00e9<\/span><span style=\"font-size:14pt\">isteachta<\/span><span style=\"font-size:14pt\">,<\/span><span style=\"font-size:14pt\"> \u2018thar a bheith aireach\u2019<\/span><span style=\"font-size:14pt\">, ag \u00e9isteacht le chuile cheo d\u00e1 nd\u00fairt s\u00e9. F\u00e9ach ar an \u00e9<\/span><span style=\"font-size:14pt\">ist<\/span><span style=\"font-size:14pt\">eacht a thug Seanad agus Comhdh\u00e1<\/span><span style=\"font-size:14pt\">il<\/span><span style=\"font-size:14pt\"> Mheirice\u00e1 d\u00f3, nuair a th\u00e1inig an d\u00e1 Theach sin le ch\u00e9<\/span><span style=\"font-size:14pt\">ile<\/span><span style=\"font-size:14pt\">, le deis a thabhairt d\u00f3 labhairt le ceannair\u00ed polait\u00edochta Mheirice\u00e1<\/span><span style=\"font-size:14pt\">. Tuigea<\/span><span style=\"font-size:14pt\">dh d\u00f3<\/span><span style=\"font-size:14pt\">ibh uilig<\/span><span style=\"font-size:14pt\">, go raibh siad ag \u00e9<\/span><span style=\"font-size:14pt\">isteacht le fear a raibh <\/span><span style=\"font-size:14pt\">machtnamh doimhin d\u00e9anta aige ar ch\u00farsa\u00ed domhanda. Cuireadh sp\u00e9is in a raibh le r\u00e1 aige faoi thruailli\u00fa \u00e1<\/span><span style=\"font-size:14pt\">r dtimpe<\/span><span style=\"font-size:14pt\">allachta, faoi na hathruithe at\u00e1 \u00e1 nd\u00e9anamh ar \u00e1r dtuiscint ar \u00e1<\/span><span style=\"font-size:14pt\">bhair<\/span><span style=\"font-size:14pt\">, cos\u00fail le p\u00f3<\/span><span style=\"font-size:14pt\">sad<\/span><span style=\"font-size:14pt\">h, g\u00e9illeagar, d\u00ed<\/span><span style=\"font-size:14pt\">dean<\/span><span style=\"font-size:14pt\">, pion\u00f3<\/span><span style=\"font-size:14pt\">s <\/span><span style=\"font-size:14pt\">an <\/span><span style=\"font-size:14pt\">b<\/span><span style=\"font-size:14pt\">h\u00e1is, agus tuilleadh d\u2019\u00e1bhair thromch\u00faiseacha d\u00e1 leith\u00e9<\/span><span style=\"font-size:14pt\">id. Tugadh cluas<\/span><span style=\"font-size:14pt\"> aireach d\u00e1 raibh le r\u00e1<\/span><span style=\"font-size:14pt\"> aige, agus t\u00f3<\/span><span style=\"font-size:14pt\">gadh na g\u00e1<\/span><span style=\"font-size:14pt\">rtha mol<\/span><span style=\"font-size:14pt\">ta lena spreagadh agus a mhisni\u00fa<\/span><span style=\"font-size:14pt\">, n<\/span><span style=\"font-size:14pt\">uair a l\u00e9irigh s\u00e9 go raibh s\u00e9<\/span><span style=\"font-size:14pt\"> ag tochrais ar an <\/span><span style=\"font-size:14pt\">gceirtl\u00edn c\u00e9anna lena bP\u00e1irt\u00ed fh\u00e9inig. I Philadelphia d\u00f3, chuaigh s\u00e9<\/span><span style=\"font-size:14pt\"> chun cain<\/span><span style=\"font-size:14pt\">te le roin<\/span><span style=\"font-size:14pt\">nt daoine ar thug baill den chl\u00e9ir m\u00ed-\u00fas\u00e1id ghn\u00e9is d\u00f3ibh, le linn a n-\u00f3<\/span><span style=\"font-size:14pt\">ige. Ba sa chathair sin freisin<\/span><span style=\"font-size:14pt\">, a dhein s\u00e9<\/span><span style=\"font-size:14pt\"> tagairt <\/span><span style=\"font-size:14pt\">don ch\u00e9ad chruinni\u00fa eile de \u2018Chruinni\u00fa<\/span><span style=\"font-size:14pt\"> na gClann\u2019 sa<\/span><span style=\"font-size:14pt\"> bhliain 2018, agus shocraigh s\u00e9, go dtion\u00f3lfa\u00ed an cruinni\u00fa sin in \u00c1th Cliath. N\u00edl dabht d\u00e1<\/span><span style=\"font-size:14pt\"> laghad<\/span><span style=\"font-size:14pt\">, ach go raibh s\u00e9<\/span><span style=\"font-size:14pt\"> ag tabhairt leide do na \u2018cogno<\/span><span style=\"font-size:14pt\">scenti\u2019<\/span><span style=\"font-size:14pt\">, go raibh s\u00e9 me\u00e1ite ar chuairt a thabhairt ar <\/span><span style=\"font-size:14pt\">\u00c9<\/span><span style=\"font-size:14pt\">irinn don<\/span><span style=\"font-size:14pt\"> Chruinni\u00fa c\u00e9anna sin, agus tr\u00e1th\u00fail go leor, t\u00e1 Ambas\u00e1id na h\u00c9ireann chun na Vatac\u00e1ine i mbun gn\u00f3 ar\u00ed<\/span><span style=\"font-size:14pt\">s<\/span><span style=\"font-size:14pt\">, le freastal ar fhiontar d\u00e1 leith\u00e9id sin. Ba mh\u00f3r an on\u00f3ir don t\u00ed<\/span><span style=\"font-size:14pt\">r seo<\/span><span style=\"font-size:14pt\">, d\u00e1 dtarl\u00f3dh a leith\u00e9id, n\u00f3<\/span><span style=\"font-size:14pt\"> faoin am sin<\/span><span style=\"font-size:14pt\">, beidh an P\u00e1pa ag sleamhn\u00fa iseach sna hocht\u00f3id\u00ed<\/span><span style=\"font-size:14pt\">, <\/span><span style=\"font-size:14pt\">ach t\u00e1 s\u00e9<\/span><span style=\"font-size:14pt\"> beo<\/span><span style=\"font-size:14pt\">, br\u00ed<\/span><span style=\"font-size:14pt\">omhar<\/span><span style=\"font-size:14pt\">, f\u00f3s, bail \u00f3<\/span><span style=\"font-size:14pt\"> Dhia air. <\/span><\/p><p style=\"text-align:justify;margin-top:0pt;padding-top:0;margin-bottom:10pt;padding-bottom:0;line-height:1.8;margin-left:72pt\"><strong><span style=\"font-size:14pt\">Mar phobal an Silva F<\/span><span style=\"font-size:14pt\">ocluti<\/span><span style=\"font-size:14pt\">,<\/span><\/strong><\/p><p style=\"text-align:justify;margin-top:0pt;padding-top:0;margin-bottom:10pt;padding-bottom:0;line-height:1.8;margin-left:72pt\"><strong><span style=\"font-size:14pt\">Ag glaoch ar Ph\u00e1draig tr\u00ed<\/span><span style=\"font-size:14pt\"> shuan,<\/span><\/strong><\/p><p style=\"text-align:justify;margin-top:0pt;padding-top:0;margin-bottom:10pt;padding-bottom:0;line-height:1.8;margin-left:72pt\"><strong><span style=\"font-size:14pt\">Imp\u00edmis ar P\u00e1pa na R\u00f3<\/span><span style=\"font-size:14pt\">imhe<\/span><\/strong><\/p><p style=\"text-align:justify;margin-top:0pt;padding-top:0;margin-bottom:10pt;padding-bottom:0;line-height:1.8;margin-left:72pt\"><strong><span style=\"font-size:14pt\">Filleadh<\/span><span style=\"font-size:14pt\">, is si\u00fa<\/span><span style=\"font-size:14pt\">l linn<\/span><span style=\"font-size:14pt\">,<\/span><span style=\"font-size:14pt\"> athuair.<\/span><span style=\"font-size:14pt\"> <\/span><\/strong><\/p><p style=\"text-align:center;margin-top:0pt;padding-top:0;margin-bottom:10pt;padding-bottom:0;line-height:1.38\"><span style=\"height:1em\"><span>.<\/span><\/span><\/p>","protected":false},"excerpt":{"rendered":"<p>Cuairt Phapuil eile ? Peadar Bair\u00e9ad (This week we consider another Papal Visit to Ireland) Bliain an Ph\u00e1pa Bratacha geala in airde, Is Crois ard an Ph\u00e1pa go buach Ar thulach geal aerach an Aifrinn, Nuair a thiocfaidh a Naofacht ar chuairt. Sc\u00e9al an Ph\u00e1pa sc\u00e9al gach \u00e9inne, na laethe seo, agus n\u00ed taise d\u00fainn [&hellip;]<\/p>\n","protected":false},"author":2,"featured_media":13435,"comment_status":"open","ping_status":"open","sticky":false,"template":"","format":"standard","meta":{"nf_dc_page":"","_et_pb_use_builder":"","_et_pb_old_content":"","_et_gb_content_width":"","footnotes":""},"categories":[1],"tags":[],"class_list":["post-12609","post","type-post","status-publish","format-standard","has-post-thumbnail","hentry","category-gan-chatagoir"],"_links":{"self":[{"href":"https:\/\/mickgb.com\/en\/wp-json\/wp\/v2\/posts\/12609","targetHints":{"allow":["GET"]}}],"collection":[{"href":"https:\/\/mickgb.com\/en\/wp-json\/wp\/v2\/posts"}],"about":[{"href":"https:\/\/mickgb.com\/en\/wp-json\/wp\/v2\/types\/post"}],"author":[{"embeddable":true,"href":"https:\/\/mickgb.com\/en\/wp-json\/wp\/v2\/users\/2"}],"replies":[{"embeddable":true,"href":"https:\/\/mickgb.com\/en\/wp-json\/wp\/v2\/comments?post=12609"}],"version-history":[{"count":1,"href":"https:\/\/mickgb.com\/en\/wp-json\/wp\/v2\/posts\/12609\/revisions"}],"predecessor-version":[{"id":12610,"href":"https:\/\/mickgb.com\/en\/wp-json\/wp\/v2\/posts\/12609\/revisions\/12610"}],"wp:featuredmedia":[{"embeddable":true,"href":"https:\/\/mickgb.com\/en\/wp-json\/wp\/v2\/media\/13435"}],"wp:attachment":[{"href":"https:\/\/mickgb.com\/en\/wp-json\/wp\/v2\/media?parent=12609"}],"wp:term":[{"taxonomy":"category","embeddable":true,"href":"https:\/\/mickgb.com\/en\/wp-json\/wp\/v2\/categories?post=12609"},{"taxonomy":"post_tag","embeddable":true,"href":"https:\/\/mickgb.com\/en\/wp-json\/wp\/v2\/tags?post=12609"}],"curies":[{"name":"wp","href":"https:\/\/api.w.org\/{rel}","templated":true}]}}