{"id":12615,"date":"2017-04-04T11:00:00","date_gmt":"2017-04-04T11:00:00","guid":{"rendered":"https:\/\/mickgb.com\/?p=12615"},"modified":"2024-04-08T01:27:18","modified_gmt":"2024-04-08T01:27:18","slug":"i-mbeal-an-phobail-leim-an-da-mhile","status":"publish","type":"post","link":"https:\/\/mickgb.com\/en\/i-mbeal-an-phobail-leim-an-da-mhile\/","title":{"rendered":"I  mB\u00e9al  an  Phobail &#8230;&#8230; Leim an da Mhile"},"content":{"rendered":"<p style=\"text-align:center;margin-top:0pt;padding-top:0;margin-bottom:0pt;padding-bottom:0;line-height:1.8;font-weight:bold;font-size:22pt\"><span style=\"font-size:26pt\">`<\/span><span style=\"font-size:26pt\">&nbsp;&nbsp;&nbsp;&nbsp;&nbsp;&nbsp;&nbsp;&nbsp;&nbsp;&nbsp;&nbsp;&nbsp;&nbsp;&nbsp;&nbsp;&nbsp;&nbsp;&nbsp;&nbsp;<\/span><span style=\"font-size:26pt\">I mB\u00e9al an Phobail<\/span><\/p><p style=\"margin-top:0pt;padding-top:0;margin-bottom:0pt;padding-bottom:0;line-height:1.8;font-weight:bold;font-size:22pt\"><span style=\"font-size:12pt\">Peadar Bair\u00e9ad<\/span><\/p><p style=\"text-align:center;margin-top:0pt;padding-top:0;margin-bottom:0pt;padding-bottom:0;line-height:1.8\"><span style=\"height:1em\"><span>.<\/span><\/span><\/p><p style=\"text-align:center;margin-top:0pt;padding-top:0;margin-bottom:0pt;padding-bottom:0;line-height:1.8\"><strong><span style=\"font-size:18pt\">Leabhar spreag\u00fail<\/span><\/strong><\/p><h1 style=\"margin-top:0pt;padding-top:0;margin-bottom:0pt;padding-bottom:0;line-height:1.8;font-size:18pt\"><strong>L\u00e9im an D\u00e1 Mh\u00edle<\/strong>&#8230;&#8230;&#8230;&#8230;&#8230;&#8230;&#8230;&#8230;&#8230;&#8230;&#8230;&#8230;&#8230;&#8230;&#8230;&#8230;&#8230;..2009<\/h1><p style=\"margin-top:0pt;padding-top:0;margin-bottom:0pt;padding-bottom:0;line-height:2.4\">Le<\/p><h1 style=\"margin-top:0pt;padding-top:0;margin-bottom:0pt;padding-bottom:0;line-height:2.4;font-size:18pt\"><strong>P\u00e1draig \u00d3 Fiannachta<\/strong>&#8230;&#8230;&#8230;&#8230;&#8230;&#8230;&#8230;&#8230;&#8230;&#8230;&#8230;&#8230;&#8230;&#8230;.\u20ac10.00<\/h1><p style=\"margin-top:0pt;padding-top:0;margin-bottom:0pt;padding-bottom:0;line-height:2.4\"><span style=\"height:1em\"><span>.<\/span><\/span><\/p><p style=\"text-align:justify;margin-top:0pt;padding-top:0;margin-bottom:0pt;padding-bottom:0;line-height:2.4;font-size:14pt\">Gafa i ng\u00e9ibheann idir dh\u00e1 shaol, ceann acu thall, agus an ceann eile abhus, at\u00e1 an sagart d\u00e1ir\u00edreach seo, an tAthair P\u00e1draig \u00d3 Fiannachta. Caitheann s\u00e9 s\u00fail gh\u00e9ar tr\u00edd an nghloine shioctha a scarann an d\u00e1 shaol \u00f3na ch\u00e9ile, le spl\u00e9achadh neamhshoil\u00e9ir a fh\u00e1il, ar \u00faire agus ar ghlaise an fh\u00e9ir at\u00e1 ag f\u00e1s go buacach ar an dtaobh eile, agus ar an l\u00fachair bhuan at\u00e1 curtha in \u00e1irithe d\u00fainn ansin ag \u00edobairt Fhear na Gail\u00edle. <\/p><p style=\"text-align:center;margin-top:0pt;padding-top:0;margin-bottom:0pt;padding-bottom:0;line-height:2.4;font-size:14pt\"><strong><span style=\"font-size:18pt\">Cr\u00edost linn<\/span><\/strong><\/p><p style=\"text-align:justify;margin-top:0pt;padding-top:0;margin-bottom:0pt;padding-bottom:0;line-height:2.4;font-size:14pt\">Chuir s\u00e9 sp\u00e9is i nd\u00e1n le Miche\u00e1l de Liost\u00fan, a foils\u00edodh, thart ar thriocha bliain \u00f3 shoin, agus ba \u00e9 a d\u00faradh i seoladh an d\u00e1in sin n\u00f3&#8230;<\/p><p style=\"text-align:center;margin-top:0pt;padding-top:0;margin-bottom:0pt;padding-bottom:0;line-height:2.4;margin-left:36pt\"><span style=\"font-size:14pt\">\u201cRugadh \u00cdosa in \u00c1th Dara.<\/span><\/p><p style=\"text-align:center;margin-top:0pt;padding-top:0;margin-bottom:0pt;padding-bottom:0;line-height:2.4;margin-left:36pt\"><span style=\"font-size:14pt\">Bh\u00ed<\/span><span style=\"font-size:14pt\"> teach a mhuintire ar an tSr\u00e1id Fhada&#8230;\u201d<\/span><\/p><p style=\"text-align:justify;margin-top:0pt;padding-top:0;margin-bottom:0pt;padding-bottom:0;line-height:2.4;font-size:14pt\">Nach \u00e9asca, i nd\u00e1ir\u00edre, Cr\u00edost a shamhl\u00fa beo beatha\u00edoch in\u00e1r measc, \u00f3 tharla gur t\u00f3gadh muid i measc Cr\u00edostaithe an Iarthair, breis is an deich mbliana is tr\u00ed sc\u00f3r \u00f3 shoin, n\u00f3 an t-am sin, chloisfe\u00e1 Cr\u00edost ag labhairt leat amach as b\u00e9al na gcomharsan, Domhnach agus D\u00e1lach. <\/p><h2 style=\"text-align:center;margin-top:0pt;padding-top:0;margin-bottom:0pt;padding-bottom:0;line-height:2.4;font-weight:bold;font-size:18pt\">Dh\u00e1 Mh\u00edle Bliain!<\/h2><p style=\"text-align:justify;margin-top:0pt;padding-top:0;margin-bottom:0pt;padding-bottom:0;line-height:2.4\"><span style=\"font-size:14pt\">L\u00e9im an d\u00e1 mh\u00edle bliain, \u00f3 th\u00fas na m\u00edlaoise seo, siar go dt\u00ed laethe Chr\u00edost, (No is mar cheiliuradh ar an M\u00edlaois a cumadh an saothar seo a ch\u00e9aduair.) N\u00edl sa L\u00e9im sin i nd\u00e1ir\u00edre ach cupla trusl\u00f3g, adeir an tAthair P\u00e1draig linn.<\/span><\/p><p style=\"text-align:justify;margin-top:0pt;padding-top:0;margin-bottom:0pt;padding-bottom:0;line-height:2.4\"><span style=\"font-size:14pt\">Sa ph\u00edosa thuas, n\u00edl tagairt d\u00e9anta agam ach do leath an tsaothair seo, n\u00f3 t\u00e9ann aistri\u00fa fileata le Natalie Trump, taobh le taobh, le saothar U\u00ed Fhiannachta. Saothar an tsagairt ar chl\u00e9, agus saothar Natalie ar dheis.  <\/span><strong><span style=\"font-size:16pt\">Jesus in Dingle, <\/span><\/strong><span style=\"font-size:14pt\">a bhaist Natalie ar a leagan sise.<\/span><\/p><h2 style=\"text-align:center;margin-top:0pt;padding-top:0;margin-bottom:0pt;padding-bottom:0;line-height:2.4;font-weight:bold;font-size:18pt\">Turas chun an Tobair<\/h2><p style=\"text-align:justify;margin-top:0pt;padding-top:0;margin-bottom:0pt;padding-bottom:0;line-height:2.4\"><span style=\"font-size:14pt\">T\u00e1im tar \u00e9is cupla turas a thabhairt ar an dtobar f\u00edor\u00e1lainn f\u00edorGhaeluinne seo, a thochail na h\u00fadair ild\u00e1nacha seo, agus t\u00e1 m\u00e9 me\u00e1ite ar chupla cuairt eile a thabhairt air sul m\u00e1 dt\u00ed i bhfad, n\u00f3 n\u00ed h\u00e9 amh\u00e1in go s\u00e1sa\u00edonn chuile chuairt acu mo chion ar theanga mo mhuintire, ach n\u00edos t\u00e1bhachta\u00ed f\u00f3s, beatha\u00edonn s\u00e9 an d\u00fail do-sh\u00e1sta, spiorad\u00e1lta, at\u00e1 neadaithe sa chro\u00ed, agus san anam, istigh. N\u00ed sh\u00e1s\u00f3dh cuairt amh\u00e1in m\u00e9. Caithfidh m\u00e9 cos\u00e1n a bhualadh chun an tobair dhothaomtha seo. Is m\u00f3r an mhaise ar an leabh<\/span><span style=\"font-size:14pt\">ar \u00e9 freisin na grianghrafanna <\/span><span style=\"font-size:14pt\">agus na picti\u00fair dea-l\u00ednithe a ghabhann leis. B\u2019fh\u00e9idir gur mhaith leatsa triall a bhaint as? <\/span><\/p><p style=\"text-align:justify;margin-top:0pt;padding-top:0;margin-bottom:0pt;padding-bottom:0;line-height:2.4\"><span style=\"font-size:14pt\">Ach b\u2019fh\u00e9idir gur ch\u00f3ir dom tagairt eic\u00ednt a dh\u00e9anamh don saothar fh\u00e9in. <\/span><\/p><p style=\"text-align:justify;margin-top:0pt;padding-top:0;margin-bottom:0pt;padding-bottom:0;line-height:2.4\"><span style=\"font-size:14pt\">I bhfoirm fil\u00edochta a chuirtear an saothar seo in\u00e1r l\u00e1thair, agus n\u00ed g\u00e1 a r\u00e1, nach inn\u00e9 n\u00e1 inniu a thosaigh an tAthair P\u00e1draig ag shadhmadh focal ina nd\u00e1nta scili\u00fala, eala\u00edonta, agus n\u00ed taise don iarracht seo \u00e9.<\/span><\/p><p style=\"text-align:justify;margin-top:0pt;padding-top:0;margin-bottom:0pt;padding-bottom:0;line-height:2.4\"><strong><span style=\"font-size:14pt\">\u00cdosa ag an gC\u00e9 sa Daingean<\/span><\/strong><span style=\"font-size:14pt\">, a bhaisteann an file ar an gc\u00e9ad chaibidil fil\u00edochta d\u00e1 dh\u00e1n, agus breathnaigh mar a chuir s\u00e9 t\u00fas leis an alt fil\u00edochta seo.<\/span><\/p><h3 style=\"text-align:justify;margin-top:0pt;padding-top:0;margin-bottom:0pt;padding-bottom:0;line-height:2.4;font-size:14pt;margin-left:36pt\">\u201cN\u00ed os comhair an ts\u00e1ip\u00e9il<\/h3><p style=\"text-align:justify;margin-top:0pt;padding-top:0;margin-bottom:0pt;padding-bottom:0;line-height:2.4;margin-left:36pt\"><span style=\"font-size:14pt\">A bh\u00ed Cr\u00edost ag caint an l\u00e1 \u00fad<\/span><\/p><p style=\"text-align:justify;margin-top:0pt;padding-top:0;margin-bottom:0pt;padding-bottom:0;line-height:2.4;margin-left:36pt\"><span style=\"font-size:14pt\">Ach thiar ag Bun Calaidh<\/span><\/p><p style=\"text-align:justify;margin-top:0pt;padding-top:0;margin-bottom:0pt;padding-bottom:0;line-height:2.4;margin-left:36pt\"><span style=\"font-size:14pt\">Agus amuigh ar Cheann an Ch\u00e9&#8230;.\u201d<\/span><\/p><p style=\"text-align:justify;margin-top:0pt;padding-top:0;margin-bottom:0pt;padding-bottom:0;line-height:2.4;font-size:14pt\">Ainmn\u00edonn s\u00e9 na daoine a bh\u00ed ar an bhf\u00f3d don \u00f3c\u00e1id, daoine \u00f3n \u00e1it ba ea a mbun\u00fas. Bh\u00ed Aspail ann freisin, bh\u00ed S\u00edom\u00f3n agus Aind\u00ed beag i mbun a mb\u00e1id is a l\u00edonta. Bh\u00ed o\u00edche caite acu ar th\u00f3ir na scad\u00e1n, ach ruball scad\u00e1in fh\u00e9in n\u00ed fhaca siad i rith na ho\u00edche sin, agus anois bh\u00ed siad tagtha i dt\u00edr, suncaithe, s\u00e1raithe.<\/p><p style=\"text-align:justify;margin-top:0pt;padding-top:0;margin-bottom:0pt;padding-bottom:0;line-height:2.4\"><span style=\"font-size:14pt\">Ba ghearr gur thuig \u00cdosa go bhf\u00e9adfadh s\u00e9 labhairt leis an slua, d\u00e1 dtarl\u00f3dh amuigh i mb\u00e1d Sh\u00edom\u00f3in \u00e9.<\/span><\/p><h2 style=\"text-align:center;margin-top:0pt;padding-top:0;margin-bottom:0pt;padding-bottom:0;line-height:2.4;font-weight:bold;font-size:18pt\">Seanm\u00f3ir \u00e1 thabhairt<\/h2><p style=\"text-align:justify;margin-top:0pt;padding-top:0;margin-bottom:0pt;padding-bottom:0;line-height:2.4\"><span style=\"font-size:14pt\">D\u2019iarr s\u00e9 ar Sh\u00edom\u00f3n teacht i gcabhair air sa mh\u00e9id sin. Rinne. Agus thug \u00cdosa Seanm\u00f3ir uaidh as tochta an bh\u00e1id sin.<\/span><\/p><p style=\"text-align:justify;margin-top:0pt;padding-top:0;margin-bottom:0pt;padding-bottom:0;line-height:2.4\"><span style=\"font-size:14pt\">Labhair \u00cdosa leo faoi \u00e9isc agus faoi iascaireacht, rud a chuir ionadh ar dhaoine, n\u00f3 n\u00e1r shi\u00fain\u00e9ir \u00e9 mac Iosaef? Nuair a bh\u00ed deireadh r\u00e1ite aige, d\u2019imigh na daoine, ach d\u2019fhan na hiascair\u00ed, agus d\u2019iarr \u00cdosa orthu buaileadh amach p\u00edosa, \u201cAgus d\u00e9ana\u00edg cor\u201d ar seisean. Rinne siad mar ad\u00faradh leo, agus ba ghearr go raibh na l\u00edonta l\u00e1n go sc\u00f3ig le h\u00e9isc. Ghlaoigh S\u00edom\u00f3n ar Sh\u00e9amas agus ar Eoin, agus ba \u00e9 deireadh an sc\u00e9il \u00e9 n\u00f3 go raibh&#8230; <\/span><\/p><p style=\"text-align:center;margin-top:0pt;padding-top:0;margin-bottom:0pt;padding-bottom:0;line-height:2.4\"><span style=\"font-size:14pt\">\u201cNa b\u00e1id l\u00e1n agus na l\u00edonta sl\u00e1n.\u201d<\/span><\/p><p style=\"text-align:justify;margin-top:0pt;padding-top:0;margin-bottom:0pt;padding-bottom:0;line-height:2.4\"><span style=\"font-size:14pt\">Ag an bpointe sin, thuig \u00cdosa go maith, go raibh S\u00edom\u00f3n gafa aige, agus go nd\u00e9anfadh s\u00e9 iascaire f\u00f3nta, ar ball, iascaire ar dhaoine.<\/span><\/p><p style=\"text-align:justify;margin-top:0pt;padding-top:0;margin-bottom:0pt;padding-bottom:0;line-height:2.4\"><span style=\"font-size:14pt\">Ina dhiaidh sin, d\u00e9antar tagairt do eachtra\u00ed \u00e1irithe eile \u00f3 mhisean an Tiarna. <\/span><\/p><p style=\"text-align:center;margin-top:0pt;padding-top:0;margin-bottom:0pt;padding-bottom:0;line-height:2.4;font-size:14pt\"><strong><span style=\"font-size:18pt\">Clabhs\u00far<\/span><\/strong><\/p><p style=\"text-align:justify;margin-top:0pt;padding-top:0;margin-bottom:0pt;padding-bottom:0;line-height:2.4;font-size:14pt\">Le clabhs\u00far a chur ar a dh\u00e1n, cr\u00edochna\u00edonn an file an sc\u00e9al d\u00fainn tr\u00ed thagairt a dh\u00e9anamh don Ch\u00e1isc, agus don Ais\u00e9ir\u00ed.<\/p><p style=\"text-align:justify;margin-top:0pt;padding-top:0;margin-bottom:0pt;padding-bottom:0;line-height:2.4;margin-left:72pt\"><span style=\"font-size:14pt\">\u201cC\u00e9ad gl\u00f3ir le Dia!\u201d arsa S\u00edom\u00f3n Peadar,<\/span><\/p><p style=\"text-align:justify;margin-top:0pt;padding-top:0;margin-bottom:0pt;padding-bottom:0;line-height:2.4;margin-left:72pt\"><span style=\"font-size:14pt\">\u201cAgus canaimis an Hallel.\u201d <\/span><\/p><p style=\"text-align:justify;margin-top:0pt;padding-top:0;margin-bottom:0pt;padding-bottom:0;line-height:2.4\"><span style=\"font-size:14pt\">B\u2019fh\u00e9idir n\u00e1rbh olc an \u00e1it \u00ed seo, le cr\u00edoch a chur lem\u2019 smaointe f\u00e1nacha ar <\/span><strong><span style=\"font-size:14pt\">L\u00e9im an D\u00e1 Mh\u00edle<\/span><\/strong><span style=\"font-size:14pt\">. <\/span><\/p><p style=\"text-align:justify;margin-top:0pt;padding-top:0;margin-bottom:0pt;padding-bottom:0;line-height:2.4\"><span style=\"height:1em\"><span>.<\/span><\/span><\/p><p style=\"text-align:center;margin-top:0pt;padding-top:0;margin-bottom:0pt;padding-bottom:0;line-height:2.4;margin-left:36pt\"><span style=\"height:1em\"><span>.<\/span><\/span><\/p>","protected":false},"excerpt":{"rendered":"<p>`&nbsp;&nbsp;&nbsp;&nbsp;&nbsp;&nbsp;&nbsp;&nbsp;&nbsp;&nbsp;&nbsp;&nbsp;&nbsp;&nbsp;&nbsp;&nbsp;&nbsp;&nbsp;&nbsp;I mB\u00e9al an Phobail Peadar Bair\u00e9ad . Leabhar spreag\u00fail L\u00e9im an D\u00e1 Mh\u00edle&#8230;&#8230;&#8230;&#8230;&#8230;&#8230;&#8230;&#8230;&#8230;&#8230;&#8230;&#8230;&#8230;&#8230;&#8230;&#8230;&#8230;..2009 Le P\u00e1draig \u00d3 Fiannachta&#8230;&#8230;&#8230;&#8230;&#8230;&#8230;&#8230;&#8230;&#8230;&#8230;&#8230;&#8230;&#8230;&#8230;.\u20ac10.00 . Gafa i ng\u00e9ibheann idir dh\u00e1 shaol, ceann acu thall, agus an ceann eile abhus, at\u00e1 an sagart d\u00e1ir\u00edreach seo, an tAthair P\u00e1draig \u00d3 Fiannachta. Caitheann s\u00e9 s\u00fail gh\u00e9ar tr\u00edd an nghloine shioctha a scarann an d\u00e1 shaol [&hellip;]<\/p>\n","protected":false},"author":2,"featured_media":13435,"comment_status":"open","ping_status":"open","sticky":false,"template":"","format":"standard","meta":{"nf_dc_page":"","_et_pb_use_builder":"","_et_pb_old_content":"","_et_gb_content_width":"","footnotes":""},"categories":[1],"tags":[],"class_list":["post-12615","post","type-post","status-publish","format-standard","has-post-thumbnail","hentry","category-gan-chatagoir"],"_links":{"self":[{"href":"https:\/\/mickgb.com\/en\/wp-json\/wp\/v2\/posts\/12615","targetHints":{"allow":["GET"]}}],"collection":[{"href":"https:\/\/mickgb.com\/en\/wp-json\/wp\/v2\/posts"}],"about":[{"href":"https:\/\/mickgb.com\/en\/wp-json\/wp\/v2\/types\/post"}],"author":[{"embeddable":true,"href":"https:\/\/mickgb.com\/en\/wp-json\/wp\/v2\/users\/2"}],"replies":[{"embeddable":true,"href":"https:\/\/mickgb.com\/en\/wp-json\/wp\/v2\/comments?post=12615"}],"version-history":[{"count":1,"href":"https:\/\/mickgb.com\/en\/wp-json\/wp\/v2\/posts\/12615\/revisions"}],"predecessor-version":[{"id":12616,"href":"https:\/\/mickgb.com\/en\/wp-json\/wp\/v2\/posts\/12615\/revisions\/12616"}],"wp:featuredmedia":[{"embeddable":true,"href":"https:\/\/mickgb.com\/en\/wp-json\/wp\/v2\/media\/13435"}],"wp:attachment":[{"href":"https:\/\/mickgb.com\/en\/wp-json\/wp\/v2\/media?parent=12615"}],"wp:term":[{"taxonomy":"category","embeddable":true,"href":"https:\/\/mickgb.com\/en\/wp-json\/wp\/v2\/categories?post=12615"},{"taxonomy":"post_tag","embeddable":true,"href":"https:\/\/mickgb.com\/en\/wp-json\/wp\/v2\/tags?post=12615"}],"curies":[{"name":"wp","href":"https:\/\/api.w.org\/{rel}","templated":true}]}}