{"id":12639,"date":"2017-04-04T11:00:00","date_gmt":"2017-04-04T11:00:00","guid":{"rendered":"https:\/\/mickgb.com\/?p=12639"},"modified":"2024-04-08T01:14:27","modified_gmt":"2024-04-08T01:14:27","slug":"i-mbeal-an-phobail-an-tesapag-nua-copy","status":"publish","type":"post","link":"https:\/\/mickgb.com\/en\/i-mbeal-an-phobail-an-tesapag-nua-copy\/","title":{"rendered":"I  mB\u00e9al  an  Phobail an tEsapag nua &#8211; Copy"},"content":{"rendered":"<p style=\"text-align:center;margin-top:0pt;padding-top:0;margin-bottom:0pt;padding-bottom:0;line-height:2.4;font-size:14pt\"><strong><span style=\"font-size:22pt\">Oirni\u00fa Easpaig<\/span><\/strong><\/p><p style=\"text-align:center;margin-top:0pt;padding-top:0;margin-bottom:0pt;padding-bottom:0;line-height:2.4;font-size:14pt\"><span style=\"height:1em\"><span>.<\/span><\/span><\/p><p style=\"text-align:center;margin-top:0pt;padding-top:0;margin-bottom:0pt;padding-bottom:0;line-height:2.4;font-size:14pt\"><strong><span style=\"font-size:16pt\">F\u00e1ilte romhat, a Easpaig<\/span><\/strong><\/p><p style=\"margin-top:0pt;padding-top:0;margin-bottom:0pt;padding-bottom:0;line-height:2.4;font-size:14pt;margin-left:108pt\"><span style=\"height:1em\"><span>.<\/span><\/span><\/p><p style=\"margin-top:0pt;padding-top:0;margin-bottom:0pt;padding-bottom:0;line-height:2.4;font-size:14pt;margin-left:108pt\">F\u00e1ilt\u00edonn Osra\u00ed romhat, a Easpaig,<\/p><p style=\"margin-top:0pt;padding-top:0;margin-bottom:0pt;padding-bottom:0;line-height:2.4;font-size:14pt;margin-left:108pt\">Go Su\u00ed Chiar\u00e1in, cois Feoire gl\u00e9,<\/p><p style=\"margin-top:0pt;padding-top:0;margin-bottom:0pt;padding-bottom:0;line-height:2.4;font-size:14pt;margin-left:108pt\">F\u00e1ilt\u00edonn do phobal romhat abhaile<\/p><p style=\"margin-top:0pt;padding-top:0;margin-bottom:0pt;padding-bottom:0;line-height:2.4;font-size:14pt;margin-left:108pt\">\u00d3n R\u00f3imh anoir mar Aoire D\u00e9.<\/p><p style=\"margin-top:0pt;padding-top:0;margin-bottom:0pt;padding-bottom:0;line-height:2.4;font-size:14pt;margin-left:108pt\"><span style=\"height:1em\"><span>.<\/span><\/span><\/p><p style=\"margin-top:0pt;padding-top:0;margin-bottom:0pt;padding-bottom:0;line-height:2.4;font-size:14pt;margin-left:108pt\">Bronnadh cumhacht tr\u00ed leagan l\u00e1mh ort,<\/p><p style=\"margin-top:0pt;padding-top:0;margin-bottom:0pt;padding-bottom:0;line-height:2.4;font-size:14pt;margin-left:108pt\">Glacaimidne led mhisean chugainn,<\/p><p style=\"margin-top:0pt;padding-top:0;margin-bottom:0pt;padding-bottom:0;line-height:2.4;font-size:14pt;margin-left:108pt\">Is gu\u00edmid rath is s\u00e9an ort feasta,<\/p><p style=\"margin-top:0pt;padding-top:0;margin-bottom:0pt;padding-bottom:0;line-height:2.4;font-size:14pt;margin-left:108pt\">Gr\u00e1sta \u00f3 Dhia duit is d\u00fainn.<\/p><p style=\"margin-top:0pt;padding-top:0;margin-bottom:0pt;padding-bottom:0;line-height:2.4;font-size:14pt;margin-left:108pt\"><span style=\"height:1em\"><span>.<\/span><\/span><\/p><p style=\"margin-top:0pt;padding-top:0;margin-bottom:0pt;padding-bottom:0;line-height:2.4;font-size:14pt;margin-left:108pt\">N\u00e1r laga Dia do mhisneach cho\u00edche,<\/p><p style=\"margin-top:0pt;padding-top:0;margin-bottom:0pt;padding-bottom:0;line-height:2.4;font-size:14pt;margin-left:108pt\">Go nearta\u00ed s\u00e9 do chro\u00ed \u2018s do l\u00e1mh,<\/p><p style=\"margin-top:0pt;padding-top:0;margin-bottom:0pt;padding-bottom:0;line-height:2.4;font-size:14pt;margin-left:108pt\">Go n-\u00e9ir\u00ed leat tr\u00ed dheonu Chr\u00edosta<\/p><p style=\"margin-top:0pt;padding-top:0;margin-bottom:0pt;padding-bottom:0;line-height:2.4;font-size:14pt;margin-left:108pt\">Teaghlach Chiar\u00e1in a sheoladh sl\u00e1n. <\/p><p style=\"margin-top:0pt;padding-top:0;margin-bottom:0pt;padding-bottom:0;line-height:2.4;font-size:14pt;margin-left:108pt\"><span style=\"height:1em\"><span>.<\/span><\/span><\/p><h1 style=\"text-align:center;margin-top:0pt;padding-top:0;margin-bottom:0pt;padding-bottom:0;line-height:2.4;font-weight:bold;font-size:18pt\">Failte romhat abhaile<\/h1><p style=\"text-align:justify;margin-top:0pt;padding-top:0;margin-bottom:0pt;padding-bottom:0;line-height:2.4;font-size:14pt\">Ba mhaith liom f\u00e1ilte \u00f3 chro\u00ed a chur roimh S\u00e9amus Freeman, Easpag nua Osra\u00ed, i gcol\u00fan na seachtaine seo. F\u00e1ilt\u00edmis roimhe go cro\u00ed\u00fail, agus \u00e9 ag dul i gcomharbacht ar Chiar\u00e1n Chl\u00e9ire, c\u00e9ad Easpag ar Shu\u00ed \u00e1rsa Osra\u00ed. I nd\u00e1ir\u00edre, n\u00ed chuile l\u00e1 a bh\u00edonn an deis againn anseo f\u00e1ilti\u00fa roimh Phreal\u00e1id ch\u00e9imi\u00fail d\u00e1 leith\u00e9id in\u00e1r measc, n\u00f3 n\u00ed raibh sa chol\u00fan seo ach bun\u00f3c, nuair a chuireamar f\u00e1ilte abhaile roimh an Easpag de Fuireastal, ar a theacht in\u00e1r measc mar Easpag Osra\u00ed, tarraingt ar sheacht mbliana is fiche \u00f3 shoin, anois.<\/p><p style=\"text-align:center;margin-top:0pt;padding-top:0;margin-bottom:0pt;padding-bottom:0;line-height:2.4;font-size:14pt\"><strong><span style=\"font-size:18pt\">\u00c9ist le Cling an Chloig<\/span><\/strong><\/p><p style=\"text-align:justify;margin-top:0pt;padding-top:0;margin-bottom:0pt;padding-bottom:0;line-height:2.4;font-size:14pt\">D\u00fais\u00edonn \u00f3c\u00e1id d\u00e1 leith\u00e9id fonn ionainn, dul siar b\u00f3ithr\u00edn na smaointe, agus tamall a chaitheamh sa ghort c\u00e9anna sin, ag tabhairt gl\u00f3ir na laethe a bh\u00ed chun cuimhne ar\u00eds. Smaoin\u00edonn muid ar an saol mar a bh\u00ed, an tr\u00e1th \u00fad, nuair a thosaigh Ciar\u00e1n Chl\u00e9ire fh\u00e9in ar a thuras go hOsra\u00ed, i ndeireadh an cheathr\u00fa haois. Is d\u00f3cha go bhfuil sc\u00e9al a chloig\u00edn cloiste ag chuile dhuine againn, faoin am seo. Dhealr\u00f3dh s\u00e9, go ndeachaigh Ciar\u00e1n ag taisteal roimhe, agus \u00e9 ina fhear \u00f3g. Chuaigh s\u00e9 chomh fada \u00f3 bhaile leis an R\u00f3imh,  an tr\u00e1th sin,  agus ba \u00e9 deireadh an sc\u00e9il \u00e9 n\u00f3 gur baisteadh \u00e9, agus ar ball, gur oirn\u00edodh ina Easpag \u00e9. Thart ar an am seo d\u00e1 shaol, is cos\u00fail gur casadh P\u00e1draig air, agus thug P\u00e1draig an cloig\u00edn coisricthe seo d\u00f3, agus d\u00fairt leis, a chill a th\u00f3g\u00e1il, cib\u00e9 \u00e1it a chlingfeadh an cloig\u00edn, as a stuaim fh\u00e9in. Bh\u00ed go maith, is n\u00ed raibh go holc. Chuaigh Ciar\u00e1n ar ais go h\u00c9irinn, go hInis Cl\u00e9ire, is d\u00f3cha, agus ba ghearr go ndeachaigh s\u00e9 ar a mhisean, ag craoibhscaoileadh an Chreidimh Chr\u00edosta\u00ed, roimhe is ina dhiaidh. <\/p><p style=\"text-align:center;margin-top:0pt;padding-top:0;margin-bottom:0pt;padding-bottom:0;line-height:2.4;font-size:14pt\"><strong><span style=\"font-size:18pt\">Cloig\u00edn Ph\u00e1draig<\/span><\/strong><\/p><p style=\"text-align:justify;margin-top:0pt;padding-top:0;margin-bottom:0pt;padding-bottom:0;line-height:2.4;font-size:14pt\">Tharla, l\u00e1, agus \u00e9 ag taisteal tr\u00ed Shaighir, san \u00e1it a bhfuil Contae Ua F\u00e1ighle sa l\u00e1 at\u00e1 inniu ann, agus do bhar\u00fail? n\u00e1r chling an cloig\u00edn. Stop Ciar\u00e1n, agus shocraigh s\u00e9 ar chomhairle Ph\u00e1draig a ghlacadh, agus cheanncheathr\u00fa d\u00e1 mhisean i measc na nOsra\u00edoch a bhun\u00fa san \u00e1it sin. D\u2019\u00e9irigh go seoigh leis ina chuid oibre, agus d\u2019fh\u00e1s agus d\u2019fhorbair an creideamh i gcliabh\u00e1n \u00fad na Cr\u00edosta\u00edochta, gur leath s\u00e9, le himeacht aimsire, ar fud R\u00edochta \u00e1rsa Osra\u00ed. D\u2019fhan Saighir Chiar\u00e1in mar l\u00e1r-ionad na deoise sin, Osrai, an deoise is sine in \u00c9irinn, go dt\u00ed gur aistr\u00edodh, ar ball \u00e9, go hAchadh B\u00f3, mar a raibh a Mainistir ag Cainneach agus ag Fearghail, agus ar deireadh thiar, sa dara haois d\u00e9ag, aistr\u00edodh ceanncheathr\u00fa na deoise sin go Cill Chainnigh fh\u00e9in, mar a bhfuil s\u00e9 suite, go dt\u00ed an l\u00e1 at\u00e1 inniu fh\u00e9in ann.<\/p><p style=\"text-align:center;margin-top:0pt;padding-top:0;margin-bottom:0pt;padding-bottom:0;line-height:2.4;font-size:14pt\"><strong><span style=\"font-size:18pt\">An Ceathr\u00fa Easpag is N\u00f3cha<\/span><\/strong><\/p><p style=\"text-align:justify;margin-top:0pt;padding-top:0;margin-bottom:0pt;padding-bottom:0;line-height:2.4;font-size:14pt\">Ach nach fada go deo an an t-achar siar \u00e9 go r\u00e9 Chiar\u00e1in, agus nach ioma\u00ed sin Easpag a th\u00e1inig i gcomharbacht air, \u00f3n am sin anuas. Tr\u00ed dhuine is n\u00f3cha d\u00edobh, adeir lucht l\u00e9inn linn, agus c\u00e9 chuirfeadh ina gcoinne si\u00fad? agus anois, t\u00e1 an ceathr\u00fa duine is n\u00f3cha d\u00edobh, oirnithe, coisricthe, beannaithe, r\u00e9idh ullamh le dul i mbun oibre anseo in Achadh Chiar\u00e1in, \u00e1it a nd\u00e9anfaidh s\u00e9 a dh\u00edcheall ar mhisean Chiar\u00e1in a choinne\u00e1il sa tsi\u00fal. N\u00e1r leagadh l\u00e1mha na nEaspag air, th\u00edos ansin san Ardeaglais, leis an gcumhacht easpag\u00fail a sh\u00edneadh anuas chuige? anuas tr\u00ed shlabhra caol na mblianta, \u00f3 Chol\u00e1iste na nAspal fh\u00e9in, n\u00f3 n\u00edl \u00fadar\u00e1s Aspalda ag \u00e9inne, taobh amuigh d\u00edobh si\u00fad, ar s\u00edneadh chucu anuas \u00e9, \u00f3 dhuine de na hAspail fh\u00e9in, tr\u00ed l\u00e1mha a leagan orthu. <\/p><p style=\"text-align:center;margin-top:0pt;padding-top:0;margin-bottom:0pt;padding-bottom:0;line-height:2.4;font-size:14pt\"><strong><span style=\"font-size:18pt\">Coisricthe Feasta<\/span><\/strong><\/p><p style=\"text-align:justify;margin-top:0pt;padding-top:0;margin-bottom:0pt;padding-bottom:0;line-height:2.4;font-size:14pt\">N\u00ed g\u00e1 dhom a r\u00e1 anois, gur deineadh \u00e1r nEaspag a oirni\u00fa, th\u00edos in Ardeaglais Mhuire, anseo sa Chathair \u00c1lainn, ar an nDomhnach, an Dara l\u00e1 de Mh\u00ed na Nollag, i mbliain seo \u00e1r dTiarna, Dh\u00e1 Mh\u00edle a seacht.<\/p><p style=\"text-align:justify;margin-top:0pt;padding-top:0;margin-bottom:0pt;padding-bottom:0;line-height:2.4;font-size:14pt\">N\u00edl le d\u00e9anamh agamsa mar sin, ach f\u00e1ilte \u00f3 chro\u00ed a fhearadh roimhe go hOsra\u00ed seo na Naomh. N\u00e1r laga Dia a l\u00e1mh, agus Beannacht an R\u00ed fh\u00e9in ar a shaothar, anois agus i dt\u00f3lamh.<\/p>","protected":false},"excerpt":{"rendered":"<p>Oirni\u00fa Easpaig . F\u00e1ilte romhat, a Easpaig . F\u00e1ilt\u00edonn Osra\u00ed romhat, a Easpaig, Go Su\u00ed Chiar\u00e1in, cois Feoire gl\u00e9, F\u00e1ilt\u00edonn do phobal romhat abhaile \u00d3n R\u00f3imh anoir mar Aoire D\u00e9. . Bronnadh cumhacht tr\u00ed leagan l\u00e1mh ort, Glacaimidne led mhisean chugainn, Is gu\u00edmid rath is s\u00e9an ort feasta, Gr\u00e1sta \u00f3 Dhia duit is d\u00fainn. . [&hellip;]<\/p>\n","protected":false},"author":2,"featured_media":13435,"comment_status":"open","ping_status":"open","sticky":false,"template":"","format":"standard","meta":{"nf_dc_page":"","_et_pb_use_builder":"","_et_pb_old_content":"","_et_gb_content_width":"","footnotes":""},"categories":[1],"tags":[],"class_list":["post-12639","post","type-post","status-publish","format-standard","has-post-thumbnail","hentry","category-gan-chatagoir"],"_links":{"self":[{"href":"https:\/\/mickgb.com\/en\/wp-json\/wp\/v2\/posts\/12639","targetHints":{"allow":["GET"]}}],"collection":[{"href":"https:\/\/mickgb.com\/en\/wp-json\/wp\/v2\/posts"}],"about":[{"href":"https:\/\/mickgb.com\/en\/wp-json\/wp\/v2\/types\/post"}],"author":[{"embeddable":true,"href":"https:\/\/mickgb.com\/en\/wp-json\/wp\/v2\/users\/2"}],"replies":[{"embeddable":true,"href":"https:\/\/mickgb.com\/en\/wp-json\/wp\/v2\/comments?post=12639"}],"version-history":[{"count":1,"href":"https:\/\/mickgb.com\/en\/wp-json\/wp\/v2\/posts\/12639\/revisions"}],"predecessor-version":[{"id":12640,"href":"https:\/\/mickgb.com\/en\/wp-json\/wp\/v2\/posts\/12639\/revisions\/12640"}],"wp:featuredmedia":[{"embeddable":true,"href":"https:\/\/mickgb.com\/en\/wp-json\/wp\/v2\/media\/13435"}],"wp:attachment":[{"href":"https:\/\/mickgb.com\/en\/wp-json\/wp\/v2\/media?parent=12639"}],"wp:term":[{"taxonomy":"category","embeddable":true,"href":"https:\/\/mickgb.com\/en\/wp-json\/wp\/v2\/categories?post=12639"},{"taxonomy":"post_tag","embeddable":true,"href":"https:\/\/mickgb.com\/en\/wp-json\/wp\/v2\/tags?post=12639"}],"curies":[{"name":"wp","href":"https:\/\/api.w.org\/{rel}","templated":true}]}}