{"id":12657,"date":"2017-04-04T11:00:00","date_gmt":"2017-04-04T11:00:00","guid":{"rendered":"https:\/\/mickgb.com\/?p=12657"},"modified":"2024-04-08T01:17:08","modified_gmt":"2024-04-08T01:17:08","slug":"i-mbeal-an-phobail-conradh-liospoin","status":"publish","type":"post","link":"https:\/\/mickgb.com\/en\/i-mbeal-an-phobail-conradh-liospoin\/","title":{"rendered":"I  mB\u00e9al  an  Phobail Conradh Liospoin."},"content":{"rendered":"<p style=\"text-align:center;margin-top:0pt;padding-top:0;margin-bottom:0pt;padding-bottom:0;line-height:2.4;font-weight:bold;font-size:24pt\">I  mB\u00e9al  an  Phobail<\/p><p style=\"margin-top:0pt;padding-top:0;margin-bottom:0pt;padding-bottom:0;line-height:2.4;font-size:14pt\">Peadar Bair\u00e9ad<\/p><p style=\"text-align:center;margin-top:0pt;padding-top:0;margin-bottom:0pt;padding-bottom:0;line-height:2.4\"><strong><span style=\"font-size:18pt\">Lucht  N\u00cdL  in  Uachtar!<\/span><\/strong><\/p><p style=\"text-align:justify;margin-top:0pt;padding-top:0;margin-bottom:0pt;padding-bottom:0;line-height:2.4;font-size:14pt\">Bhuel, t\u00e1 chuile sh\u00f3rt thart anois, diomaite den li\u00faireach agus den chasaoid, agus is f\u00e9idir linn a bheith cinnte dearfa de, go mbeidh sin ann, amach anseo. <\/p><p style=\"text-align:justify;margin-top:0pt;padding-top:0;margin-bottom:0pt;padding-bottom:0;line-height:2.4\"><span style=\"font-size:14pt\">C\u00e9ard at\u00e1 idir cham\u00e1in agam inniu, an ea?<\/span><\/p><p style=\"text-align:justify;margin-top:0pt;padding-top:0;margin-bottom:0pt;padding-bottom:0;line-height:2.4\"><span style=\"font-size:14pt\">Conradh Lisboa, d\u2019eile a bheadh idir cham\u00e1in agam? Mar nach beag \u00e1bhar at\u00e1 \u00e1 ch\u00edoradh againn, chomh minic, n\u00f3 chomh mion, is at\u00e1 an t-\u00e1bhar c\u00e9anna sin, \u00f3 di\u00falta\u00edodh d\u00f3 sa Reifreann a ritheadh ar an dara l\u00e1 d\u00e9ag de Mheitheamh, i dt\u00edr seo na h\u00c9ireann. T\u00e1 s\u00e9 chomh maith dhom a admh\u00e1il anseo, gur v\u00f3t\u00e1il m\u00e9 fh\u00e9in T\u00c1, faoi mar a d\u2019inis m\u00e9 dhaoibh go nd\u00e9anfainn, in alt na seachtaine seo caite, agus ba ch\u00f3ir a lua freisin, go raibh an bua, sa D\u00e1ilcheantar seo, ag na T\u00c1-anna, agus bh\u00ed m\u00e9 fh\u00e9in ag ceapadh, go mbeadh<\/span><span style=\"font-size:14pt\"> an bua ag an T\u00c1-anna c\u00e9anna sin tr\u00edd an t\u00edr ar fad, ach bh\u00ed breall orm \u00e1fach, n\u00f3 ba iad na N\u00cdL-eanna a sciob an chraobh leo sa Reifreann N\u00e1isi\u00fanta.<\/span><\/p><p style=\"text-align:justify;margin-top:0pt;padding-top:0;margin-bottom:0pt;padding-bottom:0;line-height:2.4\"><span style=\"font-size:14pt\">Chuir an toradh sin ionadh orm i dtosach, agus d\u00edom\u00e1 freisin, n\u00f3 cheap m\u00e9 go raibh bot\u00fan d\u00e9anta ag \u00e1r v\u00f3t\u00f3ir\u00ed, sa ch\u00e1s \u00e1irithe seo. Ach ansin, smaoinigh m\u00e9 nach nd\u00e9anann pobal v\u00f3t\u00e1la bot\u00fain, n\u00f3 cib\u00e9 cinneadh a dh\u00e9anann siad, sin an cinneadh ceart d\u00f3ibhsean, ag an am \u00e1irithe sin, faoi na coin\u00edollacha sin, agus caithfidh na polaiteoir\u00ed leas, agus ciall, a bhaint <\/span><span style=\"font-size:14pt\">as an gcinneadh sin, ar mhaithe leis an bpobal ar fad. N\u00edor ch\u00f3ir aird d\u00e1 laghad a thabhairt ar an t\u00e9 ad\u00fairt nach <\/span><span style=\"font-size:14pt\">raibh cead ag an bpobal bheith san \u00e9ag\u00f3ir riamh, n\u00f3 is \u00e9 an pobal c\u00e9anna sin foinse na cumhachta, agus is uathasan a thagann cib\u00e9 cumhacht a l\u00e1imhse\u00e1lann \u00e1r lucht polait\u00edochta.<\/span><\/p><h1 style=\"text-align:center;margin-top:0pt;padding-top:0;margin-bottom:0pt;padding-bottom:0;line-height:2.4;font-weight:bold;font-size:18pt\">Europe reacts<\/h1><p style=\"text-align:justify;margin-top:0pt;padding-top:0;margin-bottom:0pt;padding-bottom:0;line-height:2.4\"><span style=\"font-size:14pt\">Ina dhiaidh sin, l\u00e9igh m\u00e9 faoin chaoi ar glacadh le toradh ar Reifrinn i dt\u00edortha eile san Aontas Eorpach, agus caithfidh m\u00e9 a r\u00e1, gur bheag an tuiscint a l\u00e9irigh siad ar ch\u00e1s \u00e1r v\u00f3t\u00f3ir\u00ed anseo, agus ar thoradh a saothair dhaonlathaigh. Thug siad le fios d\u00fainn, go raibh d\u00edom\u00e1, fearg, agus ionadh, orthu, go nd\u00e9anfadh an pobal \u00c9ireannach faoi mar a dhein siad, tar \u00e9is ar dhein siadsan ar \u00e1r son, sna blianta gortacha at\u00e1 thart anois. Bh\u00ed s\u00e9 soil\u00e9ir, d\u00e1r leo, go mba dream iad na h\u00c9ireannaigh, a bh\u00ed s\u00e1sta, agus <\/span><span style=\"font-size:14pt\">r\u00e9idh, le greim a bhaint as an l\u00e1mh a bheathaigh iad! Ar cheap siad nach raibh ionainne ach maidr\u00edn\u00ed lathaigh, a bheadh r\u00e9idh i gc\u00f3na\u00ed d\u00e9anamh mar a thoileodh siadsan? Nach dtuigfeadh daonlatha\u00ed ar bith, go bhf\u00e9adfadh dh\u00e1 thoradh a bheith ar Reifreann, agus go gcaithf\u00ed glacadh le guth an phobail, i ndeireadh na feide? Agus nuair a smaoin\u00edonn t\u00fa air, n\u00e1r bheag den ar\u00e1n saor a fuaireamar \u00f3n gComhaontas i nd\u00e1ir\u00edre, n\u00f3 mhalarta\u00edomar \u00e1r bhfarraig\u00ed, agus \u00e1r marga\u00ed baile, ar mhaithe leis na deontais a bh\u00ed dlite d\u00fa<\/span><span style=\"font-size:14pt\">inn de bharr \u00e1r mballra\u00edocht sa gComhargadh, faoi mar a bh\u00ed ann ag an am. Sea, bheadh duine ag s\u00fail go nglacfa\u00ed le toradh \u00e1r Reifrinn agus go raghfa\u00ed i mbun bearta\u00edochta l\u00e1ithreach, f\u00e9achaint conas a d\u2019fh\u00e9adfa\u00ed an fhadhb a crutha\u00edodh a r\u00e9iteach. <\/span><\/p><h1 style=\"text-align:center;margin-top:0pt;padding-top:0;margin-bottom:0pt;padding-bottom:0;line-height:2.4;font-weight:bold;font-size:18pt\">Upset<\/h1><p style=\"text-align:justify;margin-top:0pt;padding-top:0;margin-bottom:0pt;padding-bottom:0;line-height:2.4\"><span style=\"font-size:14pt\">N\u00ed mar sin a bh\u00ed, \u00e1fach, agus bh\u00ed ceannair\u00ed \u00e1irithe ag tabhairt le fios, go mbeadh siadsan r\u00e9idh b\u00f3thar Chonradh Lisboa a lean\u00faint, beag beann ar v\u00f3ta an phobail \u00c9ireannaigh, fi\u00fa d\u00e1 mbeadh orthu bata agus b\u00f3thar a thabhairt do na h\u00c9ireannaigh! Tuige mar sin, ar aontaigh siad i dtosach baire, nach dtiocfadh an Conradh i gcumhacht, mura nglacfadh chuile th\u00edr san Aontas leis? Arbh \u00e9 a bh\u00ed i gceist acu sa mh\u00e9id son n\u00f3\u2026chuile th\u00edr, mh\u00f3r, th\u00e1bhachtach\u2026? D\u00fairt ceannair\u00ed eile, go gcaithfeadh an t\u00edr s\u2019againne cead <\/span><span style=\"font-size:14pt\">isteach san Aontas a lorg ar\u00eds, tar \u00e9is do th\u00edortha eile an Chomhaontais glacadh leis an gConradh c\u00e9anna sin, s\u00e9 sin, m\u00e1 bh\u00ed f\u00fainn fanacht san Aontas! N\u00edl dabht ar domhan, ach go bhfuil sc\u00e9al Chailleach an Uaf\u00e1is d\u00e9anta de thoradh an Reifrinn s\u2019againne acu, n\u00f3 m\u00e1 t\u00e1 dl\u00ed ar bith ag baint leis an Aontas Eorpach, n\u00f3 m\u00e1 t\u00e1 comhcheangal ar bith le snaidhmeadh idir phobail \u00e9ags\u00fala an Aontais ch\u00e9anna sin, t\u00e1 s\u00e9 thar am ag na cumhachta\u00ed m\u00f3ra, san Aontas, an bata agus an maide sc\u00f3ir a chur uathu, agus deighle\u00e1il lin<\/span><span style=\"font-size:14pt\">n ar bhealach sibhialta, faoi mar a dh\u00e9anfa\u00ed i measc cairde comhionanna.<\/span><\/p><p style=\"text-align:center;margin-top:0pt;padding-top:0;margin-bottom:0pt;padding-bottom:0;line-height:2.4\"><strong><span style=\"font-size:18pt\">Find a solution<\/span><\/strong><\/p><p style=\"text-align:justify;margin-top:0pt;padding-top:0;margin-bottom:0pt;padding-bottom:0;line-height:2.4\"><span style=\"font-size:14pt\">Mar, c\u00e9 gur constaic \u00e9 toradh an Reifrinn s\u2019againne, ag an am gc\u00e9anna n\u00ed f\u00e1l go haer \u00e9, agus m\u00e1 ghlactar leis, gur fadhb pholait\u00edochta \u00e9, ansin caithfear glacadh leis freisin, gur fabhb inr\u00e9itithe \u00e9.<\/span><\/p><p style=\"text-align:justify;margin-top:0pt;padding-top:0;margin-bottom:0pt;padding-bottom:0;line-height:2.4\"><span style=\"font-size:14pt\">Leor sin do thuras na huaire seo, ach is cinnte go mbeidh m\u00e9 ag filleadh ar an \u00e1bhar seo ar\u00eds, amach anseo. San idirlinn, ba ch\u00f3ir d\u00fainn athsmaoineamh a dh\u00e9anamh ar Phlean B\u2026\u2026 <\/span><\/p>","protected":false},"excerpt":{"rendered":"<p>I mB\u00e9al an Phobail Peadar Bair\u00e9ad Lucht N\u00cdL in Uachtar! Bhuel, t\u00e1 chuile sh\u00f3rt thart anois, diomaite den li\u00faireach agus den chasaoid, agus is f\u00e9idir linn a bheith cinnte dearfa de, go mbeidh sin ann, amach anseo. C\u00e9ard at\u00e1 idir cham\u00e1in agam inniu, an ea? Conradh Lisboa, d\u2019eile a bheadh idir cham\u00e1in agam? Mar nach [&hellip;]<\/p>\n","protected":false},"author":2,"featured_media":13435,"comment_status":"open","ping_status":"open","sticky":false,"template":"","format":"standard","meta":{"nf_dc_page":"","_et_pb_use_builder":"","_et_pb_old_content":"","_et_gb_content_width":"","footnotes":""},"categories":[1],"tags":[],"class_list":["post-12657","post","type-post","status-publish","format-standard","has-post-thumbnail","hentry","category-gan-chatagoir"],"_links":{"self":[{"href":"https:\/\/mickgb.com\/en\/wp-json\/wp\/v2\/posts\/12657","targetHints":{"allow":["GET"]}}],"collection":[{"href":"https:\/\/mickgb.com\/en\/wp-json\/wp\/v2\/posts"}],"about":[{"href":"https:\/\/mickgb.com\/en\/wp-json\/wp\/v2\/types\/post"}],"author":[{"embeddable":true,"href":"https:\/\/mickgb.com\/en\/wp-json\/wp\/v2\/users\/2"}],"replies":[{"embeddable":true,"href":"https:\/\/mickgb.com\/en\/wp-json\/wp\/v2\/comments?post=12657"}],"version-history":[{"count":1,"href":"https:\/\/mickgb.com\/en\/wp-json\/wp\/v2\/posts\/12657\/revisions"}],"predecessor-version":[{"id":12658,"href":"https:\/\/mickgb.com\/en\/wp-json\/wp\/v2\/posts\/12657\/revisions\/12658"}],"wp:featuredmedia":[{"embeddable":true,"href":"https:\/\/mickgb.com\/en\/wp-json\/wp\/v2\/media\/13435"}],"wp:attachment":[{"href":"https:\/\/mickgb.com\/en\/wp-json\/wp\/v2\/media?parent=12657"}],"wp:term":[{"taxonomy":"category","embeddable":true,"href":"https:\/\/mickgb.com\/en\/wp-json\/wp\/v2\/categories?post=12657"},{"taxonomy":"post_tag","embeddable":true,"href":"https:\/\/mickgb.com\/en\/wp-json\/wp\/v2\/tags?post=12657"}],"curies":[{"name":"wp","href":"https:\/\/api.w.org\/{rel}","templated":true}]}}