{"id":12711,"date":"2017-04-04T11:00:00","date_gmt":"2017-04-04T11:00:00","guid":{"rendered":"https:\/\/mickgb.com\/?p=12711"},"modified":"2024-04-08T01:08:02","modified_gmt":"2024-04-08T01:08:02","slug":"i-mbeal-an-phobail-seasur-na-nollag-2","status":"publish","type":"post","link":"https:\/\/mickgb.com\/en\/i-mbeal-an-phobail-seasur-na-nollag-2\/","title":{"rendered":"I  mB\u00e9al  an  Phobail Seasur na Nollag 2"},"content":{"rendered":"<p style=\"text-align:center;margin-top:0pt;padding-top:0;margin-bottom:10pt;padding-bottom:0;line-height:1.38\"><strong><span style=\"font-size:26pt\">Spiorad na Nollag<\/span><span style=\"font-size:26pt\">  2<\/span><\/strong><\/p><p style=\"margin-top:0pt;padding-top:0;margin-bottom:10pt;padding-bottom:0;line-height:1.38\"><span style=\"font-size:14pt\">Peadar Bair\u00e9ad<\/span><\/p><p style=\"text-align:center;margin-top:0pt;padding-top:0;margin-bottom:10pt;padding-bottom:0;line-height:1.38\"><strong><span style=\"font-size:14pt\"><em> <\/em><\/span><span style=\"font-size:14pt\"><em>(<\/em><\/span><span style=\"font-size:14pt\"><em>To continue the Christmas spi<\/em><\/span><span style=\"font-size:14pt\"><em>rit<\/em><\/span><span style=\"font-size:14pt\"><em>,<\/em><\/span><span style=\"font-size:14pt\"><em> we view<\/em><\/span><span style=\"font-size:14pt\"><em> some further Christmas<\/em><\/span><span style=\"font-size:14pt\"><em> verse)<\/em><\/span><\/strong><\/p><p style=\"text-align:justify;margin-top:0pt;padding-top:0;margin-bottom:10pt;padding-bottom:0;line-height:1.38\"><span style=\"height:1em\"><span>.<\/span><\/span><\/p><p style=\"text-align:center;margin-top:0pt;padding-top:0;margin-bottom:10pt;padding-bottom:0;line-height:1.38\"><strong><span style=\"font-size:18pt\">Aodh Mac Aingil<\/span><\/strong><\/p><p style=\"text-align:justify;margin-top:0pt;padding-top:0;margin-bottom:10pt;padding-bottom:0;line-height:1.38\"><span style=\"height:1em\"><span>.<\/span><\/span><\/p><p style=\"text-align:justify;margin-top:0pt;padding-top:0;margin-bottom:10pt;padding-bottom:0;line-height:1.38\"><span style=\"font-size:14pt\">Leag m\u00e9 b\u00e9<\/span><span style=\"font-size:14pt\">im ar leith<\/span><span style=\"font-size:14pt\"> i mbliana ar an m\u00e9id a chuir na fil\u00ed s\u2019againne le ceili\u00faradh na Nollag in \u00e1<\/span><span style=\"font-size:14pt\">r measc<\/span><span style=\"font-size:14pt\"> anseo in \u00c9irinn. Rinne m\u00e9 athlua ar v\u00e9arsa\u00ed le M\u00e1irt\u00edn \u00d3 Dire\u00e1in, le M\u00e1<\/span><span style=\"font-size:14pt\">ire Mhac an tS<\/span><span style=\"font-size:14pt\">aoi, agus<\/span><span style=\"font-size:14pt\"> le hEoghan \u00d3 Tuairisc, le sin a l\u00e9iri\u00fa<\/span><span style=\"font-size:14pt\">.<\/span><span style=\"font-size:14pt\"> Anois, d\u00e9anfaidh m\u00e9<\/span><span style=\"font-size:14pt\"> iarracht<\/span><span style=\"font-size:14pt\"> ar <\/span><span style=\"font-size:14pt\">thionchar na Nollag orm fh\u00e9in a l\u00e9iri\u00fa<\/span><span style=\"font-size:14pt\"> in  alt na seachtaine seo, le<\/span><span style=\"font-size:14pt\"> fad eic\u00ednt a chur le ceili\u00faradh<\/span><span style=\"font-size:14pt\"> seo<\/span><span style=\"font-size:14pt\"> an D\u00e1 L\u00e1 Dh\u00e9ag<\/span><span style=\"font-size:14pt\">.<\/span><span style=\"font-size:14pt\"> Ach<\/span><span style=\"font-size:14pt\">, mar th\u00fas, ba mhaith liom tagairt a dh\u00e9anamh do dh\u00e1<\/span><span style=\"font-size:14pt\">n beag le<\/span><span style=\"font-size:14pt\"> hAo<\/span><span style=\"font-size:14pt\">dh Mac Aingil, an diagaire c\u00e1ili\u00fa<\/span><span style=\"font-size:14pt\">il<\/span><span style=\"font-size:14pt\"> Gaelach<\/span><span style=\"font-size:14pt\"> sin<\/span><span style=\"font-size:14pt\">, a rugadh i gContae an D\u00fain sa bhliain 1571, <\/span><span style=\"font-size:14pt\">agus <\/span><span style=\"font-size:14pt\">an t\u00e9 a scr\u00edobh \u2018Scath\u00e1n Shacraimint na hAithridhe<\/span><span style=\"font-size:14pt\">.<\/span><span style=\"font-size:14pt\">\u2019 Bh\u00e1saigh s\u00e9<\/span><span style=\"font-size:14pt\"> sa bhliain 1626<\/span><span style=\"font-size:14pt\">, tar \u00e9<\/span><span style=\"font-size:14pt\">is a cheaptha mar Easpag <\/span><span style=\"font-size:14pt\">ar <\/span><span style=\"font-size:14pt\">Ard M<\/span><span style=\"font-size:14pt\">hacha. Seo mar a chuir seisean \u00e9<\/span><span style=\"font-size:14pt\">&#8230;.<\/span><\/p><p style=\"text-align:justify;margin-top:0pt;padding-top:0;margin-bottom:10pt;padding-bottom:0;line-height:1.38;margin-left:180pt\"><span style=\"font-size:18pt\">A Naoidhe Naomh.<\/span><\/p><p style=\"text-align:justify;margin-top:0pt;padding-top:0;margin-bottom:10pt;padding-bottom:0;line-height:1.38;margin-left:144pt\"><span style=\"font-size:14pt\">Dia do bheatha<\/span><span style=\"font-size:14pt\">,<\/span><span style=\"font-size:14pt\"> a naoidhe naomh<\/span><span style=\"font-size:14pt\">,<\/span><\/p><p style=\"text-align:justify;margin-top:0pt;padding-top:0;margin-bottom:10pt;padding-bottom:0;line-height:1.38;margin-left:180pt\"><span style=\"font-size:14pt\">isin m\u00e1ins\u00e9ar c\u00e9<\/span><span style=\"font-size:14pt\"> taoi bocht, <\/span><\/p><p style=\"text-align:justify;margin-top:0pt;padding-top:0;margin-bottom:10pt;padding-bottom:0;line-height:1.38;margin-left:144pt\"><span style=\"font-size:14pt\">meadhrach saidhbhir at\u00e1 t\u00fa<\/span><\/p><p style=\"text-align:justify;margin-top:0pt;padding-top:0;margin-bottom:10pt;padding-bottom:0;line-height:1.38;margin-left:180pt\"><span style=\"font-size:14pt\">\u2018s gl\u00f3<\/span><span style=\"font-size:14pt\">rmhar id<\/span><span style=\"font-size:14pt\"> dh\u00fan f\u00e9<\/span><span style=\"font-size:14pt\">in a-nocht.<\/span><\/p><p style=\"text-align:justify;margin-top:0pt;padding-top:0;margin-bottom:10pt;padding-bottom:0;line-height:1.38;margin-left:180pt\"><span style=\"height:1em\"><span>.<\/span><\/span><\/p><p style=\"text-align:justify;margin-top:0pt;padding-top:0;margin-bottom:10pt;padding-bottom:0;line-height:1.38;margin-left:144pt\"><span style=\"font-size:14pt\">A Mhuire, a mh\u00e1thair, a \u00f3<\/span><span style=\"font-size:14pt\">gh,<\/span><\/p><p style=\"text-align:justify;margin-top:0pt;padding-top:0;margin-bottom:10pt;padding-bottom:0;line-height:1.38;margin-left:180pt\"><span style=\"font-size:14pt\">oscail doras an chr\u00f3<\/span><span style=\"font-size:14pt\"> dhamh<\/span><\/p><p style=\"text-align:justify;margin-top:0pt;padding-top:0;margin-bottom:10pt;padding-bottom:0;line-height:1.38;margin-left:144pt\"><span style=\"font-size:14pt\">go n-adhrainn<\/span><span style=\"font-size:14pt\"> ardr\u00ed na nd\u00fa<\/span><span style=\"font-size:14pt\">l \u2013<\/span><\/p><p style=\"text-align:justify;margin-top:0pt;padding-top:0;margin-bottom:10pt;padding-bottom:0;line-height:1.38;margin-left:180pt\"><span style=\"font-size:14pt\">Nach c\u00f3ra dh\u00fa<\/span><span style=\"font-size:14pt\">inn n\u00e1<\/span><span style=\"font-size:14pt\"> do dhamh?<\/span><\/p><p style=\"margin-top:0pt;padding-top:0;margin-bottom:10pt;padding-bottom:0;line-height:1.38;margin-left:144pt\"><span style=\"font-size:14pt\">,<\/span><\/p><p style=\"margin-top:0pt;padding-top:0;margin-bottom:10pt;padding-bottom:0;line-height:1.38;margin-left:36pt\"><span style=\"font-size:14pt\">Ach f\u00e9ach ar an v\u00e9arsa \u00e1lainn<\/span><span style=\"font-size:14pt\">,<\/span><span style=\"font-size:14pt\"> cr<\/span><span style=\"font-size:14pt\">\u00e1<\/span><span style=\"font-size:14pt\">ifeach<\/span><span style=\"font-size:14pt\">,<\/span><span style=\"font-size:14pt\"> seo<\/span><span style=\"font-size:14pt\"> as an nd\u00e1n c\u00e9<\/span><span style=\"font-size:14pt\">anna sin<\/span><span style=\"font-size:14pt\">&#8230;..<\/span><\/p><p style=\"margin-top:0pt;padding-top:0;margin-bottom:10pt;padding-bottom:0;line-height:1.38;margin-left:144pt\"><span style=\"font-size:14pt\">An t-asal f\u00f3<\/span><span style=\"font-size:14pt\">s is an damh<\/span><\/p><p style=\"margin-top:0pt;padding-top:0;margin-bottom:10pt;padding-bottom:0;line-height:1.38;margin-left:144pt\"><span style=\"font-size:14pt\">n\u00ed<\/span><span style=\"font-size:14pt\"> leigfead ingar dom r\u00ed<\/span><span style=\"font-size:14pt\">gh;<\/span><\/p><p style=\"margin-top:0pt;padding-top:0;margin-bottom:10pt;padding-bottom:0;line-height:1.38;margin-left:144pt\"><span style=\"font-size:14pt\">do-gh\u00e9an f\u00e9in a n-\u00e1itsin d\u00f3<\/span><span style=\"font-size:14pt\"> \u2013<\/span><\/p><p style=\"margin-top:0pt;padding-top:0;margin-bottom:10pt;padding-bottom:0;line-height:1.38;margin-left:144pt\"><span style=\"font-size:14pt\">asal m\u00e9 is b\u00f3 Mhic D\u00e9 Bh\u00ed<\/span><span style=\"font-size:14pt\">.<\/span><span style=\"font-size:14pt\">&emsp;&emsp;<\/span><\/p><p style=\"margin-top:0pt;padding-top:0;margin-bottom:10pt;padding-bottom:0;line-height:1.38\"><span style=\"font-size:14pt\">S\u00edlim go mbeadh s\u00e9 deacair spiorad\u00e1<\/span><span style=\"font-size:14pt\">ltacht<\/span><span style=\"font-size:14pt\">,<\/span><span style=\"font-size:14pt\"> <\/span><span style=\"font-size:14pt\">n\u00f3 d\u00e1ir\u00edreacht an d\u00e1<\/span><span style=\"font-size:14pt\">n Nollag seo a sh\u00e1r\u00fa<\/span><span style=\"font-size:14pt\">, n\u00f3 t\u00e9ann an file go cro\u00ed an \u00e1bhair le gach \u00e1<\/span><span style=\"font-size:14pt\">ladh <\/span><span style=\"font-size:14pt\">focal a l\u00e9imeann \u00f3<\/span><span style=\"font-size:14pt\"> ghob a chleite s<\/span><span style=\"font-size:14pt\">an iomann Nollag sin<\/span><span style=\"font-size:14pt\">.<\/span><\/p><p style=\"text-align:center;margin-top:0pt;padding-top:0;margin-bottom:10pt;padding-bottom:0;line-height:1.38\"><strong><span style=\"font-size:18pt\">N\u00f3s  Nollaigi\u00fail<\/span><\/strong><\/p><p style=\"margin-top:0pt;padding-top:0;margin-bottom:10pt;padding-bottom:0;line-height:1.38\"><span style=\"font-size:14pt\"> Ach le cr\u00edoch a chur leis an bp\u00ed<\/span><span style=\"font-size:14pt\">osa seo<\/span><span style=\"font-size:14pt\">, b\u2019fh\u00e9idir gur ch\u00f3ir dom v\u00e9arsa\u00ed<\/span><span style=\"font-size:14pt\"> Nollag<\/span><span style=\"font-size:14pt\">, dem chuid fh\u00e9<\/span><span style=\"font-size:14pt\">in<\/span><span style=\"font-size:14pt\">, a shn\u00ed<\/span><span style=\"font-size:14pt\">omh isteach, i ngan fhios, anseo. Faoi <\/span><span style=\"font-size:14pt\">mar a luaigh m\u00e9 cheana, bh\u00ed de n\u00f3<\/span><span style=\"font-size:14pt\">s agam<\/span><span style=\"font-size:14pt\">,<\/span><span style=\"font-size:14pt\"> le blianta fada, <\/span><span style=\"font-size:14pt\">tabhairt faoin Nollaig a cheili\u00faradh tr\u00ed cupla v\u00e9arsa\u00ed a chur i dtoll a ch\u00e9ile<\/span><span style=\"font-size:14pt\"> don \u00f3c\u00e1id<\/span><span style=\"font-size:14pt\">. Seo th\u00edos d\u00e1n a chum m\u00e9 tamall de bhlianta \u00f3<\/span><span style=\"font-size:14pt\"> shoin.<\/span><\/p><p style=\"margin-top:0pt;padding-top:0;margin-bottom:10pt;padding-bottom:0;line-height:1.38;margin-left:180pt\"><strong><span style=\"font-size:16pt\">Breith sa St\u00e1<\/span><span style=\"font-size:16pt\">bla<\/span><\/strong><\/p><p style=\"margin-top:0pt;padding-top:0;margin-bottom:10pt;padding-bottom:0;line-height:1.38;margin-left:144pt\"><span style=\"font-size:14pt\">S\u00e9as\u00far na Nollag \u2018na r\u00e1<\/span><span style=\"font-size:14pt\">s chugainn,<\/span><\/p><p style=\"margin-top:0pt;padding-top:0;margin-bottom:10pt;padding-bottom:0;line-height:1.38;margin-left:144pt\"><span style=\"font-size:14pt\">Is c\u00e1l\u00f3ga b\u00e1<\/span><span style=\"font-size:14pt\">na anuas,<\/span><\/p><p style=\"margin-top:0pt;padding-top:0;margin-bottom:10pt;padding-bottom:0;line-height:1.38;margin-left:144pt\"><span style=\"font-size:14pt\"> <\/span><span style=\"font-size:14pt\">Mar bhrat glan, naofa, gl\u00e9<\/span><span style=\"font-size:14pt\">geal,<\/span><\/p><p style=\"margin-top:0pt;padding-top:0;margin-bottom:10pt;padding-bottom:0;line-height:1.38;margin-left:144pt\"><span style=\"font-size:14pt\">Ag folach d\u00fainn br\u00fascar is sm\u00fa<\/span><span style=\"font-size:14pt\">it.<\/span><\/p><p style=\"margin-top:0pt;padding-top:0;margin-bottom:10pt;padding-bottom:0;line-height:1.38;margin-left:144pt\"><span style=\"height:1em\"><span>.<\/span><\/span><\/p><p style=\"margin-top:0pt;padding-top:0;margin-bottom:10pt;padding-bottom:0;line-height:1.38;margin-left:144pt\"><span style=\"font-size:14pt\">Ach istigh im chro\u00edse, le d\u00ed<\/span><span style=\"font-size:14pt\">ograis,<\/span><\/p><p style=\"margin-top:0pt;padding-top:0;margin-bottom:10pt;padding-bottom:0;line-height:1.38;margin-left:144pt\" class=\"translation-block\">I will prepare a manger, with effort,<\/p><p style=\"margin-top:0pt;padding-top:0;margin-bottom:10pt;padding-bottom:0;line-height:1.38;margin-left:144pt\"><span style=\"font-size:14pt\">Is glanfaidh m\u00e9 br\u00fa<\/span><span style=\"font-size:14pt\">scar na mblianta<\/span><\/p><p style=\"margin-top:0pt;padding-top:0;margin-bottom:10pt;padding-bottom:0;line-height:1.38;margin-left:144pt\"><span style=\"font-size:14pt\">As seanst\u00e1<\/span><span style=\"font-size:14pt\">bla m\u2019anama chrua.<\/span><\/p><p style=\"margin-top:0pt;padding-top:0;margin-bottom:10pt;padding-bottom:0;line-height:1.38;margin-left:144pt\"><span style=\"height:1em\"><span>.<\/span><\/span><\/p><p style=\"margin-top:0pt;padding-top:0;margin-bottom:10pt;padding-bottom:0;line-height:1.38;margin-left:144pt\"><span style=\"font-size:14pt\">Beidh an m\u00e1ins\u00e9<\/span><span style=\"font-size:14pt\">ar sin ullamh, gla<\/span><span style=\"font-size:14pt\">n, n\u00e9<\/span><span style=\"font-size:14pt\">ata,<\/span><\/p><p style=\"margin-top:0pt;padding-top:0;margin-bottom:10pt;padding-bottom:0;line-height:1.38;margin-left:144pt\"><span style=\"font-size:14pt\">U<\/span><span style=\"font-size:14pt\">m Nollaig, is an sneachta ar l\u00e1<\/span><span style=\"font-size:14pt\">r,<\/span><\/p><p style=\"margin-top:0pt;padding-top:0;margin-bottom:10pt;padding-bottom:0;line-height:1.38;margin-left:144pt\"><span style=\"font-size:14pt\">Is f<\/span><span style=\"font-size:14pt\">\u00e1gfaidh m\u00e9 doras mo chro\u00ed<\/span><span style=\"font-size:14pt\">se<\/span><\/p><p style=\"margin-top:0pt;padding-top:0;margin-bottom:10pt;padding-bottom:0;line-height:1.38;margin-left:144pt\"><span style=\"font-size:14pt\">ar laiste, is gan glas air go l\u00e1<\/span><span style=\"font-size:14pt\">.<\/span><\/p><p style=\"margin-top:0pt;padding-top:0;margin-bottom:10pt;padding-bottom:0;line-height:1.38;margin-left:144pt\"><span style=\"height:1em\"><span>.<\/span><\/span><\/p><p style=\"margin-top:0pt;padding-top:0;margin-bottom:10pt;padding-bottom:0;line-height:1.38;margin-left:144pt\"><span style=\"font-size:14pt\">S\u00e9as\u00far na Nollag \u2018na r\u00e1<\/span><span style=\"font-size:14pt\">s chugainn,<\/span><\/p><p style=\"margin-top:0pt;padding-top:0;margin-bottom:10pt;padding-bottom:0;line-height:1.38;margin-left:144pt\" class=\"translation-block\">And the holy, Heavenly Infant, coming down<\/p><p style=\"margin-top:0pt;padding-top:0;margin-bottom:10pt;padding-bottom:0;line-height:1.38;margin-left:144pt\"><span style=\"font-size:14pt\">Ag n\u00ed, is ag sl\u00e1n\u00fa Chlann \u00c9<\/span><span style=\"font-size:14pt\">abha,<\/span><\/p><p style=\"margin-top:0pt;padding-top:0;margin-bottom:10pt;padding-bottom:0;line-height:1.38;margin-left:144pt\"><span style=\"font-size:14pt\">Is ag folach d\u00fa<\/span><span style=\"font-size:14pt\">inn peaca is buairt.<\/span><\/p><p style=\"margin-top:0pt;padding-top:0;margin-bottom:10pt;padding-bottom:0;line-height:1.38\"><span style=\"font-size:14pt\"> <\/span><\/p><p style=\"margin-top:0pt;padding-top:0;margin-bottom:10pt;padding-bottom:0;line-height:1.38\"><span style=\"font-size:14pt\">S<\/span><span style=\"font-size:14pt\">in agaibh<\/span><span style=\"font-size:14pt\"> anois<\/span><span style=\"font-size:14pt\"> cuid <\/span><span style=\"font-size:14pt\">na bliana seo,<\/span><span style=\"font-size:14pt\"> agus is \u00e9 mo ghu\u00ed<\/span><span style=\"font-size:14pt\">-se <\/span><span style=\"font-size:14pt\">dhaoibh <\/span><span style=\"font-size:14pt\">anois<\/span><span style=\"font-size:14pt\">, n\u00f3<\/span><span style=\"font-size:14pt\">&#8230;..<\/span><\/p><p style=\"text-align:center;margin-top:0pt;padding-top:0;margin-bottom:10pt;padding-bottom:0;line-height:1.38;margin-left:36pt\"><strong><span style=\"font-size:14pt\">G<\/span><span style=\"font-size:14pt\">o mbei<\/span><span style=\"font-size:14pt\">rimid uilig beo ar an am seo ar\u00ed<\/span><span style=\"font-size:14pt\">s.<\/span><\/strong><\/p><p style=\"text-align:center;margin-top:0pt;padding-top:0;margin-bottom:10pt;padding-bottom:0;line-height:1.38;margin-left:144pt\"><span style=\"height:1em\"><span>.<\/span><\/span><\/p><p style=\"margin-top:0pt;padding-top:0;margin-bottom:10pt;padding-bottom:0;line-height:1.38\"><span style=\"height:1em\"><span>.<\/span><\/span><\/p><p style=\"text-align:justify;margin-top:0pt;padding-top:0;margin-bottom:10pt;padding-bottom:0;line-height:1.38;margin-left:144pt\"><span style=\"height:1em\"><span>.<\/span><\/span><\/p><p style=\"text-align:justify;margin-top:0pt;padding-top:0;margin-bottom:10pt;padding-bottom:0;line-height:1.38;margin-left:180pt\"><span style=\"height:1em\"><span>.<\/span><\/span><\/p><p style=\"text-align:justify;margin-top:0pt;padding-top:0;margin-bottom:10pt;padding-bottom:0;line-height:1.38;margin-left:144pt\"><span style=\"height:1em\"><span>.<\/span><\/span><\/p><p style=\"text-align:justify;margin-top:0pt;padding-top:0;margin-bottom:10pt;padding-bottom:0;line-height:1.38\"><span style=\"height:1em\"><span>.<\/span><\/span><\/p><p style=\"margin-top:0pt;padding-top:0;margin-bottom:10pt;padding-bottom:0;line-height:1.38\"><span style=\"height:1em\"><span>.<\/span><\/span><\/p>","protected":false},"excerpt":{"rendered":"<p>Spiorad na Nollag 2 Peadar Bair\u00e9ad (To continue the Christmas spirit, we view some further Christmas verse) . Aodh Mac Aingil . Leag m\u00e9 b\u00e9im ar leith i mbliana ar an m\u00e9id a chuir na fil\u00ed s\u2019againne le ceili\u00faradh na Nollag in \u00e1r measc anseo in \u00c9irinn. Rinne m\u00e9 athlua ar v\u00e9arsa\u00ed le M\u00e1irt\u00edn \u00d3 [&hellip;]<\/p>\n","protected":false},"author":2,"featured_media":13435,"comment_status":"open","ping_status":"open","sticky":false,"template":"","format":"standard","meta":{"nf_dc_page":"","_et_pb_use_builder":"","_et_pb_old_content":"","_et_gb_content_width":"","footnotes":""},"categories":[1],"tags":[],"class_list":["post-12711","post","type-post","status-publish","format-standard","has-post-thumbnail","hentry","category-gan-chatagoir"],"_links":{"self":[{"href":"https:\/\/mickgb.com\/en\/wp-json\/wp\/v2\/posts\/12711","targetHints":{"allow":["GET"]}}],"collection":[{"href":"https:\/\/mickgb.com\/en\/wp-json\/wp\/v2\/posts"}],"about":[{"href":"https:\/\/mickgb.com\/en\/wp-json\/wp\/v2\/types\/post"}],"author":[{"embeddable":true,"href":"https:\/\/mickgb.com\/en\/wp-json\/wp\/v2\/users\/2"}],"replies":[{"embeddable":true,"href":"https:\/\/mickgb.com\/en\/wp-json\/wp\/v2\/comments?post=12711"}],"version-history":[{"count":1,"href":"https:\/\/mickgb.com\/en\/wp-json\/wp\/v2\/posts\/12711\/revisions"}],"predecessor-version":[{"id":12712,"href":"https:\/\/mickgb.com\/en\/wp-json\/wp\/v2\/posts\/12711\/revisions\/12712"}],"wp:featuredmedia":[{"embeddable":true,"href":"https:\/\/mickgb.com\/en\/wp-json\/wp\/v2\/media\/13435"}],"wp:attachment":[{"href":"https:\/\/mickgb.com\/en\/wp-json\/wp\/v2\/media?parent=12711"}],"wp:term":[{"taxonomy":"category","embeddable":true,"href":"https:\/\/mickgb.com\/en\/wp-json\/wp\/v2\/categories?post=12711"},{"taxonomy":"post_tag","embeddable":true,"href":"https:\/\/mickgb.com\/en\/wp-json\/wp\/v2\/tags?post=12711"}],"curies":[{"name":"wp","href":"https:\/\/api.w.org\/{rel}","templated":true}]}}