{"id":12713,"date":"2017-04-04T11:00:00","date_gmt":"2017-04-04T11:00:00","guid":{"rendered":"https:\/\/mickgb.com\/?p=12713"},"modified":"2024-04-08T01:08:02","modified_gmt":"2024-04-08T01:08:02","slug":"i-mbeal-an-phobail-seimi-sa-chathaoir","status":"publish","type":"post","link":"https:\/\/mickgb.com\/en\/i-mbeal-an-phobail-seimi-sa-chathaoir\/","title":{"rendered":"I  mB\u00e9al  an  Phobail Seimi sa chathaoir"},"content":{"rendered":"<p style=\"text-align:center;margin-top:0pt;padding-top:0;margin-bottom:10pt;padding-bottom:0;line-height:1.8\"><strong><span style=\"font-size:28pt\">L\u00e1 na Reifreann<\/span><\/strong><\/p><p style=\"margin-top:0pt;padding-top:0;margin-bottom:10pt;padding-bottom:0;line-height:1.8\"><span style=\"font-size:14pt\">Peadar Bair\u00e9ad<\/span><\/p><p style=\"text-align:center;margin-top:0pt;padding-top:0;margin-bottom:10pt;padding-bottom:0;line-height:1.8\"><strong><span style=\"font-size:18pt\">Ceist na Reifreann faoi chaibidil<\/span><\/strong><\/p><p style=\"text-align:justify;margin-top:0pt;padding-top:0;margin-bottom:10pt;padding-bottom:0;line-height:1.8\"><span style=\"font-size:14pt\">Th\u00edos i dTeach \u00d3sta an Smugairle R\u00f3in sea bh\u00edomar bailithe an o\u00ed<\/span><span style=\"font-size:14pt\">che faoi dheireadh<\/span><span style=\"font-size:14pt\">, <\/span><span style=\"font-size:14pt\">le ceist na Reifreann at\u00e1<\/span><span style=\"font-size:14pt\"> eagra<\/span><span style=\"font-size:14pt\">ithe ag an Rialtas<\/span><span style=\"font-size:14pt\"> s\u2019againne <\/span><span style=\"font-size:14pt\">a scr\u00fad\u00fa, agus le tuairim\u00ed a<\/span><span style=\"font-size:14pt\"> thabhairt<\/span><span style=\"font-size:14pt\">, a<\/span><span style=\"font-size:14pt\">gus le t\u00e1bhacht agus d\u00e1ir\u00edreacht na h\u00f3c\u00e1ide a dheimhni\u00fa<\/span><span style=\"font-size:14pt\">. <\/span><span style=\"font-size:14pt\">Bh\u00ed,dh\u00e1<\/span><span style=\"font-size:14pt\"> cheist le scaoileadh.  C<\/span><span style=\"font-size:14pt\">\u00e9ard <\/span><span style=\"font-size:14pt\">faoi\u2019n gc\u00e9ad cheist, s\u00e9 sin, ar<\/span><span style=\"font-size:14pt\"> ch\u00f3ir cead a thabhairt do chathr\u00f3<\/span><span style=\"font-size:14pt\">ir ar bith<\/span><span style=\"font-size:14pt\">, a bhfuil<\/span><span style=\"font-size:14pt\"> bliain is fiche sroichte aige<\/span><span style=\"font-size:14pt\">,<\/span><span style=\"font-size:14pt\"> n\u00f3 aici, bheith ina iarrth\u00f3ir i dtoghch\u00e1in uachtar\u00e1n<\/span><span style=\"font-size:14pt\">achta<\/span><span style=\"font-size:14pt\"> feasta<\/span><span style=\"font-size:14pt\">?<\/span><span style=\"font-size:14pt\"> Bh\u00ed rud eic\u00ednt le r\u00e1<\/span><span style=\"font-size:14pt\"> ag roinnt mhaith da<\/span><span style=\"font-size:14pt\">oine faoin mholadh seo, ach, tr\u00ed<\/span><span style=\"font-size:14pt\">d is tr<\/span><span style=\"font-size:14pt\">\u00edd, bh\u00ed an cruinni\u00fa s\u00e1sta n\u00e1r r\u00f3-mhaith an <\/span><span style=\"font-size:14pt\">t-<\/span><span style=\"font-size:14pt\">\u00e1bhar Reifrinn \u00e9 sin, n\u00f3 d\u00e1r leo, bheadh g\u00e1<\/span><span style=\"font-size:14pt\"> le ciall, cleachtadh<\/span><span style=\"font-size:14pt\">,<\/span><span style=\"font-size:14pt\"> agus eagna<\/span><span style=\"font-size:14pt\">, ag duine ar bith a chuirf\u00ed faoi \u00faim an phoist n\u00e1isi\u00fa<\/span><span style=\"font-size:14pt\">nta p<\/span><span style=\"font-size:14pt\">holait\u00ed<\/span><span style=\"font-size:14pt\">ochta sin<\/span><span style=\"font-size:14pt\">, agus n\u00ed raibh siad s\u00e1<\/span><span style=\"font-size:14pt\">sta glacadh leis an moladh<\/span><span style=\"font-size:14pt\">, go bhf\u00e9adfadh s\u00e9 comhairleoir\u00ed d\u00e9anta, aib\u00ed, a bheith<\/span><span style=\"font-size:14pt\"> thart air,<\/span><span style=\"font-size:14pt\"> lena sti\u00faradh fan bh\u00f3thar a leasa, ach sa ch\u00e1s sin, tuige n\u00e1r thoigh na v\u00f3t\u00f3ir\u00ed na comhairleoir\u00ed<\/span><span style=\"font-size:14pt\"> glice sin<\/span><span style=\"font-size:14pt\"> mar uachtar\u00e1<\/span><span style=\"font-size:14pt\">in<\/span><span style=\"font-size:14pt\">? <\/span><span style=\"font-size:14pt\">Gan dabht ar domhan, d\u2019fh\u00e9adfadh duine anseo is ansi\u00fad bheith s\u00e1<\/span><span style=\"font-size:14pt\">ch<\/span><span style=\"font-size:14pt\"> eolgaiseach, agus aib\u00ed<\/span><span style=\"font-size:14pt\">,<\/span><span style=\"font-size:14pt\"> ag an aois sin<\/span><span style=\"font-size:14pt\">,<\/span><span style=\"font-size:14pt\"> le gn\u00f3tha\u00ed an phoist sin a choimhl\u00edonadh go seoigh, ach n\u00edor ch\u00f3<\/span><span style=\"font-size:14pt\">ir dul sa tseans go <\/span><span style=\"font-size:14pt\">mbeadh na c\u00e1il\u00edochta\u00ed<\/span><span style=\"font-size:14pt\"> sin ag chu<\/span><span style=\"font-size:14pt\">ile dhuine den aois sin, agus d\u00e1<\/span><span style=\"font-size:14pt\"> bharr sin, b\u2019fhearr gan dul <\/span><span style=\"font-size:14pt\">sa tseans i gceist chomh tromch\u00fa<\/span><span style=\"font-size:14pt\">iseach<\/span><span style=\"font-size:14pt\">, t\u00e1<\/span><span style=\"font-size:14pt\">bhachtach sin.<\/span><span style=\"font-size:14pt\"> N\u00ed g\u00e1 a r\u00e1<\/span><span style=\"font-size:14pt\"> go <\/span><span style=\"font-size:14pt\">raibh duine anseo is ansi\u00fad n\u00e1<\/span><span style=\"font-size:14pt\">r ao<\/span><span style=\"font-size:14pt\">ntaigh leis an gcinneadh sin, n\u00f3 d\u00e1<\/span><span style=\"font-size:14pt\">r leosan<\/span><span style=\"font-size:14pt\">, ba shaor\u00e1<\/span><span style=\"font-size:14pt\">naigh<\/span><span style=\"font-size:14pt\"> ioml\u00e1<\/span><span style=\"font-size:14pt\">na iad<\/span><span style=\"font-size:14pt\">, agus n\u00e1r ch\u00f3ir go mbeadh muid s\u00e1sta glacadh leo mar iarrth\u00f3ir\u00ed, agus \u00e9 a fh\u00e1g\u00e1il faoi na v\u00f3t\u00f3ir\u00ed<\/span><span style=\"font-size:14pt\"> iad a<\/span><span style=\"font-size:14pt\"> thoghadh, n\u00f3 di\u00falt\u00fa d\u00f3ibh?<\/span><\/p><p style=\"text-align:center;margin-top:0pt;padding-top:0;margin-bottom:10pt;padding-bottom:0;line-height:1.8\"><strong><span style=\"font-size:18pt\">Cead P\u00f3sta<\/span><\/strong><\/p><p style=\"text-align:justify;margin-top:0pt;padding-top:0;margin-bottom:10pt;padding-bottom:0;line-height:1.8\"><span style=\"font-size:14pt\">Ans<\/span><span style=\"font-size:14pt\">in thug an cruinni\u00fa<\/span><span style=\"font-size:14pt\"> faoin d<\/span><span style=\"font-size:14pt\">ara \u00e1bhar<\/span><span style=\"font-size:14pt\">. Ar ch\u00f3ir ceart p\u00f3sta a bhronnadh ar chuile shaor\u00e1nach, cuma ar mhn\u00e1 n\u00f3 fir iad. N\u00ed chuirf\u00ed gn\u00e9as sa mhe\u00e1<\/span><span style=\"font-size:14pt\"> feast<\/span><span style=\"font-size:14pt\">a mar ch\u00e1il\u00edocht p\u00f3<\/span><span style=\"font-size:14pt\">sta. <\/span><span style=\"font-size:14pt\">D\u00e1 nglacfa\u00ed<\/span><span style=\"font-size:14pt\"> leis an moladh<\/span><span style=\"font-size:14pt\"> \u2013 <\/span><strong><span style=\"font-size:14pt\">\u201c<\/span><span style=\"font-size:14pt\">F\u00e9<\/span><span style=\"font-size:14pt\">adfaidh beirt, gan beann a<\/span><span style=\"font-size:14pt\">r a ngn\u00e9<\/span><span style=\"font-size:14pt\">as, conra<\/span><span style=\"font-size:14pt\">dh p\u00f3sta a dh\u00e9anamh de r\u00e9ir dl\u00ed<\/span><span style=\"font-size:14pt\">.<\/span><span style=\"font-size:14pt\">\u201d<\/span><\/strong><span style=\"font-size:14pt\"> <\/span><span style=\"font-size:14pt\">&#8211; <\/span><span style=\"font-size:14pt\">sa Reifreann<\/span><span style=\"font-size:14pt\">,<\/span><span style=\"font-size:14pt\"> b<\/span><span style=\"font-size:14pt\">headh cead<\/span><span style=\"font-size:14pt\"> p\u00f3sta ag beirt shaor\u00e1nach ar bith, b\u00edodh siad fireann n\u00f3<\/span><span style=\"font-size:14pt\"> baineann<\/span><span style=\"font-size:14pt\">, n\u00f3 fireann agus baineann. T\u00e1 a l\u00e1n le r\u00e1 sa Bhunreacht faoi \u00e1<\/span><span style=\"font-size:14pt\">it an<\/span><span style=\"font-size:14pt\"> Teaghlaigh, admhaithe ag an St\u00e1t, mar \u201cbhu\u00ed<\/span><span style=\"font-size:14pt\">on-aonad pr\u00ed<\/span><span style=\"font-size:14pt\">omha b<\/span><span style=\"font-size:14pt\">unaidh don chomhdhaonnacht de r\u00e9ir n\u00e1d\u00fa<\/span><span style=\"font-size:14pt\">ir<\/span><span style=\"font-size:14pt\">, agus gur foras mor\u00e1lta \u00e9<\/span><span style=\"font-size:14pt\"> ag a bhfuil cearta <\/span><span style=\"font-size:14pt\">doshannta dochlo\u00edte is \u00e1<\/span><span style=\"font-size:14pt\">rsa agus is airde n\u00e1<\/span><span style=\"font-size:14pt\"> aon reacht daonna\u201d. Braith<\/span><span style=\"font-size:14pt\">e<\/span><span style=\"font-size:14pt\">ann idir St\u00e1t agus N\u00e1isi\u00fa<\/span><span style=\"font-size:14pt\">n ar an aon<\/span><span style=\"font-size:14pt\">ad bunaidh c\u00e9<\/span><span style=\"font-size:14pt\">anna sin le <\/span><span style=\"font-size:14pt\">pobal comhdhaonnach a chur ar f\u00e1il d\u00f3<\/span><span style=\"font-size:14pt\">ibh agus glactar leis<\/span><span style=\"font-size:14pt\">,<\/span><span style=\"font-size:14pt\"> go mbrait<\/span><span style=\"font-size:14pt\">heann sin uilig ar fhoras an ph\u00f3<\/span><span style=\"font-size:14pt\">sta. <\/span><span style=\"font-size:14pt\">Anois, n\u00ed dh\u00e9antar aon sainmh\u00edni\u00fa ar ph\u00f3sadh sa Bhunreacht c\u00e9<\/span><span style=\"font-size:14pt\">anna sin,  ach is amhlaidh <\/span><span style=\"font-size:14pt\">a ghlac c\u00fairteanna na t\u00edre<\/span><span style=\"font-size:14pt\">, agus an pobal,<\/span><span style=\"font-size:14pt\"> leis an ngn\u00e1<\/span><span style=\"font-size:14pt\">th chiall a<\/span><span style=\"font-size:14pt\"> bhaint\u00ed, agus a bhaintear as an bhfocal sin, s\u00e9<\/span><span style=\"font-size:14pt\"> sin<\/span><span style=\"font-size:14pt\">,<\/span><span style=\"font-size:14pt\"> gur <\/span><span style=\"font-size:14pt\">conradh idir fhear agus bean <\/span><span style=\"font-size:14pt\">a bh\u00ed agus <\/span><span style=\"font-size:14pt\">at\u00e1<\/span><span style=\"font-size:14pt\"> i gceist sa Bhunreacht.<\/span><\/p><p style=\"text-align:center;margin-top:0pt;padding-top:0;margin-bottom:10pt;padding-bottom:0;line-height:1.8\"><strong><span style=\"font-size:18pt\">Athr\u00fa ar bhunchiall<\/span><span style=\"font-size:18pt\">?<\/span><\/strong><\/p><p style=\"text-align:justify;margin-top:0pt;padding-top:0;margin-bottom:10pt;padding-bottom:0;line-height:1.8\"><span style=\"font-size:14pt\">Ar an dtaobh eile den sc\u00e9al, tuigtear go bhf\u00e9adfadh an pobal, tr\u00ed<\/span><span style=\"font-size:14pt\"> Reif<\/span><span style=\"font-size:14pt\">reann, an bhunchiall sin a athr\u00fa,<\/span><span style=\"font-size:14pt\"> ionas<\/span><span style=\"font-size:14pt\"> go bhf\u00e9adfadh beirt shaor\u00e1<\/span><span style=\"font-size:14pt\">n<\/span><span style=\"font-size:14pt\">ach ar bith an conradh sin a dh\u00e9<\/span><span style=\"font-size:14pt\">anamh<\/span><span style=\"font-size:14pt\">, chomh fada is a d\u00e9antar \u00e9<\/span><span style=\"font-size:14pt\"> taobh<\/span><span style=\"font-size:14pt\"> istigh de theorainneacha an dl\u00ed. N\u00ed d\u00f3<\/span><span style=\"font-size:14pt\">igh liom<\/span><span style=\"font-size:14pt\">, go bhf\u00e9adfa\u00ed a r\u00e1, gur glacadh le socr\u00fa<\/span><span style=\"font-size:14pt\"> ar bith<\/span><span style=\"font-size:14pt\">,<\/span><span style=\"font-size:14pt\"> d\u2019aon <\/span><span style=\"font-size:14pt\">ghuth, ach, nuair a chuireann t\u00fa chuile sh\u00f3rt san \u00e1<\/span><span style=\"font-size:14pt\">ireamh,<\/span><span style=\"font-size:14pt\"> go h\u00e1<\/span><span style=\"font-size:14pt\">irithe aois <\/span><span style=\"font-size:14pt\">na gcainteoir\u00ed, n\u00ed haon ionadh go raibh a l\u00e1n le r\u00e1<\/span><span style=\"font-size:14pt\"> ag lucht<\/span><span style=\"font-size:14pt\">, N\u00cdL, ach ba \u00e9<\/span><span style=\"font-size:14pt\"> tuairim roinnt<\/span><span style=\"font-size:14pt\"> eile<\/span><span style=\"font-size:14pt\">, go raibh g\u00e1<\/span><span style=\"font-size:14pt\"> le tuilleadh ama<\/span><span style=\"font-size:14pt\">, leis an gceist seo a ch\u00edoradh go c\u00fa<\/span><span style=\"font-size:14pt\">ramach<\/span><span style=\"font-size:14pt\">, agus gur ch\u00f3<\/span><span style=\"font-size:14pt\">ir freisin<\/span><span style=\"font-size:14pt\">, go dtabharfa\u00ed<\/span><span style=\"font-size:14pt\"> cead<\/span><span style=\"font-size:14pt\">,<\/span><span style=\"font-size:14pt\"> agus deis<\/span><span style=\"font-size:14pt\">,<\/span><span style=\"font-size:14pt\"> do chuile sha<\/span><span style=\"font-size:14pt\">or\u00e1nach teacht ar a bhreith fh\u00e9<\/span><span style=\"font-size:14pt\">in<\/span><span style=\"font-size:14pt\">,<\/span><span style=\"font-size:14pt\"> gan chur<\/span><span style=\"font-size:14pt\"> <\/span><span style=\"font-size:14pt\">isteach, <\/span><span style=\"font-size:14pt\">gan mheallt\u00f3<\/span><span style=\"font-size:14pt\">ireacht, gan bhulla\u00edocht, ach go mbeadh deis aige \u00e9isteacht a <\/span><span style=\"font-size:14pt\">thabhairt don d\u00e1<\/span><span style=\"font-size:14pt\"> thaobh<\/span><span style=\"font-size:14pt\">,<\/span><span style=\"font-size:14pt\"> agus ansin<\/span><span style=\"font-size:14pt\">,<\/span><span style=\"font-size:14pt\"> go mbe<\/span><span style=\"font-size:14pt\">adh deis aige teacht ar a shocr\u00fa fh\u00e9in. Ba ch\u00f3ir don d\u00e1<\/span><span style=\"font-size:14pt\"> thaobh na cleasa cliste<\/span><span style=\"font-size:14pt\">,<\/span><span style=\"font-size:14pt\"> d\u00edosp\u00f3ireachta<\/span><span style=\"font-size:14pt\">,<\/span><span style=\"font-size:14pt\"> a leagan ar leataob<\/span><span style=\"font-size:14pt\">h agus deis a thabhairt do na v\u00f3t\u00f3ir\u00ed<\/span><span style=\"font-size:14pt\"> teacht ar <\/span><span style=\"font-size:14pt\">chomhairle<\/span><span style=\"font-size:14pt\">, bunaithe ar a dtuiscint fh\u00e9<\/span><span style=\"font-size:14pt\">in ar an gceist.<\/span><\/p><p style=\"text-align:justify;margin-top:0pt;padding-top:0;margin-bottom:10pt;padding-bottom:0;line-height:1.8\"><span style=\"font-size:14pt\">A<\/span><span style=\"font-size:14pt\">ch, ar c<\/span><span style=\"font-size:14pt\">hraiceann do chluaise n\u00e1 dearma<\/span><span style=\"font-size:14pt\">d dul chuig an mboth v\u00f3t\u00e1<\/span><span style=\"font-size:14pt\">la le do ghuth a chaitheamh<\/span><span style=\"font-size:14pt\"> L\u00e1 na Reifreann<\/span><span style=\"font-size:14pt\">, &#8211; an dara l\u00e1 fichead de Bhealtaine 2015. &#8211; <\/span><span style=\"font-size:14pt\"> Sin <\/span><span style=\"font-size:14pt\">\u00e9 dualgas an tsaor\u00e1<\/span><span style=\"font-size:14pt\">naigh.<\/span><span style=\"font-size:14pt\">&nbsp;&nbsp;<\/span><span style=\"font-size:14pt\">&nbsp;&nbsp;<\/span><span style=\"font-size:14pt\"> <\/span><span style=\"font-size:14pt\"> <\/span><\/p>","protected":false},"excerpt":{"rendered":"<p>L\u00e1 na Reifreann Peadar Bair\u00e9ad Ceist na Reifreann faoi chaibidil Th\u00edos i dTeach \u00d3sta an Smugairle R\u00f3in sea bh\u00edomar bailithe an o\u00edche faoi dheireadh, le ceist na Reifreann at\u00e1 eagraithe ag an Rialtas s\u2019againne a scr\u00fad\u00fa, agus le tuairim\u00ed a thabhairt, agus le t\u00e1bhacht agus d\u00e1ir\u00edreacht na h\u00f3c\u00e1ide a dheimhni\u00fa. Bh\u00ed,dh\u00e1 cheist le scaoileadh. C\u00e9ard [&hellip;]<\/p>\n","protected":false},"author":2,"featured_media":13435,"comment_status":"open","ping_status":"open","sticky":false,"template":"","format":"standard","meta":{"nf_dc_page":"","_et_pb_use_builder":"","_et_pb_old_content":"","_et_gb_content_width":"","footnotes":""},"categories":[1],"tags":[],"class_list":["post-12713","post","type-post","status-publish","format-standard","has-post-thumbnail","hentry","category-gan-chatagoir"],"_links":{"self":[{"href":"https:\/\/mickgb.com\/en\/wp-json\/wp\/v2\/posts\/12713","targetHints":{"allow":["GET"]}}],"collection":[{"href":"https:\/\/mickgb.com\/en\/wp-json\/wp\/v2\/posts"}],"about":[{"href":"https:\/\/mickgb.com\/en\/wp-json\/wp\/v2\/types\/post"}],"author":[{"embeddable":true,"href":"https:\/\/mickgb.com\/en\/wp-json\/wp\/v2\/users\/2"}],"replies":[{"embeddable":true,"href":"https:\/\/mickgb.com\/en\/wp-json\/wp\/v2\/comments?post=12713"}],"version-history":[{"count":1,"href":"https:\/\/mickgb.com\/en\/wp-json\/wp\/v2\/posts\/12713\/revisions"}],"predecessor-version":[{"id":12714,"href":"https:\/\/mickgb.com\/en\/wp-json\/wp\/v2\/posts\/12713\/revisions\/12714"}],"wp:featuredmedia":[{"embeddable":true,"href":"https:\/\/mickgb.com\/en\/wp-json\/wp\/v2\/media\/13435"}],"wp:attachment":[{"href":"https:\/\/mickgb.com\/en\/wp-json\/wp\/v2\/media?parent=12713"}],"wp:term":[{"taxonomy":"category","embeddable":true,"href":"https:\/\/mickgb.com\/en\/wp-json\/wp\/v2\/categories?post=12713"},{"taxonomy":"post_tag","embeddable":true,"href":"https:\/\/mickgb.com\/en\/wp-json\/wp\/v2\/tags?post=12713"}],"curies":[{"name":"wp","href":"https:\/\/api.w.org\/{rel}","templated":true}]}}