{"id":12715,"date":"2017-04-04T11:00:00","date_gmt":"2017-04-04T11:00:00","guid":{"rendered":"https:\/\/mickgb.com\/?p=12715"},"modified":"2024-04-08T01:27:26","modified_gmt":"2024-04-08T01:27:26","slug":"i-mbeal-an-phobail-seoladh-litreach","status":"publish","type":"post","link":"https:\/\/mickgb.com\/en\/i-mbeal-an-phobail-seoladh-litreach\/","title":{"rendered":"I  mB\u00e9al  an  Phobail Seoladh Litreach!"},"content":{"rendered":"<p style=\"text-align:center;margin-top:0pt;padding-top:0;margin-bottom:0pt;padding-bottom:0;line-height:2.4;font-weight:bold;font-size:24pt\">I  mB\u00e9al  an  Phobail<\/p><p style=\"margin-top:0pt;padding-top:0;margin-bottom:0pt;padding-bottom:0;line-height:2.4;font-size:14pt\">Peadar Bair\u00e9ad<\/p><p style=\"text-align:center;margin-top:0pt;padding-top:0;margin-bottom:0pt;padding-bottom:0;line-height:2.4\"><span style=\"height:1em\"><span>.<\/span><\/span><\/p><p style=\"text-align:center;margin-top:0pt;padding-top:0;margin-bottom:0pt;padding-bottom:0;line-height:2.4\"><strong><span style=\"font-size:18pt\">S\u00e9im\u00ed on the Warpath!!<\/span><\/strong><\/p><p style=\"text-align:justify;margin-top:0pt;padding-top:0;margin-bottom:0pt;padding-bottom:0;line-height:2.4;font-size:14pt\">Leis an bhf\u00edrinne a r\u00e1, is d\u00f3cha go nd\u00e9anaim mo chion fh\u00e9in den chlamhs\u00e1n sa chol\u00fan seo, mar nuair a fheicim, nuair a chloisim, n\u00f3 nuair a l\u00e9im, tada ar bith as alt, teasta\u00edonn uaim, l\u00e1ithreach, an sc\u00e9al sin a chur i mb\u00e9al an phobail, mar nach chuige sin a bhaist m\u00e9, I mB\u00e9al an Phobail, ar an gCol\u00fan seo, a ch\u00e9aduair. Bhuel, casadh S\u00e9im\u00ed a\u2019 Droichid orm, le d\u00e9ana\u00ed, agus t\u00e1 fait\u00edos orm, go raibh ualach asail de chlamhs\u00e1in ag d\u00f3 na geirbe aigesean, ach is d\u00f3cha n\u00e1r ch\u00f3ir dom an t-ualach sin uilig a leagan ar ghuaille mo l\u00e9itheoir\u00ed, d\u2019aon iarracht, ach ag an am gc\u00e9anna, t\u00e1 socraithe agam, roinnt bheag d\u00edobh a chur in bhur l\u00e1thair, an tseachtain seo.<\/p><p style=\"text-align:center;margin-top:0pt;padding-top:0;margin-bottom:0pt;padding-bottom:0;line-height:2.4;font-size:14pt\"><strong><span style=\"font-size:18pt\">A Worried Man!<\/span><\/strong><\/p><p style=\"text-align:justify;margin-top:0pt;padding-top:0;margin-bottom:0pt;padding-bottom:0;line-height:2.4;font-size:14pt\">\u201cC\u00e9ard \u00e9 go d\u00edreach a chuir an mhuc sin ar do mhalainn, an mhaidin bhre\u00e1 seo?  a Sh\u00e9im\u00ed\u201d, arsa m\u00e9 fh\u00e9in leis.<\/p><p style=\"text-align:justify;margin-top:0pt;padding-top:0;margin-bottom:0pt;padding-bottom:0;line-height:2.4\"><span style=\"font-size:14pt\">\u201cLitir a fuair m\u00e9 tr\u00edd an bpost inniu, a chuir t\u00fas leis an bhfonn clamhs\u00e1in seo uilig\u201d.<\/span><\/p><p style=\"text-align:justify;margin-top:0pt;padding-top:0;margin-bottom:0pt;padding-bottom:0;line-height:2.4\"><span style=\"font-size:14pt\">\u201cAn \u00e9 go raibh bille n\u00f3 droch sc\u00e9ala eic\u00ednt sa litir \u00fad a fuair t\u00fa, mar sin?\u201d<\/span><\/p><p style=\"text-align:justify;margin-top:0pt;padding-top:0;margin-bottom:0pt;padding-bottom:0;line-height:2.4\"><span style=\"font-size:14pt\">\u201cN\u00ed raibh, muis! togha deasc\u00e9il a bh\u00ed sa litir ch\u00e9anna sin.\u201d<\/span><\/p><p style=\"text-align:justify;margin-top:0pt;padding-top:0;margin-bottom:0pt;padding-bottom:0;line-height:2.4\"><span style=\"font-size:14pt\">\u201cConas a dh\u00faisigh s\u00e9 meon clamhs\u00e1in ionat, mas ea?\u201d<\/span><\/p><p style=\"text-align:center;margin-top:0pt;padding-top:0;margin-bottom:0pt;padding-bottom:0;line-height:2.4\"><strong><span style=\"font-size:18pt\">The Envelope!!<\/span><\/strong><\/p><p style=\"text-align:justify;margin-top:0pt;padding-top:0;margin-bottom:0pt;padding-bottom:0;line-height:2.4\"><span style=\"font-size:14pt\">\u201cCl\u00fa<\/span><span style=\"font-size:14pt\">dach na litreach a d\u2019adhain tine an chlamhs\u00e1in ionnam.\u201d<\/span><\/p><p style=\"text-align:justify;margin-top:0pt;padding-top:0;margin-bottom:0pt;padding-bottom:0;line-height:2.4\"><span style=\"font-size:14pt\">\u201cAn cl\u00fadach, an ea? Ach n\u00ed bh\u00edonn deasc\u00e9al, n\u00f3 drochsc\u00e9al fi\u00fa, ar chl\u00fadach litreach. Tuige a\u2019 gcuirfeadh s\u00e9 fonn clamhs\u00e1in ort, mar sin?\u201d<\/span><\/p><p style=\"text-align:justify;margin-top:0pt;padding-top:0;margin-bottom:0pt;padding-bottom:0;line-height:2.4\"><span style=\"font-size:14pt\">\u201cM\u00edneoidh m\u00e9 sin duit anois l\u00e1ithreach,\u201d ar seisean, \u201cm\u00e1 thugann t\u00fa an deis chuige sin dom. Gaeilge ar fad a bh\u00ed sa seoladh, ar chl\u00fadach na litreach sin, agus n\u00ed h\u00e9 anois go bhf\u00e9adfa\u00ed a r\u00e1, gurbh \u00e9 scr\u00edobh an ph\u00faca a bh\u00ed ann, ach oiread, rud a thabharfadh leithsc\u00e9al do dhuine a r\u00e1, nach bhf\u00e9adfadh \u00e9inne a leith\u00e9id a l\u00e9amh ach p\u00faca eile. Mar, i nd\u00e1ir\u00edre, bh\u00ed an seoladh cl\u00f3scr\u00edofa go deas, soil\u00e9ir, n\u00e9ata, sa chaoi go bhf\u00e9adfad duine ar bith \u00e9 a l\u00e9amh, gan str\u00f3.\u201d<\/span><\/p><p style=\"text-align:justify;margin-top:0pt;padding-top:0;margin-bottom:0pt;padding-bottom:0;line-height:2.4\"><span style=\"font-size:14pt\">\u201cGo bre\u00e1, ach c\u00e1 bhfuil do ch\u00fais ghear\u00e1in sa mh\u00e9id sin, a Sh\u00e9im\u00ed?\u201d <\/span><\/p><p style=\"text-align:justify;margin-top:0pt;padding-top:0;margin-bottom:0pt;padding-bottom:0;line-height:2.4\"><span style=\"font-size:14pt\">\u201cBh\u00ed m\u00e9 bre\u00e1 s\u00e1sta leis an m\u00e9id sin, ach ba \u00ed mo ch\u00fais ghear\u00e1in n\u00f3 ar deineadh ina dhiaidh sin.\u201d<\/span><\/p><p style=\"text-align:center;margin-top:0pt;padding-top:0;margin-bottom:0pt;padding-bottom:0;line-height:2.4\"><strong><span style=\"font-size:18pt\">What happened next ?<\/span><\/strong><\/p><p style=\"text-align:justify;margin-top:0pt;padding-top:0;margin-bottom:0pt;padding-bottom:0;line-height:2.4\"><span style=\"font-size:14pt\">\u201cAgus c\u00e9ard a deineadh, ina dhiaidh sin, a chuir le b\u00e1in\u00ed mar sin th\u00fa?<\/span><\/p><p style=\"text-align:justify;margin-top:0pt;padding-top:0;margin-bottom:0pt;padding-bottom:0;line-height:2.4\"><span style=\"font-size:14pt\">\u201cBhuel, bh\u00ed \u201cB\u00f3thar Phort L\u00e1irge\u201d sa seoladh, agus do bhar\u00fail? n\u00e1r cuireadh an litir go \u201cPort L\u00e1ch\u201d, den ch\u00e9ad iarracht. Is d\u00f3cha gur tuigeadh ansin go raibh meanc\u00f3g d\u00e9anta ag duine eic\u00ednt, agus le bheith s\u00e1bh\u00e1ilte, is d\u00f3cha gur l\u00e9adh an seoladh athuair, agus chonacthas do dhuine eic\u00ednt, go raibh \u201cCill Chainnigh\u201d mar l\u00edne deiridh sa seoladh, agus ar eagla na heagla, scr\u00edobh an t\u00e9 \u00fad <\/span><span style=\"font-size:14pt\">\u201cKilkenny\u201d ar aghaidh an Chl\u00fadaigh. Anois, caithfidh m\u00e9 a admh\u00e1il dhuit, go gcuireann a leith\u00e9id buile feirge orm.\u201d<\/span><\/p><p style=\"text-align:justify;margin-top:0pt;padding-top:0;margin-bottom:0pt;padding-bottom:0;line-height:2.4\"><span style=\"font-size:14pt\">\u201cAch, tuige a\u2019 gcuirfeadh a leith\u00e9id fearg ort?\u201d<\/span><\/p><p style=\"text-align:center;margin-top:0pt;padding-top:0;margin-bottom:0pt;padding-bottom:0;line-height:2.4\"><strong><span style=\"font-size:18pt\">It could happen!<\/span><\/strong><\/p><p style=\"text-align:justify;margin-top:0pt;padding-top:0;margin-bottom:0pt;padding-bottom:0;line-height:2.4\"><span style=\"font-size:14pt\">\u201cT\u00e1, seo. Go gcuirim ceist orm fh\u00e9in an bhf\u00e9adfadh duine ar bith a bheith sa t\u00edr seo, n\u00e1r thuig go mba ionann Kilkenny agus Cill Chainnigh?\u201d<\/span><\/p><p style=\"text-align:justify;margin-top:0pt;padding-top:0;margin-bottom:0pt;padding-bottom:0;line-height:2.4\"><span style=\"font-size:14pt\">\u201c\u00c9asca go leor at\u00e1 s\u00e9, mar sin, fearg a chur ort! N\u00edor mhaith liom go raghadh mo bh\u00f3 isteach id gharra\u00ed-sa, a Sh\u00e9im\u00ed.\u201d arsa m\u00e9 fh\u00e9in, go leathmhag\u00fail.\u201d<\/span><\/p><p style=\"text-align:justify;margin-top:0pt;padding-top:0;margin-bottom:0pt;padding-bottom:0;line-height:2.4\"><span style=\"font-size:14pt\">\u201cTar \u00e9is a bhfuil r\u00e1ite ansin agat, t\u00e1 s\u00fail agam, go gcoinneoidh t\u00fa an bh\u00f3 ch\u00e9anna sin ar do thaobh fh\u00e9in den chla\u00ed teorann, feasta, n\u00f3 beidh t\u00fa ag f\u00e1il litreach \u00f3 mo dhl\u00edod\u00f3ir-sa.\u201d<\/span><\/p><p style=\"text-align:center;margin-top:0pt;padding-top:0;margin-bottom:0pt;padding-bottom:0;line-height:2.4\"><strong><span style=\"font-size:18pt\">Another Gripe?<\/span><\/strong><\/p><p style=\"text-align:justify;margin-top:0pt;padding-top:0;margin-bottom:0pt;padding-bottom:0;line-height:2.4\"><span style=\"font-size:14pt\">\u201cAgus an bhfuil tada eile ag d\u00f3 na geirbe agat faoi l\u00e1thair?\u201d  <\/span><\/p><p style=\"text-align:justify;margin-top:0pt;padding-top:0;margin-bottom:0pt;padding-bottom:0;line-height:2.4\"><span style=\"font-size:14pt\">\u201cT\u00e1 dream eile a chuireann isteach go m\u00f3r orm,\u201d ar seisean, \u201cagus siad sin na daoine a ligeann orthu fh\u00e9in, go bhfuil siad c\u00e1ilithe tuairim mhe\u00e1ite a chaitheamh ar \u00e1bhar ar bith faoin sp\u00e9ir, b\u00edodh go dtuigtear do chuile dhuine eile, gur as carn a n-aineolais a labhrann siad ar \u00e1bhair \u00e1irithe, bun\u00fas an ama, agus n\u00edos measa n\u00e1 na daoine c\u00e9anna sin isea an dream \u00fad, a thugann \u00e9isteacht d\u00f3ibh, in ionad a r\u00e1 leo dul ag feada\u00edl, agus aird a thabhairt feasta ar an seanfhocal sin, a mhol don ghr\u00e9asa\u00ed fanacht i mbu<\/span><span style=\"font-size:14pt\">n a chip. Ach t\u00e1 fait\u00edos orm, nach mbeidh deis agam, an tseachtain seo, tuilleadh a r\u00e1 f\u00fathu sin. Ceal ama!  a\u2019 dtuigeann <\/span><span style=\"font-size:14pt\">t\u00fa? Ach is f\u00e9idir leat a bheith cinnte, go bhfillfidh m\u00e9 ar an \u00e1bhar sin, amach anseo. Go dt\u00ed sin, b\u00edodh tusa freisin ag cur na dtuairim\u00ed sin tr\u00ed mhuileann d\u2019aigne. Sea, agus d\u00e9an iad a mheilt go mion, freisin!!!\u201d<\/span><\/p><h1 style=\"text-align:center;margin-top:0pt;padding-top:0;margin-bottom:0pt;padding-bottom:0;line-height:2.4;font-weight:bold;font-size:18pt\">Time to go\u2026<\/h1><p style=\"text-align:justify;margin-top:0pt;padding-top:0;margin-bottom:0pt;padding-bottom:0;line-height:2.4\"><span style=\"font-size:14pt\">Ag an bpointe sin, thug S\u00e9im\u00ed an doras amach air fh\u00e9in, n\u00f3 mar ad\u00fairt s\u00e9, agus \u00e9 ag dul tharam amach\u2026<\/span><\/p><p style=\"text-align:justify;margin-top:0pt;padding-top:0;margin-bottom:0pt;padding-bottom:0;line-height:2.4\"><span style=\"font-size:14pt\">\u201cBeidh Naip\u00ed s\u2019againne, agus na ruda\u00ed beaga, ag feitheamh liom, n\u00f3 gheall m\u00e9 d\u00f3ibh, n\u00edos luaithe inniu, go raghaimis chuig na pict\u00fair anocht.\u201d <\/span><\/p><p style=\"text-align:justify;margin-top:0pt;padding-top:0;margin-bottom:0pt;padding-bottom:0;line-height:2.4\"><span style=\"font-size:14pt\">Chuir m\u00e9 mo bheannacht abhaile leis, ach t\u00e1 fait\u00edos orm n\u00e1r chuala s\u00e9 m\u00e9, n\u00f3 d\u2019imigh s\u00e9 uaim le luas lasrach, ach t\u00e1 m\u00e9 cinnte go mbeidh tuilleadh le clos agam, amach anseo, faoi na c\u00faiseanna clamhs\u00e1in at\u00e1 ag mo Sh\u00e9im\u00ed bre\u00e1.<\/span><\/p><p style=\"text-align:justify;margin-top:0pt;padding-top:0;margin-bottom:0pt;padding-bottom:0;line-height:2.4\"><span style=\"font-size:14pt\">D\u00e1la an sc\u00e9il, chuala me \u00f3 dhuine eic\u00ednt, ar na mallaibh, gurb iad na meais\u00edn\u00ed nua at\u00e1 \u00e1 n-\u00fas\u00e1id ag lucht an Phosta is c\u00fais le meanc\u00f3ga d\u00e1 leith\u00e9id. Ach, n\u2019fheadar anois m\u00e9\u2026\u2026\u2026..<\/span><\/p><p style=\"text-align:justify;margin-top:0pt;padding-top:0;margin-bottom:0pt;padding-bottom:0;line-height:2.4\"><span style=\"height:1em\"><span>.<\/span><\/span><\/p>","protected":false},"excerpt":{"rendered":"<p>I mB\u00e9al an Phobail Peadar Bair\u00e9ad . S\u00e9im\u00ed on the Warpath!! Leis an bhf\u00edrinne a r\u00e1, is d\u00f3cha go nd\u00e9anaim mo chion fh\u00e9in den chlamhs\u00e1n sa chol\u00fan seo, mar nuair a fheicim, nuair a chloisim, n\u00f3 nuair a l\u00e9im, tada ar bith as alt, teasta\u00edonn uaim, l\u00e1ithreach, an sc\u00e9al sin a chur i mb\u00e9al an [&hellip;]<\/p>\n","protected":false},"author":2,"featured_media":13435,"comment_status":"open","ping_status":"open","sticky":false,"template":"","format":"standard","meta":{"nf_dc_page":"","_et_pb_use_builder":"","_et_pb_old_content":"","_et_gb_content_width":"","footnotes":""},"categories":[1],"tags":[],"class_list":["post-12715","post","type-post","status-publish","format-standard","has-post-thumbnail","hentry","category-gan-chatagoir"],"_links":{"self":[{"href":"https:\/\/mickgb.com\/en\/wp-json\/wp\/v2\/posts\/12715","targetHints":{"allow":["GET"]}}],"collection":[{"href":"https:\/\/mickgb.com\/en\/wp-json\/wp\/v2\/posts"}],"about":[{"href":"https:\/\/mickgb.com\/en\/wp-json\/wp\/v2\/types\/post"}],"author":[{"embeddable":true,"href":"https:\/\/mickgb.com\/en\/wp-json\/wp\/v2\/users\/2"}],"replies":[{"embeddable":true,"href":"https:\/\/mickgb.com\/en\/wp-json\/wp\/v2\/comments?post=12715"}],"version-history":[{"count":1,"href":"https:\/\/mickgb.com\/en\/wp-json\/wp\/v2\/posts\/12715\/revisions"}],"predecessor-version":[{"id":12716,"href":"https:\/\/mickgb.com\/en\/wp-json\/wp\/v2\/posts\/12715\/revisions\/12716"}],"wp:featuredmedia":[{"embeddable":true,"href":"https:\/\/mickgb.com\/en\/wp-json\/wp\/v2\/media\/13435"}],"wp:attachment":[{"href":"https:\/\/mickgb.com\/en\/wp-json\/wp\/v2\/media?parent=12715"}],"wp:term":[{"taxonomy":"category","embeddable":true,"href":"https:\/\/mickgb.com\/en\/wp-json\/wp\/v2\/categories?post=12715"},{"taxonomy":"post_tag","embeddable":true,"href":"https:\/\/mickgb.com\/en\/wp-json\/wp\/v2\/tags?post=12715"}],"curies":[{"name":"wp","href":"https:\/\/api.w.org\/{rel}","templated":true}]}}