{"id":12743,"date":"2017-04-04T11:00:00","date_gmt":"2017-04-04T11:00:00","guid":{"rendered":"https:\/\/mickgb.com\/?p=12743"},"modified":"2024-04-08T01:12:18","modified_gmt":"2024-04-08T01:12:18","slug":"i-mbeal-an-phobail-toghchain-mhaide","status":"publish","type":"post","link":"https:\/\/mickgb.com\/en\/i-mbeal-an-phobail-toghchain-mhaide\/","title":{"rendered":"I  mB\u00e9al  an  Phobail Toghch\u00e1in mhaide."},"content":{"rendered":"<p style=\"text-align:center;margin-top:0pt;padding-top:0;margin-bottom:0pt;padding-bottom:0;line-height:2.4;font-weight:bold;font-size:20pt\">I  mB\u00e9al  an  Phobail<\/p><p style=\"margin-top:0pt;padding-top:0;margin-bottom:0pt;padding-bottom:0;line-height:2.4;font-weight:bold\">Peadar Bair\u00e9ad<\/p><h1 style=\"text-align:center;margin-top:0pt;padding-top:0;margin-bottom:0pt;padding-bottom:0;line-height:2.4;font-size:14pt\"><strong><span style=\"font-size:18pt\">Do ch\u00e9ad f\u00e1ilte isteach!<\/span><\/strong><\/h1><p style=\"text-align:justify;margin-top:0pt;padding-top:0;margin-bottom:0pt;padding-bottom:0;line-height:2.4;font-size:14pt\">\u00d3 tharla n\u00e1r casadh mo sheanchara, S\u00e9im\u00ed a\u2019 Droichid, orm le scathamh, bh\u00ed m\u00e9 ag ceapadh, go mb\u2019fh\u00e9idir nach raibh an fear bocht ar f\u00f3namh agus shocraigh m\u00e9 ar bhualadh isteach chuige i ndiaidh an dinn\u00e9ir, an l\u00e1 cheana. Bhuail m\u00e9 ar an doras, agus nach orm a bh\u00ed an t-ionadh nuair a d\u2019oscail S\u00e9im\u00ed fh\u00e9in an doras dom.<\/p><p style=\"text-align:justify;margin-top:0pt;padding-top:0;margin-bottom:0pt;padding-bottom:0;line-height:2.4\"><span style=\"font-size:14pt\">\u201cDo ch\u00e9ad f\u00e1ilte chun an t\u00ed seo,\u201d ar seisean, \u201ctar isteach l\u00e1ithreach, agus cuir feoil ar an gcathaoir sin thall\u201d<\/span><\/p><p style=\"text-align:justify;margin-top:0pt;padding-top:0;margin-bottom:0pt;padding-bottom:0;line-height:2.4\"><span style=\"font-size:14pt\">Rinne m\u00e9 rud air, ar an bpointe, n\u00f3 tuigeadh dom go raibh rud eic\u00ednt ag d\u00f3 na geirbe ag an bhfear bocht, n\u00f3 b\u00edodh gur f\u00e1iltigh s\u00e9 romham go cro\u00ed\u00fail, fial cairdi\u00fail, ag an am gc\u00e9anna, cheap m\u00e9 go raibh s\u00e9 \u00e1bhair\u00edn beag m\u00edl\u00edtheach san aghaidh.<\/span><\/p><p style=\"text-align:center;margin-top:0pt;padding-top:0;margin-bottom:0pt;padding-bottom:0;line-height:2.4\"><strong><span style=\"font-size:16pt\">Any News?<\/span><\/strong><\/p><p style=\"text-align:justify;margin-top:0pt;padding-top:0;margin-bottom:0pt;padding-bottom:0;line-height:2.4\"><span style=\"font-size:14pt\">\u201cT\u00e1 s\u00fail agam go bhfuil t\u00fa go maith? arsa m\u00e9 fh\u00e9in, chomh luath is a bh\u00ed mo  th\u00f3in socraithe ar chaohaoir dheas, bhog, ar bhruach an tinte\u00e1in.<\/span><\/p><p style=\"text-align:justify;margin-top:0pt;padding-top:0;margin-bottom:0pt;padding-bottom:0;line-height:2.4\"><span style=\"font-size:14pt\">\u201cDheamhan cailleadh ar bith orm, taobh amuigh den diabhal slaghd\u00e1in seo, at\u00e1 dom\u2019 chr\u00e1 le coic\u00edos anois.\u201d<\/span><\/p><p style=\"text-align:justify;margin-top:0pt;padding-top:0;margin-bottom:0pt;padding-bottom:0;line-height:2.4\"><span style=\"font-size:14pt\">\u201cDona go leor,\u201d arsa m\u00e9 fh\u00e9in, \u201cach le breathn\u00fa ort, n\u00ed cheapfadh duine ar bith go raibh cl\u00f3ic ort. Ach an bhfuil aon sc\u00e9al n\u00f3 scuan nua agat n\u00f3 is fada anois \u00f3 bh\u00ed deis seanchais n\u00f3 sc\u00e9ala\u00edochta againn?\u201d<\/span><\/p><p style=\"text-align:justify;margin-top:0pt;padding-top:0;margin-bottom:0pt;padding-bottom:0;line-height:2.4\"><span style=\"font-size:14pt\">\u201cDheamhan sc\u00e9al n\u00f3 scuan agam, taobh amuigh de na sc\u00e9alta faoi\u2019n Rialtas s\u2019againne, sc\u00e9alta a mb\u00edonn na me\u00e1in loml\u00e1n d\u00edobh, na laethe seo.\u201d<\/span><\/p><p style=\"text-align:justify;margin-top:0pt;padding-top:0;margin-bottom:0pt;padding-bottom:0;line-height:2.4\"><span style=\"font-size:14pt\">\u201cCad iad na sc\u00e9alta at\u00e1<\/span><span style=\"font-size:14pt\"> i gceist agat ansin, a Sh\u00e9im\u00ed?\u201d arsa m\u00e9 fh\u00e9in, agus m\u00e9 ag iarraidh sc\u00e9al eic\u00ednt a mhealladh uaidh.<\/span><\/p><p style=\"text-align:center;margin-top:0pt;padding-top:0;margin-bottom:0pt;padding-bottom:0;line-height:2.4\"><strong><span style=\"font-size:16pt\">A day is a long Time\u2026..<\/span><\/strong><\/p><p style=\"text-align:justify;margin-top:0pt;padding-top:0;margin-bottom:0pt;padding-bottom:0;line-height:2.4\"><span style=\"font-size:14pt\">\u201cC\u00farsa\u00ed Polait\u00edochta at\u00e1 i mb\u00e9al an phobail, na laethe seo. Toghch\u00e1in mhaide \u00e1 reacht\u00e1il do lucht na me\u00e1n, f\u00e9achaint c\u00e9n taca\u00edocht at\u00e1 anois ag na P\u00e1irtithe \u00e9ags\u00fala Polait\u00edochta, agus le f\u00e9achaint freisin, c\u00e9 h\u00e9 rogha na coitianta, na laethe seo.\u201d<\/span><\/p><p style=\"text-align:justify;margin-top:0pt;padding-top:0;margin-bottom:0pt;padding-bottom:0;line-height:2.4\"><span style=\"font-size:14pt\">\u201cAgus c\u00e9n toradh a bh\u00ed ar na toghch\u00e1in mhaide sin, n\u00f3 ar th\u00e1inig aon athr\u00fa suntasach ar dhearcadh an phobail, \u00f3 aimsir an olltoghch\u00e1in i leith?\u201d<\/span><\/p><p style=\"text-align:justify;margin-top:0pt;padding-top:0;margin-bottom:0pt;padding-bottom:0;line-height:2.4\"><span style=\"font-size:14pt\">\u201cD\u2019fh\u00e9adf\u00e1 a r\u00e1 gur th\u00e1inig, n\u00f3 chaill P\u00e1irtithe an Rialtais, c\u00e9\u2019s moite de na Glasaigh, chaill siad taca\u00edocht, agus fi\u00fa, chaill an Taoiseach fh\u00e9in cuid d\u00e1 thaca\u00edocht, sa toghch\u00e1n maide sin. Agus ar an dtaobh eile den sc\u00e9al, d\u2019\u00e9irigh le Fine Gael, agus leis an Lucht Oibre, cur go maith lena dtaca\u00edocht-san.\u201d<\/span><\/p><p style=\"text-align:center;margin-top:0pt;padding-top:0;margin-bottom:0pt;padding-bottom:0;line-height:2.4\"><strong><span style=\"font-size:16pt\">What caused the change?<\/span><\/strong><\/p><p style=\"text-align:justify;margin-top:0pt;padding-top:0;margin-bottom:0pt;padding-bottom:0;line-height:2.4\"><span style=\"font-size:14pt\">\u201cAn bhfuil aon tuairim agat a Sh\u00e9im\u00ed, c\u00e9ard ba ch\u00fais leis na hathruithe suntasacha c\u00e9anna sin, n\u00f3 an bhfuil aon t\u00e1bhacht ag baint leo?\u201d<\/span><\/p><p style=\"text-align:justify;margin-top:0pt;padding-top:0;margin-bottom:0pt;padding-bottom:0;line-height:2.4\"><span style=\"font-size:14pt\">\u201cCaithfear a admh\u00e1il, go bhfuil t\u00e1bhacht ag baint leo, agus m\u00e1s rud buan at\u00e1 i gceist againn sna hathruithe sin, bhuel, ansin, n\u00edl dabht ar domhan ach  go bhfuil an-t\u00e1bhacht ag baint leo.\u201d<\/span><\/p><p style=\"text-align:justify;margin-top:0pt;padding-top:0;margin-bottom:0pt;padding-bottom:0;line-height:2.4\"><span style=\"font-size:14pt\">Ach, nach mar sin a bh\u00edonn i gc\u00f3na\u00ed. Nach dtugtar l\u00e9asadh do ph\u00e1irtithe an Rialtais, i dtoghch\u00e1in mhaide d\u00e1 leith\u00e9id, chuile bhabhta, geall leis?\u201d<\/span><\/p><p style=\"text-align:justify;margin-top:0pt;padding-top:0;margin-bottom:0pt;padding-bottom:0;line-height:2.4\"><span style=\"font-size:14pt\">\u201cD\u2019fh\u00e9adfadh cuid den cheart a bheith agat sa mh\u00e9id sin, ach ar an dtaobh eile den sc\u00e9al, caithfear a chur san \u00e1ireamh, go raibh c\u00faiseanna \u00e1irithe, cinnte, leis na hathruithe c\u00e9anna sin.\u201d<\/span><\/p><p style=\"text-align:justify;margin-top:0pt;padding-top:0;margin-bottom:0pt;padding-bottom:0;line-height:2.4\"><span style=\"font-size:14pt\">\u201cCheap mise nach raibh ann ach daoine ag iarraidh nuacht\u00e1in a dh\u00edol, tr\u00ed sc\u00e9al mealltach d\u00e1 leith\u00e9id a chur i mb\u00e9al an phobail, go rialta.\u201d<\/span><\/p><p style=\"text-align:justify;margin-top:0pt;padding-top:0;margin-bottom:0pt;padding-bottom:0;line-height:2.4\"><span style=\"font-size:14pt\">\u201c Uaireanta, n\u00ed bh\u00edonn ann ach sin, ach an babhta seo, d\u00e9arfainn go raibh c\u00faiseanna tromch\u00faiseacha, thairis sin, le dearcadh agus breith an phobail. Tharla, ar na mallaibh gur baineadh tuisl\u00ed as an Rialtas, ar \u00f3c\u00e1id\u00ed \u00e1irithe. M\u00e1 bhreathna\u00edonn t\u00fa ar an gcaoi ar l\u00e1imhse\u00e1il siad Fadhb na Sionainne, agus an chaoi ar lig siad do Aer Lingus feidhmi\u00fa, beag beann ar leas an phobail. N\u00edl dabht ar domhan, ach gur l\u00e1imhse\u00e1il an Rialtas an fhadhb sin go t\u00fatach, amsca\u00ed, m\u00edch\u00faramach. <\/span><\/p><p style=\"text-align:center;margin-top:0pt;padding-top:0;margin-bottom:0pt;padding-bottom:0;line-height:2.4\"><strong><span style=\"font-size:16pt\">Driving too!<\/span><\/strong><\/p><p style=\"text-align:justify;margin-top:0pt;padding-top:0;margin-bottom:0pt;padding-bottom:0;line-height:2.4\"><span style=\"font-size:14pt\">F\u00e9ach freisin ar cheist na gcead\u00fanas tiom\u00e1na, agus an phraiseach a deineadh den gceist ch\u00e9anna sin. N\u00edlim \u00e1 r\u00e1 n\u00e1r cheart don Aire d\u00e9anamh mar a rinne, ach t\u00e1im ag ma\u00edomh, nach raibh an obair bhaile d\u00e9anta go cruinn, c\u00faramach, roimh r\u00e9 aige, faoi mar ba ch\u00f3ir a dh\u00e9anamh i gc\u00e1s d\u00e1 leith\u00e9id.<\/span><\/p><p style=\"text-align:justify;margin-top:0pt;padding-top:0;margin-bottom:0pt;padding-bottom:0;line-height:2.4\"><span style=\"font-size:14pt\">N\u00ed d\u00f3igh liom, go bhf\u00e9adfa\u00ed a mha\u00edomh, go bhfuil an pobal s\u2019againne s\u00e1sta le leagan amach na nOspid\u00e9al faoi l\u00e1thair, ach oiread. N\u00edl \u00f3n t\u00e9 at\u00e1 tinn ach leigheas, agus n\u00ed f\u00e9idir sin a chur in \u00e1irithe d\u00f3, m\u00e1 t\u00e1 lucht na nOspid\u00e9al ag breathn\u00fa, an t-am ar fad, ar an mbunl\u00edne.\u201d<\/span><\/p><p style=\"text-align:justify;margin-top:0pt;padding-top:0;margin-bottom:0pt;padding-bottom:0;line-height:2.4\"><span style=\"font-size:14pt\">\u201cIs d\u00f3cha go gcuirfeadh na c\u00farsa\u00ed sin isteach ar phobal ar bith, ach an bhfuil c\u00fais ar bith eile ann, le tortha\u00ed na dtoghch\u00e1n maide a mh\u00edni\u00fa?\u201d<\/span><\/p><p style=\"text-align:center;margin-top:0pt;padding-top:0;margin-bottom:0pt;padding-bottom:0;line-height:2.4\"><strong><span style=\"font-size:16pt\">That last Straw!<\/span><\/strong><\/p><p style=\"text-align:justify;margin-top:0pt;padding-top:0;margin-bottom:0pt;padding-bottom:0;line-height:2.4\"><span style=\"font-size:14pt\">\u201cB\u00ed cinnte go bhfuil, agus tromch\u00fais freisin. Sea, agus seo an t-asal sa pharl\u00fas! Is d\u00f3cha gur chuir an t-ard\u00fa p\u00e1 a bhronn an Rialtas orthu fh\u00e9in, agus ar roinnt eile freisin, ar na mallaibh, is d\u00f3cha gur chuir s\u00e9 sin d\u00e9istean ar roinnt mhaith daoine, agus cuir le sin, an chaoi ar labhair an Taoiseach faoi na c\u00farsa\u00ed sin, nuair a cuireadh faoi agallamh \u00e9 ar an Teilif\u00eds. Nuair a cuireadh ar a sh\u00faile d\u00f3, go raibh ioncam n\u00edos airde aige anois n\u00e1 mar a bh\u00ed ag Uachtar\u00e1n na Fraince, n\u00f3 ag Pr\u00edomh-aire Shasana, n\u00f3 <\/span><span style=\"font-size:14pt\">fi\u00fa ag Uachtar\u00e1n Mheirice\u00e1 fh\u00e9in, rinne s\u00e9 beag is fi\u00fa den sc\u00e9al, tr\u00ed thagairt a dh\u00e9anamh don chaoi a raibh aras luachmhar faoi leith, (an Teach B\u00e1n, Uimhir a Deich Sr\u00e1id Downing, agus Chequers, agus Pal\u00e1s Uachtar\u00e1n na Fraince,) ag na ceannair\u00ed thuasluaite, mar chuid d\u00e1 dtuarastal! Cheapf\u00e1 uathu uilig nach bhf\u00e9adfaid\u00eds diult\u00fa don ard\u00fa neamhoiri\u00fanach seo! Nach acusan at\u00e1 greim ar shrianta na cumhachta?\u201d <\/span><\/p><p style=\"text-align:justify;margin-top:0pt;padding-top:0;margin-bottom:0pt;padding-bottom:0;line-height:2.4\"><span style=\"font-size:14pt\">\u201cAch, an bhfeiceann t\u00fa an t-am?\u201d arsa m\u00e9 fh\u00e9in, n\u00f3 thug m\u00e9 faoi deara, go raibh S\u00e9im\u00ed bocht ag \u00e9ir\u00ed tuirs<\/span><span style=\"font-size:14pt\">each agus corraithe. \u201cT\u00e1 s\u00e9 thar am agamsa bheith ag bogadh. O\u00edche mhaith agat anois, a Sh\u00e9im\u00ed.\u201d<\/span><\/p><p style=\"text-align:justify;margin-top:0pt;padding-top:0;margin-bottom:0pt;padding-bottom:0;line-height:2.4\"><span style=\"font-size:14pt\">\u201cSl\u00e1n abhaile\u201d arsa S\u00e9im\u00ed, dom fhreagairt, ach n\u00edor dhein s\u00e9 aon iarracht m\u00e9 a choinne\u00e1il scathamh eile, faoi mar a dh\u00e9anfadh, de ghn\u00e1th.. <\/span><\/p>","protected":false},"excerpt":{"rendered":"<p>I mB\u00e9al an Phobail Peadar Bair\u00e9ad Do ch\u00e9ad f\u00e1ilte isteach! \u00d3 tharla n\u00e1r casadh mo sheanchara, S\u00e9im\u00ed a\u2019 Droichid, orm le scathamh, bh\u00ed m\u00e9 ag ceapadh, go mb\u2019fh\u00e9idir nach raibh an fear bocht ar f\u00f3namh agus shocraigh m\u00e9 ar bhualadh isteach chuige i ndiaidh an dinn\u00e9ir, an l\u00e1 cheana. Bhuail m\u00e9 ar an doras, agus [&hellip;]<\/p>\n","protected":false},"author":2,"featured_media":13435,"comment_status":"open","ping_status":"open","sticky":false,"template":"","format":"standard","meta":{"nf_dc_page":"","_et_pb_use_builder":"","_et_pb_old_content":"","_et_gb_content_width":"","footnotes":""},"categories":[1],"tags":[],"class_list":["post-12743","post","type-post","status-publish","format-standard","has-post-thumbnail","hentry","category-gan-chatagoir"],"_links":{"self":[{"href":"https:\/\/mickgb.com\/en\/wp-json\/wp\/v2\/posts\/12743","targetHints":{"allow":["GET"]}}],"collection":[{"href":"https:\/\/mickgb.com\/en\/wp-json\/wp\/v2\/posts"}],"about":[{"href":"https:\/\/mickgb.com\/en\/wp-json\/wp\/v2\/types\/post"}],"author":[{"embeddable":true,"href":"https:\/\/mickgb.com\/en\/wp-json\/wp\/v2\/users\/2"}],"replies":[{"embeddable":true,"href":"https:\/\/mickgb.com\/en\/wp-json\/wp\/v2\/comments?post=12743"}],"version-history":[{"count":1,"href":"https:\/\/mickgb.com\/en\/wp-json\/wp\/v2\/posts\/12743\/revisions"}],"predecessor-version":[{"id":12744,"href":"https:\/\/mickgb.com\/en\/wp-json\/wp\/v2\/posts\/12743\/revisions\/12744"}],"wp:featuredmedia":[{"embeddable":true,"href":"https:\/\/mickgb.com\/en\/wp-json\/wp\/v2\/media\/13435"}],"wp:attachment":[{"href":"https:\/\/mickgb.com\/en\/wp-json\/wp\/v2\/media?parent=12743"}],"wp:term":[{"taxonomy":"category","embeddable":true,"href":"https:\/\/mickgb.com\/en\/wp-json\/wp\/v2\/categories?post=12743"},{"taxonomy":"post_tag","embeddable":true,"href":"https:\/\/mickgb.com\/en\/wp-json\/wp\/v2\/tags?post=12743"}],"curies":[{"name":"wp","href":"https:\/\/api.w.org\/{rel}","templated":true}]}}