{"id":12763,"date":"2017-04-04T11:00:00","date_gmt":"2017-04-04T11:00:00","guid":{"rendered":"https:\/\/mickgb.com\/?p=12763"},"modified":"2024-04-08T01:25:43","modified_gmt":"2024-04-08T01:25:43","slug":"i-mbeal-an-phobail-coisir-san-ionad-nua","status":"publish","type":"post","link":"https:\/\/mickgb.com\/en\/i-mbeal-an-phobail-coisir-san-ionad-nua\/","title":{"rendered":"I  mB\u00e9al  an  Phobail.. ..Coisir san Ionad nua."},"content":{"rendered":"<p style=\"text-align:center;margin-top:0pt;padding-top:0;margin-bottom:0pt;padding-bottom:0;line-height:2.4;font-weight:bold;font-size:24pt\">I  mB\u00e9al  an  Phobail<\/p><p style=\"text-align:justify;margin-top:0pt;padding-top:0;margin-bottom:0pt;padding-bottom:0;line-height:2.4;font-size:14pt\">Peadar Bair\u00e9ad<\/p><p style=\"text-align:center;margin-top:0pt;padding-top:0;margin-bottom:0pt;padding-bottom:0;line-height:2.4\"><strong><span style=\"font-size:18pt\">C\u00f3isir   san   Ionad  Par\u00f3iste  nua<\/span><\/strong><\/p><p style=\"text-align:justify;margin-top:0pt;padding-top:0;margin-bottom:0pt;padding-bottom:0;line-height:2.4\"><span style=\"font-size:14pt\">Nach againn a bh\u00ed an spraoi anseo in Ionad Par\u00f3iste Ph\u00e1draig, ar an gC\u00e9<\/span><span style=\"font-size:14pt\">adaoin, an 25\u00fa M\u00e1rta na bliana seo, n\u00f3 ar an maidin ch\u00e9anna sin, fuair pobal Aifrinn 10.30 a.m. in Eaglais Fhiachra cuireadh chuig c\u00f3isir speisialta, a d\u2019eagraigh Rang Idirbhliana Chlochar Loreto, le hobair is le spiorad aostaigh an Phar\u00f3iste seo, a cheili\u00faradh.<\/span><\/p><p style=\"text-align:justify;margin-top:0pt;padding-top:0;margin-bottom:0pt;padding-bottom:0;line-height:2.4;font-size:14pt\">Anois, n\u00ed haon rud nua \u00e9, do phobal an Aifrinn ch\u00e9anna sin, a theacht le ch\u00e9ile san Ionad Par\u00f3iste nua, le cup\u00e1n tae agus briosca\u00ed a chaitheamh i bhfochair a ch\u00e9ile, rud a thugann deis d\u00f3ibh a gcomhr\u00e1 agus a seanchas a dh\u00e9anamh ansin, ar a suaimhneas, ach go hiond\u00fail, tharla\u00edonn sin chuile mhaidin Mh\u00e1irt. N\u00ed g\u00e1 a r\u00e1, gur n\u00f3s nua \u00e9 seo, a d\u2019fh\u00e1s as f\u00e9idireachta\u00ed an Ionaid bhre\u00e1 nua at\u00e1 againn anois sa Phar\u00f3iste seo. Rud speisialta a bh\u00ed sa ch\u00f3isir seo a d\u2019eagraigh Teaghlach Loreto d\u00fainn \u00e1fach, agus n\u00ed call dom a r\u00e1, go raibh slua bre\u00e1 m\u00f3r ar an bhf\u00f3d don \u00f3c\u00e1id, n\u00f3 b\u00edonn pobal l\u00edonmhar ar an l\u00e1thair don Aifreann sin ag a 10.30 a.m., chuile mhaidin.<\/p><h1 style=\"text-align:center;margin-top:0pt;padding-top:0;margin-bottom:0pt;padding-bottom:0;line-height:2.4;font-weight:bold;font-size:18pt\">San  Ionad  Nua<\/h1><p style=\"text-align:justify;margin-top:0pt;padding-top:0;margin-bottom:0pt;padding-bottom:0;line-height:2.4\"><span style=\"font-size:14pt\">I ndiaidh an Aifrinn, bhuaileamar isteach san Ionad nua, agus isteach linn sa Halla bre\u00e1 fairsing at\u00e1 acu ansin. Bh\u00ed boird agus cathaoireacha leagtha amach <\/span><span style=\"font-size:14pt\">ansin romhainn, sea, agus bh\u00ed briosca\u00ed, agus s\u00f3laist\u00ed de chuile shaghas ansin freisin, deasa deasa a rinne na cail\u00edn\u00ed as an Rang Idirbhlianach a ullmh\u00fa don \u00f3c\u00e1id. Bh\u00ed cail\u00edn\u00ed an Ranga sin ar an bhf\u00f3d, agus pota\u00ed tae, agus pota\u00ed caif\u00e9, \u00e1 l\u00e1imhse\u00e1il acu, go cliste, eala\u00edonta, agus geallaimse dhuit e, gur ghearr an mhoill orthu freastal ar an slua a bh\u00ed sa l\u00e1thair. <\/span><\/p><p style=\"text-align:justify;margin-top:0pt;padding-top:0;margin-bottom:0pt;padding-bottom:0;line-height:2.4\"><span style=\"font-size:14pt\">Ach n\u00ed h\u00e9 amh\u00e1in go raibh na s\u00f3laist\u00ed sin uilig curtha ar f\u00e1il acu d\u00fainn, n\u00f3 chomh maith le sin, bh\u00ed f\u00e9asta ceoil agus amhr\u00e1na\u00edochta ullamh acu d\u00fa<\/span><span style=\"font-size:14pt\">inn freisin. \u00d3! Mo dhearmad! Ba bheag n\u00e1r dhein m\u00e9 dearmad ar na daimhseoir\u00ed, n\u00f3 bh\u00ed rinceoir\u00ed den scoth ansin acu freisin. <\/span><\/p><p style=\"text-align:justify;margin-top:0pt;padding-top:0;margin-bottom:0pt;padding-bottom:0;line-height:2.4\"><span style=\"font-size:14pt\">Ceathair\u00e9ad a chuir t\u00fas leis na himeachta\u00ed, agus n\u00e1rbh iad a chuir fonn damhsa ar a lucht \u00e9isteachta, le binneas agus le rithim a gceoil. Ba ghearr go raibh, bosa \u00e1 mbualadh, br\u00f3ga \u00e1 mbogadh, agus coirp \u00e1 luascadh, le gile agus le rithim an cheoil. Ina ndiaidh si\u00fad, th\u00e1inig beirt amhr\u00e1na\u00ed os \u00e1r gcomhair lena nAllel\u00faia, agus ar\u00eds, rinne an bheirt seo comhcheol le ch\u00e9ile, go binn, corra<\/span><span style=\"font-size:14pt\">itheach, leochaileach. Bhain an lucht \u00e9isteachta an-taitneamh as a scil, agus as a gceol, agus ba ghearr go raibh siad ag comhcheol in \u00e9indigh leis na hamhr\u00e1naithe.<\/span><\/p><h1 style=\"text-align:center;margin-top:0pt;padding-top:0;margin-bottom:0pt;padding-bottom:0;line-height:2.4;font-weight:bold;font-size:18pt\">Buailigi  cos  air !<\/h1><p style=\"text-align:justify;margin-top:0pt;padding-top:0;margin-bottom:0pt;padding-bottom:0;line-height:2.4\"><span style=\"font-size:14pt\">Rinceoir\u00ed a th\u00e1inig os \u00e1r gcomhair ansin, agus geallaimse dhuit \u00e9, gur bhain na cail\u00edn\u00ed seo ceol agus fuaim as an url\u00e1r, le rithim, agus le hacla\u00edocht cos. Sea, agus n\u00e1rbh iad a bh\u00ed gl\u00e9asta go gl\u00e9-geal, ildathach, ina bhfeisteas speisialta rince? Fuair siad an-bhualadh-bos \u00f3n lucht \u00e9isteachta.<\/span><\/p><p style=\"text-align:justify;margin-top:0pt;padding-top:0;margin-bottom:0pt;padding-bottom:0;line-height:2.4\"><span style=\"font-size:14pt\">Caithfear a r\u00e1, go raibh an ch\u00f3isir chomh spreag\u00fail, suimi\u00fail, corraitheach, go bhfuil chuile sheans ann, go ndearna roinnt mhaith againn dearmad ar an gCarghas, agus b\u00edodh go raibh cuid mhaith againn \u00e9irithe as s\u00f3laist\u00ed \u00e1irithe, feadh an Charghais, thug m\u00e9 fh\u00e9in faoi deara, gur bheag de na deasa deasa a bh\u00ed fanta ar na boird i ndiaidh na c\u00f3isire! \u00d3 bhail! Nach annamh a bh\u00edonn c\u00f3isir d\u00e1 leith\u00e9id againn, tr\u00e1th ar bith den bhliain, gan caint in aon chor ar Sh\u00e9as\u00far an Carghais? <\/span><\/p><h1 style=\"text-align:center;margin-top:0pt;padding-top:0;margin-bottom:0pt;padding-bottom:0;line-height:2.4;font-weight:bold;font-size:18pt\">Tuilleadh !<\/h1><p style=\"text-align:justify;margin-top:0pt;padding-top:0;margin-bottom:0pt;padding-bottom:0;line-height:2.4\"><span style=\"font-size:14pt\">Lean na cail\u00edn\u00ed lena gcoirm cheoil, le tuilleadh ceoil, amhr\u00e1in, agus rince, ach m\u00e1s fada an l\u00e1 tagann an tr\u00e1thn\u00f3na, agus ba \u00e9 an d\u00e1la c\u00e9anna \u00e9 leis an gc\u00f3isir s\u2019againne, agus ar deireadh thiar, bh\u00ed an sp\u00f3<\/span><span style=\"font-size:14pt\">rt thart, ach ba mh\u00f3r a bh\u00ed an pobal s\u2019againne faoi chomaoin ag Teaghlach Loreto, agus ag cail\u00edn\u00ed an Ranga Idirmhe\u00e1naigh, agus ba \u00e9 gu\u00ed gach \u00e9inne a bh\u00ed ar an bhf\u00f3d, an mhaidin sin, n\u00f3 go m\u2019bhf\u00e9idir go dtiocfadh na cail\u00edn\u00ed c\u00e9anna ar athchuairt chugainn, am eic\u00ednt, roimh dheireadh na bliana.<\/span><\/p><p style=\"text-align:justify;margin-top:0pt;padding-top:0;margin-bottom:0pt;padding-bottom:0;line-height:2.4\"><span style=\"font-size:14pt\">N\u00e1r laga an R\u00ed iad, agus gura seacht fearr a bheidh siad bliain \u00f3 inniu.     <\/span><\/p>","protected":false},"excerpt":{"rendered":"<p>I mB\u00e9al an Phobail Peadar Bair\u00e9ad C\u00f3isir san Ionad Par\u00f3iste nua Nach againn a bh\u00ed an spraoi anseo in Ionad Par\u00f3iste Ph\u00e1draig, ar an gC\u00e9adaoin, an 25\u00fa M\u00e1rta na bliana seo, n\u00f3 ar an maidin ch\u00e9anna sin, fuair pobal Aifrinn 10.30 a.m. in Eaglais Fhiachra cuireadh chuig c\u00f3isir speisialta, a d\u2019eagraigh Rang Idirbhliana Chlochar Loreto, [&hellip;]<\/p>\n","protected":false},"author":2,"featured_media":13435,"comment_status":"open","ping_status":"open","sticky":false,"template":"","format":"standard","meta":{"nf_dc_page":"","_et_pb_use_builder":"","_et_pb_old_content":"","_et_gb_content_width":"","footnotes":""},"categories":[1],"tags":[],"class_list":["post-12763","post","type-post","status-publish","format-standard","has-post-thumbnail","hentry","category-gan-chatagoir"],"_links":{"self":[{"href":"https:\/\/mickgb.com\/en\/wp-json\/wp\/v2\/posts\/12763","targetHints":{"allow":["GET"]}}],"collection":[{"href":"https:\/\/mickgb.com\/en\/wp-json\/wp\/v2\/posts"}],"about":[{"href":"https:\/\/mickgb.com\/en\/wp-json\/wp\/v2\/types\/post"}],"author":[{"embeddable":true,"href":"https:\/\/mickgb.com\/en\/wp-json\/wp\/v2\/users\/2"}],"replies":[{"embeddable":true,"href":"https:\/\/mickgb.com\/en\/wp-json\/wp\/v2\/comments?post=12763"}],"version-history":[{"count":1,"href":"https:\/\/mickgb.com\/en\/wp-json\/wp\/v2\/posts\/12763\/revisions"}],"predecessor-version":[{"id":12764,"href":"https:\/\/mickgb.com\/en\/wp-json\/wp\/v2\/posts\/12763\/revisions\/12764"}],"wp:featuredmedia":[{"embeddable":true,"href":"https:\/\/mickgb.com\/en\/wp-json\/wp\/v2\/media\/13435"}],"wp:attachment":[{"href":"https:\/\/mickgb.com\/en\/wp-json\/wp\/v2\/media?parent=12763"}],"wp:term":[{"taxonomy":"category","embeddable":true,"href":"https:\/\/mickgb.com\/en\/wp-json\/wp\/v2\/categories?post=12763"},{"taxonomy":"post_tag","embeddable":true,"href":"https:\/\/mickgb.com\/en\/wp-json\/wp\/v2\/tags?post=12763"}],"curies":[{"name":"wp","href":"https:\/\/api.w.org\/{rel}","templated":true}]}}