{"id":12801,"date":"2017-04-04T11:00:00","date_gmt":"2017-04-04T11:00:00","guid":{"rendered":"https:\/\/mickgb.com\/?p=12801"},"modified":"2024-04-08T01:06:03","modified_gmt":"2024-04-08T01:06:03","slug":"i-mbeal-an-phobail-rtf-the-afghan","status":"publish","type":"post","link":"https:\/\/mickgb.com\/en\/i-mbeal-an-phobail-rtf-the-afghan\/","title":{"rendered":"I  mB\u00e9al  an  Phobail.rtf The Afghan,"},"content":{"rendered":"<p style=\"text-align:center;margin-top:0pt;padding-top:0;margin-bottom:0pt;padding-bottom:0;line-height:2.4;font-weight:bold;font-size:14pt\"><span style=\"font-size:20pt\">Leabhar  m\u00f3r-r\u00e1chairte  eile<\/span><\/p><p style=\"margin-top:0pt;padding-top:0;margin-bottom:0pt;padding-bottom:0;line-height:2.4\"><span style=\"height:1em\"><span>.<\/span><\/span><\/p><p style=\"margin-top:0pt;padding-top:0;margin-bottom:0pt;padding-bottom:0;line-height:2.4\"><strong><span style=\"font-size:14pt\">THE  AFGHAN&#8230;&#8230;&#8230;.<\/span><\/strong><\/p><p style=\"margin-top:0pt;padding-top:0;margin-bottom:0pt;padding-bottom:0;line-height:2.4\"><strong>by&#8230;&#8230;&#8230;&#8230;&#8230;&#8230;&#8230;&#8230;&#8230;&#8230;&#8230;&#8230;&#8230; <\/strong><\/p><h1 style=\"margin-top:0pt;padding-top:0;margin-bottom:0pt;padding-bottom:0;line-height:2.4;font-weight:bold\">FREDERICK FORSYTH<\/h1><p style=\"margin-top:0pt;padding-top:0;margin-bottom:0pt;padding-bottom:0;line-height:2.4\"><span style=\"height:1em\"><span>.<\/span><\/span><\/p><p style=\"margin-top:0pt;padding-top:0;margin-bottom:0pt;padding-bottom:0;line-height:1.2\"><span style=\"height:1em\"><span>.<\/span><\/span><\/p><p style=\"text-align:justify;margin-top:0pt;padding-top:0;margin-bottom:0pt;padding-bottom:0;line-height:2.4;font-weight:bold;font-size:14pt\"><span style=\"font-size:12pt\">N\u00ed g\u00e1 dhom a r\u00e1, nach \u00e9 seo an ch\u00e9<\/span><span style=\"font-size:12pt\">ad leabhar a shil \u00f3 pheann l\u00edofa an \u00fadair ild\u00e1naigh seo, n\u00f3 t\u00e1 sraith d\u2019\u00farsc\u00e9alta c\u00e1ili\u00fala curtha ar f\u00e1il aige d\u00fainn, cheana f\u00e9in. B\u2019fh\u00e9idir gur l\u00e9igh t\u00fa cuid acu cheana f\u00e9in, n\u00f3 is ioma\u00ed leabhar a chuir s\u00e9 ar f\u00e1il d\u00fainn le tamall de blianta anuas. Leabhair ar n\u00f3s, <\/span><span style=\"font-size:12pt\">The Fourth Protocol, the Devil\u2019s Alternative, The Dogs of War, The Odessa File, The Day of the Jackal, The Fist of God, <\/span><span style=\"font-size:12pt\">gan ach cuid acu a ainmni\u00fa. N\u00ed haon ionadh mar sin, gur chuir m\u00e9 suim, agus dh\u00e1 shuim, sa leabhar seo is d\u00e9ana\u00ed \u00f3na pheann, co<\/span><span style=\"font-size:12pt\">mh luath is a leag m\u00e9 s\u00fail air. Is f\u00e9idir a chur san \u00e1ireamh anois, gur anuraidh, sa bhliain 2006, a cuireadh i gcl\u00f3 \u00e9 den ch\u00e9ad uair, mar sin, t\u00e1 an sc\u00e9al, agus a shu\u00edomh, chomh suas chun d\u00e1ta is a d\u2019fh\u00e9adfaid\u00eds a bheith. Is \u00e9 an cogadh in aghaidh na sceimhlitheoireachta, an c\u00falra a roghna\u00edonn an t-\u00fadar don sc\u00e9al seo, agus d\u00e9anann s\u00e9 a mh\u00f3r-dh\u00edcheall, rialacha, agus modhanna troda, an chogaidh ch\u00e9anna sin, a shn\u00edomh isteach i ndl\u00fath agus in inneach an sc\u00e9il chorraithigh seo.<\/span><\/p><p style=\"text-align:center;margin-top:0pt;padding-top:0;margin-bottom:0pt;padding-bottom:0;line-height:2.4;font-weight:bold;font-size:14pt\">I  Londain  Shasana<\/p><p style=\"text-align:justify;margin-top:0pt;padding-top:0;margin-bottom:0pt;padding-bottom:0;line-height:2.4;font-weight:bold;font-size:14pt\"><span style=\"font-size:12pt\">Cuireann an t-\u00fadar t\u00fas lena sc\u00e9al i Londain Shasana, ar an seacht\u00fa l\u00e1 d\u2019I\u00fail, sa bhliain 2005, nuair a d\u2019imir ceathrar buamad\u00f3ir\u00ed f\u00e9inmharaitheacha Muslamacha \u00e1r agus sl\u00e9acht, nuair a scaoileadar a mbuama\u00ed i l\u00e1r na Cathrach c\u00e9anna sin. F\u00e9ach mar a chuir an t-\u00fadar \u00e9&#8230;.<\/span><\/p><p style=\"text-align:justify;margin-top:0pt;padding-top:0;margin-bottom:0pt;padding-bottom:0;line-height:2.4;font-weight:bold;font-size:14pt;margin-left:36pt\"><span style=\"font-size:12pt\">On 7 July 2005 four suicide bombers let off their haversack bombs in Central London. They killed fifty-two commuters and injured about seven hundred, leaving at least one hundred crippled for life. <\/span><\/p><p style=\"text-align:justify;margin-top:0pt;padding-top:0;margin-bottom:0pt;padding-bottom:0;line-height:2.4;font-weight:bold;font-size:14pt\"><span style=\"font-size:12pt\">Dhealr\u00f3dh s\u00e9, n\u00e1rbh aon saineolaithe i mbun a gceirde iad na buamad\u00f3ir\u00ed c\u00e9anna sin, n\u00f3 taobh istigh d\u2019achar gearr, bh\u00ed na F\u00f3rsa\u00ed Sl\u00e1nd\u00e1la \u00e1balta a mbonn a chur, agus a dtithe agus a n-\u00e1iteacha folaigh, a fh\u00e1il agus a chuardach. Sa tsl\u00ed sin, bhailigh siad an-chuid eolais faoi na buamad\u00f3ir\u00ed agus faoina lucht lean\u00fana, agus ba \u00e9 an rud ba mh\u00f3 a chuir ionadh orthu si\u00fad, n\u00f3 go mba dhaoine de shliocht Phacast\u00e1ineach, a rugadh agus a t\u00f3gadh sa Bhreatain fh\u00e9in, tri\u00far den cheathrar, agus ba shaor\u00e1nach ead\u00f3irseach Br<\/span><span style=\"font-size:12pt\">iotanach \u00e9, a ghabh leis na Muslamachas, an ceathr\u00fa duine den cheathrar. <\/span><\/p><p style=\"text-align:center;margin-top:0pt;padding-top:0;margin-bottom:0pt;padding-bottom:0;line-height:2.4;font-weight:bold;font-size:14pt\">Frithsceimhlitheoireacht<\/p><p style=\"text-align:justify;margin-top:0pt;padding-top:0;margin-bottom:0pt;padding-bottom:0;line-height:2.4;font-weight:bold;font-size:14pt\"><span style=\"font-size:12pt\">N\u00ed g\u00e1 a r\u00e1 go raibh an cogadh frithsceimhlitheoireachta ag r\u00e9abadh leis go r\u00e1bach san Afganast\u00e1in, ag an a<\/span><span style=\"font-size:12pt\">m, agus go raibh ag teip ar na Comhghuallaithe teacht ar aon eolas cruinn ar phleananna a naimhde, agus go raibh a leith\u00e9id de sheift ag teast\u00e1il go g\u00e9ar uathu, go h\u00e1irithe, \u00f3 fuair siad lide eic\u00ednt, faoi phlean \u00e1irithe a bh\u00ed \u00e1 bheart\u00fa ag na naimhde c\u00e9anna sin. N\u00ed bhfuair siad i nd\u00e1ir\u00edre, ach gaoth an fhocail, n\u00f3 n\u00ed bhfuair siad ach an t\u00e9arma <\/span><span style=\"font-size:12pt\">Al-Isra<\/span><span style=\"font-size:12pt\">, agus dhealr\u00f3dh s\u00e9 go mba ainm i gc\u00f3d eic\u00ednt, \u00e9 sin, ar phlean a bh\u00ed \u00e1 dhreachtadh ag f\u00f3rsa\u00ed na sceimhlitheoireachta, le scrios agus \u00e1r a imirt ar Fh\u00f3rsa\u00ed an I<\/span><span style=\"font-size:12pt\">arthair, ar fh\u00f3rsa\u00ed na nAinchreideamhach. Ach c\u00e9ard ba chiall leis an gC\u00f3d c\u00e9anna sin. N\u00ed raibh dabht ar domhan ach go mba th\u00e1bhachtach an sc\u00e9im a bh\u00ed \u00e1 bheart\u00fa, n\u00f3 bhain an t\u00e9arma <\/span><span style=\"font-size:12pt\">Al-Isra<\/span><span style=\"font-size:12pt\"> le cro\u00ed agus le l\u00e1r an Mhuslamachais.<\/span><\/p><p style=\"text-align:justify;margin-top:0pt;padding-top:0;margin-bottom:0pt;padding-bottom:0;line-height:2.4;font-weight:bold;font-size:14pt\"><span style=\"font-size:12pt\">Ach ag an am sin, tharla go raibh oifigeach Sasanach imithe ar scor, agus \u00e9 ag iarraidh teach faoin tuath a th\u00f3g\u00e1il d\u00f3 fh\u00e9in, ach ba dhuine \u00e9, a t\u00f3gadh sa Mhe\u00e1n-Oirthear, agus a raibh a chuma sin air, fear a gceapfa\u00ed faoi go mba dh\u00fachasach \u00f3n d\u00fathaigh sin \u00e9. Tharla freisin, ag an am s<\/span><span style=\"font-size:12pt\">in, go raibh Afg\u00e1ineach i bpr\u00edos\u00fan i nGuantanamo, ag na Meirice\u00e1naigh, agus socra\u00edoch, <\/span><span style=\"font-size:12pt\">go ligf\u00ed saor, mar dhea, an tAfg\u00e1ineach sin, agus go dt\u00f3gfadh an t-oifigeach Sasanach a \u00e1it, fad is a choinneofa\u00ed an tAfg\u00e1ineach i bpr\u00edos\u00fan dl\u00fath, daingean, in \u00e1it scoite, imig\u00e9ini\u00fail.<\/span><\/p><p style=\"text-align:center;margin-top:0pt;padding-top:0;margin-bottom:0pt;padding-bottom:0;line-height:2.4;font-weight:bold;font-size:14pt\">Malart\u00fa  rath\u00fail<\/p><p style=\"text-align:justify;margin-top:0pt;padding-top:0;margin-bottom:0pt;padding-bottom:0;line-height:2.4;font-weight:bold;font-size:14pt\"><span style=\"font-size:12pt\"> D\u2019\u00e9irigh leis na Comhghuallaithe an t-aistri\u00fa sin a chur i gcr\u00edch, le dua, agus le cont\u00fairt n\u00e1r bheag, agus tr\u00edd an gcleas sin, roghna\u00edodh an t-oifigeach Sasanach, an Cornal Mike Martin, le p\u00e1irt an Afg\u00e1naigh, Ismat Khan, a ghlacadh, n\u00f3 sa bhealach sin, tuigeadh d\u00f3ibh, go bhf\u00e9adfadh siad f\u00e1il isteach i mbainist\u00edocht an Al-Qaeda, agus sa tsl\u00ed sin, go bhf\u00e9adfaid\u00eds teacht ar chiall an <\/span><span style=\"font-size:12pt\">Al-Isra<\/span><span style=\"font-size:12pt\"> \u00fad.  \u00c9ir\u00edonn leis an \u00fadar teannas, agus corraitheacht a instealladh sa sc\u00e9al, agus ag an bpointe sin, is deacair an leabhar a fh\u00e1g\u00e1il uait, geallaimse dhuit \u00e9! \u00c9ir\u00edonn le Martin, \u00e9 a chur ar a s\u00faile do na Comhghuallaithe, gur tr\u00ed loingeas, at\u00e1 socruithe ag <\/span><span style=\"font-size:12pt\">Al-Qaeda<\/span><span style=\"font-size:12pt\"> \u00e1r \u201cspectacular\u201d a imirt ar an Iarthar, an babhta seo. <\/span><\/p><p style=\"text-align:justify;margin-top:0pt;padding-top:0;margin-bottom:0pt;padding-bottom:0;line-height:2.4;font-weight:bold;font-size:14pt\"><span style=\"font-size:12pt\">Ar \u00e9irigh le Cornal Mike Martin pleananna Al-Qaeda a chur \u00f3 mhaith? n\u00f3 ar theip glan air tuilleadh eolais a chur ar f\u00e1il d\u00e1 mh\u00e1istr\u00ed san Iarthar? <\/span><\/p><p style=\"text-align:justify;margin-top:0pt;padding-top:0;margin-bottom:0pt;padding-bottom:0;line-height:2.4;font-weight:bold;font-size:14pt\"><span style=\"font-size:12pt\">Bhuel, t\u00e1 fait\u00edos orm, go gcaithfidh t\u00fa an leabhar corraitheach seo a fh\u00e1il, is a l\u00e9amh, le freagra na gceisteanna sin a fh\u00e1il duit fh\u00e9in. Ach, geallaimse dhuit \u00e9, gur fi\u00fa go maith an tairbhe an triobl\u00f3id, n\u00f3 cuirfidh an sc\u00e9al iontach seo faoi gheasa th\u00fa, agus beidh cath\u00fa ort, nuair a bheidh an leathanach deiridh l\u00e9ite agat. Is \u00e9 a locht a laghad, faoi mar adeireadh an tseandream fado! An-leabhar, an-sc\u00e9al, an-l\u00e9amh.                                       <\/span><\/p>","protected":false},"excerpt":{"rendered":"<p>Leabhar m\u00f3r-r\u00e1chairte eile . THE AFGHAN&#8230;&#8230;&#8230;. by&#8230;&#8230;&#8230;&#8230;&#8230;&#8230;&#8230;&#8230;&#8230;&#8230;&#8230;&#8230;&#8230; FREDERICK FORSYTH . . N\u00ed g\u00e1 dhom a r\u00e1, nach \u00e9 seo an ch\u00e9ad leabhar a shil \u00f3 pheann l\u00edofa an \u00fadair ild\u00e1naigh seo, n\u00f3 t\u00e1 sraith d\u2019\u00farsc\u00e9alta c\u00e1ili\u00fala curtha ar f\u00e1il aige d\u00fainn, cheana f\u00e9in. B\u2019fh\u00e9idir gur l\u00e9igh t\u00fa cuid acu cheana f\u00e9in, n\u00f3 is ioma\u00ed leabhar [&hellip;]<\/p>\n","protected":false},"author":2,"featured_media":13435,"comment_status":"open","ping_status":"open","sticky":false,"template":"","format":"standard","meta":{"nf_dc_page":"","_et_pb_use_builder":"","_et_pb_old_content":"","_et_gb_content_width":"","footnotes":""},"categories":[1],"tags":[],"class_list":["post-12801","post","type-post","status-publish","format-standard","has-post-thumbnail","hentry","category-gan-chatagoir"],"_links":{"self":[{"href":"https:\/\/mickgb.com\/en\/wp-json\/wp\/v2\/posts\/12801","targetHints":{"allow":["GET"]}}],"collection":[{"href":"https:\/\/mickgb.com\/en\/wp-json\/wp\/v2\/posts"}],"about":[{"href":"https:\/\/mickgb.com\/en\/wp-json\/wp\/v2\/types\/post"}],"author":[{"embeddable":true,"href":"https:\/\/mickgb.com\/en\/wp-json\/wp\/v2\/users\/2"}],"replies":[{"embeddable":true,"href":"https:\/\/mickgb.com\/en\/wp-json\/wp\/v2\/comments?post=12801"}],"version-history":[{"count":1,"href":"https:\/\/mickgb.com\/en\/wp-json\/wp\/v2\/posts\/12801\/revisions"}],"predecessor-version":[{"id":12802,"href":"https:\/\/mickgb.com\/en\/wp-json\/wp\/v2\/posts\/12801\/revisions\/12802"}],"wp:featuredmedia":[{"embeddable":true,"href":"https:\/\/mickgb.com\/en\/wp-json\/wp\/v2\/media\/13435"}],"wp:attachment":[{"href":"https:\/\/mickgb.com\/en\/wp-json\/wp\/v2\/media?parent=12801"}],"wp:term":[{"taxonomy":"category","embeddable":true,"href":"https:\/\/mickgb.com\/en\/wp-json\/wp\/v2\/categories?post=12801"},{"taxonomy":"post_tag","embeddable":true,"href":"https:\/\/mickgb.com\/en\/wp-json\/wp\/v2\/tags?post=12801"}],"curies":[{"name":"wp","href":"https:\/\/api.w.org\/{rel}","templated":true}]}}