{"id":12841,"date":"2017-04-04T11:00:00","date_gmt":"2017-04-04T11:00:00","guid":{"rendered":"https:\/\/mickgb.com\/?p=12841"},"modified":"2024-04-08T01:14:10","modified_gmt":"2024-04-08T01:14:10","slug":"i-mbeal-an-phobail-rte","status":"publish","type":"post","link":"https:\/\/mickgb.com\/en\/i-mbeal-an-phobail-rte\/","title":{"rendered":"I mB\u00e9al an Phobail RTE"},"content":{"rendered":"<p style=\"text-align:center;margin-top:0pt;padding-top:0;margin-bottom:0pt;padding-bottom:0;line-height:2.4;font-weight:bold;font-size:24pt\"> I mB\u00e9al an Phobail<\/p><p style=\"margin-top:0pt;padding-top:0;margin-bottom:0pt;padding-bottom:0;line-height:2.4;font-size:14pt\">Peadar Bair\u00e9ad<\/p><h1 style=\"text-align:center;margin-top:0pt;padding-top:0;margin-bottom:0pt;padding-bottom:0;line-height:2.4;font-weight:bold;font-size:18pt\">Caighde\u00e1n agus Teilif\u00eds<\/h1><p style=\"text-align:justify;margin-top:0pt;padding-top:0;margin-bottom:0pt;padding-bottom:0;line-height:2.4;font-size:14pt\">Nach minic a chloiseann muid daoine \u00f3ga, ach go h\u00e1irithe, ag ma\u00edomh gur chuala siad seo, n\u00f3 go bhfaca siad si\u00fad, ar an teilif\u00eds, agus sin \u00e1 dhearbh\u00fa acu, faoi mar ba chruth\u00fa \u00fadar\u00e1sach \u00e9 sin go raibh an ceart acusan, toisc go bhf\u00e9adfaid\u00eds an teilif\u00eds a lua mar fhoinse d\u00e1 ndearcadh. <\/p><p style=\"text-align:justify;margin-top:0pt;padding-top:0;margin-bottom:0pt;padding-bottom:0;line-height:2.4\"><span style=\"font-size:14pt\">Ach an bhf\u00e9adf\u00e1 a bheith ag brath ar an bhfoinse ch\u00e9anna sin mar bhuntobar gach eolais agus l\u00e9inn? <\/span><\/p><p style=\"text-align:justify;margin-top:0pt;padding-top:0;margin-bottom:0pt;padding-bottom:0;line-height:2.4\"><span style=\"font-size:14pt\">N\u00ed d\u00f3igh liom go bhf\u00e9adf\u00e1. <\/span><\/p><p style=\"text-align:justify;margin-top:0pt;padding-top:0;margin-bottom:0pt;padding-bottom:0;line-height:2.4\"><span style=\"font-size:14pt\">Breathna\u00edmis n\u00f3im\u00e9ad ar fhuaimni\u00fa focal, agus ar bhlas na teanga. Nach minic, agus nach r\u00ed-mhinic a chloistear meanc\u00f3g \u00e1 dh\u00e9anamh ag an l\u00e1ithreoir, n\u00f3 ag an l\u00e9itheoir sna c\u00farsa\u00ed sin, sea, agus sin i gc\u00e1s focail a \u00fas\u00e1idtear go r\u00ed-mhinic freisin. \u00c9ist leis an gcaoi a fhuaimn\u00edtear focail Bh\u00e9arla, le,  -ou-,  iontu, mar shampla. In ionad an fhuaim \u2013ou- a chlos, faoi mar a chloisfe\u00e1 \u00f3 ghn\u00e1th-chainteoir B\u00e9arla, is \u00e9 a chloistear \u00f3 dhaoine \u00e1irithe n\u00f3 fuaim at\u00e1 an-ch\u00f3ngarach don ghuta, -i-,  agus in \u00e1it, <\/span><strong><span style=\"font-size:14pt\">-round-<\/span><\/strong><span style=\"font-size:14pt\">,  a chlos, is amhlaidh a chloiseann t\u00fa fuaim at\u00e1 an-chos\u00fail le <\/span><strong><span style=\"font-size:14pt\">\u2013rind-<\/span><\/strong><span style=\"font-size:14pt\">.  D\u2019fh\u00e9adf\u00e1 roinnt mhaith fuaimeanna eile a phiocadh amach, fuaimeanna nach dtugtar Cothrom na F\u00e9inne d\u00f3ibh, chhor ar bith. \u00c9ist le fuaimni\u00fa na bhfocal, \u2013million-, Thomas, Fine Gael, Fianna F\u00e1il, agus tuilleadh, i mB\u00e9arla, gan tr\u00e1cht in aon chor ar an bpraiseach a dh\u00e9anann corrdhuine  den <\/span><span style=\"font-size:14pt\">chorrfhocal Gaeilge a shleamhna\u00edtear isteach i script l\u00e1ithreora, anois is ar\u00eds. Nach minic a bhaintear siar as duine agus \u00e9 ag \u00e9isteacht le l\u00e1i<\/span><span style=\"font-size:14pt\">threoir ag iarraidh &#8211; <\/span><strong><span style=\"font-size:14pt\">Bord G\u00e1is<\/span><\/strong><span style=\"font-size:14pt\"> &#8211; a r\u00e1, agus in ionad \u00e9 a r\u00e1, faoi mar ba ch\u00f3ir, is \u00e9 a thagann amach as a bh\u00e9al cramp\u00e1ilte n\u00f3..<\/span><strong><span style=\"font-size:14pt\">bird gash<\/span><\/strong><span style=\"font-size:14pt\">.. Sea, agus c\u00e9ard faoi na l\u00e1ithreoir\u00ed a labhra\u00edonn leat tr\u00ed fhiacla d\u00fanta, agus iad ag iarraidh miongh\u00e1ire a dh\u00e9anamh leat ag an am gc\u00e9anna, lena gcuid fiacal snasta, b\u00e1n, d\u00edrithe, a nochtadh os comhair an tsaoil mh\u00f3ir? \u00c1! N\u00e1 b\u00ed ag caint!<\/span><\/p><h1 style=\"text-align:center;margin-top:0pt;padding-top:0;margin-bottom:0pt;padding-bottom:0;line-height:2.4;font-weight:bold;font-size:18pt\">Ceisteanna Amaideacha!<\/h1><p style=\"text-align:justify;margin-top:0pt;padding-top:0;margin-bottom:0pt;padding-bottom:0;line-height:2.4\"><span style=\"font-size:14pt\">Rud eile a chuireann d\u00e9istean ormsa isea na ceisteanna amaideacha a chuireann l\u00e1ithreoir\u00ed \u00e1irithe ar a lucht \u00e9isteachta.<\/span><\/p><p style=\"text-align:justify;margin-top:0pt;padding-top:0;margin-bottom:0pt;padding-bottom:0;line-height:2.4\"><span style=\"font-size:14pt\">Bheul! Nach minic a chuirtear ceist amaideach ar an lucht f\u00e9achana ar chl\u00e1r teilif\u00edse, agus duais m\u00edle Euro ag dul don t\u00e9 a bhuann an crannchur seo, n\u00f3 t\u00e1\u2019s ag an saol, gur chrannchur i mbr\u00e9agriocht at\u00e1 sna com\u00f3rtais ch\u00e9anna sin. <\/span><\/p><p style=\"text-align:justify;margin-top:0pt;padding-top:0;margin-bottom:0pt;padding-bottom:0;line-height:2.4\"><span style=\"font-size:14pt\">C\u00e9ard faoi\u2019n gcine\u00e1l seo ceiste..<\/span><\/p><p style=\"text-align:justify;margin-top:0pt;padding-top:0;margin-bottom:0pt;padding-bottom:0;line-height:2.4\"><strong><span style=\"font-size:14pt\"><em>C\u00e9n t-ainm a thugtar ar dhuine a rugadh, a t\u00f3gadh, agus a mhaireann, sa t\u00edr seo \u2018gainne?<\/em><\/span><\/strong><span style=\"font-size:14pt\">  Roghnaigh ceann amh\u00e1in de na freagra\u00ed seo a leanas&#8230;&#8230;..(a)  <\/span><strong><span style=\"font-size:14pt\">Gael:<\/span><\/strong><span style=\"font-size:14pt\">. (b)  <\/span><strong><span style=\"font-size:14pt\">Sasanach<\/span><\/strong><span style=\"font-size:14pt\">. n\u00f3 (c)  <\/span><strong><span style=\"font-size:14pt\">Albanach<\/span><\/strong><span style=\"font-size:14pt\">.<\/span><\/p><p style=\"text-align:justify;margin-top:0pt;padding-top:0;margin-bottom:0pt;padding-bottom:0;line-height:2.4;font-size:14pt\">   N\u00edl i nd\u00e1ir\u00edre i gcom\u00f3rtais d\u00e1 leith\u00e9id ach dallamull\u00f3g, n\u00f3 is \u00e9 at\u00e1 \u00e1 dh\u00e9anamh iontu, n\u00f3 bob \u00e1 bhualadh acu ar na h\u00fadar\u00e1is, sa mh\u00e9id go ligeann siad orthu go bhfuil scil riachtanach le ceisteanna d\u00e1 leith\u00e9id a fhreagairt. N\u00ed com\u00f3rtas ceart at\u00e1 i gceist ina leith\u00e9id de ch\u00e1s, n\u00f3 is \u00e9 at\u00e1 ann, n\u00f3 chrannchur, mar bheinn ag ceapadh, go mbeadh an freagra ceart ag chuile iarrth\u00f3ir. Conas a phioctar an buaiteoir, m\u00e1 sea?  Tr\u00ed chrannchur, \u2019deile?<\/p><p style=\"text-align:justify;margin-top:0pt;padding-top:0;margin-bottom:0pt;padding-bottom:0;line-height:2.4\"><span style=\"font-size:14pt\">Ach, is d\u00f3cha nach bhfuil s\u00e9 ceadmhach crannchur a rith gan chead\u00fanas! \u00d3! Bhuel! Cuir s\u00edoda ar ghabhar&#8230;&#8230;&#8230;.<\/span><\/p><p style=\"text-align:center;margin-top:0pt;padding-top:0;margin-bottom:0pt;padding-bottom:0;line-height:2.4\"><span style=\"height:1em\"><span>.<\/span><\/span><\/p><p style=\"text-align:center;margin-top:0pt;padding-top:0;margin-bottom:0pt;padding-bottom:0;line-height:2.4\"><span style=\"height:1em\"><span>.<\/span><\/span><\/p><p style=\"text-align:center;margin-top:0pt;padding-top:0;margin-bottom:0pt;padding-bottom:0;line-height:2.4\"><span style=\"height:1em\"><span>.<\/span><\/span><\/p><p style=\"text-align:center;margin-top:0pt;padding-top:0;margin-bottom:0pt;padding-bottom:0;line-height:2.4\"><span style=\"height:1em\"><span>.<\/span><\/span><\/p><p style=\"text-align:center;margin-top:0pt;padding-top:0;margin-bottom:0pt;padding-bottom:0;line-height:2.4\"><span style=\"height:1em\"><span>.<\/span><\/span><\/p><p style=\"text-align:center;margin-top:0pt;padding-top:0;margin-bottom:0pt;padding-bottom:0;line-height:2.4\"><span style=\"height:1em\"><span>.<\/span><\/span><\/p><p style=\"text-align:center;margin-top:0pt;padding-top:0;margin-bottom:0pt;padding-bottom:0;line-height:2.4\"><span style=\"height:1em\"><span>.<\/span><\/span><\/p><p style=\"text-align:center;margin-top:0pt;padding-top:0;margin-bottom:0pt;padding-bottom:0;line-height:2.4\"><span style=\"height:1em\"><span>.<\/span><\/span><\/p><p style=\"text-align:center;margin-top:0pt;padding-top:0;margin-bottom:0pt;padding-bottom:0;line-height:2.4\"><span style=\"height:1em\"><span>.<\/span><\/span><\/p><p style=\"text-align:center;margin-top:0pt;padding-top:0;margin-bottom:0pt;padding-bottom:0;line-height:2.4\"><span style=\"height:1em\"><span>.<\/span><\/span><\/p><p style=\"text-align:center;margin-top:0pt;padding-top:0;margin-bottom:0pt;padding-bottom:0;line-height:2.4\"><strong><span style=\"font-size:18pt\">N\u00f3sanna labhartha<\/span><\/strong><\/p><p style=\"text-align:justify;margin-top:0pt;padding-top:0;margin-bottom:0pt;padding-bottom:0;line-height:2.4\"><span style=\"font-size:14pt\">N\u00ed g\u00e1 a r\u00e1, go bhfuil tuilleadh geaits\u00ed a chuireann le b\u00e1in\u00ed m\u00e9, agus m\u00e9 ag breathn\u00fa ar an dteilif\u00eds, gan tr\u00e1cht in aonchor orthu si\u00fad, a labhra\u00edonn chomh tapaidh sin, nach bhf\u00e9adfadh duine ar bith, n\u00f3 fi\u00fa an p\u00faca fh\u00e9in, aon scil a bhaint as a bhfuil idir cham\u00e1in acu. Tuigtear d\u00f3ibh si\u00fad go bhfuil dualgas orthu <\/span><span style=\"font-size:14pt\">na focail a scaoileadh i dtreo a lucht \u00e9isteachta, faoi mar ba phil\u00e9ir as ineall-ghunna iad.<\/span><\/p><p style=\"text-align:justify;margin-top:0pt;padding-top:0;margin-bottom:0pt;padding-bottom:0;line-height:2.4\"><span style=\"font-size:14pt\">Agus mar bhuille scoir, c\u00e9ard faoi na l\u00e1ithreoir\u00ed a dh\u00e9anann chuile iarracht ar a lucht \u00e9isteachta a spreagadh i dtreo \u00e9ir\u00ed amach, n\u00f3 l\u00e9irsithe, n\u00f3 gn\u00edomhartha clampair? agus t\u00e1 a leith\u00e9id\u00ed ann! N\u00ed chuige sin a fhosta\u00edtear iad. N\u00ed le m\u00ed-sh\u00e1samh, n\u00f3 le m\u00ed-ord\u00fa, n\u00f3 le r\u00ed-r\u00e1, a leathadh i measc an phobail a roghna\u00edodh iad lena bpostanna dea-ioncaim a l\u00edonadh; ach le caitheamh aimsire, le siamsa, agus le heolas ar ch\u00fars<\/span><span style=\"font-size:14pt\">a\u00ed an tsaoil, a leathadh i measc an phobail. Sea, mh\u2019anam, agus n\u00ed g\u00e1 dul le g\u00e1irsi\u00falacht, le dr\u00faisi\u00falacht, n\u00f3 le h\u00fas\u00e1id an <\/span><strong><span style=\"font-size:14pt\">F M\u00f3r<\/span><\/strong><span style=\"font-size:14pt\"> fh\u00e9in, leis na haidhmeanna sin a thabhairt chun cr\u00edche. <\/span><\/p><p style=\"text-align:justify;margin-top:0pt;padding-top:0;margin-bottom:0pt;padding-bottom:0;line-height:2.4\"><span style=\"font-size:14pt\">Sonas oraibh!<\/span><\/p>","protected":false},"excerpt":{"rendered":"<p>I mB\u00e9al an Phobail Peadar Bair\u00e9ad Caighde\u00e1n agus Teilif\u00eds Nach minic a chloiseann muid daoine \u00f3ga, ach go h\u00e1irithe, ag ma\u00edomh gur chuala siad seo, n\u00f3 go bhfaca siad si\u00fad, ar an teilif\u00eds, agus sin \u00e1 dhearbh\u00fa acu, faoi mar ba chruth\u00fa \u00fadar\u00e1sach \u00e9 sin go raibh an ceart acusan, toisc go bhf\u00e9adfaid\u00eds an teilif\u00eds [&hellip;]<\/p>\n","protected":false},"author":2,"featured_media":13435,"comment_status":"open","ping_status":"open","sticky":false,"template":"","format":"standard","meta":{"nf_dc_page":"","_et_pb_use_builder":"","_et_pb_old_content":"","_et_gb_content_width":"","footnotes":""},"categories":[1],"tags":[],"class_list":["post-12841","post","type-post","status-publish","format-standard","has-post-thumbnail","hentry","category-gan-chatagoir"],"_links":{"self":[{"href":"https:\/\/mickgb.com\/en\/wp-json\/wp\/v2\/posts\/12841","targetHints":{"allow":["GET"]}}],"collection":[{"href":"https:\/\/mickgb.com\/en\/wp-json\/wp\/v2\/posts"}],"about":[{"href":"https:\/\/mickgb.com\/en\/wp-json\/wp\/v2\/types\/post"}],"author":[{"embeddable":true,"href":"https:\/\/mickgb.com\/en\/wp-json\/wp\/v2\/users\/2"}],"replies":[{"embeddable":true,"href":"https:\/\/mickgb.com\/en\/wp-json\/wp\/v2\/comments?post=12841"}],"version-history":[{"count":1,"href":"https:\/\/mickgb.com\/en\/wp-json\/wp\/v2\/posts\/12841\/revisions"}],"predecessor-version":[{"id":12842,"href":"https:\/\/mickgb.com\/en\/wp-json\/wp\/v2\/posts\/12841\/revisions\/12842"}],"wp:featuredmedia":[{"embeddable":true,"href":"https:\/\/mickgb.com\/en\/wp-json\/wp\/v2\/media\/13435"}],"wp:attachment":[{"href":"https:\/\/mickgb.com\/en\/wp-json\/wp\/v2\/media?parent=12841"}],"wp:term":[{"taxonomy":"category","embeddable":true,"href":"https:\/\/mickgb.com\/en\/wp-json\/wp\/v2\/categories?post=12841"},{"taxonomy":"post_tag","embeddable":true,"href":"https:\/\/mickgb.com\/en\/wp-json\/wp\/v2\/tags?post=12841"}],"curies":[{"name":"wp","href":"https:\/\/api.w.org\/{rel}","templated":true}]}}