{"id":12843,"date":"2017-04-04T11:00:00","date_gmt":"2017-04-04T11:00:00","guid":{"rendered":"https:\/\/mickgb.com\/?p=12843"},"modified":"2024-04-08T01:06:46","modified_gmt":"2024-04-08T01:06:46","slug":"i-mbeal-an-phobail-seo-siud-agus-eile","status":"publish","type":"post","link":"https:\/\/mickgb.com\/en\/i-mbeal-an-phobail-seo-siud-agus-eile\/","title":{"rendered":"I mB\u00e9al an Phobail seo, siud agus eile"},"content":{"rendered":"<p style=\"text-align:center;margin-top:0pt;padding-top:0;margin-bottom:0pt;padding-bottom:0;line-height:2.4;font-weight:bold;font-size:24pt\">I mB\u00e9al an Phobail<\/p><p style=\"margin-top:0pt;padding-top:0;margin-bottom:0pt;padding-bottom:0;line-height:2.4;font-size:14pt\">Peadar Bair\u00e9ad<\/p><h1 style=\"text-align:center;margin-top:0pt;padding-top:0;margin-bottom:0pt;padding-bottom:0;line-height:2.4;font-weight:bold;font-size:18pt\">Seo, Si\u00fad, agus Eile\u2026<\/h1><p style=\"text-align:justify;margin-top:0pt;padding-top:0;margin-bottom:0pt;padding-bottom:0;line-height:2.4;font-size:14pt\">Minic a iarrtar orm, conas a fhaighim \u00e1bhar, chuile sheachtain, don chol\u00fan sp\u00e9isi\u00fail! seo? Bhuel, n\u00edl s\u00e9 chomh deacair sin ar fad, n\u00f3 nach mb\u00edonn an saol ag bogadh thart, \u00f3 l\u00e1 go ch\u00e9ile, agus nach mb\u00edonn a sc\u00e9al fh\u00e9in le hinsint d\u00fainn ag chuile l\u00e1 d\u00e1 dtagann, agus mar sin b\u00edonn sc\u00e9al le hinsint ag chuile l\u00e1 acu, gan tr\u00e1cht in aon chor ar chuile sheachtain!  N\u00ed h-\u00edseal n\u00e1 h-uasal, ach th\u00edos seal agus thuas seal, adeir an seanfhocal, agus nach deacair an nath cainte c\u00e9anna sin a sh\u00e1r\u00fa, n\u00f3 nuair a bhreathna\u00edonn t\u00fa ar an saol m\u00f3r thart ort, feicfidh t\u00fa na hathruithe ag teacht sna s\u00e1la ag a ch\u00e9ile, agus chuile dhuine ag f\u00e1il a sheal sa diallait, mar ad\u00e9arf\u00e1. <\/p><p style=\"text-align:center;margin-top:0pt;padding-top:0;margin-bottom:0pt;padding-bottom:0;line-height:2.4;font-size:14pt\"><strong><span style=\"font-size:18pt\">Showboards<\/span><\/strong><\/p><p style=\"text-align:justify;margin-top:0pt;padding-top:0;margin-bottom:0pt;padding-bottom:0;line-height:2.4;font-size:14pt\">Breathnaigh ar shr\u00e1id ar bith, i mbaile m\u00f3r, n\u00f3 i gcathair, \u00f3 cheann ceann na t\u00edre seo, agus tabhair faoi deara, na hathruithe at\u00e1 tagtha ar ainmneacha na siopa\u00ed le sc\u00f3r bliain anuas, n\u00f3 le deich mbliain anuas fi\u00fa, agus cuirfidh s\u00e9 ionadh ort chomh tapaidh is athra\u00edonn c\u00farsa\u00ed d\u00e1 leith\u00e9id. Nuair a bh\u00ed mise i mo ghas\u00far, agus m\u00e9 ag si\u00fal suas Pr\u00edomhshr\u00e1id Bh\u00e9al an Mhuirthead, tuigeadh dom gur mar sin a bh\u00ed \u00f3 th\u00fas, agus gur mar sin a bheadh go L\u00e1 Philib a\u2019 Chleite. Bh\u00ed breall orm \u00e1fach, n\u00f3 nuair a shi\u00falaim suas an tSr\u00e1id ch\u00e9anna sin, sa l\u00e1 at\u00e1 inniu ann, feictear dom, gur bheag Cl\u00e1r siopa a iompra\u00edoann an t-ainm c\u00e9anna inniu is a d\u2019iompair siad, breis  is tr\u00ed sc\u00f3r \u00f3 shoin. Sea, n\u00edl dabht ar domhan, ach go mb\u00edonn an saol m\u00f3r ag s\u00edorathr\u00fa, agus go bhfaigheann chuile dhuine a thr\u00e1th thuas, ar a sheal. Agus nach cuimhin linn uilig, an tseanr\u00e1 eile \u00fad adeir, nach bhfuil ach tr\u00ed ghl\u00fan \u00f3 r\u00ed go r\u00e1mhainn. Sea mh\u2019anam! N\u00ed h-\u00edseal na h-uasal, ach th\u00edos seal, is thuas seal.<\/p><h1 style=\"text-align:center;margin-top:0pt;padding-top:0;margin-bottom:0pt;padding-bottom:0;line-height:2.4;font-weight:bold;font-size:18pt\">Lisbon again!<\/h1><p style=\"text-align:justify;margin-top:0pt;padding-top:0;margin-bottom:0pt;padding-bottom:0;line-height:2.4\"><span style=\"font-size:14pt\">Le tamall anuas anois, n\u00ed raibh i mb\u00e9al an phobail ach Conradh Lisb\u00f3in, agus bh\u00ed na nuacht\u00e1in lom l\u00e1n le harg\u00f3int\u00ed, ag moladh d\u00fainn seo a dh\u00e9anamh, agus ag moladh d\u00fainn gan an rud eile a dh\u00e9anamh. V\u00f3t\u00e1il T\u00c1, adeireadh an dream seo, agus v\u00f3t\u00e1il N\u00cdL \u00e1 fh\u00f3gairt, in ard a gcinn is a ngutha, ag an mbu\u00edon \u00fad eile. Ba \u00e9 an sc\u00e9al c\u00e9anna \u00e9 ar an raidi\u00f3 agus ar an teilif\u00eds, go fi\u00fa, n\u00e1r sheol dream amh\u00e1in Dustin, an Turca\u00ed sl\u00f3chtach, scrogallach, \u00fad, amach os comhair an phobail, agus \u00e9 ag agairt ar dhaoine di\u00falt\u00fa don<\/span><span style=\"font-size:14pt\"> gConradh. Ar an dtaobh eile den sc\u00e9al, cuireadh daoine aithnidi\u00fala, c\u00e1ili\u00fala os \u00e1r gcomhair amach, le cur ar \u00e1r s\u00faile d\u00fainn, gur ch\u00f3ir d\u00fainn glacadh leis an gConradh c\u00e9anna sin. Ach, tr\u00edd an fur\u00fa go l\u00e9ir sin, thug m\u00e9 fh\u00e9in faoi deara, go raibh athr\u00fa ollmh\u00f3r tagtha ar mhodhanna canbhas\u00e1la, fan an bh\u00f3thair s\u2019againne, le linn an fheachtais toghch\u00e1na\u00edochta seo.<\/span><\/p><h1 style=\"text-align:center;margin-top:0pt;padding-top:0;margin-bottom:0pt;padding-bottom:0;line-height:2.4;font-weight:bold;font-size:18pt\">T\u00c1 or N\u00cdL<\/h1><p style=\"text-align:justify;margin-top:0pt;padding-top:0;margin-bottom:0pt;padding-bottom:0;line-height:2.4\"><span style=\"font-size:14pt\">C\u00e9\u2019n t-athr\u00fa at\u00e1 i gceist agam, an ea? <\/span><\/p><p style=\"text-align:justify;margin-top:0pt;padding-top:0;margin-bottom:0pt;padding-bottom:0;line-height:2.4\"><span style=\"font-size:14pt\">Ba \u00e9 a thug m\u00e9 fh\u00e9in faoi deara, n\u00f3 n\u00e1r th\u00e1inig duine n\u00e1 deora\u00ed chun an dorais chugam, ag iarraidh orm taobh\u00fa le T\u00c1, n\u00f3 glacadh le N\u00cdL. S\u00edlim go n-aont\u00f3dh duine ar bith liom, gur athr\u00fa ollmh\u00f3r, amach is amuigh, \u00e9 sin. Anuas go dt\u00ed an pointe seo, tuigeadh do dhaoine nach raibh bealach n\u00edos fearr, le dul i gcionn ar an bpobal, n\u00f3 bualadh leo ar thairseach a dt\u00ed fh\u00e9in, sea agus l\u00e1mh a chraitheadh leo, n\u00f3 fi\u00fa le leanbh a ph\u00f3gadh, nuair a d\u2019fh\u00e9adfadh polaiteoir sin a dh\u00e9anamh, gan aon mh\u00edthuiscint. An babhta se<\/span><span style=\"font-size:14pt\">o, \u00e1fach, n\u00edor dhorchaigh polaiteoir, \u00f3 thaobh amh\u00e1in, n\u00f3 \u00f3n dtaobh eile, n\u00edor dhorchaigh siad mo dhoras, le linn an fheachtas toghch\u00e1na\u00edochta ar fad! B\u2019fh\u00e9idir go mbeidh aif\u00e9ala orthu, amach anseo, n\u00f3 mura n-\u00e9irionn leat daoine a spreagadh, agus a mhisni\u00fa, lena ndualgas daonlathach a choimhl\u00edonadh, seans go mbeidh uimhir na v\u00f3t\u00f3ir\u00ed gann go maith.<\/span><\/p><p style=\"text-align:center;margin-top:0pt;padding-top:0;margin-bottom:0pt;padding-bottom:0;line-height:2.4\"><strong><span style=\"font-size:18pt\">Internetting!<\/span><\/strong><\/p><p style=\"text-align:justify;margin-top:0pt;padding-top:0;margin-bottom:0pt;padding-bottom:0;line-height:2.4\"><span style=\"font-size:14pt\">N\u00ed dh\u00e9anfaidh m\u00e9 tagairt ach d\u2019athr\u00fa amh\u00e1in eile at\u00e1 tagtha ar ch\u00farsa\u00ed, le tamall anuas, athr\u00fa a athr\u00f3idh c\u00farsa\u00ed, \u00f3 bhonn, m\u00e1 leantar leo, sna laethe at\u00e1 romhainn amach.<\/span><\/p><p style=\"text-align:justify;margin-top:0pt;padding-top:0;margin-bottom:0pt;padding-bottom:0;line-height:2.4\"><span style=\"font-size:14pt\">Cad iad na hathruithe at\u00e1 i gceist agam anseo, an ea?<\/span><\/p><p style=\"text-align:justify;margin-top:0pt;padding-top:0;margin-bottom:0pt;padding-bottom:0;line-height:2.4\"><span style=\"font-size:14pt\">T\u00e1 seo. Go bhfuil na polaiteoir\u00ed imithe anois i mbun an idirl\u00edn, lena dtuairim\u00ed a leathadh i measc an phobail, agus leis an bpobal a mhealladh, lena ndearcadhsan ar ch\u00farsa\u00ed polait\u00edochta a ghlacadh. N\u00edl dabht ar domhan, ach go n-athr\u00f3idh sin c\u00farsa\u00ed polait\u00edochta na t\u00edre seo, bun os cionn ar fad, mar n\u00ed hionann, in aon chor, <\/span><span style=\"font-size:14pt\">p\u00edosa a l\u00e9amh ar an idirl\u00edon, agus casadh leis an nduine aonair ar thairseach a th\u00ed fh\u00e9in. <\/span><\/p><p style=\"text-align:justify;margin-top:0pt;padding-top:0;margin-bottom:0pt;padding-bottom:0;line-height:2.4\"><span style=\"font-size:14pt\">B\u2019fh\u00e9idir gur ch\u00f3ir dom a insint anseo, go bhfuil an p\u00edosa seo \u00e1 scr\u00edobh agam ar an 14\u00fa, Meitheamh na bliana seo, dh\u00e1 l\u00e1 i ndiaidh L\u00e1 an Reifrinn\u2026\u2026\u2026\u2026<\/span><\/p><h1 style=\"text-align:center;margin-top:0pt;padding-top:0;margin-bottom:0pt;padding-bottom:0;line-height:2.4;font-weight:bold;font-size:18pt\">Postscript<\/h1><p style=\"text-align:justify;margin-top:0pt;padding-top:0;margin-bottom:0pt;padding-bottom:0;line-height:2.4\"><span style=\"text-decoration:underline;font-size:14pt\">Seo an tr\u00ed\u00fa l\u00e1 dI\u00fail<\/span><span style=\"font-size:14pt\"> agus an iarscr\u00edbhinn seo a scr\u00edobh agam, agus nach suimi\u00fail anois, go bhfuil Uachtar\u00e1n na P\u00f3lainne agus Uachtar\u00e1n na Gearm\u00e1ine ag tac\u00fa le pobal na h\u00c9ireann, sa mh\u00e9id, go bhfuil leisce orthu beirt, Conradh Lisboa a dhaingni\u00fa, i bhfianaise dhi\u00falt\u00fa na n\u00c9ireannach. M\u00f3r an difir idir a ndearcadhsan agus dearcadh Pharlaimint na dt\u00edortha sin, a bheadh l\u00e1n-ts\u00e1sta chuile bhr\u00fa a chur ar an dt\u00edr\u00edn s\u2019againne, leis an gConradh c\u00e9anna sin a dhaingni\u00fa, n\u00f3, le sinn a imeall\u00fa, mura mbeadh muid s\u00e1sta d\u00e9anamh faoi mar ba mhi<\/span><span style=\"font-size:14pt\">an leosan.  Bhuel, nach fearr cara sa ch\u00fairt n\u00f3 bonn sa spar\u00e1n, mar adeireadh an tseandream, fad\u00f3!!!<\/span><\/p>","protected":false},"excerpt":{"rendered":"<p>I mB\u00e9al an Phobail Peadar Bair\u00e9ad Seo, Si\u00fad, agus Eile\u2026 Minic a iarrtar orm, conas a fhaighim \u00e1bhar, chuile sheachtain, don chol\u00fan sp\u00e9isi\u00fail! seo? Bhuel, n\u00edl s\u00e9 chomh deacair sin ar fad, n\u00f3 nach mb\u00edonn an saol ag bogadh thart, \u00f3 l\u00e1 go ch\u00e9ile, agus nach mb\u00edonn a sc\u00e9al fh\u00e9in le hinsint d\u00fainn ag chuile [&hellip;]<\/p>\n","protected":false},"author":2,"featured_media":13435,"comment_status":"open","ping_status":"open","sticky":false,"template":"","format":"standard","meta":{"nf_dc_page":"","_et_pb_use_builder":"","_et_pb_old_content":"","_et_gb_content_width":"","footnotes":""},"categories":[1],"tags":[],"class_list":["post-12843","post","type-post","status-publish","format-standard","has-post-thumbnail","hentry","category-gan-chatagoir"],"_links":{"self":[{"href":"https:\/\/mickgb.com\/en\/wp-json\/wp\/v2\/posts\/12843","targetHints":{"allow":["GET"]}}],"collection":[{"href":"https:\/\/mickgb.com\/en\/wp-json\/wp\/v2\/posts"}],"about":[{"href":"https:\/\/mickgb.com\/en\/wp-json\/wp\/v2\/types\/post"}],"author":[{"embeddable":true,"href":"https:\/\/mickgb.com\/en\/wp-json\/wp\/v2\/users\/2"}],"replies":[{"embeddable":true,"href":"https:\/\/mickgb.com\/en\/wp-json\/wp\/v2\/comments?post=12843"}],"version-history":[{"count":1,"href":"https:\/\/mickgb.com\/en\/wp-json\/wp\/v2\/posts\/12843\/revisions"}],"predecessor-version":[{"id":12844,"href":"https:\/\/mickgb.com\/en\/wp-json\/wp\/v2\/posts\/12843\/revisions\/12844"}],"wp:featuredmedia":[{"embeddable":true,"href":"https:\/\/mickgb.com\/en\/wp-json\/wp\/v2\/media\/13435"}],"wp:attachment":[{"href":"https:\/\/mickgb.com\/en\/wp-json\/wp\/v2\/media?parent=12843"}],"wp:term":[{"taxonomy":"category","embeddable":true,"href":"https:\/\/mickgb.com\/en\/wp-json\/wp\/v2\/categories?post=12843"},{"taxonomy":"post_tag","embeddable":true,"href":"https:\/\/mickgb.com\/en\/wp-json\/wp\/v2\/tags?post=12843"}],"curies":[{"name":"wp","href":"https:\/\/api.w.org\/{rel}","templated":true}]}}