{"id":12869,"date":"2017-04-04T11:00:00","date_gmt":"2017-04-04T11:00:00","guid":{"rendered":"https:\/\/mickgb.com\/?p=12869"},"modified":"2024-04-08T01:24:43","modified_gmt":"2024-04-08T01:24:43","slug":"i_m-noibhiseach-dom-sna-daichidi-4","status":"publish","type":"post","link":"https:\/\/mickgb.com\/en\/i_m-noibhiseach-dom-sna-daichidi-4\/","title":{"rendered":"I_m N\u00f3ibh\u00edseach dom sna Daichid\u00ed  4"},"content":{"rendered":"<p style=\"text-align:center;margin-top:0pt;padding-top:0;margin-bottom:0pt;padding-bottom:0;line-height:1.8;font-size:12pt\"><strong><span style=\"font-size:26pt\">I\u2019m N\u00f3ibh\u00edseach dom sna Daichid\u00ed   4<\/span><\/strong><\/p><p style=\"margin-top:0pt;padding-top:0;margin-bottom:0pt;padding-bottom:0;line-height:1.8;font-size:12pt\">Peadar Bair\u00e9ad<\/p><p style=\"text-align:center;margin-top:0pt;padding-top:0;margin-bottom:0pt;padding-bottom:0;line-height:1.8;font-size:12pt\"><strong><span style=\"font-size:14pt\"><em>(This week we continue to recal<\/em><\/span><span style=\"font-size:14pt\"><em>l memories from Novitiate Days.)<\/em><\/span><\/strong><\/p><p style=\"text-align:justify;margin-top:0pt;padding-top:0;margin-bottom:0pt;padding-bottom:0;line-height:1.8;font-size:12pt\"><span style=\"height:1em\"><span>.<\/span><\/span><\/p><p style=\"text-align:center;margin-top:0pt;padding-top:0;margin-bottom:0pt;padding-bottom:0;line-height:1.8;font-size:12pt\"><strong><span style=\"font-size:18pt\">C\u00farsa Spiorad\u00e1<\/span><span style=\"font-size:18pt\">lta Triocha L<\/span><span style=\"font-size:18pt\">\u00e1<\/span><span style=\"font-size:18pt\">!<\/span><\/strong><\/p><p style=\"text-align:justify;margin-top:0pt;padding-top:0;margin-bottom:0pt;padding-bottom:0;line-height:1.8;font-size:12pt\">Nuair a bhi an <span style=\"font-size:14pt\">c\u00farsa spiorad\u00e1lta<\/span><span style=\"font-size:14pt\"> \u2018Triocha L<\/span><span style=\"font-size:14pt\">a\u2019 sin cr\u00ed<\/span><span style=\"font-size:14pt\">ochnaithe, bh\u00ed seal  saoire ag<\/span><span style=\"font-size:14pt\">ainn, Th\u00e9imis ag sn\u00e1mh go minic<\/span><span style=\"font-size:14pt\"> n\u00f3 bh\u00ed an fharraige an-ch\u00f3ngarach d\u00fa<\/span><span style=\"font-size:14pt\">inn<\/span><span style=\"font-size:14pt\">. <\/span><span style=\"font-size:14pt\">Ar \u00e1r mbealach abhaile, tr<\/span><span style=\"font-size:14pt\">\u00e1thn\u00f3na amh\u00e1in, chualamar<\/span><span style=\"font-size:14pt\"> eitle\u00e1<\/span><span style=\"font-size:14pt\">n<\/span><span style=\"font-size:14pt\"> chugainn<\/span><span style=\"font-size:14pt\"> isteach thar Chuan na Gaillimhe.  Bh\u00ed s\u00ed ag eitilt an-\u00ed<\/span><span style=\"font-size:14pt\">seal, agus na rotha\u00ed th\u00edos aici,<\/span><span style=\"font-size:14pt\"> agus an ch\u00e9ad rud eil<\/span><span style=\"font-size:14pt\">e, bh\u00ed s\u00ed ag r\u00e9abadh a sl\u00ed tr\u00ed bh<\/span><span style=\"font-size:14pt\">alla\u00ed cloiche agus p\u00e1irc\u00ed<\/span><span style=\"font-size:14pt\">n\u00ed<\/span><span style=\"font-size:14pt\">.  Ar deireadh thiar<\/span><span style=\"font-size:14pt\">, stop s\u00ed, tar \u00e9is do<\/span><span style=\"font-size:14pt\"> na b<\/span><span style=\"font-size:14pt\">alla\u00ed cloiche sin na hinnill a str\u00f3<\/span><span style=\"font-size:14pt\">iceadh aisti, agus<\/span><span style=\"font-size:14pt\"> a b<\/span><span style=\"font-size:14pt\">olg a r\u00e9abadh<\/span><span style=\"font-size:14pt\">.<\/span><span style=\"font-size:14pt\"> Chuamar de ruaig reatha chun an eitle\u00e1in<\/span><span style=\"font-size:14pt\"> sin, agus b\u2019uaf\u00e1sach an feic<\/span><span style=\"font-size:14pt\"> a chonaiceamar,  T<\/span><span style=\"font-size:14pt\">ri\u00far<\/span><span style=\"font-size:14pt\"> a bh\u00ed de chri\u00fa ar an eitle\u00e1n sin<\/span><span style=\"font-size:14pt\">. N<\/span><span style=\"font-size:14pt\">\u00ed raibh \u00e9inne<\/span><span style=\"font-size:14pt\"> <\/span><span style=\"font-size:14pt\">acu marbh, ach mura raibh fh\u00e9in<\/span><span style=\"font-size:14pt\"> b\u2019olc an<\/span><span style=\"font-size:14pt\"> crot a bh\u00ed orthu <\/span><span style=\"font-size:14pt\">.  Bh\u00ed siad gortaithe go dona<\/span><span style=\"font-size:14pt\">, agus iad cl\u00fadaithe le fuil,<\/span><span style=\"font-size:14pt\"> ach<\/span><span style=\"font-size:14pt\"> rinneadar cinnte de, nach ligf\u00ed \u00e9inne d\u00ednne isteach i gc\u00e1b\u00e1n an phiol\u00f3ta, cib\u00e9 ciste a bh<\/span><span style=\"font-size:14pt\">\u00ed \u00e1 iompar acu, sa ch\u00e1b\u00e1n<\/span><span style=\"font-size:14pt\"> sin.  D\u2019iarradar orainne cabhair<\/span><span style=\"font-size:14pt\"> a fh\u00e1il d\u00f3ibh, rud a rinneamar.<\/span><span style=\"font-size:14pt\"> Th\u00e1inig na garda\u00ed, gan m\u00f3r\u00e1n moille, agus rinneadarsan a raibh le d\u00e9anamh acu, agus thugamarna an Col\u00e1iste orainn fh\u00e9in, ach n\u00ed gan chuimhneach\u00e1n a d\u2019im\u00edomar.  Th\u00f3gamar lann li\u00e1in an eitlle\u00e1in abhaile linn, go Cloughballymore, agus roinnt laethe ina dhiaidh sin, d\u2019\u00e9irigh linn an lann ch\u00e9anna sin a shocr\u00fa i gcoincr\u00e9it, in aice an Chol\u00e1iste, mar chuimhneach\u00e1n ar an eitle\u00e1n \u00fad, a thuairt in aice le cuan na Gaillimhe, sa bhliain sin 1946.  Ar aon n\u00f3s, d\u2019\u00e9irigh leis na heitleoir\u00ed c\u00e9anna sin na cosa a th<\/span><span style=\"font-size:14pt\">abhairt sl\u00e1n leo,<\/span><span style=\"font-size:14pt\"> agus cuireadh thar teorainn \u00f3 thuaidh iad, \u00e1it a raibh ar a gcumas, eitilt ar ais abhaile chuig na St\u00e1it Aontaithe ar\u00eds<\/span><span style=\"font-size:14pt\">,<\/span><span style=\"font-size:14pt\"> agus nach ait mar a fhanann a <\/span><span style=\"font-size:14pt\">gc<\/span><span style=\"font-size:14pt\">uimhne chomh glas sin liom, go dt\u00ed an l\u00e1 at\u00e1 inniu fh\u00e9in ann?  <\/span><\/p><p style=\"text-align:center;margin-top:0pt;padding-top:0;margin-bottom:0pt;padding-bottom:0;line-height:1.8;font-size:12pt\"><strong><span style=\"font-size:18pt\">Eachtra eile<\/span><\/strong><\/p><p style=\"text-align:justify;margin-top:0pt;padding-top:0;margin-bottom:0pt;padding-bottom:0;line-height:1.8;font-size:12pt\"><span style=\"font-size:14pt\">Ba mhaith liom tagairt a dh\u00e9anamh<\/span><span style=\"font-size:14pt\"> anseo<\/span><span style=\"font-size:14pt\"> d\u2019eachtra amh\u00e1in eile, a tha<\/span><span style=\"font-size:14pt\">rla domsa, an Samhradh s\u00e1mh sin. Mh\u00ednigh m\u00e9<\/span><span style=\"font-size:14pt\"> cheana, go raibh de n\u00f3s ag<\/span><span style=\"font-size:14pt\">ainn an fharraige<\/span><span style=\"font-size:14pt\"> a thabhairt orainn fh\u00e9in, bun\u00fas c<\/span><span style=\"font-size:14pt\">huile l\u00e1, i rith an tSamhraidh,<\/span><span style=\"font-size:14pt\"> <\/span><span style=\"font-size:14pt\">th\u00edos <\/span><span style=\"font-size:14pt\">ag<\/span><span style=\"font-size:14pt\"> an gc\u00e9ibh, in \u00e1it ar a dtugaid\u00ed<\/span><span style=\"font-size:14pt\">s \u201cTarrea\u201d, i mB\u00e9arla<\/span><span style=\"font-size:14pt\">.<\/span><span style=\"font-size:14pt\">  Bhuel,<\/span><span style=\"font-size:14pt\"> tharla l\u00e1 amh\u00e1in,<\/span><span style=\"font-size:14pt\"> nuair a chuaigh \u00e1r gcomr\u00e1daithe arais chun an Chol\u00e1iste, i ndiaidh doibh seal a chaitheamh ag sn\u00e1mh, d\u2019fhan m\u00e9 fh\u00e9in agus tri\u00far eile ina ndiaidh, ag an gc\u00e9ibh, n\u00f3 bh\u00ed f\u00fainn babhta b\u00e1d\u00f3ireachta a dh\u00e9anamh, linn fh\u00e9in, le cleachtadh a fh\u00e1il amuigh ar an ndomhain.  Bh\u00ed socraithe againn freisin, seal a chaitheamh ag iascaireacht sa bh\u00e1, n\u00f3 bh\u00ed na ronnaigh chomh fl\u00fairseach, an t-am sin, gur bheag nach l\u00e9imfe<\/span><span style=\"font-size:14pt\">adh siad isteach sa bh\u00e1d chugat!<\/span><span style=\"font-size:14pt\">  Bh\u00ed ceata\u00ed bheag sa sc\u00e9al \u00e1fach, n\u00f3 n\u00ed raibh leapacha iomartha n\u00f3 cnoga\u00ed ar bith againn, leis na c\u00e9asla\u00ed a choinne\u00e1il socair, le linn d\u00fainn bheith ag iomramh.<\/span><span style=\"font-size:14pt\">  C\u00e9ard a bh\u00ed le d\u00e9anamh againn<\/span><span style=\"font-size:14pt\"> \u00e1fach?  Theastaigh tr\u00e9imhse <\/span><span style=\"font-size:14pt\">b\u00e1d\u00f3ireachta uainn<\/span><span style=\"font-size:14pt\">, agus nach cuma n\u00f3 muc fear gan seift.  Bhuel, ba \u00e9 a shocraigh muid, n\u00f3 na ma<\/span><span style=\"font-size:14pt\">id\u00ed r\u00e1mha a cheangal le<\/span><span style=\"font-size:14pt\"> r\u00f3pa, ar \u00e1r mbealach trasna, agus ansin, tuigeadh d\u00fainn, go dtabharfadh na hiascair\u00ed thall ar an dtaobh eile den chuan, go dtabharfadh siad leapacha iomartha d\u00fainn, don turas ar ais.  Bh\u00ed go maith.  Bh\u00ed an b\u00e1 chomh ci\u00fain le p\u00e1na gloine, agus chuamar trasna gan aon r\u00f3-dheacracht.  Ach, n\u00ed mar a sh\u00edltear a bh\u00edtear, i gc\u00f3na\u00ed, agus ba \u00e9 an d\u00e1la c\u00e9anna sin againne \u00e9, n\u00f3 nuair a chuamar i dt\u00edr thall, agus nuair a thosa\u00edomar ag cuardach leapacha iomartha, n\u00f3 cnoga\u00ed, ba <\/span><span style=\"font-size:14pt\">sc\u00e9al eile ar fad \u00e9, n\u00f3 th\u00edos,<\/span><span style=\"font-size:14pt\"> thuas, thall<\/span><span style=\"font-size:14pt\">,<\/span><span style=\"font-size:14pt\"> n\u00f3 abhus, n\u00ed raibh f\u00e1il ar leapacha iomartha n\u00f3 cnoga\u00ed<\/span><span style=\"font-size:14pt\">.<\/span><span style=\"font-size:14pt\"> Is d\u00f3cha n\u00e1r tugadh m\u00f3r\u00e1n airde ora<\/span><span style=\"font-size:14pt\">inne, mic l\u00e9inn,<\/span><span style=\"font-size:14pt\">  Bh\u00ed an tr\u00e1thn\u00f3na ag dul i nd\u00e9ana\u00ed, agus tuigeadh d\u00fainn, gur ch\u00f3ir d\u00fainn aghaidh a thabhairt ar \u201cTarrea\u201d ar\u00eds, agus \u00e1r nd\u00edcheall a dh\u00e9anamh an tr\u00e1 thall sin a bhaint amach, ar ais n\u00f3 ar \u00e9igean.  Is d\u00f3cha gur tuigeadh d\u00fainn, ag an am, <\/span><span style=\"font-size:14pt\">nach raibh an dara rogha againn.<\/span><span style=\"font-size:14pt\">   Rinneamar amhlaidh, ach mo bhr\u00f3n is mo mhilleadh, mar adeireadh na sc\u00e9alaithe fad\u00f3, ba ghearr gur \u00e9irigh an ghaoth, agus gur<\/span><span style=\"font-size:14pt\"> t\u00f3igeadh an fharraige<\/span><span style=\"font-size:14pt\">!<\/span><span style=\"font-size:14pt\">  Ach, i ndeireadh na feide, bhaineamar an ch\u00e9 amach, agus muid scanraithe, s\u00e1raithe, suncaithe, go maith.  Rinneamar an b\u00e1d a fheisti\u00fa, mar ba ch\u00f3ir, agus <\/span><span style=\"font-size:14pt\">thugamar an b\u00f3thar go<\/span><span style=\"font-size:14pt\"> dt\u00ed an Col\u00e1iste orainn fh\u00e9in.<\/span><span style=\"font-size:14pt\"> N\u00ed call dom a r\u00e1 gur tugadh \u00edde na muc is na madra\u00ed d\u00fainn, ach tuigeadh do chuile dhuine againne, go raibh an sciollad\u00f3ireacht sin tuillte, agus tuillte go maith againn, agus d\u00e1 bhr\u00ed sin, n\u00edor d<\/span><span style=\"font-size:14pt\">h\u00fairt muid cat dubh, n\u00f3 cat b\u00e1n<\/span><span style=\"font-size:14pt\">,<\/span><span style=\"font-size:14pt\"> leis na hurar\u00e1is, a thug an l\u00e9asadh teanga sin d\u00fainn.  lig<\/span><span style=\"font-size:14pt\">eadh<\/span><span style=\"font-size:14pt\"> \u00e1r gcosa linn, ar choinn\u00edoll go bhfanfadh muid glan amach \u00f3 na b\u00e1id, fad is a bh\u00edomar ag freastal ar Chol\u00e1iste Chloughballymore.  Gheallamar d\u00f3 go bhfanfadh<\/span><span style=\"font-size:14pt\">, agus rinne! B<\/span><span style=\"font-size:14pt\">\u2019in deireadh leis an eachtra mh\u00ed-\u00e1mharach sin.  <\/span><\/p><p style=\"text-align:center;margin-top:0pt;padding-top:0;margin-bottom:0pt;padding-bottom:0;line-height:1.8;font-size:12pt\"><strong><span style=\"font-size:14pt\"><em>(Tuilleadh an tseachtain seo chugainn.)<\/em><\/span><\/strong><\/p>","protected":false},"excerpt":{"rendered":"<p>I\u2019m N\u00f3ibh\u00edseach dom sna Daichid\u00ed 4 Peadar Bair\u00e9ad (This week we continue to recall memories from Novitiate Days.) . C\u00farsa Spiorad\u00e1lta Triocha L\u00e1! Nuair a bhi an c\u00farsa spiorad\u00e1lta \u2018Triocha La\u2019 sin cr\u00edochnaithe, bh\u00ed seal saoire againn, Th\u00e9imis ag sn\u00e1mh go minic n\u00f3 bh\u00ed an fharraige an-ch\u00f3ngarach d\u00fainn. Ar \u00e1r mbealach abhaile, tr\u00e1thn\u00f3na amh\u00e1in, chualamar [&hellip;]<\/p>\n","protected":false},"author":2,"featured_media":13435,"comment_status":"open","ping_status":"open","sticky":false,"template":"","format":"standard","meta":{"nf_dc_page":"","_et_pb_use_builder":"","_et_pb_old_content":"","_et_gb_content_width":"","footnotes":""},"categories":[1],"tags":[],"class_list":["post-12869","post","type-post","status-publish","format-standard","has-post-thumbnail","hentry","category-gan-chatagoir"],"_links":{"self":[{"href":"https:\/\/mickgb.com\/en\/wp-json\/wp\/v2\/posts\/12869","targetHints":{"allow":["GET"]}}],"collection":[{"href":"https:\/\/mickgb.com\/en\/wp-json\/wp\/v2\/posts"}],"about":[{"href":"https:\/\/mickgb.com\/en\/wp-json\/wp\/v2\/types\/post"}],"author":[{"embeddable":true,"href":"https:\/\/mickgb.com\/en\/wp-json\/wp\/v2\/users\/2"}],"replies":[{"embeddable":true,"href":"https:\/\/mickgb.com\/en\/wp-json\/wp\/v2\/comments?post=12869"}],"version-history":[{"count":1,"href":"https:\/\/mickgb.com\/en\/wp-json\/wp\/v2\/posts\/12869\/revisions"}],"predecessor-version":[{"id":12870,"href":"https:\/\/mickgb.com\/en\/wp-json\/wp\/v2\/posts\/12869\/revisions\/12870"}],"wp:featuredmedia":[{"embeddable":true,"href":"https:\/\/mickgb.com\/en\/wp-json\/wp\/v2\/media\/13435"}],"wp:attachment":[{"href":"https:\/\/mickgb.com\/en\/wp-json\/wp\/v2\/media?parent=12869"}],"wp:term":[{"taxonomy":"category","embeddable":true,"href":"https:\/\/mickgb.com\/en\/wp-json\/wp\/v2\/categories?post=12869"},{"taxonomy":"post_tag","embeddable":true,"href":"https:\/\/mickgb.com\/en\/wp-json\/wp\/v2\/tags?post=12869"}],"curies":[{"name":"wp","href":"https:\/\/api.w.org\/{rel}","templated":true}]}}