{"id":12895,"date":"2017-04-04T11:00:00","date_gmt":"2017-04-04T11:00:00","guid":{"rendered":"https:\/\/mickgb.com\/?p=12895"},"modified":"2024-04-08T01:26:52","modified_gmt":"2024-04-08T01:26:52","slug":"is-sleamhain-iad-leacracha-an-ti-mhoir","status":"publish","type":"post","link":"https:\/\/mickgb.com\/en\/is-sleamhain-iad-leacracha-an-ti-mhoir\/","title":{"rendered":"Is sleamhain iad leacracha an T\u00ed Mh\u00f3ir."},"content":{"rendered":"<p style=\"text-align:justify;margin-top:0pt;padding-top:0;margin-bottom:0pt;padding-bottom:0;line-height:2.4;font-size:12pt\"><strong><span style=\"font-size:22pt\">Is sleamhain iad Leacracha an T\u00ed Mh\u00f3ir!<\/span><\/strong><\/p><p style=\"text-align:center;margin-top:0pt;padding-top:0;margin-bottom:0pt;padding-bottom:0;line-height:2.4;font-weight:bold;font-size:24pt\"><span style=\"height:1em\"><span>.<\/span><\/span><\/p><p style=\"margin-top:0pt;padding-top:0;margin-bottom:0pt;padding-bottom:0;line-height:2.4;font-size:14pt\">Peadar Bair\u00e9ad<\/p><p style=\"text-align:center;margin-top:0pt;padding-top:0;margin-bottom:0pt;padding-bottom:0;line-height:2.4;font-size:12pt\"><strong><span style=\"font-size:18pt\">Eorpaigh Mhaithe<\/span><\/strong><\/p><p style=\"text-align:justify;margin-top:0pt;padding-top:0;margin-bottom:0pt;padding-bottom:0;line-height:2.4;font-size:12pt\"><span style=\"font-size:14pt\">\u201c<\/span><span style=\"font-size:14pt\">In am an gh\u00e1tair a aithn\u00ed<\/span><span style=\"font-size:14pt\">tear na cairde<\/span><span style=\"font-size:14pt\">\u201d<\/span><span style=\"font-size:14pt\">, agus <\/span><span style=\"font-size:14pt\">\u201c<\/span><span style=\"font-size:14pt\">Is sleamhain iad leacracha an T\u00ed Mh\u00f3ir<\/span><span style=\"font-size:14pt\">\u201d<\/span><span style=\"font-size:14pt\">.<\/span><span style=\"font-size:14pt\"> Nach deacair na seanfhocla a sh\u00e1r\u00fa? Agus i gc\u00e1s an ph\u00e9ire thuas, is \u00e9 at\u00e1 idir cham\u00e1in acu, n\u00f3 chomh deacair is at\u00e1 s\u00e9 deighle\u00e1il le boic mh\u00f3ra, an tsaoil seo. Nach orainn uilig a bh\u00ed an deifir f\u00e1il isteach san Aonas Eorpach, a ch\u00e9aduair? Tuigeadh d\u00fainn, nach bhfeicfeadh muid l\u00e1 bocht ar\u00eds go br\u00e1ch, ach ceangal a dh\u00e9anamh le boic mh\u00f3ra an Aontais sin. <\/span><\/p><p style=\"text-align:justify;margin-top:0pt;padding-top:0;margin-bottom:0pt;padding-bottom:0;line-height:2.4;font-size:14pt\">Sea, agus sin mar a tharla i dtosach b\u00e1ire. D\u2019Infheistigh na hEorpaigh na billi\u00fain punt sa t\u00edr bhocht \u00e1rsa seo. Rinneamar chuile iarracht ar bheith in\u00e1r nEorpaigh mhaithe, sea, agus n\u00edor chaitheamar na puint Eorpacha sin go f\u00e1nach, faoi mar a tharla i gc\u00e1s t\u00edortha \u00e1irithe eile. Ach, le sc\u00e9al gairid a dh\u00e9anamh de, chuaigh eacnama\u00edocht na t\u00edre seo chun tosaigh de ruaig reatha d\u00e1 bharr, agus ba ghearr an mhoill go raibh muid feistithe thuas i measc t\u00edortha saibhre an domhain. <\/p><p style=\"text-align:center;margin-top:0pt;padding-top:0;margin-bottom:0pt;padding-bottom:0;line-height:2.4;font-size:12pt\"><strong><span style=\"font-size:18pt\">C\u00e1r imigh an sioc?<\/span><\/strong><\/p><p style=\"text-align:justify;margin-top:0pt;padding-top:0;margin-bottom:0pt;padding-bottom:0;line-height:2.4;font-size:12pt\"><span style=\"font-size:14pt\">Anois, b\u2019fh\u00e9idir gur tuigeadh d\u00fainn, nach bhfeicfeadh  muid braon fearthainne, n\u00f3 drochsh\u00edon, ar\u00eds go L\u00e1 Philip a\u2019 Chleite. Chaitheamar go r\u00e1bach, flaithi\u00fail<\/span><span style=\"font-size:14pt\">, agus d\u2019\u00e9irigh muid leithleach<\/span><span style=\"font-size:14pt\"> agus gar d\u00fainn fh\u00e9in. Rinneamar dearmad ar an <\/span><span style=\"font-size:14pt\">gcine ar d\u00edobh sinn, agus nuair a th\u00e1inig an c\u00fal\u00fa eacnama\u00edochta aniar aduaidh orainn, f\u00e1gadh muid ar an mbl\u00e1r folamh, agus muid ag fiafra\u00ed d\u00e1 ch\u00e9ile, C\u00e1r imigh an sioc?  Ach, bh\u00ed le\u00e1 ch\u00far na habhann tar \u00e9is teacht ar an saibhreas uilig, a cheapamar a<\/span><span style=\"font-size:14pt\"> bheith curtha i dtaisce againn<\/span><span style=\"font-size:14pt\"> le haghaidh l\u00e1 na coise tinne. <\/span><\/p><h1 style=\"text-align:center;margin-top:0pt;padding-top:0;margin-bottom:0pt;padding-bottom:0;line-height:2.4;font-weight:bold;font-size:18pt\">Cairde m\u00f3ra, adeir t\u00fa!<\/h1><p style=\"text-align:justify;margin-top:0pt;padding-top:0;margin-bottom:0pt;padding-bottom:0;line-height:2.4;font-size:12pt\"><span style=\"font-size:14pt\">C\u00e1 raibh na cairde m\u00f3ra a bh\u00ed ag baint na s\u00e1l d\u00e1 ch\u00e9ile bheith in\u00e1r gcomhluadar, tr\u00e1th raibh  muid ar dhruim na muice? Glanta leo, faoi mar a d\u2019imeodh slam de cheo. Bh\u00ed orainn c\u00fabadh chugainn, agus bh\u00ed orainn tos\u00fa ag comhaireamh na bpingneacha ar\u00eds. Sea, bh\u00ed muid bancbhriste, agus na billi\u00fain Eur\u00f3 ag Bainc agus ag Boic mh\u00f3ra an domhain orainn. An raibh leigheas ar \u00e1r ng\u00e9irch\u00e9im? Nuair a shuigh an Rialtas s\u2019againne s\u00edos, leis an sc\u00e9al sin a scr\u00fad\u00fa agus a fhiosr\u00fa, ba ghearr an mhoill gur tuigeadh d\u00f3ibh, nach raibh an dara su\u00ed sa bhuaile acu, ach dul, ina maoil, agus iasacht a lorg ar Bhanc L\u00e1ir an Ao<\/span><span style=\"font-size:14pt\">ntais Eorpaigh, agus \u00f3n IMF<\/span><span style=\"font-size:14pt\">. Bh\u00ed go maith! agus ar feadh tamaill, ligeadar orthu fh\u00e9in nach raibh f\u00fathu an beart sin a dh\u00e9anamh, ach i ndeireadh na d\u00e1la, b\u2019\u00e9igean d\u00f3ibh an cat a ligint as an m\u00e1la, agus ansin tuigeadh do mhadra\u00ed an bhaile, fi\u00fa, go raibh an t\u00edr s\u2019againne s\u00e1ite go dt\u00ed na cluasa i bhfiacha, agus ar an drochuair, nach raibh ar \u00e1r gcumas airgead a fh\u00e1il ar iasacht \u00f3 na gn\u00e1thfhoins\u00ed feasta. Thosaigh an mharg\u00e1nta\u00edocht, agus thosaigh na r\u00e1fla\u00ed ag dul sa timpeall ina loscadh sl\u00e9ibhe. Bh\u00ed \u00e1r neamhsple\u00e1chas i nd\u00e1il le bheith caillte againn. Bheadh cigir\u00ed \u00f3n ECB <\/span><span style=\"font-size:14pt\">agus \u00f3n IMF ag scr\u00fad\u00fa na leabha<\/span><span style=\"font-size:14pt\">r d\u00fainn feasta, agus n\u00ed <\/span><span style=\"font-size:14pt\">bheadh ionainne ach scl\u00e1bha<\/span><span style=\"font-size:14pt\">ithe d\u00f3ibh si\u00fad a thug an<\/span><span style=\"font-size:14pt\"> t-airgead ar iasacht d\u00fainn, a<\/span><span style=\"font-size:14pt\">gus gan \u00e1 shaothr\u00fa againn ach p<\/span><span style=\"font-size:14pt\">ingneacha f\u00e1nacha, rua. D\u00faradh seo, agus d\u00faradh si\u00fad, ach i ndeireadh na d\u00e1la, tugadh na billi\u00fain ar iasacht d\u00fainn, ar choinn\u00edollacha dochta, daingne, agus gheall an Rialtas<\/span><span style=\"font-size:14pt\"> s\u2019againne<\/span><span style=\"font-size:14pt\">, thar \u00e1r gceann, go gcoimhl\u00edonfa\u00ed na coinn\u00edollacha crua sin, go cruinn ceart, thar thr\u00e9imhse cheithre bliana.<\/span><\/p><p style=\"text-align:justify;margin-top:0pt;padding-top:0;margin-bottom:0pt;padding-bottom:0;line-height:2.4;font-size:12pt\"><strong><span style=\"font-size:18pt\">In am an gh\u00e1tair&#8230;..<\/span><\/strong><\/p><h1 style=\"text-align:justify;margin-top:0pt;padding-top:0;margin-bottom:0pt;padding-bottom:0;line-height:2.4;font-weight:bold;font-size:18pt\"><span style=\"font-size:14pt\">Tosa\u00edodh ansin ar na coinn\u00edollacha sin, agus an margadh a rinneadh, a scr\u00fad\u00fa, agus a phars\u00e1il go mion c\u00faramach, agus ba \u00e9 an chiall a bhain na saineolaithe as an obair sin go l\u00e9ir, n\u00f3 go n-aithn\u00edtear na cairde in am an gh\u00e1tair. Agus ag baint \u00fas\u00e1ide as an seanfhocal sin mar shlat tomhais, bh\u00ed le tuiscint againn, go mba chairde idir dh\u00e1 sh\u00edon iad, na cairde m\u00f3ra a bh\u00ed againn san Aontas, n\u00f3 n\u00ed raibh aon chuid den ar\u00e1n saor le f\u00e1il againn sa mhargadh a rinneadar linn. Ghearradar \u00fas s\u00e1ch ard ar na hiasachta\u00ed a ghealladar d\u00fainn, sa chaoi go mbeadh sochar \u00e1 dh\u00e9anamh ag an Aontas as cruach\u00e1s, agus as c\u00e9asadh, na t\u00edre seo. N\u00ed beart r\u00f3-chairdi\u00fail \u00e9 sin! Sea, agus chuathas n\u00edos faide n\u00e1 sin, n\u00f3 ba \u00e9 an port a bh\u00ed ag cuid de na cairde m\u00f3ra sin, n\u00f3 go gcaithf\u00ed deireadh a chur leis an gc\u00e1in \u00edseal chorpor\u00e1ideach a ghearrtar anseo in \u00c9irinn, c\u00e9 gur thugadar geall\u00faint d\u00fainn agus muid ag ullmh\u00fa don dara v\u00f3ta anseo ar Chonradh Lisboa, nach dtarl\u00f3dh a leith\u00e9id.  Ach t\u00e1 m\u00e9 cinnte, go gcuirfear sin in i\u00fal d\u00f3ibh, go neamhbhalbh, amach anseo! Agus n\u00ed g\u00e1 a r\u00e1, go dtabharfaidh lucht an T\u00ed Mh\u00f3ir sin aird orainn <\/span><span style=\"font-size:14pt\">sna c\u00farsa\u00ed sin! Sea, agus b\u2019fh\u00e9idir go mb<\/span><span style=\"font-size:14pt\">eidh m\u00f3tair f\u00f3s ag bacaigh!<\/span><span style=\"font-size:14pt\">&nbsp;&nbsp;<\/span><span style=\"font-size:14pt\">Anois n\u00ed ag locht\u00fa an Aontais ch\u00e9anna sin at\u00e1 m\u00e9<\/span><span style=\"font-size:14pt\">, ach ba mhaith liom a chur i gcuimhne do dhaoine<\/span><span style=\"font-size:14pt\">,<\/span><span style=\"font-size:14pt\"> go mb\u00edonn g\u00e1<\/span><span style=\"font-size:14pt\"> le sp\u00fa<\/span><span style=\"font-size:14pt\">n\u00f3g fhada, m\u00e1s uait dul ag ragairne le <\/span><span style=\"font-size:14pt\">&nbsp;&nbsp;&nbsp;&nbsp;&nbsp;&nbsp;&nbsp;&nbsp;&nbsp;&nbsp;&nbsp;&nbsp;&nbsp;<\/span><span style=\"font-size:14pt\">h-\u00e9anacha na ngob fada<\/span><span style=\"font-size:14pt\">!<\/span><span style=\"font-size:14pt\">&nbsp;&nbsp;&nbsp;&nbsp;&nbsp;&nbsp;&nbsp;&nbsp;&nbsp;&nbsp;&nbsp;&nbsp;&nbsp;&nbsp;&nbsp;&nbsp;&nbsp;&nbsp;&nbsp;&nbsp;&nbsp;&nbsp;&nbsp;&nbsp;&nbsp;&nbsp;&nbsp;&nbsp;&nbsp;&nbsp;&nbsp;&nbsp;&nbsp;&nbsp;&nbsp;&nbsp;&nbsp;&nbsp;&nbsp;&nbsp;&nbsp;&nbsp;&nbsp;&nbsp;&nbsp;&nbsp;&nbsp;&nbsp;&nbsp;&nbsp;&nbsp;&nbsp;&nbsp;&nbsp;&nbsp;&nbsp;&nbsp;&nbsp;&nbsp;&nbsp;&nbsp;&nbsp;&nbsp;&nbsp;&nbsp;&nbsp;&nbsp;&nbsp;&nbsp;&nbsp;&nbsp;&nbsp;&nbsp;&nbsp;&nbsp;<\/span><\/h1>","protected":false},"excerpt":{"rendered":"<p>Is sleamhain iad Leacracha an T\u00ed Mh\u00f3ir! . Peadar Bair\u00e9ad Eorpaigh Mhaithe \u201cIn am an gh\u00e1tair a aithn\u00edtear na cairde\u201d, agus \u201cIs sleamhain iad leacracha an T\u00ed Mh\u00f3ir\u201d. Nach deacair na seanfhocla a sh\u00e1r\u00fa? Agus i gc\u00e1s an ph\u00e9ire thuas, is \u00e9 at\u00e1 idir cham\u00e1in acu, n\u00f3 chomh deacair is at\u00e1 s\u00e9 deighle\u00e1il le boic [&hellip;]<\/p>\n","protected":false},"author":2,"featured_media":13435,"comment_status":"open","ping_status":"open","sticky":false,"template":"","format":"standard","meta":{"nf_dc_page":"","_et_pb_use_builder":"","_et_pb_old_content":"","_et_gb_content_width":"","footnotes":""},"categories":[1],"tags":[],"class_list":["post-12895","post","type-post","status-publish","format-standard","has-post-thumbnail","hentry","category-gan-chatagoir"],"_links":{"self":[{"href":"https:\/\/mickgb.com\/en\/wp-json\/wp\/v2\/posts\/12895","targetHints":{"allow":["GET"]}}],"collection":[{"href":"https:\/\/mickgb.com\/en\/wp-json\/wp\/v2\/posts"}],"about":[{"href":"https:\/\/mickgb.com\/en\/wp-json\/wp\/v2\/types\/post"}],"author":[{"embeddable":true,"href":"https:\/\/mickgb.com\/en\/wp-json\/wp\/v2\/users\/2"}],"replies":[{"embeddable":true,"href":"https:\/\/mickgb.com\/en\/wp-json\/wp\/v2\/comments?post=12895"}],"version-history":[{"count":1,"href":"https:\/\/mickgb.com\/en\/wp-json\/wp\/v2\/posts\/12895\/revisions"}],"predecessor-version":[{"id":12896,"href":"https:\/\/mickgb.com\/en\/wp-json\/wp\/v2\/posts\/12895\/revisions\/12896"}],"wp:featuredmedia":[{"embeddable":true,"href":"https:\/\/mickgb.com\/en\/wp-json\/wp\/v2\/media\/13435"}],"wp:attachment":[{"href":"https:\/\/mickgb.com\/en\/wp-json\/wp\/v2\/media?parent=12895"}],"wp:term":[{"taxonomy":"category","embeddable":true,"href":"https:\/\/mickgb.com\/en\/wp-json\/wp\/v2\/categories?post=12895"},{"taxonomy":"post_tag","embeddable":true,"href":"https:\/\/mickgb.com\/en\/wp-json\/wp\/v2\/tags?post=12895"}],"curies":[{"name":"wp","href":"https:\/\/api.w.org\/{rel}","templated":true}]}}