{"id":12899,"date":"2017-04-04T11:00:00","date_gmt":"2017-04-04T11:00:00","guid":{"rendered":"https:\/\/mickgb.com\/?p=12899"},"modified":"2024-04-08T01:25:34","modified_gmt":"2024-04-08T01:25:34","slug":"it-was-the-best-of-times-it-was-the-worst-of-times","status":"publish","type":"post","link":"https:\/\/mickgb.com\/en\/it-was-the-best-of-times-it-was-the-worst-of-times\/","title":{"rendered":"It was the best of times, it was the worst of times,"},"content":{"rendered":"<p style=\"text-align:center;margin-top:0pt;padding-top:0;margin-bottom:10pt;padding-bottom:0;line-height:1.8\"><strong><span style=\"font-size:28pt\">\u201cRogha na R\u00e9<\/span><span style=\"font-size:28pt\">anna<\/span><span style=\"font-size:28pt\">\u201d<\/span><\/strong><\/p><p style=\"margin-top:0pt;padding-top:0;margin-bottom:10pt;padding-bottom:0;line-height:1.8\"><span style=\"font-size:14pt\">Peadar Bair\u00e9ad<\/span><\/p><p style=\"margin-top:0pt;padding-top:0;margin-bottom:10pt;padding-bottom:0;line-height:1.8;margin-left:72pt\"><strong><span style=\"font-size:16pt\">(<\/span><span style=\"font-size:16pt\"><em>This wee<\/em><\/span><span style=\"font-size:16pt\"><em>k we <\/em><\/span><span style=\"font-size:16pt\"><em>take a look at our democracy<\/em><\/span><span style=\"font-size:16pt\">) <\/span><\/strong><\/p><p style=\"text-align:center;margin-top:0pt;padding-top:0;margin-bottom:10pt;padding-bottom:0;line-height:1.8;margin-left:36pt\"><span style=\"height:1em\"><span>.<\/span><\/span><\/p><p style=\"text-align:center;margin-top:0pt;padding-top:0;margin-bottom:10pt;padding-bottom:0;line-height:1.8;margin-left:36pt\"><strong><span style=\"font-size:18pt\">\u201c<\/span><span style=\"font-size:18pt\">It was the best of Times<\/span><span style=\"font-size:18pt\">\u201d<\/span><\/strong><\/p><p style=\"margin-top:0pt;padding-top:0;margin-bottom:10pt;padding-bottom:0;line-height:1.8;margin-left:36pt\"><strong><span style=\"font-size:14pt\"><em>\u201c<\/em><\/span><span style=\"font-size:14pt\"><em>It was the best of t<\/em><\/span><span style=\"font-size:14pt\"><em>imes, i<\/em><\/span><span style=\"font-size:14pt\"><em>t was the worst of times<\/em><\/span><span style=\"font-size:14pt\"><em>, <\/em><\/span><\/strong><\/p><p style=\"margin-top:0pt;padding-top:0;margin-bottom:10pt;padding-bottom:0;line-height:1.8;margin-left:36pt\"><strong><span style=\"font-size:14pt\"><em>it was the age of wisdom, it was the age of foolishness, <\/em><\/span><\/strong><\/p><p style=\"margin-top:0pt;padding-top:0;margin-bottom:10pt;padding-bottom:0;line-height:1.8;margin-left:36pt\"><strong><span style=\"font-size:14pt\"><em>it was the epoch of belief, it was the epoch of incredulity.<\/em><\/span><span style=\"font-size:14pt\"><em>\u201d<\/em><\/span><\/strong><\/p><p style=\"margin-top:0pt;padding-top:0;margin-bottom:10pt;padding-bottom:0;line-height:1.8;margin-left:36pt\"><span style=\"height:1em\"><span>.<\/span><\/span><\/p><p style=\"text-align:justify;margin-top:0pt;padding-top:0;margin-bottom:10pt;padding-bottom:0;line-height:1.8\"><span style=\"font-size:14pt\">B\u2019in mar a chuir<\/span><span style=\"font-size:14pt\"> Charles <\/span><span style=\"font-size:14pt\">Dickens t\u00fas lena \u00farsc\u00e9al <\/span><span style=\"font-size:14pt\">spreag\u00fail, <\/span><span style=\"font-size:14pt\">c\u00e1ili\u00fa<\/span><span style=\"font-size:14pt\">i<\/span><span style=\"font-size:14pt\">l, A Tale of Two Cities, agus d\u00e1r le daoine \u00e1irithe, d\u2019fheilfeadh an cur s\u00edos c\u00e9<\/span><span style=\"font-size:14pt\">anna s<\/span><span style=\"font-size:14pt\">in go seoigh mar chur s\u00edos ar an r\u00e9<\/span><span style=\"font-size:14pt\"> seo ina b<\/span><span style=\"font-size:14pt\">hfuilimid ag maireachtaint <\/span><span style=\"font-size:14pt\">i dt\u00edr seo na h\u00c9ireann, <\/span><span style=\"font-size:14pt\">sa l\u00e1<\/span><span style=\"font-size:14pt\"> a<\/span><span style=\"font-size:14pt\">t\u00e1<\/span><span style=\"font-size:14pt\"> inniu ann. Nach deacair a ch<\/span><span style=\"font-size:14pt\">reidi\u00faint go bhfeilfeadh an r\u00e1iteas frithr\u00e1iteach thuas le r\u00e9 ar bith, gan tr\u00e1<\/span><span style=\"font-size:14pt\">cht in aon<\/span><span style=\"font-size:14pt\"> chor ar an r\u00e9<\/span><span style=\"font-size:14pt\"> cantalach, crosta, dothuigthe,<\/span><span style=\"font-size:14pt\"> <\/span><span style=\"font-size:14pt\">seo<\/span><span style=\"font-size:14pt\"> ina bhfuilimid<\/span><span style=\"font-size:14pt\">ne<\/span><span style=\"font-size:14pt\"> s\u00e1<\/span><span style=\"font-size:14pt\">innithe a<\/span><span style=\"font-size:14pt\">nois. Ach, nuair a scr\u00fada\u00edonn t\u00fa an r\u00e1iteas faoi mhicreasc\u00f3p na staire, tuigfidh t\u00fa<\/span><span style=\"font-size:14pt\"> ansin<\/span><span style=\"font-size:14pt\"> go bhfuil, ar a laghad, s\u00edol na f\u00ed<\/span><span style=\"font-size:14pt\">rinne folaithe ann.<\/span><\/p><p style=\"text-align:justify;margin-top:0pt;padding-top:0;margin-bottom:10pt;padding-bottom:0;line-height:1.8\"><span style=\"font-size:14pt\">Conas a d\u2019fh\u00e9adfa\u00ed a leith\u00e9id a r\u00e1<\/span><span style=\"font-size:14pt\">, an ea?<\/span><\/p><p style=\"text-align:justify;margin-top:0pt;padding-top:0;margin-bottom:10pt;padding-bottom:0;line-height:1.8\"><span style=\"font-size:14pt\">B<\/span><span style=\"font-size:14pt\">huel, breathnaigh ar an saol at\u00e1 \u00e1<\/span><span style=\"font-size:14pt\"> chaitheamh ag lucht an airgid<\/span><span style=\"font-size:14pt\">,<\/span><span style=\"font-size:14pt\"> agus ag lucht na cumhachta<\/span><span style=\"font-size:14pt\">, sa r\u00e9 iarth\u00edogaireach seo. T\u00e1<\/span><span style=\"font-size:14pt\"> airgead ina m<\/span><span style=\"font-size:14pt\">h\u00fartha acu, agus chuile sh\u00f3rt a cheanna\u00edonn<\/span><span style=\"font-size:14pt\"> an t-airgead c\u00e9anna sin, earra\u00ed<\/span><span style=\"font-size:14pt\"> cos\u00fail le st\u00e1da<\/span><span style=\"font-size:14pt\">s, <\/span><span style=\"font-size:14pt\">compord agus s\u00f3l\u00e1s. Chomh fada is a bhaineann s\u00e9<\/span><span style=\"font-size:14pt\"> leis an dream sin<\/span><span style=\"font-size:14pt\">, nach \u00e9 an Nollaig \u00f3<\/span><span style=\"font-size:14pt\"> Shamhain <\/span><span style=\"font-size:14pt\">go Samhain acu \u00e9! Ach t\u00e1 taobh eile ar an sc\u00e9<\/span><span style=\"font-size:14pt\">al freisin<\/span><span style=\"font-size:14pt\">, agus s\u00e9<\/span><span style=\"font-size:14pt\"> sin<\/span><span style=\"font-size:14pt\">,<\/span><span style=\"font-size:14pt\"> tao<\/span><span style=\"font-size:14pt\">bh na mbocht, taobh na ndaoine \u00fad nach bhfuil acu ach \u00f3n l\u00e1<\/span><span style=\"font-size:14pt\">mh go <\/span><span style=\"font-size:14pt\">dt\u00ed san b\u00e9<\/span><span style=\"font-size:14pt\">al,<\/span><span style=\"font-size:14pt\"> <\/span><span style=\"font-size:14pt\">gan d\u00ed<\/span><span style=\"font-size:14pt\">on<\/span><span style=\"font-size:14pt\">, gan d\u00ed<\/span><span style=\"font-size:14pt\">dean<\/span><span style=\"font-size:14pt\">,<\/span><span style=\"font-size:14pt\"> ag roinnt mhaith acu anois<\/span><span style=\"font-size:14pt\">, agus lucht an ghaimb\u00ed<\/span><span style=\"font-size:14pt\">n anuas sa mhullach orthu Luan, Satharn agus Domhnach<\/span><span style=\"font-size:14pt\">, ag iarraidh a bhfuil acu a bhaint d\u00edobh<\/span><span style=\"font-size:14pt\">.<\/span><span style=\"font-size:14pt\"> <\/span><span style=\"font-size:14pt\">I gc\u00e1<\/span><span style=\"font-size:14pt\">s na ndaoine sin<\/span><span style=\"font-size:14pt\">, nach \u00e9 d\u00edogha gach s\u00e9as\u00fa<\/span><span style=\"font-size:14pt\">ir<\/span><span style=\"font-size:14pt\"> acu \u00e9<\/span><span style=\"font-size:14pt\">. Sea&#8230;.. <\/span><\/p><p style=\"text-align:justify;margin-top:0pt;padding-top:0;margin-bottom:10pt;padding-bottom:0;line-height:1.8;margin-left:72pt\"><span style=\"font-size:14pt\">It is the best of t<\/span><span style=\"font-size:14pt\">imes, it is the worst of times&#8230;<\/span><\/p><p style=\"text-align:center;margin-top:0pt;padding-top:0;margin-bottom:10pt;padding-bottom:0;line-height:1.8\"><strong><span style=\"font-size:18pt\">Daonlathaigh! An ea?<\/span><\/strong><\/p><p style=\"text-align:justify;margin-top:0pt;padding-top:0;margin-bottom:10pt;padding-bottom:0;line-height:1.8\"><span style=\"font-size:14pt\">Agus muidinne ag ligint orainn gur daonlatha<\/span><span style=\"font-size:14pt\">igh sinn! Daonlathaigh? adeir t\u00fa! Nach \u00e9<\/span><span style=\"font-size:14pt\"> bun agus barr an daonlathais go gcaitear <\/span><span style=\"font-size:14pt\">go cothrom mac\u00e1nta le chuile shaor\u00e1nach, n\u00f3 mar adeir For\u00f3<\/span><span style=\"font-size:14pt\">gra na Poblachta s\u2019againne&#8230;<\/span><\/p><p style=\"text-align:justify;margin-top:0pt;padding-top:0;margin-bottom:10pt;padding-bottom:0;line-height:1.8;margin-left:72pt\"><span style=\"font-size:14pt\">To cherish all the<\/span><span style=\"font-size:14pt\"> children of the nation equally.<\/span><\/p><p style=\"text-align:justify;margin-top:0pt;padding-top:0;margin-bottom:10pt;padding-bottom:0;line-height:1.8\"><span style=\"font-size:14pt\">Agus leis an sc\u00e9al a dh\u00e9anamh n\u00edos measa, d\u00e1 bhf\u00e9adfa\u00ed sin a dh\u00e9anamh, d\u00e9<\/span><span style=\"font-size:14pt\">antar roinnt na cai<\/span><span style=\"font-size:14pt\">ll\u00ed ar ch\u00farsa\u00ed, nuair a bh\u00edonn bunt\u00e1ist\u00ed le bronnadh ar a ch\u00faram ag \u00e1r ndaonlathas, ach, nuair a bh\u00edonn m\u00ed-bhunt\u00e1ist\u00ed le bronnadh, n\u00ed hiad lucht an airgid, n\u00f3 lucht na cumhachta, a bh\u00ed<\/span><span style=\"font-size:14pt\">onn faoi\u2019n ruball<\/span><span style=\"font-size:14pt\">, an babhta seo. N\u00ed hiad muis! <\/span><span style=\"font-size:14pt\">ach<\/span><span style=\"font-size:14pt\"> an<\/span><span style=\"font-size:14pt\"> dream <\/span><span style=\"font-size:14pt\">gan airgea<\/span><span style=\"font-size:14pt\">d<\/span><span style=\"font-size:14pt\">, gan<\/span><span style=\"font-size:14pt\"> c<\/span><span style=\"font-size:14pt\">h<\/span><span style=\"font-size:14pt\">um<\/span><span style=\"font-size:14pt\">hacht, gan st\u00e1das,<\/span><span style=\"font-size:14pt\"> ar\u00ed<\/span><span style=\"font-size:14pt\">s<\/span><span style=\"font-size:14pt\">, faoi  mar a tharrla\u00edonn chuile bhabhta<\/span><span style=\"font-size:14pt\">. <\/span><\/p><p style=\"text-align:justify;margin-top:0pt;padding-top:0;margin-bottom:10pt;padding-bottom:0;line-height:1.8\"><span style=\"font-size:14pt\">Anois, n\u00edlim ag ma\u00edomh gurb \u00e9 sin mo leagan fh\u00e9<\/span><span style=\"font-size:14pt\">in ar c<\/span><span style=\"font-size:14pt\">h\u00farsa\u00ed<\/span><span style=\"font-size:14pt\">, ach gan dabht ar domhan<\/span><span style=\"font-size:14pt\">, t\u00e1<\/span><span style=\"font-size:14pt\">id <\/span><span style=\"font-size:14pt\">ann a chreideann gur mar sin at\u00e1<\/span><span style=\"font-size:14pt\"> in \u00c9irinn na linne seo<\/span><span style=\"font-size:14pt\">, agus chomh fada is at\u00e1, n\u00ed<\/span><span style=\"font-size:14pt\"> bh<\/span><span style=\"font-size:14pt\">eidh pobal aontaithe, comharsan\u00fail, daonna, againn sa t\u00edr seo. Le daonlathas ceart, c\u00f3<\/span><span style=\"font-size:14pt\">ir<\/span><span style=\"font-size:14pt\">,<\/span><span style=\"font-size:14pt\"> cothrom<\/span><span style=\"font-size:14pt\">,<\/span><span style=\"font-size:14pt\"> a chur ar bun anseo<\/span><span style=\"font-size:14pt\">, caithfear na m\u00edbunt\u00e1ist\u00ed<\/span><span style=\"font-size:14pt\"> a roinnt go cothrom, mac\u00e1nta, ar chuile <\/span><span style=\"font-size:14pt\">shaor\u00e1nach, ch<\/span><span style=\"font-size:14pt\">omh fada <\/span><span style=\"font-size:14pt\">agus is f\u00e9idir a leith\u00e9id a dh\u00e9<\/span><span style=\"font-size:14pt\">anamh, sa chaoi go mbeadh chuile dhui<\/span><span style=\"font-size:14pt\">ne ag iompar a chuid cothrom fh\u00e9<\/span><span style=\"font-size:14pt\">in den ualach, agus<\/span><span style=\"font-size:14pt\"> ar an dtaobh eile de\u2019n sc\u00e9al ansin, go gcaithf\u00ed go mac\u00e1<\/span><span style=\"font-size:14pt\">nta<\/span><span style=\"font-size:14pt\">,<\/span><span style=\"font-size:14pt\"> cothrom<\/span><span style=\"font-size:14pt\">, c\u00f3<\/span><span style=\"font-size:14pt\">ir<\/span><span style=\"font-size:14pt\">,<\/span><span style=\"font-size:14pt\"> leis-sean freisin<\/span><span style=\"font-size:14pt\">, i roinnt na mbunt\u00e1ist\u00ed<\/span><span style=\"font-size:14pt\">.<\/span><\/p><p style=\"text-align:justify;margin-top:0pt;padding-top:0;margin-bottom:10pt;padding-bottom:0;line-height:1.8\"><span style=\"font-size:14pt\">An bhfuil a leith\u00e9id ind\u00e9<\/span><span style=\"font-size:14pt\">anta? Ar bhealach, nach <\/span><span style=\"font-size:14pt\">cuma faoi sin? chomh fada is at\u00e1 an St\u00e1t ar a dh\u00ed<\/span><span style=\"font-size:14pt\">cheall ag iarraidh an sprioc sin a bhaint am<\/span><span style=\"font-size:14pt\">ach, mar sa ch\u00e1s sin, tuigfidh an saor\u00e1<\/span><span style=\"font-size:14pt\">nach nach bhf<\/span><span style=\"font-size:14pt\">uiiltear ag iarraidh leat<\/span><span style=\"font-size:14pt\">rom a dh\u00e9<\/span><span style=\"font-size:14pt\">anamh airsean<\/span><span style=\"font-size:14pt\">, ach go h\u00e1<\/span><span style=\"font-size:14pt\">irithe<\/span><span style=\"font-size:14pt\">.<\/span><span style=\"font-size:14pt\"> <\/span><\/p><p style=\"text-align:center;margin-top:0pt;padding-top:0;margin-bottom:10pt;padding-bottom:0;line-height:1.8\"><strong><span style=\"font-size:18pt\">F\u00fat fh\u00e9in at\u00e1 s\u00e9<\/span><\/strong><\/p><p style=\"text-align:justify;margin-top:0pt;padding-top:0;margin-bottom:10pt;padding-bottom:0;line-height:1.8\"><span style=\"font-size:14pt\">F\u00e1gfaidh m\u00e9 an chuid eile de r\u00e1iteas Dickens f\u00fat fh\u00e9<\/span><span style=\"font-size:14pt\">in<\/span><span style=\"font-size:14pt\">. An n-aont\u00f3f\u00e1sa leis an r\u00e1<\/span><span style=\"font-size:14pt\">iteas<\/span><span style=\"font-size:14pt\">, gurbh \u00ed r\u00e9 na heagna agu<\/span><span style=\"font-size:14pt\">s r\u00e9 na haimid\u00ed a bh\u00ed ann in aimsir an \u00fadair ch\u00e1ili\u00fail sin? A<\/span><span style=\"font-size:14pt\">gus le dul p\u00edosa eile leis an sc\u00e9al, c\u00e9<\/span><span style=\"font-size:14pt\">ard faoi\u2019n aois seo \u2018gainne?<\/span><\/p><p style=\"text-align:justify;margin-top:0pt;padding-top:0;margin-bottom:10pt;padding-bottom:0;line-height:1.8\"><span style=\"font-size:14pt\">Sea, agus c\u00e9ard faoi thr\u00e9<\/span><span style=\"font-size:14pt\">imhse<\/span><span style=\"font-size:14pt\"> an chreidimh agus<\/span><span style=\"font-size:14pt\"> tr\u00e9<\/span><span style=\"font-size:14pt\">imhse na <\/span><span style=\"font-size:14pt\">d\u00ed<\/span><span style=\"font-size:14pt\">creidmheachta<\/span><span style=\"font-size:14pt\">? An bhfeilfeadh na t\u00e9arma\u00ed<\/span><span style=\"font-size:14pt\"> sin d\u2019aois Dickens n\u00f3 don aois s\u2019againne?<\/span><\/p>","protected":false},"excerpt":{"rendered":"<p>\u201cRogha na R\u00e9anna\u201d Peadar Bair\u00e9ad (This week we take a look at our democracy) . \u201cIt was the best of Times\u201d \u201cIt was the best of times, it was the worst of times, it was the age of wisdom, it was the age of foolishness, it was the epoch of belief, it was the epoch [&hellip;]<\/p>\n","protected":false},"author":2,"featured_media":13435,"comment_status":"open","ping_status":"open","sticky":false,"template":"","format":"standard","meta":{"nf_dc_page":"","_et_pb_use_builder":"","_et_pb_old_content":"","_et_gb_content_width":"","footnotes":""},"categories":[1],"tags":[],"class_list":["post-12899","post","type-post","status-publish","format-standard","has-post-thumbnail","hentry","category-gan-chatagoir"],"_links":{"self":[{"href":"https:\/\/mickgb.com\/en\/wp-json\/wp\/v2\/posts\/12899","targetHints":{"allow":["GET"]}}],"collection":[{"href":"https:\/\/mickgb.com\/en\/wp-json\/wp\/v2\/posts"}],"about":[{"href":"https:\/\/mickgb.com\/en\/wp-json\/wp\/v2\/types\/post"}],"author":[{"embeddable":true,"href":"https:\/\/mickgb.com\/en\/wp-json\/wp\/v2\/users\/2"}],"replies":[{"embeddable":true,"href":"https:\/\/mickgb.com\/en\/wp-json\/wp\/v2\/comments?post=12899"}],"version-history":[{"count":1,"href":"https:\/\/mickgb.com\/en\/wp-json\/wp\/v2\/posts\/12899\/revisions"}],"predecessor-version":[{"id":12900,"href":"https:\/\/mickgb.com\/en\/wp-json\/wp\/v2\/posts\/12899\/revisions\/12900"}],"wp:featuredmedia":[{"embeddable":true,"href":"https:\/\/mickgb.com\/en\/wp-json\/wp\/v2\/media\/13435"}],"wp:attachment":[{"href":"https:\/\/mickgb.com\/en\/wp-json\/wp\/v2\/media?parent=12899"}],"wp:term":[{"taxonomy":"category","embeddable":true,"href":"https:\/\/mickgb.com\/en\/wp-json\/wp\/v2\/categories?post=12899"},{"taxonomy":"post_tag","embeddable":true,"href":"https:\/\/mickgb.com\/en\/wp-json\/wp\/v2\/tags?post=12899"}],"curies":[{"name":"wp","href":"https:\/\/api.w.org\/{rel}","templated":true}]}}