{"id":12907,"date":"2017-04-04T11:00:00","date_gmt":"2017-04-04T11:00:00","guid":{"rendered":"https:\/\/mickgb.com\/?p=12907"},"modified":"2024-04-08T01:14:02","modified_gmt":"2024-04-08T01:14:02","slug":"julien-i-measc-na-gcnoc","status":"publish","type":"post","link":"https:\/\/mickgb.com\/en\/julien-i-measc-na-gcnoc\/","title":{"rendered":"Julien i measc na gCnoc."},"content":{"rendered":"<p style=\"text-align:center;margin-top:0pt;padding-top:0;margin-bottom:0pt;padding-bottom:0;line-height:2.4;font-size:12pt\"><strong><span style=\"font-size:28pt\">Julien i measc na gCnoc <\/span><\/strong><\/p><p style=\"margin-top:0pt;padding-top:0;margin-bottom:0pt;padding-bottom:0;line-height:2.4;font-size:12pt\"><span style=\"font-size:14pt\">Peadar Bair\u00e9ad<\/span><\/p><p style=\"text-align:center;margin-top:0pt;padding-top:0;margin-bottom:0pt;padding-bottom:0;line-height:1.8;font-size:12pt\"><strong><span style=\"font-size:14pt\"> (<\/span><\/strong><span style=\"font-size:14pt\">This week we reacall that unforgettable<\/span><span style=\"font-size:14pt\"> visit to<\/span><strong><span style=\"font-size:14pt\"> Julien<\/span><span style=\"font-size:14pt\">,<\/span><span style=\"font-size:14pt\"> <\/span><\/strong><span style=\"font-size:14pt\">o<\/span><span style=\"font-size:14pt\">n July <\/span><span style=\"font-size:14pt\">20<\/span><span style=\"font-size:14pt\"><sup>th<\/sup><\/span><span style=\"font-size:14pt\"> <\/span><span style=\"font-size:14pt\">2003)<\/span><\/p><p style=\"text-align:center;margin-top:0pt;padding-top:0;margin-bottom:0pt;padding-bottom:0;line-height:1.8;font-size:12pt\"><span style=\"height:1em\"><span>.<\/span><\/span><\/p><p style=\"text-align:center;margin-top:0pt;padding-top:0;margin-bottom:0pt;padding-bottom:0;line-height:1.8;font-size:12pt\"><strong><span style=\"font-size:18pt\">Cuairt  ar<\/span><span style=\"font-size:18pt\">  Julien<\/span><\/strong><\/p><p style=\"margin-top:0pt;padding-top:0;margin-bottom:0pt;padding-bottom:0;line-height:1.8;font-size:12pt\"><strong><span style=\"font-size:14pt\">20  I\u00fail,  2003<\/span><\/strong><\/p><p style=\"text-align:justify;margin-top:0pt;padding-top:0;margin-bottom:0pt;padding-bottom:0;line-height:1.8;font-size:12pt\"><span style=\"font-size:14pt\">\u00d3 th<\/span><span style=\"font-size:14pt\">arla nach raibh m\u00f3r\u00e1n<\/span><span style=\"font-size:14pt\"> d\u2019\u00e1r saoire<\/span><span style=\"font-size:14pt\"> i gCalaf\u00f3rnia<\/span><span style=\"font-size:14pt\"> f\u00e1gtha, shocra\u00edomar<\/span><span style=\"font-size:14pt\"> go raghadh muid<\/span><span style=\"font-size:14pt\"> go dt\u00ed an baile is<\/span><span style=\"font-size:14pt\"> \u00e1ille<\/span><span style=\"font-size:14pt\"> sa taobh sin t\u00edre<\/span><span style=\"font-size:14pt\">, <\/span><span style=\"font-size:14pt\">Julien<\/span><span style=\"font-size:14pt\"> i meas<\/span><span style=\"font-size:14pt\">c na gC<\/span><span style=\"font-size:14pt\">noc,<\/span><span style=\"font-size:14pt\"> Bh\u00ed an l\u00e1 go bre\u00e1, brothallach<\/span><span style=\"font-size:14pt\">,<\/span><span style=\"font-size:14pt\"> ac<\/span><span style=\"font-size:14pt\">h bh\u00ed fhios againn <\/span><span style=\"font-size:14pt\">go mbeadh s\u00e9 deas, fion<\/span><span style=\"font-size:14pt\">nuar i<\/span><span style=\"font-size:14pt\"> <\/span><span style=\"font-size:14pt\">Julie<\/span><span style=\"font-size:14pt\">n<\/span><span style=\"font-size:14pt\">, n\u00f3 t\u00e1 an baile sin p\u00edosa maith os cionn leibh\u00e9al <\/span><span style=\"font-size:14pt\">na farraige.  Stopamar tamall i<\/span><span style=\"font-size:14pt\"> <\/span><span style=\"font-size:14pt\">Ramona,<\/span><span style=\"font-size:14pt\"> l<\/span><span style=\"font-size:14pt\">e greim l\u00f3in a chaitheamh ansin.<\/span><span style=\"font-size:14pt\"> <\/span><\/p><p style=\"text-align:center;margin-top:0pt;padding-top:0;margin-bottom:0pt;padding-bottom:0;line-height:1.8;font-size:12pt\"><strong><span style=\"font-size:18pt\">Ghost Town?<\/span><\/strong><\/p><p style=\"text-align:justify;margin-top:0pt;padding-top:0;margin-bottom:0pt;padding-bottom:0;line-height:1.8;font-size:12pt\"><span style=\"font-size:14pt\">D\u2019fh\u00e1s an baile seo, <\/span><span style=\"font-size:14pt\">Julien<\/span><strong><span style=\"font-size:14pt\">,<\/span><\/strong><span style=\"font-size:14pt\"> a ch\u00e9aduair, nuair <\/span><span style=\"font-size:14pt\">a fritheadh \u00f3r sa limist\u00e9ar seo<\/span><span style=\"font-size:14pt\">.  Nuair a chuaigh an t-\u00f3r i nd\u00edsc, ar ball, cheapf\u00e1 nach mbe<\/span><span style=\"font-size:14pt\">adh f\u00e1gtha<\/span><span style=\"font-size:14pt\"> ach <\/span><span style=\"font-size:14pt\">\u201cGhost T<\/span><span style=\"font-size:14pt\">own\u201d<\/span><span style=\"font-size:14pt\">  faoi mar a tharla do<\/span><span style=\"font-size:14pt\"> b<\/span><span style=\"font-size:14pt\">h<\/span><span style=\"font-size:14pt\">ailte eile i gCalaf\u00f3<\/span><span style=\"font-size:14pt\">irnia<\/span><span style=\"font-size:14pt\"> nuair a baineadh an t-\u00f3r uilig as a mianra\u00ed, ach bh\u00ed an t-\u00e1dh ar Julien, n\u00f3 bh\u00ed talamh torth\u00fail timpeall ar an mbaile seo, agus \u00e9 an-oiri\u00fanach do thortha\u00ed<\/span><span style=\"font-size:14pt\">,<\/span><span style=\"font-size:14pt\"> do bheostoc,<\/span><span style=\"font-size:14pt\"> agus<\/span><span style=\"font-size:14pt\"> do chapaill<\/span><span style=\"font-size:14pt\"> agus nuair a bh\u00ed deireadh an \u00f3ir bainte acu, d\u2019iompaigh muintir an bhaile ar fheirmeoireacht, agus sa tsl\u00ed sin, bh\u00ed ar a gcumas a mbaile a choinne\u00e1il sa tsi\u00fal.  Anois, de r\u00e9ir mar a chuaigh c\u00farsa\u00ed eacnama\u00edochta chun tosaigh, agus de r\u00e9ir mar a rinne bailte eile cuma nua-aoiseach a chur ar a sr\u00e1ideanna agus ar a bhfoirgint\u00ed, n\u00edor lean muintir Julien iad s\u00edos an cas\u00e1n sin, ach is amhlaidh a choinnigh siadsan a mbaile, d\u00edreach mar a bh\u00ed, agus n\u00edor lig siad do na hOllst\u00f3ir mh\u00f3ra sp<\/span><span style=\"font-size:14pt\">\u00e1g <\/span><span style=\"font-size:14pt\">fi\u00fa, <\/span><span style=\"font-size:14pt\">a leagan ina<\/span><span style=\"font-size:14pt\"> mbaile<\/span><span style=\"font-size:14pt\">.  D\u2019\u00e9irigh leo, d\u00e1r nd\u00f3igh, na seanfhoirgint\u00ed a athch\u00f3iri\u00fa, agus a mhaisi\u00fa, sa tsl\u00ed, n\u00e1rbh <\/span><span style=\"font-size:14pt\">\u00e9asca baile chomh slachtmhar<\/span><span style=\"font-size:14pt\"> leis, a fh\u00e1il, \u00e1it ar bith sa St\u00e1t ollmh\u00f3r sin Chalaf\u00f3irnia.<\/span><\/p><p style=\"text-align:center;margin-top:0pt;padding-top:0;margin-bottom:0pt;padding-bottom:0;line-height:1.8;font-size:12pt\"><strong><span style=\"font-size:18pt\">D\u00faiche \u00c1lainn<\/span><\/strong><\/p><p style=\"text-align:justify;margin-top:0pt;padding-top:0;margin-bottom:0pt;padding-bottom:0;line-height:1.8;font-size:12pt\"><span style=\"font-size:14pt\">Nuair a bh\u00ed \u00e1r l\u00f3n caite<\/span><span style=\"font-size:14pt\">,<\/span><span style=\"font-size:14pt\"> d\u2019arda\u00edomar \u00e1r seolta ar\u00eds, agus thugamar an b\u00f3thar go Julien orainn fh\u00e9in.  B\u2019\u00e1lainn an t\u00edr tr\u00ednar ghabhamar.  Sl\u00e9ibhte arda, garbha, clochacha, ag \u00e9ir\u00ed <\/span><span style=\"font-size:14pt\">go bagarthach<\/span><strong><span style=\"font-size:14pt\"> <\/span><\/strong><span style=\"font-size:14pt\">ar  \u2019chaon taobh d\u00ednn i dtosach, ach de r\u00e9ir mar a ch<\/span><span style=\"font-size:14pt\">uamar chun tosaigh, scuab na<\/span><span style=\"font-size:14pt\"> sl\u00e9ibhte leo<\/span><span style=\"font-size:14pt\"> <\/span><span style=\"font-size:14pt\">agus ina n-\u00e1it<\/span><span style=\"font-size:14pt\"> bh\u00ed<\/span><span style=\"font-size:14pt\"> <\/span><span style=\"font-size:14pt\">\u00fa<\/span><span style=\"font-size:14pt\">lloird<\/span><strong><span style=\"font-size:14pt\"> <\/span><\/strong><span style=\"font-size:14pt\">anseo, tr\u00e9ad bre\u00e1<\/span><span style=\"font-size:14pt\"> b\u00f3<\/span><span style=\"font-size:14pt\"> ansi\u00fad<\/span><span style=\"font-size:14pt\">, agus eachra<\/span><span style=\"font-size:14pt\"> san \u00e1it \u00fad eile<\/span><span style=\"font-size:14pt\">.  Agus c\u00e9 nach mb\u00edonn m\u00f3r\u00e1n den ghlaise le feice\u00e1il i bp\u00e1irceanna timpeall Chalaf\u00f3irnia, go h\u00e1irithe an tr\u00e1th seo bliana, bh\u00ed na p\u00e1irceann<\/span><span style=\"font-size:14pt\">a seo<\/span><span style=\"font-size:14pt\"> chomh glas<\/span><span style=\"font-size:14pt\"> l<\/span><span style=\"font-size:14pt\">eis an t-seamr\u00f3g<\/span><span style=\"font-size:14pt\">.<\/span><\/p><p style=\"text-align:justify;margin-top:0pt;padding-top:0;margin-bottom:0pt;padding-bottom:0;line-height:1.8;font-size:12pt\"><span style=\"font-size:14pt\">Bh\u00ed muid chomh t\u00f3gtha sin le h\u00e1illeaht an radharcra, n\u00e1r mhotha\u00edomar go raibh muid ag druidim isteach i Julien.  Bh<\/span><span style=\"font-size:14pt\">\u00edoma<\/span><span style=\"font-size:14pt\">r ag d\u00edri\u00fa ar l\u00e1r an bhaile n\u00f3<\/span><span style=\"font-size:14pt\"> bh\u00ed f\u00fainn, b<\/span><span style=\"font-size:14pt\">uaileadh isteach i bproinnteach<\/span><span style=\"font-size:14pt\"> \u00e1irithe, le cup\u00e1n tae agus p\u00edosa de thoirt\u00edn bre\u00e1 \u00fall<\/span><span style=\"font-size:14pt\"> a fh\u00e1il<\/span><span style=\"font-size:14pt\">.<\/span><\/p><p style=\"text-align:center;margin-top:0pt;padding-top:0;margin-bottom:0pt;padding-bottom:0;line-height:1.8;font-size:12pt\"><strong><span style=\"font-size:18pt\">Sceana Gr\u00e9asa\u00ed<\/span><\/strong><\/p><p style=\"text-align:justify;margin-top:0pt;padding-top:0;margin-bottom:0pt;padding-bottom:0;line-height:1.8;font-size:12pt\"><span style=\"font-size:14pt\">Taobh <\/span><span style=\"font-size:14pt\">istigh de chupla soicind,<\/span><span style=\"font-size:14pt\"> dhorchaigh<\/span><span style=\"font-size:14pt\"> an sp\u00e9ir os \u00e1r<\/span><span style=\"font-size:14pt\"> gcionn, agus d\u00edreach chomh tapaidh<\/span><span style=\"font-size:14pt\"> is a bhuailfe\u00e1 do dh\u00e1 l\u00e1imh ar a ch\u00e9ile<\/span><span style=\"font-size:14pt\">, bhuail cupla sprais ollmh\u00f3ra fearthainne gaothsc\u00e1th agus d\u00edon an ghluaiste\u00e1in, sa chaoi gur cheapamar gur cioth cloch a thit \u00f3n sp\u00e9ir anuas orainn<\/span><span style=\"font-size:14pt\">.  Ba scanr\u00fail an tarl\u00faint \u00e9.<\/span><span style=\"font-size:14pt\"> Miche\u00e1l, a bh\u00ed i mbun na tiom\u00e1na, agus \u00f3 tharla go bhfuil c\u00f3na\u00ed airsean sa chuid sin de Chalaf\u00f3irnia, thuig s\u00e9 l\u00e1ithreach baol na h\u00f3c\u00e1ide.  N\u00edor dhein s\u00e9 iarracht ar bith stopadh i <\/span><span style=\"font-size:14pt\">Julien<\/span><strong><span style=\"font-size:14pt\">,<\/span><\/strong><span style=\"font-size:14pt\"> ach, as ag br\u00e1ch leis, amac<\/span><span style=\"font-size:14pt\">h as an mbaile, chomh tapaidh<\/span><span style=\"font-size:14pt\"> is a d\u2019fh\u00e9adfadh s\u00e9.  B\u00f3thar a 79, a thug s\u00e9 air fh\u00e9in.  N\u00ed raibh muid ach iompaithe<\/span><span style=\"font-size:14pt\"> s\u00edos an b\u00f3thar sin<\/span><span style=\"font-size:14pt\"> nuair a bh\u00ed ina <\/span><span style=\"font-size:14pt\">chlagar<\/span><strong><span style=\"font-size:14pt\"> <\/span><\/strong><span style=\"font-size:14pt\">agus \u00e9 ag stealladh sceana gr\u00e9asa\u00ed ar lom a dh\u00edchill.  Bh\u00ed s\u00e9 deacai<\/span><span style=\"font-size:14pt\">r tada a fheice\u00e1i<\/span><span style=\"font-size:14pt\">l<\/span><span style=\"font-size:14pt\"> <\/span><span style=\"font-size:14pt\">mar <\/span><span style=\"font-size:14pt\">bh\u00ed an d\u00edle<\/span><span style=\"font-size:14pt\"> ag titim chomh tiubh orainn<\/span><span style=\"font-size:14pt\"> faoin am sin.  Ba ghearr go raibh orainn \u00e1r luas a \u00edsli\u00fa, n\u00f3 bh\u00ed s\u00e9 ag \u00e9ir\u00ed n\u00edo<\/span><span style=\"font-size:14pt\">s deacra<\/span><span style=\"font-size:14pt\"> tada a fheice\u00e1il tr\u00edd an ngle\u00e1radh b\u00e1ist\u00ed, agus chomh maith le sin, bh\u00ed an t<\/span><span style=\"font-size:14pt\">-uisce, faoin am seo <\/span><span style=\"font-size:14pt\">ag scuabadh<\/span><span style=\"font-size:14pt\"> leis<\/span><span style=\"font-size:14pt\"> <\/span><span style=\"font-size:14pt\">ina thuile<\/span><span style=\"font-size:14pt\"> trasna an bh\u00f3t<\/span><span style=\"font-size:14pt\">hair<\/span><span style=\"font-size:14pt\"> romhainn amach, agus \u00e9<\/span><span style=\"font-size:14pt\"> ag dul i ndoimhne, de r\u00e9ir a ch\u00e9ile, agus leis an sc\u00e9al sin a dh\u00e9anamh n\u00edos measa f\u00f3s, bh\u00ed cl\u00e1bar bu\u00ed, agus chuile chine\u00e1l <\/span><span style=\"font-size:14pt\">bruscair, \u00e1 n-iompar<\/span><span style=\"font-size:14pt\"> aige <\/span><span style=\"font-size:14pt\">trasna an bh\u00f3thair, romhainn<\/span><span style=\"font-size:14pt\"> amach<\/span><span style=\"font-size:14pt\">.  Ansin, th\u00e1ngamar go casadh sa bh\u00f3thar sin, agus ag an bpointe sin, bh\u00ed s\u00e9 deacair b\u00f3thar a aithint thar<\/span><span style=\"font-size:14pt\"> ph\u00e1irc, ach bh\u00ed an t-\u00e1dh linn<\/span><span style=\"font-size:14pt\">, agus roghna\u00edomar an bealach ceart amach as an gcoirn\u00e9al cinni\u00fanach sin. <\/span><\/p><p style=\"text-align:center;margin-top:0pt;padding-top:0;margin-bottom:0pt;padding-bottom:0;line-height:1.8;font-size:12pt\"><strong><span style=\"font-size:18pt\">\u00c9al\u00f3 ar \u00e9igean<\/span><\/strong><\/p><p style=\"text-align:justify;margin-top:0pt;padding-top:0;margin-bottom:0pt;padding-bottom:0;line-height:1.8;font-size:12pt\"><span style=\"font-size:14pt\"> B\u2019in an pointe ab \u00edsle ar an mb\u00f3thar sin, agus uaidh sin amach<\/span><span style=\"font-size:14pt\"> bh\u00ed c\u00fa<\/span><span style=\"font-size:14pt\">rsa<\/span><span style=\"font-size:14pt\">\u00ed<\/span><span style=\"font-size:14pt\"> ag dul <\/span><\/p><p style=\"text-align:justify;margin-top:0pt;padding-top:0;margin-bottom:0pt;padding-bottom:0;line-height:1.8;font-size:12pt\"><span style=\"font-size:14pt\">i bhfeabhas<\/span><span style=\"font-size:14pt\">, Bh\u00ed<\/span><span style=\"font-size:14pt\"> linn. Tar \u00e9is d\u00fainn thart ar dheich m\u00edle eile a chur d\u00ednn, stop a<\/span><span style=\"font-size:14pt\">n gle\u00e1radh, agus ghlan an sp\u00e9ir. B<\/span><span style=\"font-size:14pt\">h\u00ed an stoirm thart. <\/span><\/p>","protected":false},"excerpt":{"rendered":"<p>Julien i measc na gCnoc Peadar Bair\u00e9ad (This week we reacall that unforgettable visit to Julien, on July 20th 2003) . Cuairt ar Julien 20 I\u00fail, 2003 \u00d3 tharla nach raibh m\u00f3r\u00e1n d\u2019\u00e1r saoire i gCalaf\u00f3rnia f\u00e1gtha, shocra\u00edomar go raghadh muid go dt\u00ed an baile is \u00e1ille sa taobh sin t\u00edre, Julien i measc na [&hellip;]<\/p>\n","protected":false},"author":2,"featured_media":13435,"comment_status":"open","ping_status":"open","sticky":false,"template":"","format":"standard","meta":{"nf_dc_page":"","_et_pb_use_builder":"","_et_pb_old_content":"","_et_gb_content_width":"","footnotes":""},"categories":[1],"tags":[],"class_list":["post-12907","post","type-post","status-publish","format-standard","has-post-thumbnail","hentry","category-gan-chatagoir"],"_links":{"self":[{"href":"https:\/\/mickgb.com\/en\/wp-json\/wp\/v2\/posts\/12907","targetHints":{"allow":["GET"]}}],"collection":[{"href":"https:\/\/mickgb.com\/en\/wp-json\/wp\/v2\/posts"}],"about":[{"href":"https:\/\/mickgb.com\/en\/wp-json\/wp\/v2\/types\/post"}],"author":[{"embeddable":true,"href":"https:\/\/mickgb.com\/en\/wp-json\/wp\/v2\/users\/2"}],"replies":[{"embeddable":true,"href":"https:\/\/mickgb.com\/en\/wp-json\/wp\/v2\/comments?post=12907"}],"version-history":[{"count":1,"href":"https:\/\/mickgb.com\/en\/wp-json\/wp\/v2\/posts\/12907\/revisions"}],"predecessor-version":[{"id":12908,"href":"https:\/\/mickgb.com\/en\/wp-json\/wp\/v2\/posts\/12907\/revisions\/12908"}],"wp:featuredmedia":[{"embeddable":true,"href":"https:\/\/mickgb.com\/en\/wp-json\/wp\/v2\/media\/13435"}],"wp:attachment":[{"href":"https:\/\/mickgb.com\/en\/wp-json\/wp\/v2\/media?parent=12907"}],"wp:term":[{"taxonomy":"category","embeddable":true,"href":"https:\/\/mickgb.com\/en\/wp-json\/wp\/v2\/categories?post=12907"},{"taxonomy":"post_tag","embeddable":true,"href":"https:\/\/mickgb.com\/en\/wp-json\/wp\/v2\/tags?post=12907"}],"curies":[{"name":"wp","href":"https:\/\/api.w.org\/{rel}","templated":true}]}}