{"id":12959,"date":"2017-04-04T11:00:00","date_gmt":"2017-04-04T11:00:00","guid":{"rendered":"https:\/\/mickgb.com\/?p=12959"},"modified":"2024-04-08T01:25:34","modified_gmt":"2024-04-08T01:25:34","slug":"leim-an-da-mhile-1","status":"publish","type":"post","link":"https:\/\/mickgb.com\/en\/leim-an-da-mhile-1\/","title":{"rendered":"L\u00e9im an da Mh\u00edle &#8211; 1"},"content":{"rendered":"<h2 style=\"text-align:center;margin-top:0pt;padding-top:0;margin-bottom:0pt;padding-bottom:0;line-height:1.8;font-weight:bold;font-size:18pt\"><span style=\"font-size:28pt\">L\u00e9im an d\u00e1 Mh\u00edle<\/span><span style=\"font-size:28pt\">  1<\/span><\/h2><p style=\"margin-top:0pt;padding-top:0;margin-bottom:0pt;padding-bottom:0;line-height:2.4;font-size:12pt\"><span style=\"font-size:14pt\">Peadar Bair\u00e9ad<\/span><\/p><p style=\"text-align:center;margin-top:0pt;padding-top:0;margin-bottom:12pt;padding-bottom:0;line-height:1.8;font-size:12pt;margin-left:36pt\"><strong><span style=\"font-size:18pt\">(<\/span><span style=\"font-size:14pt\"><em>An babhta<\/em><\/span><span style=\"font-size:14pt\"><em> seo<\/em><\/span><span style=\"font-size:14pt\"><em>,<\/em><\/span><span style=\"font-size:14pt\"><em> agus mar chloch ar a charn,<\/em><\/span><span style=\"font-size:14pt\"><em> <\/em><\/span><span style=\"font-size:14pt\"><em>caithimis s\u00fa<\/em><\/span><span style=\"font-size:14pt\"><em>il siar<\/em><\/span><span style=\"font-size:14pt\"><em> ar l\u00e9<\/em><\/span><span style=\"font-size:14pt\"><em>irmheas a rinneadh anseo<\/em><\/span><span style=\"font-size:14pt\"><em> ar leabhar Ph\u00e1<\/em><\/span><span style=\"font-size:14pt\"><em>draig<\/em><\/span><span style=\"font-size:14pt\"><em> U\u00ed<\/em><\/span><span style=\"font-size:14pt\"><em> Fhianna<\/em><\/span><span style=\"font-size:14pt\"><em>c<\/em><\/span><span style=\"font-size:14pt\"><em>hta, tarraingt<\/em><\/span><span style=\"font-size:14pt\"><em> ar ocht mbliana \u00f3<\/em><\/span><span style=\"font-size:14pt\"><em> shoin <\/em><\/span><span style=\"font-size:14pt\">)<\/span><\/strong><\/p><h1 style=\"margin-top:0pt;padding-top:0;margin-bottom:0pt;padding-bottom:0;line-height:1.8;font-size:18pt\"><strong>L\u00e9im an D\u00e1 Mh\u00edle&#8230;&#8230;&#8230;&#8230;&#8230;&#8230;.<\/strong>C\u00e9adchl\u00f3<strong>&#8230;&#8230;&#8230;&#8230;&#8230;&#8230;<\/strong>2009<\/h1><p style=\"margin-top:0pt;padding-top:0;margin-bottom:0pt;padding-bottom:0;line-height:1.8;font-size:12pt\"><span style=\"font-size:14pt\">Le<\/span><\/p><h1 style=\"margin-top:0pt;padding-top:0;margin-bottom:0pt;padding-bottom:0;line-height:1.8;font-size:18pt\"><strong>P\u00e1draig \u00d3 Fiannachta&#8230;&#8230;&#8230;&#8230;&#8230;&#8230;&#8230;&#8230;&#8230;&#8230;&#8230;&#8230;&#8230;&#8230;\u20ac10.00<\/strong><\/h1><p style=\"margin-top:0pt;padding-top:0;margin-bottom:0pt;padding-bottom:0;line-height:2.4;font-size:12pt\"><span style=\"height:1em\"><span>.<\/span><\/span><\/p><p style=\"text-align:center;margin-top:0pt;padding-top:0;margin-bottom:0pt;padding-bottom:0;line-height:1.8;font-size:12pt\"><strong><span style=\"font-size:18pt\">Tr\u00ed ghloine shioctha<\/span><\/strong><\/p><p style=\"text-align:justify;margin-top:0pt;padding-top:0;margin-bottom:0pt;padding-bottom:0;line-height:1.8;font-size:14pt\">Gafa i ng\u00e9ibheann idir dh\u00e1 shaol, ceann acu thall, agus an ceann eile abhus, a bh\u00ed an sagart cr\u00e1ifeach, d\u00e1ir\u00edreach, an tAthair P\u00e1draig \u00d3 Fiannachta. Feictear d\u00f3, d\u00e1r liomsa, go bhfuil laethe a r\u00e9 fh\u00e9in ag druidim chun chr\u00edche, mo dh\u00e1la fh\u00e9in freisin, agus d\u00e1 bharr sin, chaith s\u00e9 s\u00fail gh\u00e9ar tr\u00edd an nghloine shioctha a scarann an d\u00e1 shaol \u00f3na ch\u00e9ile, le spl\u00e9achadh neamhshoil\u00e9ir a fh\u00e1il, ar \u00faire, agus ar ghlaise, an fh\u00e9ir at\u00e1 ag f\u00e1s go buacach ar an dtaobh eile, agus ar an l\u00fach\u00e1ir bhuan at\u00e1 curtha in \u00e1irithe d\u00fainn ansin ag \u00edobairt Fhear Ghail\u00edle. Samhla\u00edtear d\u00f3, go bhfuil breith agus \u00f3ige na Cr\u00edosta\u00edochta buailte isteach ina aigne n\u00edos daingne n\u00e1 mar at\u00e1 imeachta\u00ed agus tarl\u00faint\u00ed a \u00f3ige fh\u00e9in, ina dh\u00faiche fh\u00e9in. Miche\u00e1l de Liost\u00fan a chuir ag tochrais ar an gceirtl\u00edn sin \u00e9, a ch\u00e9aduair, i nd\u00e1n leis a foils\u00edodh, thart ar thriocha bliain \u00f3 shoin, agus ba \u00e9 a d\u00faradh i seoladh an d\u00e1in \u00fad n\u00f3&#8230;<\/p><p style=\"margin-top:0pt;padding-top:0;margin-bottom:0pt;padding-bottom:0;line-height:1.8;font-size:12pt;margin-left:108pt\"><span style=\"font-size:14pt\">\u201cRugadh \u00cdosa in \u00c1th Dara.<\/span><\/p><p style=\"margin-top:0pt;padding-top:0;margin-bottom:0pt;padding-bottom:0;line-height:1.8;font-size:12pt;margin-left:108pt\"><span style=\"font-size:14pt\">Bh\u00ed teach a mhuintire ar an tSr\u00e1id Fhada&#8230;\u201d<\/span><\/p><p style=\"text-align:justify;margin-top:0pt;padding-top:0;margin-bottom:0pt;padding-bottom:0;line-height:1.8;font-size:14pt\">Nach \u00e9asca, i nd\u00e1ir\u00edre, Cr\u00edost a shamhl\u00fa beo beatha\u00edoch in\u00e1r measc, \u00f3 tharla gur t\u00f3gadh muid i measc Cr\u00edostaithe d\u00edograiseacha an Iarthair, breis is ceithre sc\u00f3r bliain \u00f3 shoin, n\u00f3 an t-am sin, chloisfe\u00e1 Cr\u00edost ag labhairt leat amach as b\u00e9al na gcomharsan, Domhnach agus D\u00e1lach, agus \u00f3 cheann ceann na bliana. <\/p><h2 style=\"text-align:center;margin-top:0pt;padding-top:0;margin-bottom:0pt;padding-bottom:0;line-height:1.8;font-weight:bold;font-size:18pt\">Dh\u00e1 Mh\u00edle Bliain<\/h2><p style=\"text-align:justify;margin-top:0pt;padding-top:0;margin-bottom:0pt;padding-bottom:0;line-height:1.8;font-size:12pt\"><span style=\"font-size:14pt\">L\u00e9im an d\u00e1 mh\u00edle bliain, \u00f3 th\u00fas na m\u00edlaoise seo, siar go dt\u00ed laethe Chr\u00edost,<\/span><span style=\"font-size:14pt\"> (N\u00f3 is mar cheili\u00faradh ar an M\u00ed<\/span><span style=\"font-size:14pt\">lao<\/span><span style=\"font-size:14pt\">is a cumadh an saothar seo a ch\u00e9<\/span><span style=\"font-size:14pt\">aduair.) N\u00edl sa l\u00e9im sin i nd\u00e1ir\u00edre ach cupla trusl\u00f3g, adeir an tAthair P\u00e1draig linn.<\/span><\/p><p style=\"text-align:justify;margin-top:0pt;padding-top:0;margin-bottom:0pt;padding-bottom:0;line-height:1.8;font-size:12pt\"><span style=\"font-size:14pt\">Sa ph\u00edosa thuas, n\u00edl tagairt d\u00e9anta agam ach do leath an tsaothair seo, n\u00f3 t\u00e9ann aistri\u00fa fileata le Natalie Trump, taobh le taobh, le saothar an tsagairt. Saothar an tsagairt ar chl\u00e9, agus saothar Natalie ar dheis. Bre\u00e1, taitneamhach an leagan amach \u00e9, agus nach bre\u00e1 an socr\u00fa \u00e9 go bhf\u00e9adf\u00e1 breathn\u00fa ar chonas a rinne Natalie leagnacha cainte \u00e1irithe Gaeilge a l\u00e1imhseail i mB\u00e9arla.  <\/span><strong><span style=\"font-size:16pt\">Jesus in Dingle, <\/span><\/strong><span style=\"font-size:14pt\">a bhaist Natalie ar a leagan sise.<\/span><\/p><h2 style=\"text-align:center;margin-top:0pt;padding-top:0;margin-bottom:0pt;padding-bottom:0;line-height:1.8;font-weight:bold;font-size:18pt\">Turas chun an Tobair<\/h2><p style=\"text-align:justify;margin-top:0pt;padding-top:0;margin-bottom:0pt;padding-bottom:0;line-height:1.8;font-size:12pt\"><span style=\"font-size:14pt\">T\u00e1im tar \u00e9is cupla turas a thabhairt ar an dtobar f\u00edor\u00e1lainn f\u00edorGhaeluinne seo, a thochail na h\u00fadair ild\u00e1nacha seo, cheana f\u00e9in, agus t\u00e1 m\u00e9 me\u00e1ite ar chupla cuairt eile a thabhairt air, sul m\u00e1 dt\u00ed i bhfad, n\u00f3 n\u00ed h\u00e9 amh\u00e1in go s\u00e1sa\u00edonn chuile chuairt acu mo chion ar theanga mo mhuintire, ach n\u00edos t\u00e1bhachta\u00ed f\u00f3s, beatha\u00edonn s\u00e9 an d\u00fail do-sh\u00e1sta, spiorad\u00e1lta, at\u00e1 neadaithe sa chro\u00ed, agus san anam, i<\/span><span style=\"font-size:14pt\">stigh ion<\/span><span style=\"font-size:14pt\">am. N\u00ed sh\u00e1s\u00f3dh cuairt amh\u00e1in m\u00e9. Caithfidh m\u00e9 cos\u00e1n <\/span><span style=\"font-size:14pt\">dearg <\/span><span style=\"font-size:14pt\">a bhualadh chun an tobair dhothaomtha seo. Is m\u00f3r an mhaise ar an leabhar \u00e9 freisin, na grianghrafanna agus na picti\u00fair dea-l\u00ednithe a ghabhann leis. B\u2019fh\u00e9idir gur mhaith leatsa triall a bhaint as? <\/span><\/p><p style=\"text-align:justify;margin-top:0pt;padding-top:0;margin-bottom:0pt;padding-bottom:0;line-height:1.8;font-size:12pt\"><span style=\"font-size:14pt\">Ach b\u2019fh\u00e9idir gur ch\u00f3ir dom<\/span><span style=\"font-size:14pt\">, i dtosach b\u00e1ire,<\/span><span style=\"font-size:14pt\"> tagairt eic\u00ednt a dh\u00e9anamh don saothar fh\u00e9in. <\/span><\/p><p style=\"text-align:justify;margin-top:0pt;padding-top:0;margin-bottom:0pt;padding-bottom:0;line-height:1.8;font-size:12pt\"><span style=\"font-size:14pt\">I bhfoirm fil\u00edochta a chuirtear an saothar seo in\u00e1r l\u00e1thair, agus n\u00ed g\u00e1 a r\u00e1, nach inn\u00e9 n\u00e1 inniu a thosaigh an tAthair P\u00e1draig ag shadhmadh focal ina nd\u00e1nta scili\u00fala, eala\u00edonta, eolgaiseacha, agus n\u00ed taise don iarracht seo \u00e9.<\/span><\/p><p style=\"text-align:justify;margin-top:0pt;padding-top:0;margin-bottom:0pt;padding-bottom:0;line-height:1.8;font-size:12pt\"><span style=\"font-size:14pt\">\u00cdosa ag an gC\u00e9 sa Daingean, a bhaisteann an file ar an gc\u00e9ad chaibidil fil\u00edochta d\u00e1 dh\u00e1n, agus breathnaigh mar a chuir s\u00e9 t\u00fas leis an alt fil\u00edochta seo.<\/span><\/p><h3 style=\"text-align:justify;margin-top:0pt;padding-top:0;margin-bottom:0pt;padding-bottom:0;line-height:1.8;font-size:14pt;margin-left:36pt\">\u201cN\u00ed os comhair an ts\u00e1ip\u00e9il<\/h3><p style=\"text-align:justify;margin-top:0pt;padding-top:0;margin-bottom:0pt;padding-bottom:0;line-height:1.8;font-size:12pt;margin-left:36pt\"><span style=\"font-size:14pt\">A bh\u00ed Cr\u00edost ag caint an l\u00e1 \u00fad<\/span><\/p><p style=\"text-align:justify;margin-top:0pt;padding-top:0;margin-bottom:0pt;padding-bottom:0;line-height:1.8;font-size:12pt;margin-left:36pt\"><span style=\"font-size:14pt\">Ach thiar ag Bun Calaidh<\/span><\/p><p style=\"text-align:justify;margin-top:0pt;padding-top:0;margin-bottom:0pt;padding-bottom:0;line-height:1.8;font-size:12pt;margin-left:36pt\"><span style=\"font-size:14pt\">Agus amuigh ar Cheann an Ch\u00e9&#8230;.\u201d<\/span><\/p><p style=\"text-align:justify;margin-top:0pt;padding-top:0;margin-bottom:0pt;padding-bottom:0;line-height:1.8;font-size:12pt\"><span style=\"font-size:14pt\">B\u2019fh\u00e9idir gur leor sin don tseachtain seo&#8230;&#8230;&#8230;&#8230;&#8230;<\/span><\/p><p style=\"text-align:justify;margin-top:0pt;padding-top:0;margin-bottom:0pt;padding-bottom:0;line-height:1.8;font-size:12pt\"><span style=\"height:1em\"><span>.<\/span><\/span><\/p><p style=\"text-align:justify;margin-top:0pt;padding-top:0;margin-bottom:0pt;padding-bottom:0;line-height:1.8;font-size:12pt\"><span style=\"height:1em\"><span>.<\/span><\/span><\/p><p style=\"text-align:justify;margin-top:0pt;padding-top:0;margin-bottom:0pt;padding-bottom:0;line-height:1.8;font-size:12pt\"><span style=\"height:1em\"><span>.<\/span><\/span><\/p><p style=\"text-align:justify;margin-top:0pt;padding-top:0;margin-bottom:0pt;padding-bottom:0;line-height:1.8;font-size:12pt\"><span style=\"height:1em\"><span>.<\/span><\/span><\/p><p style=\"text-align:justify;margin-top:0pt;padding-top:0;margin-bottom:0pt;padding-bottom:0;line-height:1.8;font-size:12pt\"><span style=\"height:1em\"><span>.<\/span><\/span><\/p><p style=\"text-align:justify;margin-top:0pt;padding-top:0;margin-bottom:0pt;padding-bottom:0;line-height:1.8;font-size:12pt\"><span style=\"height:1em\"><span>.<\/span><\/span><\/p><p style=\"text-align:justify;margin-top:0pt;padding-top:0;margin-bottom:0pt;padding-bottom:0;line-height:1.8;font-size:12pt\"><span style=\"height:1em\"><span>.<\/span><\/span><\/p><p style=\"text-align:justify;margin-top:0pt;padding-top:0;margin-bottom:0pt;padding-bottom:0;line-height:1.8;font-size:12pt\"><span style=\"height:1em\"><span>.<\/span><\/span><\/p><p style=\"text-align:justify;margin-top:0pt;padding-top:0;margin-bottom:0pt;padding-bottom:0;line-height:1.8;font-size:12pt\"><span style=\"height:1em\"><span>.<\/span><\/span><\/p><p style=\"text-align:justify;margin-top:0pt;padding-top:0;margin-bottom:0pt;padding-bottom:0;line-height:1.8;font-size:14pt\"><span style=\"height:1em\"><span>.<\/span><\/span><\/p><p style=\"text-align:justify;margin-top:0pt;padding-top:0;margin-bottom:0pt;padding-bottom:0;line-height:1.8;font-size:14pt\"><span style=\"height:1em\"><span>.<\/span><\/span><\/p><p style=\"text-align:justify;margin-top:0pt;padding-top:0;margin-bottom:0pt;padding-bottom:0;line-height:1.8;font-size:14pt\"><span style=\"height:1em\"><span>.<\/span><\/span><\/p><p style=\"text-align:justify;margin-top:0pt;padding-top:0;margin-bottom:0pt;padding-bottom:0;line-height:1.8;font-size:14pt\"><span style=\"height:1em\"><span>.<\/span><\/span><\/p><p style=\"text-align:justify;margin-top:0pt;padding-top:0;margin-bottom:0pt;padding-bottom:0;line-height:1.8;font-size:14pt\"><span style=\"height:1em\"><span>.<\/span><\/span><\/p><p style=\"text-align:justify;margin-top:0pt;padding-top:0;margin-bottom:0pt;padding-bottom:0;line-height:1.8;font-size:14pt\"><span style=\"height:1em\"><span>.<\/span><\/span><\/p><p style=\"text-align:justify;margin-top:0pt;padding-top:0;margin-bottom:0pt;padding-bottom:0;line-height:1.8;font-size:14pt\"><span style=\"height:1em\"><span>.<\/span><\/span><\/p><p style=\"text-align:justify;margin-top:0pt;padding-top:0;margin-bottom:0pt;padding-bottom:0;line-height:1.8;font-size:14pt\"><span style=\"height:1em\"><span>.<\/span><\/span><\/p><p style=\"text-align:justify;margin-top:0pt;padding-top:0;margin-bottom:0pt;padding-bottom:0;line-height:1.8;font-size:14pt\"><span style=\"height:1em\"><span>.<\/span><\/span><\/p><p style=\"text-align:justify;margin-top:0pt;padding-top:0;margin-bottom:0pt;padding-bottom:0;line-height:2.4;font-size:12pt\"><span style=\"height:1em\"><span>.<\/span><\/span><\/p><p style=\"text-align:justify;margin-top:0pt;padding-top:0;margin-bottom:0pt;padding-bottom:0;line-height:2.4;font-size:12pt\"><span style=\"height:1em\"><span>.<\/span><\/span><\/p><p style=\"text-align:justify;margin-top:0pt;padding-top:0;margin-bottom:0pt;padding-bottom:0;line-height:2.4;font-size:12pt\"><span style=\"height:1em\"><span>.<\/span><\/span><\/p><p style=\"text-align:center;margin-top:0pt;padding-top:0;margin-bottom:0pt;padding-bottom:0;line-height:2.4;font-size:12pt;margin-left:36pt\"><span style=\"height:1em\"><span>.<\/span><\/span><\/p>","protected":false},"excerpt":{"rendered":"<p>L\u00e9im an d\u00e1 Mh\u00edle 1 Peadar Bair\u00e9ad (An babhta seo, agus mar chloch ar a charn, caithimis s\u00fail siar ar l\u00e9irmheas a rinneadh anseo ar leabhar Ph\u00e1draig U\u00ed Fhiannachta, tarraingt ar ocht mbliana \u00f3 shoin ) L\u00e9im an D\u00e1 Mh\u00edle&#8230;&#8230;&#8230;&#8230;&#8230;&#8230;.C\u00e9adchl\u00f3&#8230;&#8230;&#8230;&#8230;&#8230;&#8230;2009 Le P\u00e1draig \u00d3 Fiannachta&#8230;&#8230;&#8230;&#8230;&#8230;&#8230;&#8230;&#8230;&#8230;&#8230;&#8230;&#8230;&#8230;&#8230;\u20ac10.00 . Tr\u00ed ghloine shioctha Gafa i ng\u00e9ibheann idir dh\u00e1 shaol, ceann [&hellip;]<\/p>\n","protected":false},"author":2,"featured_media":13435,"comment_status":"open","ping_status":"open","sticky":false,"template":"","format":"standard","meta":{"nf_dc_page":"","_et_pb_use_builder":"","_et_pb_old_content":"","_et_gb_content_width":"","footnotes":""},"categories":[1],"tags":[],"class_list":["post-12959","post","type-post","status-publish","format-standard","has-post-thumbnail","hentry","category-gan-chatagoir"],"_links":{"self":[{"href":"https:\/\/mickgb.com\/en\/wp-json\/wp\/v2\/posts\/12959","targetHints":{"allow":["GET"]}}],"collection":[{"href":"https:\/\/mickgb.com\/en\/wp-json\/wp\/v2\/posts"}],"about":[{"href":"https:\/\/mickgb.com\/en\/wp-json\/wp\/v2\/types\/post"}],"author":[{"embeddable":true,"href":"https:\/\/mickgb.com\/en\/wp-json\/wp\/v2\/users\/2"}],"replies":[{"embeddable":true,"href":"https:\/\/mickgb.com\/en\/wp-json\/wp\/v2\/comments?post=12959"}],"version-history":[{"count":1,"href":"https:\/\/mickgb.com\/en\/wp-json\/wp\/v2\/posts\/12959\/revisions"}],"predecessor-version":[{"id":12960,"href":"https:\/\/mickgb.com\/en\/wp-json\/wp\/v2\/posts\/12959\/revisions\/12960"}],"wp:featuredmedia":[{"embeddable":true,"href":"https:\/\/mickgb.com\/en\/wp-json\/wp\/v2\/media\/13435"}],"wp:attachment":[{"href":"https:\/\/mickgb.com\/en\/wp-json\/wp\/v2\/media?parent=12959"}],"wp:term":[{"taxonomy":"category","embeddable":true,"href":"https:\/\/mickgb.com\/en\/wp-json\/wp\/v2\/categories?post=12959"},{"taxonomy":"post_tag","embeddable":true,"href":"https:\/\/mickgb.com\/en\/wp-json\/wp\/v2\/tags?post=12959"}],"curies":[{"name":"wp","href":"https:\/\/api.w.org\/{rel}","templated":true}]}}