{"id":12961,"date":"2017-04-04T11:00:00","date_gmt":"2017-04-04T11:00:00","guid":{"rendered":"https:\/\/mickgb.com\/?p=12961"},"modified":"2024-04-08T01:25:34","modified_gmt":"2024-04-08T01:25:34","slug":"leim-an-da-mhile-2","status":"publish","type":"post","link":"https:\/\/mickgb.com\/en\/leim-an-da-mhile-2\/","title":{"rendered":"Leim an da Mhile &#8211; 2."},"content":{"rendered":"<h2 style=\"text-align:center;margin-top:0pt;padding-top:0;margin-bottom:0pt;padding-bottom:0;line-height:1.8;font-weight:bold;font-size:18pt\"><span style=\"font-size:28pt\">L\u00e9im an d\u00e1 Mh\u00edle<\/span><span style=\"font-size:28pt\">&#8230;Cuid a D\u00f3.   <\/span><\/h2><p style=\"text-align:center;margin-top:0pt;padding-top:0;margin-bottom:0pt;padding-bottom:0;line-height:2.4;font-size:12pt\"><strong><span style=\"font-size:20pt\">&#8230;..<\/span><span style=\"font-size:20pt\">(Seanm\u00f3ir a thabhairt)<\/span><span style=\"font-size:20pt\">&#8230;..<\/span><\/strong><\/p><p style=\"margin-top:0pt;padding-top:0;margin-bottom:0pt;padding-bottom:0;line-height:2.4;font-size:12pt\"><span style=\"font-size:14pt\">P<\/span><span style=\"font-size:14pt\">eadar Bair\u00e9ad<\/span><\/p><p style=\"margin-top:0pt;padding-top:0;margin-bottom:0pt;padding-bottom:0;line-height:2.4;font-size:12pt\"><strong><span style=\"font-size:14pt\">L\u00e9<\/span><span style=\"font-size:14pt\">irmheas ar \u2018L\u00e9im an d\u00e1 Mh\u00edle\u2019 leis an Athair P\u00e1draig \u00d3 Fiannachta..<\/span><\/strong><\/p><p style=\"margin-top:0pt;padding-top:0;margin-bottom:0pt;padding-bottom:0;line-height:2.4;font-size:12pt;margin-left:72pt\"><strong><span style=\"font-size:14pt\">&nbsp;&nbsp;<\/span><span style=\"font-size:14pt\">(<\/span><\/strong><span style=\"font-size:14pt\">ar lean\u00faint \u00f3n tseachtain seo caite<\/span><strong><span style=\"font-size:14pt\">.)<\/span><\/strong><\/p><p style=\"text-align:center;margin-top:0pt;padding-top:0;margin-bottom:0pt;padding-bottom:0;line-height:2.4;font-size:12pt\"><span style=\"height:1em\"><span>.<\/span><\/span><\/p><p style=\"text-align:center;margin-top:0pt;padding-top:0;margin-bottom:0pt;padding-bottom:0;line-height:2.4;font-size:12pt\"><strong><span style=\"font-size:18pt\">Seanm\u00f3ir \u00e1 thabhairt<\/span><\/strong><\/p><p style=\"margin-top:0pt;padding-top:0;margin-bottom:0pt;padding-bottom:0;line-height:2.4;font-size:12pt\"><span style=\"font-size:14pt\">Samhla\u00edtear don bhfile go raibh<\/span><span style=\"font-size:14pt\"> Cr\u00ed<\/span><span style=\"font-size:14pt\">ost<\/span><span style=\"font-size:14pt\"> ag labhairt sa Daingean an l\u00e1 \u00fad&#8230;<\/span><\/p><p style=\"margin-top:0pt;padding-top:0;margin-bottom:0pt;padding-bottom:0;line-height:2.4;font-size:12pt;margin-left:108pt\"><span style=\"font-size:14pt\">\u201c<\/span><span style=\"font-size:14pt\">N\u00ed os comhair an ts\u00e1ip\u00e9il<\/span><\/p><p style=\"margin-top:0pt;padding-top:0;margin-bottom:0pt;padding-bottom:0;line-height:2.4;font-size:12pt;margin-left:108pt\"><span style=\"font-size:14pt\">A bh\u00ed Cr\u00edost ag caint an l\u00e1 \u00fad,<\/span><\/p><p style=\"margin-top:0pt;padding-top:0;margin-bottom:0pt;padding-bottom:0;line-height:2.4;font-size:12pt;margin-left:108pt\"><span style=\"font-size:14pt\">Ach thiar ag Bun Calaidh<\/span><\/p><p style=\"margin-top:0pt;padding-top:0;margin-bottom:0pt;padding-bottom:0;line-height:2.4;font-size:12pt;margin-left:108pt\"><span style=\"font-size:14pt\">Agus amuigh ar Cheann an Ch\u00e9.<\/span><span style=\"font-size:14pt\">\u201d<\/span><\/p><p style=\"margin-top:0pt;padding-top:0;margin-bottom:0pt;padding-bottom:0;line-height:1.2;font-size:12pt\"><span style=\"height:1em\"><span>.<\/span><\/span><\/p><p style=\"text-align:justify;margin-top:0pt;padding-top:0;margin-bottom:0pt;padding-bottom:0;line-height:1.8;font-size:14pt\">Ainmn\u00edonn s\u00e9 na daoine a bh\u00ed ar an bhf\u00f3d don \u00f3c\u00e1id, daoine \u00f3n \u00e1it ba ea a bhformh\u00f3r. Bh\u00ed Aspail ann freisin, bh\u00ed S\u00edom\u00f3n agus Aind\u00ed beag i mbun a mb\u00e1id agus a l\u00edonta. Bh\u00ed o\u00edche caite acu ar th\u00f3ir na scad\u00e1n, ach ruball scad\u00e1in fh\u00e9in n\u00ed bhfuair siad, agus anois bh\u00ed siad suncaithe, s\u00e1raithe.<\/p><h2 style=\"text-align:center;margin-top:0pt;padding-top:0;margin-bottom:0pt;padding-bottom:0;line-height:1.8;font-weight:bold;font-size:18pt\">Seanm\u00f3ir \u00e1 thabhairt<\/h2><p style=\"text-align:justify;margin-top:0pt;padding-top:0;margin-bottom:0pt;padding-bottom:0;line-height:1.8;font-size:12pt\"><span style=\"font-size:14pt\">D\u2019iarr<\/span><span style=\"font-size:14pt\"> Iosa<\/span><span style=\"font-size:14pt\"> ar Sh\u00edom\u00f3n te<\/span><span style=\"font-size:14pt\">acht i gcabhair air lena bh\u00e1<\/span><span style=\"font-size:14pt\">d<\/span><span style=\"font-size:14pt\">. Rinne. Agus thug \u00cdosa Seanm\u00f3ir uaidh as tochta an bh\u00e1id sin.<\/span><\/p><p style=\"text-align:justify;margin-top:0pt;padding-top:0;margin-bottom:0pt;padding-bottom:0;line-height:1.8;font-size:12pt\"><span style=\"font-size:14pt\">Labhair \u00cdosa leo faoi \u00e9isc agus faoi iascaireacht, rud a chuir ionadh ar dhaoine, n\u00f3 n\u00e1r shi\u00fain\u00e9ir \u00e9 mac Iosaef? Nuair a bh\u00ed deireadh r\u00e1ite aige, d\u2019imigh na daoine, ach d\u2019fhan na hiascair\u00ed, agus d\u2019iarr \u00cdosa orthu buaileadh amach p\u00edosa, <\/span><span style=\"font-size:14pt\">\u201cAgus d\u00e9ana\u00edg cor\u201d a<\/span><span style=\"font-size:14pt\">r seisean. Rinne<\/span><span style=\"font-size:14pt\">, agus ba ghearr go raibh na l\u00edonta l\u00e1n go sc\u00f3ig le h\u00e9isc. Ghlaoigh S\u00edom\u00f3n ar Sh\u00e9amas agus ar Eoin, agus ba \u00e9 deireadh an sc\u00e9il \u00e9 n\u00f3 go raibh&#8230; <\/span><\/p><p style=\"text-align:center;margin-top:0pt;padding-top:0;margin-bottom:0pt;padding-bottom:0;line-height:1.8;font-size:12pt\"><span style=\"font-size:14pt\">\u201cNa b\u00e1id l\u00e1n agus na l\u00edonta sl\u00e1n.\u201d<\/span><\/p><p style=\"text-align:justify;margin-top:0pt;padding-top:0;margin-bottom:0pt;padding-bottom:0;line-height:1.8;font-size:12pt\"><span style=\"font-size:14pt\">Ag an bpointe sin, thuig \u00cdosa go maith, go raibh S\u00edom\u00f3n gafa aige, agus go nd\u00e9anfadh s\u00e9 iascaire f\u00f3nta, ar ball, iascaire ar dhaoine.<\/span><\/p><p style=\"text-align:justify;margin-top:0pt;padding-top:0;margin-bottom:0pt;padding-bottom:0;line-height:1.8;font-size:12pt;margin-left:72pt\"><span style=\"font-size:14pt\">\u201cD\u00fairt leis: Tair agus lean mise,<\/span><\/p><p style=\"text-align:justify;margin-top:0pt;padding-top:0;margin-bottom:0pt;padding-bottom:0;line-height:1.8;font-size:12pt;margin-left:72pt\"><span style=\"font-size:14pt\">Agus d\u00e9anfaidh m\u00e9 iascaire ar dhaoine d\u00edot.\u201d<\/span><\/p><p style=\"text-align:center;margin-top:0pt;padding-top:0;margin-bottom:0pt;padding-bottom:0;line-height:1.8;font-size:14pt\"><strong><span style=\"font-size:18pt\">Mac an Duine<\/span><\/strong><\/p><p style=\"text-align:justify;margin-top:0pt;padding-top:0;margin-bottom:0pt;padding-bottom:0;line-height:1.8;font-size:14pt\">Sa ch\u00e9ad chaibidil eile, faigheann muid \u00cdosa agus na hAspail, ag caint faoi Mhac an Duine fh\u00e9in. Agus ag breathn\u00fa ar Sh\u00edom\u00f3n, labhair s\u00e9 leis..\u201cC\u00e9 adeir siad is m\u00e9?\u201d ar s\u00e9 leis. Cuid acu Eoin Baiste, a thuilleadh \u00c9ilias, N\u00f3 duine de na f\u00e1ithe.\u201d \u201cC\u00e9 adeir tusa is m\u00e9?\u201d  \u201cIs t\u00fa Cr\u00edost Mac D\u00e9 Bh\u00ed&#8230;\u201d<\/p><p style=\"text-align:justify;margin-top:0pt;padding-top:0;margin-bottom:0pt;padding-bottom:0;line-height:1.8;font-size:14pt\">Shuigh an file an beart sin i gCeann Sl\u00e9ibhe. Agus roghn\u00fa d\u00e9anta ag \u00cdosa ar Pheadar, shocraigh s\u00e9 ar a Eaglais a bhun\u00fa ar an bhfear c\u00e9anna sin. Ina dhiaidh sin, d\u00e9antar tagairt do eachtra\u00ed \u00e1irithe eile \u00f3 mhisean an Tiarna. <\/p><h2 style=\"text-align:center;margin-top:0pt;padding-top:0;margin-bottom:0pt;padding-bottom:0;line-height:1.8;font-weight:bold;font-size:18pt\">Cuairt ar na hEasl\u00e1in<\/h2><p style=\"text-align:justify;margin-top:0pt;padding-top:0;margin-bottom:0pt;padding-bottom:0;line-height:1.8;font-size:12pt\"><span style=\"font-size:14pt\">Thug s\u00e9 cuairt ar na heasl\u00e1in, rud a tharla\u00edonn go rialta i saol an \u00fadair fh\u00e9in, nuair a th\u00e9ann s\u00e9 ar ghlaoch ola agus nuair a th\u00f3gann s\u00e9 an L\u00f3n B\u00f3thair c<\/span><span style=\"font-size:14pt\">hucu si\u00fad a bh\u00edonn ina gh\u00e1tar. <\/span><span style=\"font-size:14pt\">Thug \u00cdosa compord agus suaimhneas do na heasl\u00e1in <\/span><\/p><p style=\"text-align:justify;margin-top:0pt;padding-top:0;margin-bottom:0pt;padding-bottom:0;line-height:1.8;font-size:12pt;margin-left:72pt\"><span style=\"font-size:14pt\">\u201cIs m\u00f3 \u00e1ras ata i dtigh mAthar.<\/span><\/p><p style=\"text-align:justify;margin-top:0pt;padding-top:0;margin-bottom:0pt;padding-bottom:0;line-height:1.8;font-size:12pt;margin-left:72pt\"><span style=\"font-size:14pt\">Raghadsa agus cuirfead \u00e1it i gc\u00f3ir daoibh.\u201d<\/span><\/p><p style=\"text-align:justify;margin-top:0pt;padding-top:0;margin-bottom:0pt;padding-bottom:0;line-height:1.8;font-size:14pt\">Ar ball ar\u00eds, bheannaigh \u00cdosa na cr\u00e9at\u00fair uilig at\u00e1 curtha i gCill Mhair\u00e9ad, Reilg an Ghorta. <\/p><p style=\"text-align:justify;margin-top:0pt;padding-top:0;margin-bottom:0pt;padding-bottom:0;line-height:1.8;font-size:12pt;margin-left:72pt\"><span style=\"font-size:14pt\">\u201cT\u00e1id anois in aoibhneas na bhFlaitheas.<\/span><\/p><p style=\"text-align:justify;margin-top:0pt;padding-top:0;margin-bottom:0pt;padding-bottom:0;line-height:1.8;font-size:12pt;margin-left:72pt\"><span style=\"font-size:14pt\">Is leo R\u00edocht D\u00e9.\u201d<\/span><\/p><p style=\"text-align:justify;margin-top:0pt;padding-top:0;margin-bottom:0pt;padding-bottom:0;line-height:1.8;font-size:14pt\">Nach mar sin a labhra\u00edonn an Tiarna leis an \u00fadar fh\u00e9in, tr\u00e1th fh\u00e9achann seisean ar an Reilg ch\u00e9anna sin?<\/p><h2 style=\"text-align:center;margin-top:0pt;padding-top:0;margin-bottom:0pt;padding-bottom:0;line-height:1.8;font-weight:bold;font-size:18pt\">An tAr\u00e1n Beo<\/h2><p style=\"text-align:justify;margin-top:0pt;padding-top:0;margin-bottom:0pt;padding-bottom:0;line-height:1.8;font-size:12pt\"><span style=\"font-size:14pt\">D\u00e9antar tagairt freisin don tSuip\u00e9ar Deiridh, nuair a thug an Tiarna a chuid fola agus feola d\u00e1 Aspail, \u00e1 r\u00e1 leo:-<\/span><\/p><h4 style=\"text-align:justify;margin-top:0pt;padding-top:0;margin-bottom:0pt;padding-bottom:0;line-height:1.8;font-size:14pt;margin-left:72pt\">\u201cIs mise an t-ar\u00e1n beo<\/h4><p style=\"text-align:justify;margin-top:0pt;padding-top:0;margin-bottom:0pt;padding-bottom:0;line-height:1.8;font-size:12pt;margin-left:72pt\"><span style=\"font-size:14pt\">A th\u00e1inig anuas \u00f3 neamh.<\/span><\/p><p style=\"text-align:justify;margin-top:0pt;padding-top:0;margin-bottom:0pt;padding-bottom:0;line-height:1.8;font-size:12pt;margin-left:72pt\"><span style=\"font-size:14pt\">M\u00e1 itheann duine an t-ar\u00e1n seo,<\/span><\/p><p style=\"text-align:justify;margin-top:0pt;padding-top:0;margin-bottom:0pt;padding-bottom:0;line-height:1.8;font-size:12pt;margin-left:72pt\"><span style=\"font-size:14pt\">Mairfhidh s\u00e9 go deo.\u201d<\/span><\/p><p style=\"text-align:justify;margin-top:0pt;padding-top:0;margin-bottom:0pt;padding-bottom:0;line-height:1.8;font-size:14pt\">Sea, agus nach c\u00f3ngarach do chro\u00ed an fhile an r\u00e1iteas c\u00e9anna sin, n\u00f3 nach cuid d\u00e1 shaol laeth\u00fail \u00e9, bheith ag glaoch ar an bhfuil agus ar an bhfeoil ch\u00e9anna sin teacht anuas \u00f3 na Flaithis agus tamall a chaitheamh os a chomhair amach, ar lic na halt\u00f3ra, le linn d\u00f3 an tAifreann a cheili\u00faradh.<\/p><p style=\"text-align:center;margin-top:0pt;padding-top:0;margin-bottom:0pt;padding-bottom:0;line-height:1.8;font-size:14pt\"><strong><span style=\"font-size:18pt\">Clabhs\u00far<\/span><\/strong><\/p><p style=\"text-align:justify;margin-top:0pt;padding-top:0;margin-bottom:0pt;padding-bottom:0;line-height:1.8;font-size:14pt\">Le clabhs\u00far a chur ar a dh\u00e1n, cr\u00edochna\u00edonn an file an sc\u00e9al d\u00fainn tr\u00ed thagairt a dh\u00e9anamh don Ch\u00e1isc, agus don Ais\u00e9ir\u00ed.<\/p><p style=\"text-align:justify;margin-top:0pt;padding-top:0;margin-bottom:0pt;padding-bottom:0;line-height:1.8;font-size:12pt;margin-left:72pt\"><span style=\"font-size:14pt\">\u201cC\u00e9ad gl\u00f3ir le Dia!\u201d arsa S\u00edom\u00f3n Peadar,<\/span><\/p><p style=\"text-align:justify;margin-top:0pt;padding-top:0;margin-bottom:0pt;padding-bottom:0;line-height:1.8;font-size:12pt;margin-left:72pt\"><span style=\"font-size:14pt\">\u201cAgus canaimis an Hallel.\u201d <\/span><\/p><p style=\"text-align:justify;margin-top:0pt;padding-top:0;margin-bottom:0pt;padding-bottom:0;line-height:1.8;font-size:12pt\"><span style=\"font-size:14pt\">B\u2019fh\u00e9idir n\u00e1rbh olc an \u00e1it \u00ed seo, le cr\u00edoch a chur <\/span><span style=\"font-size:14pt\">lem\u2019 smaointe<\/span><span style=\"font-size:14pt\"> ar<\/span><span style=\"font-size:14pt\"> <\/span><span style=\"font-size:14pt\">\u2018<\/span><span style=\"font-size:14pt\">L\u00e9im an D\u00e1 Mh\u00edle<\/span><span style=\"font-size:14pt\">\u2019<\/span><span style=\"font-size:14pt\">, an d\u00e1n spreag\u00fail, seo, a chuireann Cr\u00edost ag taisteal ar\u00eds in\u00e1r measc<\/span><span style=\"font-size:14pt\">.<\/span><\/p><p style=\"text-align:justify;margin-top:0pt;padding-top:0;margin-bottom:0pt;padding-bottom:0;line-height:1.8;font-size:12pt\"><span style=\"font-size:14pt\">B\u2019fh\u00e9idir gur mhaith leatsa tabhairt faoi ar do chaoth\u00falacht? <\/span><span style=\"font-size:14pt\"> <\/span><\/p><p style=\"text-align:justify;margin-top:0pt;padding-top:0;margin-bottom:0pt;padding-bottom:0;line-height:2.4;font-size:12pt\"><span style=\"height:1em\"><span>.<\/span><\/span><\/p><p style=\"text-align:center;margin-top:0pt;padding-top:0;margin-bottom:0pt;padding-bottom:0;line-height:2.4;font-size:12pt;margin-left:36pt\"><span style=\"height:1em\"><span>.<\/span><\/span><\/p>","protected":false},"excerpt":{"rendered":"<p>L\u00e9im an d\u00e1 Mh\u00edle&#8230;Cuid a D\u00f3. &#8230;..(Seanm\u00f3ir a thabhairt)&#8230;.. Peadar Bair\u00e9ad L\u00e9irmheas ar \u2018L\u00e9im an d\u00e1 Mh\u00edle\u2019 leis an Athair P\u00e1draig \u00d3 Fiannachta.. &nbsp;&nbsp;(ar lean\u00faint \u00f3n tseachtain seo caite.) . Seanm\u00f3ir \u00e1 thabhairt Samhla\u00edtear don bhfile go raibh Cr\u00edost ag labhairt sa Daingean an l\u00e1 \u00fad&#8230; \u201cN\u00ed os comhair an ts\u00e1ip\u00e9il A bh\u00ed Cr\u00edost ag [&hellip;]<\/p>\n","protected":false},"author":2,"featured_media":13435,"comment_status":"open","ping_status":"open","sticky":false,"template":"","format":"standard","meta":{"nf_dc_page":"","_et_pb_use_builder":"","_et_pb_old_content":"","_et_gb_content_width":"","footnotes":""},"categories":[1],"tags":[],"class_list":["post-12961","post","type-post","status-publish","format-standard","has-post-thumbnail","hentry","category-gan-chatagoir"],"_links":{"self":[{"href":"https:\/\/mickgb.com\/en\/wp-json\/wp\/v2\/posts\/12961","targetHints":{"allow":["GET"]}}],"collection":[{"href":"https:\/\/mickgb.com\/en\/wp-json\/wp\/v2\/posts"}],"about":[{"href":"https:\/\/mickgb.com\/en\/wp-json\/wp\/v2\/types\/post"}],"author":[{"embeddable":true,"href":"https:\/\/mickgb.com\/en\/wp-json\/wp\/v2\/users\/2"}],"replies":[{"embeddable":true,"href":"https:\/\/mickgb.com\/en\/wp-json\/wp\/v2\/comments?post=12961"}],"version-history":[{"count":1,"href":"https:\/\/mickgb.com\/en\/wp-json\/wp\/v2\/posts\/12961\/revisions"}],"predecessor-version":[{"id":12962,"href":"https:\/\/mickgb.com\/en\/wp-json\/wp\/v2\/posts\/12961\/revisions\/12962"}],"wp:featuredmedia":[{"embeddable":true,"href":"https:\/\/mickgb.com\/en\/wp-json\/wp\/v2\/media\/13435"}],"wp:attachment":[{"href":"https:\/\/mickgb.com\/en\/wp-json\/wp\/v2\/media?parent=12961"}],"wp:term":[{"taxonomy":"category","embeddable":true,"href":"https:\/\/mickgb.com\/en\/wp-json\/wp\/v2\/categories?post=12961"},{"taxonomy":"post_tag","embeddable":true,"href":"https:\/\/mickgb.com\/en\/wp-json\/wp\/v2\/tags?post=12961"}],"curies":[{"name":"wp","href":"https:\/\/api.w.org\/{rel}","templated":true}]}}