{"id":12993,"date":"2017-04-04T11:00:00","date_gmt":"2017-04-04T11:00:00","guid":{"rendered":"https:\/\/mickgb.com\/?p=12993"},"modified":"2024-04-08T01:26:26","modified_gmt":"2024-04-08T01:26:26","slug":"micheal-o-gabhlain-copy-2","status":"publish","type":"post","link":"https:\/\/mickgb.com\/en\/micheal-o-gabhlain-copy-2\/","title":{"rendered":"Micheal O Gabhlain &#8211; Copy (2)"},"content":{"rendered":"<p style=\"text-align:center;margin-top:0pt;padding-top:0;margin-bottom:0pt;padding-bottom:0;line-height:2.4;font-weight:bold;font-size:24pt\">I  mB\u00e9al  an  Phobail<\/p><p style=\"margin-top:0pt;padding-top:0;margin-bottom:0pt;padding-bottom:0;line-height:2.4\"><span style=\"font-size:14pt\">Peadar Bair\u00e9ad.<\/span><\/p><h3 style=\"text-align:center;margin-top:0pt;padding-top:0;margin-bottom:0pt;padding-bottom:0;line-height:2.4;font-weight:bold;font-size:18pt\">Cara eile caillte<\/h3><p style=\"text-align:justify;margin-top:0pt;padding-top:0;margin-bottom:0pt;padding-bottom:0;line-height:2.4;font-size:14pt\">Chuir m\u00e9 aithne ar Mhiche\u00e1l \u00d3 Gabhl\u00e1in m\u00e1m maith blianta \u00f3 shoin anois, tr\u00e1th raibh mac liom ag p\u00f3sadh in\u00edon le Miche\u00e1l, i S\u00e9ip\u00e9al na hOllscoile in \u00c1th Cliath, agus idir an d\u00e1 linn, tharla roinnt chomhr\u00e1 eadrainn \u00f3 am go ch\u00e9ile. Ba dhuine \u00e9 Miche\u00e1l a raghadh i gcionn ort ar an bpointe boise, n\u00f3 bh\u00ed d\u00e1ir\u00edreacht, mac\u00e1ntacht, agus cairdeas, ag sileadh leis, \u00f3 th\u00fas. Ba bhre\u00e1 an comhr\u00e1iteach \u00e9 agus eolas leathan aige ar ch\u00farsa\u00ed \u00f3 chian is \u00f3 chongar. B\u2019innealt\u00f3ir den ch\u00e9ad scoth \u00e9, agus eolas leathan aige ar ghn\u00e9ithe casta a cheirde, agus rinne s\u00e9 cion fir, tr\u00e1th rabhthas ag pl\u00e9 go n\u00e1isi\u00fanta le Cosaint Shibhialta. Chuir s\u00e9 sp\u00e9is agus dh\u00e1 sp\u00e9is, freisin, i gceist an Gh\u00e1is Rad\u00f3in. <\/p><p style=\"text-align:center;margin-top:0pt;padding-top:0;margin-bottom:0pt;padding-bottom:0;line-height:2.4;font-size:14pt\"><strong><span style=\"font-size:18pt\">Taca\u00ed Mhaigh Eo<\/span><\/strong><\/p><p style=\"text-align:justify;margin-top:0pt;padding-top:0;margin-bottom:0pt;padding-bottom:0;line-height:2.4;font-size:14pt\">B\u2019fhear \u00e9 n\u00e1r dhearmad riamh f\u00f3d a dh\u00fachais thiar, n\u00f3 ba sa Tuair\u00edn a rugadh is a t\u00f3gadh \u00e9, agus d\u00e1 bharr sin, thug s\u00e9 taca\u00edocht  ioml\u00e1n a chro\u00ed d\u2019fhoireann peile Mhaigh Eo, chuile l\u00e1 riamh, agus ba bheag cluiche a d\u2019imir an Contae c\u00e9anna sin i ngan fhios d\u00f3, n\u00f3 bheadh s\u00e9 ar an bhf\u00f3d i gc\u00f3na\u00ed, lena thaca\u00edocht a chur in i\u00fal do ch\u00e1ch. N\u00edorbh aon taca\u00ed dea-aimsire \u00e9 Miche\u00e1l s\u2019againne, ach \u00e9 ag fanacht go foighdeach ar an l\u00e1 nuair a d\u2019ard\u00f3dh Captaen Mhaigh Eo Corn Mhic Guidhir go hard, agus \u00e9 ag ceili\u00faradh bua Chontae m\u00f3rchro\u00edoch Mhaigh Eo, sa chluiche a ghr\u00e1igh s\u00e9 \u00f3 laethe a \u00f3ige i leith. Faraoir g\u00e9ar d\u00f3ite! N\u00edor mhair Miche\u00e1l fada go leor leis an l\u00e1 sin a cheili\u00faradh, ach ba \u00e9 a thuairim l\u00e1idir, go raibh seans maith ann, go dtarl\u00f3dh sin i mbliana!  B\u2019fhear \u00e9 Miche\u00e1l freisin, a thug taca\u00edocht a chro\u00ed d\u00e1 theanga N\u00e1isi\u00fanta, don Ghaeilge bhinnbhriathrach. Cainteoir blasta den scoth ba ea \u00e9, sa teanga sin, agus ba dhuine \u00e9 a bhaineadh \u00fas\u00e1id aisti go rialta ina shaol laeth\u00fail.<\/p><h3 style=\"text-align:center;margin-top:0pt;padding-top:0;margin-bottom:0pt;padding-bottom:0;line-height:2.4;font-weight:bold;font-size:18pt\">C\u00fanamh ar f\u00e1il<\/h3><p style=\"text-align:justify;margin-top:0pt;padding-top:0;margin-bottom:0pt;padding-bottom:0;line-height:2.4\"><span style=\"font-size:14pt\">Gan dabht ar domhan, b\u2019fh\u00edor dhuine uasal \u00e9 Miche\u00e1l, fear bre\u00e1, scaf\u00e1nta, t\u00e9agartha, fear deaiompair, deabh\u00e9asach, comharsan\u00fail, agus fear a chuirfeadh a ghuth s\u00e9imh, taitneamhach, faoi gheasa l\u00e1ithreach th\u00fa, agus guth a chuirfeadh ar do shuiamhneas th\u00fa, gan aon r\u00f3-mhoill. Sea, n\u00ed chuile l\u00e1 a chasfadh fear d\u00e1 leith\u00e9id leat.<\/span><\/p><p style=\"text-align:justify;margin-top:0pt;padding-top:0;margin-bottom:0pt;padding-bottom:0;line-height:2.4\"><span style=\"font-size:14pt\">Anois, b\u00edodh nach mb\u00edodh muid i gcuideachta a ch\u00e9ile chomh minic sin, ag an am gc\u00e9anna, bh\u00ed a fhios agam i gc\u00f3na\u00ed, go raibh Miche\u00e1l ansin, d\u00e1 dteast\u00f3dh a ch\u00fanamh, n\u00f3 a chairdeas uaim, agus ar an \u00e1bhar sin moth\u00f3idh m\u00e9 uaim \u00e9, sna laethe at\u00e1 romhainn amach.<\/span><\/p><p style=\"text-align:justify;margin-top:0pt;padding-top:0;margin-bottom:0pt;padding-bottom:0;line-height:2.4\"><span style=\"font-size:14pt\">Ba mhaith liom mo comhbhr\u00f3n \u00f3 chro\u00ed a chur in i\u00fal d\u00e1 bhean, Eibhl\u00edn, d\u00e1 chlann, d\u00e1 gharchlann, d\u00e1 ghaolta, agus d\u00e1 chairde iomad\u00fala. <\/span><\/p><p style=\"text-align:justify;margin-top:0pt;padding-top:0;margin-bottom:0pt;padding-bottom:0;line-height:2.4\"><span style=\"font-size:14pt\">Ba mh\u00f3r ag Miche\u00e1l an Saol thall, agus d\u00e1 bharr sin, gu\u00edmis go raibh \u00e1it ag Bord an Tiarna, agus leaba i measc na Naomh aige, anocht agus i dt\u00f3lamh.<\/span><\/p><h1 style=\"text-align:justify;margin-top:0pt;padding-top:0;margin-bottom:0pt;padding-bottom:0;line-height:2.4;font-size:14pt;margin-left:108pt\"><strong><span style=\"font-size:16pt\"><em>&nbsp;&nbsp;&nbsp;&nbsp;&nbsp;&nbsp;<\/em><\/span><\/strong><\/h1>","protected":false},"excerpt":{"rendered":"<p>I mB\u00e9al an Phobail Peadar Bair\u00e9ad. Cara eile caillte Chuir m\u00e9 aithne ar Mhiche\u00e1l \u00d3 Gabhl\u00e1in m\u00e1m maith blianta \u00f3 shoin anois, tr\u00e1th raibh mac liom ag p\u00f3sadh in\u00edon le Miche\u00e1l, i S\u00e9ip\u00e9al na hOllscoile in \u00c1th Cliath, agus idir an d\u00e1 linn, tharla roinnt chomhr\u00e1 eadrainn \u00f3 am go ch\u00e9ile. Ba dhuine \u00e9 Miche\u00e1l [&hellip;]<\/p>\n","protected":false},"author":2,"featured_media":13435,"comment_status":"open","ping_status":"open","sticky":false,"template":"","format":"standard","meta":{"nf_dc_page":"","_et_pb_use_builder":"","_et_pb_old_content":"","_et_gb_content_width":"","footnotes":""},"categories":[1],"tags":[],"class_list":["post-12993","post","type-post","status-publish","format-standard","has-post-thumbnail","hentry","category-gan-chatagoir"],"_links":{"self":[{"href":"https:\/\/mickgb.com\/en\/wp-json\/wp\/v2\/posts\/12993","targetHints":{"allow":["GET"]}}],"collection":[{"href":"https:\/\/mickgb.com\/en\/wp-json\/wp\/v2\/posts"}],"about":[{"href":"https:\/\/mickgb.com\/en\/wp-json\/wp\/v2\/types\/post"}],"author":[{"embeddable":true,"href":"https:\/\/mickgb.com\/en\/wp-json\/wp\/v2\/users\/2"}],"replies":[{"embeddable":true,"href":"https:\/\/mickgb.com\/en\/wp-json\/wp\/v2\/comments?post=12993"}],"version-history":[{"count":1,"href":"https:\/\/mickgb.com\/en\/wp-json\/wp\/v2\/posts\/12993\/revisions"}],"predecessor-version":[{"id":12994,"href":"https:\/\/mickgb.com\/en\/wp-json\/wp\/v2\/posts\/12993\/revisions\/12994"}],"wp:featuredmedia":[{"embeddable":true,"href":"https:\/\/mickgb.com\/en\/wp-json\/wp\/v2\/media\/13435"}],"wp:attachment":[{"href":"https:\/\/mickgb.com\/en\/wp-json\/wp\/v2\/media?parent=12993"}],"wp:term":[{"taxonomy":"category","embeddable":true,"href":"https:\/\/mickgb.com\/en\/wp-json\/wp\/v2\/categories?post=12993"},{"taxonomy":"post_tag","embeddable":true,"href":"https:\/\/mickgb.com\/en\/wp-json\/wp\/v2\/tags?post=12993"}],"curies":[{"name":"wp","href":"https:\/\/api.w.org\/{rel}","templated":true}]}}