{"id":12997,"date":"2017-04-04T11:00:00","date_gmt":"2017-04-04T11:00:00","guid":{"rendered":"https:\/\/mickgb.com\/?p=12997"},"modified":"2024-04-08T01:12:10","modified_gmt":"2024-04-08T01:12:10","slug":"misean-santa-ynez","status":"publish","type":"post","link":"https:\/\/mickgb.com\/en\/misean-santa-ynez\/","title":{"rendered":"Misean Santa Ynez"},"content":{"rendered":"<p style=\"text-align:center;margin-top:0pt;padding-top:0;margin-bottom:0pt;padding-bottom:0;line-height:2.4;font-weight:bold;font-size:24pt\">I  mB\u00e9al  an  Phobail<\/p><p style=\"margin-top:0pt;padding-top:0;margin-bottom:0pt;padding-bottom:0;line-height:2.4;font-size:14pt\">Peadar Bair\u00e9ad<\/p><h1 style=\"text-align:center;margin-top:0pt;padding-top:0;margin-bottom:0pt;padding-bottom:0;line-height:2.4;font-weight:bold;font-size:18pt\">Misean Santa Ynez<\/h1><p style=\"margin-top:0pt;padding-top:0;margin-bottom:0pt;padding-bottom:0;line-height:2.4;margin-left:72pt\">    &#8230;..(Atheagar ar ph\u00edosa a scr\u00edobh me blianta \u00f3 shoin.)&#8230;..<\/p><p style=\"text-align:justify;margin-top:0pt;padding-top:0;margin-bottom:0pt;padding-bottom:0;line-height:2.4;font-size:14pt\">Ar an gC\u00e9adaoin, an fichi\u00fa l\u00e1 de L\u00fanasa, 2003, thug m\u00e9 cuairt ar Mhisean Santa Ynez, i gCalaf\u00f3irnia, n\u00f3 tharla ag an am, go raibh m\u00e9 ag iarraidh cuairt a thabhairt ar na Misin uilig sin, a th\u00f3g na Sp\u00e1innigh fan ch\u00f3sta Chalaf\u00f3irnia, n\u00f3 tuigeadh d\u00f3ibh, go go bhf\u00e9adfaid\u00eds cumhacht na Sp\u00e1inne a leathn\u00fa sa t\u00edr ollmh\u00f3r sin, d\u00e1 n-\u00e9ireodh leo an Soisc\u00e9al a chraoibhscaoileadh i measc na n\u00e1isi\u00fan Indiach a bh\u00ed ag cur f\u00fathu sna d\u00fathaigh sin, ag an am. Chuireadar rompu fiche Misean a th\u00f3g\u00e1il sna b\u00f3la\u00ed sin, idir San Diego agus San Francisco, agus ba \u00e9 Misean Santa Ynez, an nao\u00fa ceann d\u00e9ag den sc\u00f3r sin. Agus n\u00ed  hamh\u00e1in go n-\u00e9ireodh leo cumhacht na Sp\u00e1inne a leathn\u00fa sa t\u00edr sin, tr\u00ed th\u00f3g\u00e1il na Misean c\u00e9anna sin, ach ag an am gc\u00e9anna, tuigeadh d\u00f3ibh, go raibh s\u00fail bhradach \u00e1 chaitheamh ag na R\u00faisigh ar an dtaobh c\u00e9anna t\u00edre, agus \u00e9 d\u2019aidhm acusan, a gcumhachtsan a leathn\u00fa, \u00f3 dheas, ansin freisin, ach, d\u00e1 n-\u00e9ireodh leis na Sp\u00e1innigh i bhfiontar na Misean, chuirfeadh sin cr\u00edoch obann le sainnt na R\u00faiseach, sa taobh sin t\u00edre. Bh\u00ed go maith. D\u2019\u00e9irigh leis na Sp\u00e1innigh ina bhfiontar si\u00fad, agus n\u00ed dheachaigh na R\u00faisigh n\u00edos faide leis an sc\u00e9al. <\/p><h1 style=\"text-align:center;margin-top:0pt;padding-top:0;margin-bottom:0pt;padding-bottom:0;line-height:2.4;font-weight:bold;font-size:18pt\">Ionradh na Meicsiceach<\/h1><p style=\"text-align:justify;margin-top:0pt;padding-top:0;margin-bottom:0pt;padding-bottom:0;line-height:2.4\"><span style=\"font-size:14pt\">Faoin mbliain 1836 \u00e1fach, ghabh na Meicsicigh seilbh ar an gcuid sin de Chalaf\u00f3irnia, choigistigh na misin, agus rinne iad a dh\u00ed-eaglaisi\u00fa. Baineadh \u00fas\u00e1id as Misean Santa Ynez mar Chol\u00e1iste, ar feadh scathaimh, ach faoin mbliain 1862, tugadh thar nais don Eaglais ar\u00eds \u00e9, agus uaidh sin i leith, baineadh \u00fas\u00e1id go lean\u00fanach as, mar Theach Pobail, ag freastal ar phobal D\u00e9 sa limist\u00e9ar sin. Misean an-mh\u00f3r is ea Misean Santa Ynez, agus chomh maith le bheith ag freastal ar an bpobal sin mar Sh\u00e9ip\u00e9al, bh\u00ed s\u00e9 acu <\/span><span style=\"font-size:14pt\">freisin mar Iarsmalann, leis na seoda iomad\u00fala a bhain le r\u00e9 na Sp\u00e1inneach a chur ar teasp\u00e1int inti. Agus ar\u00eds, chuir s\u00e9 ionadh \u00e1r gcro\u00ed orainn, an oireadh sin iarsma\u00ed \u00f3n tseansaol a fheice\u00e1il bailithe, rangaithe, feistithe, agus ar teasp\u00e1int ansin. <\/span><\/p><h1 style=\"text-align:center;margin-top:0pt;padding-top:0;margin-bottom:0pt;padding-bottom:0;line-height:2.4;font-weight:bold;font-size:18pt\">An tAthair Albert ar\u00eds<\/h1><p style=\"text-align:justify;margin-top:0pt;padding-top:0;margin-bottom:0pt;padding-bottom:0;line-height:2.4\"><span style=\"font-size:14pt\">Ar  \u00e1r mbealach amach as an Misean \u00e1fach, isea a baineadh stangadh ceart asainn, n\u00f3 ansin ar fhalla, agus in \u00e1it fheice\u00e1lach, chonaic muid picti\u00far den Sagart Gaelach sin, an tAthair Albert Bibby, fear a chuaigh, n\u00f3 a cuireadh, ar imirce, \u00f3na Mhainistir fh\u00e9in anseo i gCill Chainnigh, le dul ag freastal ar phobal Cr\u00edostai i bhfad \u00f3 bhaile, i Misean Santa Ynez. N\u00ed g\u00e1 a r\u00e1, gur stadamar tamall, ag breathn\u00fa ar a raibh le feice\u00e1il, agus le l\u00e9amh againn, i bhf\u00f3gra\u00ed timpeall an phicti\u00fair ch\u00e9anna sin. Bh\u00ed le l\u00e9amh <\/span><span style=\"font-size:14pt\">againn ansin freisin, gearrth\u00f3ga as nuacht\u00e1in an ama, ina bhfuair muid amach gurbh \u00e9 an tAthair Albert an ch\u00e9ad Tr\u00e9ada\u00ed Capais\u00edneach, a ceapadh ar Mhisean Santa Ynez. Chaith s\u00e9 bliain ioml\u00e1n i mbun <\/span><span style=\"font-size:14pt\">an ghn\u00f3 sin, agus b\u2019in sin, n\u00f3 ag deireadh na tr\u00e9imhse sin, sa bhliain 1925 Cailleadh an fear bocht ansin, i bhfad \u00f3 bhaile. Cuireadh i Reilg an Mhisin \u00e9. Agus le meas na t\u00edre seo ar an gCapais\u00edneach Gaelach \u00fad a l\u00e9iri\u00fa os ard, chuaigh Se\u00e1n T. \u00d3 Ceallaigh (fear a bheadh ina Uachtar\u00e1n ar \u00c9irinn, ar ball) amach le <\/span><span style=\"font-size:14pt\">labhairt thall, le linn na socraide. Labhair an Ceallach faoi\u2019n sagart d\u00edograiseach sin, agus mhol \u00e9, as a spiorad\u00e1ltacht, as a n\u00e1isi\u00fantacht, as a dh\u00edlseacht d\u00e1 thr\u00e9ad, agus as an bp\u00e1irt a ghlac s\u00e9 in \u00c9ir\u00ed Amach na C\u00e1sca sa bhliain 1916, agus as a th\u00f3ir ar shaoirse \u00c9ireann. <\/span><\/p><p style=\"text-align:justify;margin-top:0pt;padding-top:0;margin-bottom:0pt;padding-bottom:0;line-height:2.4\"><span style=\"font-size:14pt\">Ar ball, agus muid istigh i siopa na gcuimhneach\u00e1n ar th\u00f3ir neathanna  beaga le tabhairt linn, le cuimhne an Mhisin a choinne\u00e1il glas, cheannaigh m\u00e9 fh\u00e9in roinnt leabhar agus tr\u00e1th raibh m\u00e9 ag \u00edoc astu, labhair m\u00e9 leis an bhfreastala\u00ed.<\/span><\/p><h1 style=\"text-align:center;margin-top:0pt;padding-top:0;margin-bottom:0pt;padding-bottom:0;line-height:2.4;font-weight:bold;font-size:18pt\">Interesting conversation<\/h1><p style=\"text-align:justify;margin-top:0pt;padding-top:0;margin-bottom:0pt;padding-bottom:0;line-height:2.4\"><span style=\"font-size:14pt\">An bhfuil aon chuimhne anseo in bhur measc f\u00f3s, ar shagart \u00c9ireannach, a shaothraigh in bhur measc anseo, sa bhliain 1925?<\/span><\/p><p style=\"text-align:justify;margin-top:0pt;padding-top:0;margin-bottom:0pt;padding-bottom:0;line-height:2.4\"><span style=\"font-size:14pt\">C\u00e9n t-ainm a bh\u00ed air? a d\u2019fhiafraigh s\u00ed d\u00edom. <\/span><\/p><p style=\"text-align:justify;margin-top:0pt;padding-top:0;margin-bottom:0pt;padding-bottom:0;line-height:2.4\"><span style=\"font-size:14pt\">An tAthair Albert, arsa m\u00e9 fh\u00e9in, \u00e1 freagairt.<\/span><\/p><p style=\"text-align:justify;margin-top:0pt;padding-top:0;margin-bottom:0pt;padding-bottom:0;line-height:2.4\"><span style=\"font-size:14pt\">An \u00e9 \u00e1r nAthair Bibby at\u00e1 idir cham\u00e1in agat? Ar sise.<\/span><\/p><p style=\"text-align:justify;margin-top:0pt;padding-top:0;margin-bottom:0pt;padding-bottom:0;line-height:2.4\"><span style=\"font-size:14pt\">An fear ceannan c\u00e9anna, arsa m\u00e9 fh\u00e9in.<\/span><\/p><p style=\"text-align:justify;margin-top:0pt;padding-top:0;margin-bottom:0pt;padding-bottom:0;line-height:2.4\"><span style=\"font-size:14pt\">Chuir duine eile a ladar isteach sa sc\u00e9al ag an bpointe sin&#8230;.<\/span><\/p><p style=\"text-align:justify;margin-top:0pt;padding-top:0;margin-bottom:0pt;padding-bottom:0;line-height:2.4\"><span style=\"font-size:14pt\">Cailleadh sa bhliain 1925 \u00e9, agus cuireadh anseo \u00e9, ach caithfhidh go raibh ard-mheas air ina th\u00edr fh\u00e9in , n\u00f3 th\u00e1inig maithe m\u00f3ra na t\u00edre sin chun a shochraide, <\/span><span style=\"font-size:14pt\">ach n\u00edor f\u00e1gadh a chorp anseo againne, n\u00f3 th\u00e1ngthas sa bhliain 1958, rinneadar a chorp a dh\u00edadhlacadh, agus a th\u00f3g\u00e1il leo abhaile, lena chur i measac a phobail fh\u00e9in.<\/span><\/p><p style=\"text-align:justify;margin-top:0pt;padding-top:0;margin-bottom:0pt;padding-bottom:0;line-height:2.4\"><span style=\"font-size:14pt\">Mh\u00ednigh m\u00e9 d\u00f3ibh ansin, gur th\u00e1inig m\u00e9 fh\u00e9in chucu \u00f3 Chathair Chill Chainnigh, \u00e1it a raibh Mainistir an Athar Bibby ag feidhmi\u00fa f\u00f3s i measc an phobail chr\u00edosta\u00ed ansin, agus d\u00fairt me freisin, go raibh \u00e1thas an domhain orm, go raibh cuimhne f\u00f3s air i Misean Santa Ynez.<\/span><\/p><p style=\"text-align:justify;margin-top:0pt;padding-top:0;margin-bottom:0pt;padding-bottom:0;line-height:2.4\"><span style=\"font-size:14pt\">Bh\u00ed sin tuillte, agus tuillte go maith, aige, arsa\u2019n freastala\u00ed. <\/span><\/p><p style=\"text-align:justify;margin-top:0pt;padding-top:0;margin-bottom:0pt;padding-bottom:0;line-height:2.4\"><span style=\"font-size:14pt\">D\u2019fh\u00e1g m\u00e9 Misean m\u00f3r Santa Ynez i mo dhiaidh ansin, n\u00f3 bh\u00ed Misin eile le feice\u00e1il f\u00f3s agam, ach n\u00ed dh\u00e9anfaidh m\u00e9 dearmad go luath ar an gcuairt iontach sp\u00e9isi\u00fail a thug m\u00e9 ar an ionad c\u00e9anna sin, i gCalaf\u00f3irnia na gr\u00e9ine gile. S\u00fail agam gur bhain t\u00fasa taitneamh freisin as p\u00edosa na seachtaine seo. <\/span><\/p>","protected":false},"excerpt":{"rendered":"<p>I mB\u00e9al an Phobail Peadar Bair\u00e9ad Misean Santa Ynez &#8230;..(Atheagar ar ph\u00edosa a scr\u00edobh me blianta \u00f3 shoin.)&#8230;.. Ar an gC\u00e9adaoin, an fichi\u00fa l\u00e1 de L\u00fanasa, 2003, thug m\u00e9 cuairt ar Mhisean Santa Ynez, i gCalaf\u00f3irnia, n\u00f3 tharla ag an am, go raibh m\u00e9 ag iarraidh cuairt a thabhairt ar na Misin uilig sin, a [&hellip;]<\/p>\n","protected":false},"author":2,"featured_media":13435,"comment_status":"open","ping_status":"open","sticky":false,"template":"","format":"standard","meta":{"nf_dc_page":"","_et_pb_use_builder":"","_et_pb_old_content":"","_et_gb_content_width":"","footnotes":""},"categories":[1],"tags":[],"class_list":["post-12997","post","type-post","status-publish","format-standard","has-post-thumbnail","hentry","category-gan-chatagoir"],"_links":{"self":[{"href":"https:\/\/mickgb.com\/en\/wp-json\/wp\/v2\/posts\/12997","targetHints":{"allow":["GET"]}}],"collection":[{"href":"https:\/\/mickgb.com\/en\/wp-json\/wp\/v2\/posts"}],"about":[{"href":"https:\/\/mickgb.com\/en\/wp-json\/wp\/v2\/types\/post"}],"author":[{"embeddable":true,"href":"https:\/\/mickgb.com\/en\/wp-json\/wp\/v2\/users\/2"}],"replies":[{"embeddable":true,"href":"https:\/\/mickgb.com\/en\/wp-json\/wp\/v2\/comments?post=12997"}],"version-history":[{"count":1,"href":"https:\/\/mickgb.com\/en\/wp-json\/wp\/v2\/posts\/12997\/revisions"}],"predecessor-version":[{"id":12998,"href":"https:\/\/mickgb.com\/en\/wp-json\/wp\/v2\/posts\/12997\/revisions\/12998"}],"wp:featuredmedia":[{"embeddable":true,"href":"https:\/\/mickgb.com\/en\/wp-json\/wp\/v2\/media\/13435"}],"wp:attachment":[{"href":"https:\/\/mickgb.com\/en\/wp-json\/wp\/v2\/media?parent=12997"}],"wp:term":[{"taxonomy":"category","embeddable":true,"href":"https:\/\/mickgb.com\/en\/wp-json\/wp\/v2\/categories?post=12997"},{"taxonomy":"post_tag","embeddable":true,"href":"https:\/\/mickgb.com\/en\/wp-json\/wp\/v2\/tags?post=12997"}],"curies":[{"name":"wp","href":"https:\/\/api.w.org\/{rel}","templated":true}]}}