{"id":13001,"date":"2017-04-04T11:00:00","date_gmt":"2017-04-04T11:00:00","guid":{"rendered":"https:\/\/mickgb.com\/?p=13001"},"modified":"2024-04-08T01:12:10","modified_gmt":"2024-04-08T01:12:10","slug":"muineadh-scoile-ab-obair-dom-laethe","status":"publish","type":"post","link":"https:\/\/mickgb.com\/en\/muineadh-scoile-ab-obair-dom-laethe\/","title":{"rendered":"M\u00faineadh Scoile ab obair dom laethe"},"content":{"rendered":"<p style=\"text-align:center;margin-top:0pt;padding-top:0;margin-bottom:0pt;padding-bottom:0;line-height:1.8;font-size:12pt\"><strong><span style=\"font-size:22pt\">\u201cM\u00fain<\/span><span style=\"font-size:22pt\">eadh scoile ab obair dom laethe&#8230;.<\/span><span style=\"font-size:22pt\">\u201d<\/span><\/strong><\/p><p style=\"text-align:center;margin-top:0pt;padding-top:0;margin-bottom:0pt;padding-bottom:0;line-height:1.8;font-size:12pt\"><span style=\"height:1em\"><span>.<\/span><\/span><\/p><p style=\"margin-top:0pt;padding-top:0;margin-bottom:0pt;padding-bottom:0;line-height:1.8;font-size:12pt\"><span style=\"font-size:14pt\">Peadar Bair\u00e9ad<\/span><\/p><p style=\"margin-top:0pt;padding-top:0;margin-bottom:0pt;padding-bottom:0;line-height:1.8;font-size:12pt\"><span style=\"height:1em\"><span>.<\/span><\/span><\/p><p style=\"text-align:center;margin-top:0pt;padding-top:0;margin-bottom:0pt;padding-bottom:0;line-height:1.8;font-size:12pt\"><strong><span style=\"font-size:18pt\">Ag dul le m\u00fainteoireacht&#8230;.<\/span><\/strong><\/p><p style=\"text-align:justify;margin-top:0pt;padding-top:0;margin-bottom:0pt;padding-bottom:0;line-height:1.8;font-size:12pt\"><span style=\"font-size:14pt\">Bh\u00ed deireadh go deo leis na seanlaethe, n\u00f3 <\/span><span style=\"font-size:14pt\">bh\u00ed saol nua tosaithe agam i dt\u00fas na gcaogaid\u00ed<\/span><span style=\"font-size:14pt\">.  N\u00ed raibh g\u00e1 ar bith feasta bheith dom<\/span><span style=\"font-size:14pt\">\u2019<\/span><span style=\"font-size:14pt\"> ullmh\u00fa fh\u00e9in don saol a bheadh romham ar na Misin san Aifric, n\u00f3 bh\u00ed a mhalairt de r\u00f3d r<\/span><span style=\"font-size:14pt\">oghnaithe agam le taisteal feasta<\/span><span style=\"font-size:14pt\">. <\/span><span style=\"font-size:14pt\">Chuir m\u00e9 isteach ar phost i gCol\u00e1iste Mhuireadhaigh, i mB\u00e9al an \u00c1tha, agus bh\u00ed an t-\u00e1dh orm go bhfu<\/span><span style=\"font-size:14pt\">air m\u00e9 post sa Chol\u00e1iste c\u00e9<\/span><span style=\"font-size:14pt\">anna sin.<\/span><\/p><p style=\"text-align:justify;margin-top:0pt;padding-top:0;margin-bottom:0pt;padding-bottom:0;line-height:1.8;font-size:12pt\"><span style=\"font-size:14pt\">Scoil ch\u00f3naithe ba ea Col\u00e1iste Mhuireadhaigh,<\/span><span style=\"font-size:14pt\"> i mB\u00e9al an \u00c1tha,<\/span><span style=\"font-size:14pt\"> agus ba scol\u00e1ir\u00ed c\u00f3naithe bun\u00fas na ndalta\u00ed a bh\u00edodh againn sa Chol<\/span><span style=\"font-size:14pt\">\u00e1iste c\u00e9anna sin, an tr\u00e1th \u00fad. <\/span><span style=\"font-size:14pt\">  Th\u00e9adh na dalta\u00ed isteach ansin i dt\u00fas Mhe\u00e1n F\u00f3mhair, agus n\u00ed raghaid\u00eds abhaile ar\u00eds go dt\u00ed an Nollaig.  N\u00e1r chrua an c\u00e1s \u00e9 ag dalta ch\u00e9ad bliana, agus gan \u00e9 ach thart ar dh\u00e1 bhliain d\u00e9ag d\u2019aois, ag an am?  <\/span><span style=\"font-size:14pt\">A<\/span><span style=\"font-size:14pt\">ch caithfear a chur san \u00e1ireamh, agus an sc\u00e9al seo idir cham\u00e1in ag duine, go raibh an saol m\u00f3r fh\u00e9in, a bh\u00ed thart orainn, dian go maith <\/span><span style=\"font-size:14pt\">ar \u00f3g agus ar ao<\/span><span style=\"font-size:14pt\">sta,<\/span><span style=\"font-size:14pt\"> i bhfichid\u00ed na haoise seo caite<\/span><span style=\"font-size:14pt\">.  B\u00edodh sin f\u00edor br\u00e9agach, ba bheag an s\u00f3l\u00e1s \u00e9 sin don ghas\u00far \u00f3g, agus \u00e9 cumhach, deorach, i ndiaidh a mh<\/span><span style=\"font-size:14pt\">uintire. L<\/span><span style=\"font-size:14pt\">e himeacht aimsire<\/span><span style=\"font-size:14pt\"> \u00e1fach<\/span><span style=\"font-size:14pt\">, d\u2019im\u00edodh an cumha deorach c\u00e9anna sin, agus shnadhmadh na gas\u00fair sin caradas lena gcomhaoisigh, agus d\u00e1r nd\u00f3igh, bh\u00edodh deis ag na tuismitheoir\u00ed teacht ar chuairt chucu, anois agus ar\u00eds, lena gcro\u00ed a th\u00f3g\u00e1il, agus le hualach asail de dheasa deasa a iompar isteach chucu!  <\/span><\/p><h1 style=\"text-align:center;margin-top:0pt;padding-top:0;margin-bottom:0pt;padding-bottom:0;line-height:1.8;font-weight:bold;font-size:14pt\"><span style=\"font-size:18pt\">T\u00e1bhacht na gcluich\u00ed<\/span><span style=\"font-size:18pt\"> <\/span><\/h1><p style=\"text-align:justify;margin-top:0pt;padding-top:0;margin-bottom:0pt;padding-bottom:0;line-height:1.8;font-size:12pt\"><span style=\"font-size:14pt\">Ach, nach mb\u00edodh<\/span><span style=\"font-size:14pt\"> cluich\u00ed<\/span><span style=\"font-size:14pt\"> le himirt?<\/span><span style=\"font-size:14pt\"> agus gan dabht ar domhan, ba chuid t\u00e1bhachtach de shaol an scol\u00e1ire iad na cluich\u00ed c\u00e9anna sin, agus lena scileanna <\/span><span style=\"font-size:14pt\">sna cluich\u00ed sin a chruth\u00fa, bh\u00edodh cluich\u00ed com\u00f3rtais acu le Col\u00e1ist\u00ed eile.  Uaireanta thagadh siadsan chugainne, lena bhfoireann agus lena lucht lean\u00fana, idir mh\u00fainteoir\u00ed agus dalta\u00ed, agus geallaimse dhuit \u00e9 go mb\u00edodh sp\u00f3rt agus spraoi againn ag na cluich\u00ed c\u00e9anna sin, ach m\u00e1 bh\u00ed fh\u00e9in, n\u00edor dhada \u00e9 sin i gcom\u00f3rtas leis an bhf\u00e9asta a bh\u00edodh againn i ndiaidh an chluiche ch\u00e9anna sin.  Bh\u00edodh nua gach bidh agus sean gacha d\u00ed ar bord againn, gan gorta gan dochma, sea, agus m\u00fachadh \u00e1r dtart go fial is go flaithi\u00fail d\u00fainn, freisin.  Ba \u00e9 an n\u00f3s a bh\u00ed ag Col\u00e1iste Mhuireadhaigh, ag an am sin, n\u00f3 gan aon ph\u00e1irt a ghlacadh sna Com\u00f3rtais\u00ed Oifigi\u00fala, n\u00f3 d\u00e1r leo, mhar\u00f3dh com\u00f3rtas d\u00e1 leith\u00e9id spiorad an sp\u00f3irt i gcro\u00ed na ndalta\u00ed, agus tuigeadh d\u2019\u00dadar\u00e1is an Chol\u00e1iste, go mba olc an margadh \u00e9 sin ag aonach ar bith.  <\/span><span style=\"font-size:14pt\">Tuigeadh<\/span><span style=\"font-size:14pt\"> d\u00f3ibhsean, gurbh \u00e9 an ghn\u00e9 is t\u00e1bhachta\u00ed den imirt, n\u00f3 taitneamh a bhaint as, agus m\u00e1 bhuann t\u00fa, bhuel sin rud sa bhreis, ach is \u00e9 an chuid is t\u00e1bhachta\u00ed n\u00f3 srian a ligint le do scileanna imeartha, agus led\u2019 shamhla\u00edocht, i spiorad an chluiche fh\u00e9in.  Agus c\u00e9 d\u00e9arfadh nach raibh cuid mhaith den cheart acu?<\/span><\/p><h1 style=\"text-align:center;margin-top:0pt;padding-top:0;margin-bottom:0pt;padding-bottom:0;line-height:1.8;font-weight:bold;font-size:14pt\"><span style=\"font-size:18pt\">Ag feitheoireacht in \u00c1th Cliath<\/span><span style=\"font-size:18pt\"> <\/span><\/h1><p style=\"text-align:justify;margin-top:0pt;padding-top:0;margin-bottom:0pt;padding-bottom:0;line-height:1.8;font-size:12pt\"><span style=\"font-size:14pt\">Ag deireadh mo ch\u00e9ad bhliain<\/span><span style=\"font-size:14pt\"> sa Chol\u00e1iste, chuir m\u00e9 isteach ar Fheitheoireacht a dh\u00e9anamh ar na Scr\u00faduithe Teistim\u00e9ireachta.  Fuair m\u00e9 an post sin, agus cuireadh i mbun oibre m\u00e9 i Scoileanna U\u00ed Chonaill i mBaile \u00c1tha Cli<\/span><span style=\"font-size:14pt\">ath.  Anois, b\u00edodh gur thaistil<\/span><span style=\"font-size:14pt\"> m\u00e9 tr\u00ed Bhaile \u00c1tha Cliath cupla babhta roimhe sin, b\u2019in an ch\u00e9ad uair agam cur f\u00fam tama<\/span><span style=\"font-size:14pt\">ll sa chathair sin.  Fuair m\u00e9 l\u00f3ist\u00ed<\/span><span style=\"font-size:14pt\">n i ngar don Scoil, agus bh\u00ed m\u00e9 ar an bhf\u00f3d go bre\u00e1 luath, chuile mhaidin, le dul i mbun mo dhualgais mar Fheitheoir.  Ba ghearr gur thug m\u00e9 faoi deara an difr\u00edocht ollmh\u00f3r a bh\u00ed idir an Scoil seo, agus an cine\u00e1l me\u00e1nscoile, <\/span><span style=\"font-size:14pt\">a raibh cleachtadh agamsa orthu<\/span><span style=\"font-size:14pt\">.  Tuigeadh dom, n\u00e1r r\u00f3-sp\u00e9is le h\u00fadar\u00e1is na Scoile m\u00e9, dubh, b\u00e1n, n\u00f3 riabhach, agus n\u00edor mhothaigh m\u00e9 go raibh aon r\u00f3-dhifir idir na h\u00fadar\u00e1is sin, agus na dalta\u00ed a bh\u00ed faoina gc\u00faram acu.  Tuigeadh dom freisin, go raibh an <\/span><span style=\"font-size:14pt\">rogha ceart d\u00e9anta agam, nuair n\u00e1r th\u00f3g m\u00e9 post m\u00fainteoireachta sa chathair, go dt\u00ed go mbeadh tuilleadh taith\u00ed agam ar cheird na m\u00fainteoireachta! <\/span><\/p><p style=\"text-align:center;margin-top:0pt;padding-top:0;margin-bottom:0pt;padding-bottom:0;line-height:1.8;font-size:12pt\"><strong><span style=\"font-size:18pt\">Daoine cr\u00e1ifeacha<\/span><\/strong><\/p><p style=\"text-align:justify;margin-top:0pt;padding-top:0;margin-bottom:0pt;padding-bottom:0;line-height:1.8;font-size:12pt\"><span style=\"font-size:14pt\">Sea, agus rud eile a thug m\u00e9 faoi deara, n\u00f3 an oireadh sin daoine a th\u00e9adh ar Aifreann, chuile mhaidin, sa Ardchathair, an tr\u00e1th \u00fad.  Ba bheag nach mb\u00edodh na s\u00e9ip\u00e9il ag cur thar maoil, ag Aifrinnt\u00ed na maidine.  Caithfidh m\u00e9 a r\u00e1 leat, gur thaitin na Ble\u00e1cliathaigh go m\u00f3r liom, an tr\u00e1th \u00fad, n\u00f3 d\u00e1r liomsa, ba dhream soineanta, l\u00e1ch, cabhraitheach, iad, agus dream a bh\u00ed foighdeach, agus iad ag iarraidh m\u00e9ar an eolais a dh\u00e9anamh do lucht na tuaithe, tr\u00e1th gcaillfid\u00eds a sl\u00ed sa Chathair, agus b\u2019in rud a tharla\u00edodh, minic go leor, an tr\u00e1th \u00fad.  Sea, mh\u2019anam, m\u00f3r idir inn\u00e9 agus inniu.<\/span><\/p><p style=\"text-align:justify;margin-top:0pt;padding-top:0;margin-bottom:0pt;padding-bottom:0;line-height:1.8;font-size:12pt\"><span style=\"font-size:14pt\">Le cr\u00edoch a chur le g\u00e1la na seachtaine seo, ba ch\u00f3ir dom a lua, go ndeachaigh m\u00e9 go mullach Bhinn \u00c9adair i rith na tr\u00e9imhse sin freisin.   Ar an dTram, <\/span><span style=\"font-size:14pt\">is ea chuaigh m\u00e9<\/span><span style=\"font-size:14pt\">, agus caithfidh m\u00e9 a r\u00e1 leat, gur bhain m\u00e9 taitneamh agus tairbhe as an l\u00e1 bre\u00e1, gr\u00e9ine, a chaith m\u00e9 amuigh ansin, n\u00f3 chaith m\u00e9 seal freisin ag b\u00e1d\u00f3ireacht, th\u00edos ag an gC\u00e9.  Ba l\u00e1 dem\u2019 shaol \u00e9, gan aon ag\u00f3.  <\/span><\/p>","protected":false},"excerpt":{"rendered":"<p>\u201cM\u00faineadh scoile ab obair dom laethe&#8230;.\u201d . Peadar Bair\u00e9ad . Ag dul le m\u00fainteoireacht&#8230;. Bh\u00ed deireadh go deo leis na seanlaethe, n\u00f3 bh\u00ed saol nua tosaithe agam i dt\u00fas na gcaogaid\u00ed. N\u00ed raibh g\u00e1 ar bith feasta bheith dom\u2019 ullmh\u00fa fh\u00e9in don saol a bheadh romham ar na Misin san Aifric, n\u00f3 bh\u00ed a mhalairt [&hellip;]<\/p>\n","protected":false},"author":2,"featured_media":13435,"comment_status":"open","ping_status":"open","sticky":false,"template":"","format":"standard","meta":{"nf_dc_page":"","_et_pb_use_builder":"","_et_pb_old_content":"","_et_gb_content_width":"","footnotes":""},"categories":[1],"tags":[],"class_list":["post-13001","post","type-post","status-publish","format-standard","has-post-thumbnail","hentry","category-gan-chatagoir"],"_links":{"self":[{"href":"https:\/\/mickgb.com\/en\/wp-json\/wp\/v2\/posts\/13001","targetHints":{"allow":["GET"]}}],"collection":[{"href":"https:\/\/mickgb.com\/en\/wp-json\/wp\/v2\/posts"}],"about":[{"href":"https:\/\/mickgb.com\/en\/wp-json\/wp\/v2\/types\/post"}],"author":[{"embeddable":true,"href":"https:\/\/mickgb.com\/en\/wp-json\/wp\/v2\/users\/2"}],"replies":[{"embeddable":true,"href":"https:\/\/mickgb.com\/en\/wp-json\/wp\/v2\/comments?post=13001"}],"version-history":[{"count":1,"href":"https:\/\/mickgb.com\/en\/wp-json\/wp\/v2\/posts\/13001\/revisions"}],"predecessor-version":[{"id":13002,"href":"https:\/\/mickgb.com\/en\/wp-json\/wp\/v2\/posts\/13001\/revisions\/13002"}],"wp:featuredmedia":[{"embeddable":true,"href":"https:\/\/mickgb.com\/en\/wp-json\/wp\/v2\/media\/13435"}],"wp:attachment":[{"href":"https:\/\/mickgb.com\/en\/wp-json\/wp\/v2\/media?parent=13001"}],"wp:term":[{"taxonomy":"category","embeddable":true,"href":"https:\/\/mickgb.com\/en\/wp-json\/wp\/v2\/categories?post=13001"},{"taxonomy":"post_tag","embeddable":true,"href":"https:\/\/mickgb.com\/en\/wp-json\/wp\/v2\/tags?post=13001"}],"curies":[{"name":"wp","href":"https:\/\/api.w.org\/{rel}","templated":true}]}}