{"id":13053,"date":"2017-04-04T11:00:00","date_gmt":"2017-04-04T11:00:00","guid":{"rendered":"https:\/\/mickgb.com\/?p=13053"},"modified":"2024-04-08T01:05:54","modified_gmt":"2024-04-08T01:05:54","slug":"o-i-s-t-e-a-n-s-o-i-r","status":"publish","type":"post","link":"https:\/\/mickgb.com\/en\/o-i-s-t-e-a-n-s-o-i-r\/","title":{"rendered":"O i s t e a n s o i r"},"content":{"rendered":"<p style=\"text-align:center;margin-top:0pt;padding-top:0;margin-bottom:0pt;padding-bottom:0;line-height:1.8\"><strong><span style=\"font-size:16pt\">O i s t e a n s \u00f3 i r .<\/span><\/strong><\/p><p style=\"margin-top:0pt;padding-top:0;margin-bottom:0pt;padding-bottom:0;line-height:1.8;margin-left:108pt\"><span style=\"height:1em\"><span>.<\/span><\/span><\/p><p style=\"margin-top:0pt;padding-top:0;margin-bottom:0pt;padding-bottom:0;line-height:1.8;margin-left:108pt\">Tr\u00e1th glacaimse Comaoineach Naofa,<\/p><p style=\"margin-top:0pt;padding-top:0;margin-bottom:0pt;padding-bottom:0;line-height:1.8;margin-left:108pt\">Is nuair a shu\u00edm sa teampall, liom fh\u00e9in,<\/p><p style=\"margin-top:0pt;padding-top:0;margin-bottom:0pt;padding-bottom:0;line-height:1.8;margin-left:108pt\">N\u00ed ghn\u00e1thdhuine mise a thuilleadh,<\/p><p style=\"margin-top:0pt;padding-top:0;margin-bottom:0pt;padding-bottom:0;line-height:1.8;margin-left:108pt\">Ach oisteans\u00f3ir soilseach faoi r\u00e9im.<\/p><p style=\"margin-top:0pt;padding-top:0;margin-bottom:0pt;padding-bottom:0;line-height:1.8;margin-left:108pt\"><span style=\"height:1em\"><span>.<\/span><\/span><\/p><p style=\"margin-top:0pt;padding-top:0;margin-bottom:0pt;padding-bottom:0;line-height:1.8;margin-left:108pt\">Nuair a luchta\u00edtear m\u2019oisteansoir liosta<\/p><p style=\"margin-top:0pt;padding-top:0;margin-bottom:0pt;padding-bottom:0;line-height:1.8;margin-left:108pt\">Leis an Ahlainn ghlan, r\u00edoga, bh\u00e1n,<\/p><p style=\"margin-top:0pt;padding-top:0;margin-bottom:0pt;padding-bottom:0;line-height:1.8;margin-left:108pt\">Sea d\u00e9antar \u00f3r bu\u00ed dem\u2019 luaidhe,<\/p><p style=\"margin-top:0pt;padding-top:0;margin-bottom:0pt;padding-bottom:0;line-height:1.8;margin-left:108pt\">Is scalann go drilseach, gan ch\u00e1im.<\/p><p style=\"margin-top:0pt;padding-top:0;margin-bottom:0pt;padding-bottom:0;line-height:1.8;margin-left:108pt\"><span style=\"height:1em\"><span>.<\/span><\/span><\/p><p style=\"margin-top:0pt;padding-top:0;margin-bottom:0pt;padding-bottom:0;line-height:1.8;margin-left:108pt\">Is umhla\u00edonn aingil go b\u00e9asach,<\/p><p style=\"margin-top:0pt;padding-top:0;margin-bottom:0pt;padding-bottom:0;line-height:1.8;margin-left:108pt\">Is canann c\u00f3r foirfe na Naomh,<\/p><p style=\"margin-top:0pt;padding-top:0;margin-bottom:0pt;padding-bottom:0;line-height:1.8;margin-left:108pt\">Nuair a thagann mo Dhia ar chuairt chugam,<\/p><p style=\"margin-top:0pt;padding-top:0;margin-bottom:0pt;padding-bottom:0;line-height:1.8;margin-left:108pt\">Su\u00edonn an Ch\u00fairt Diaga i m\u2019 chro\u00ed.<\/p><p style=\"margin-top:0pt;padding-top:0;margin-bottom:0pt;padding-bottom:0;line-height:1.8;margin-left:108pt\"><span style=\"height:1em\"><span>.<\/span><\/span><\/p><p style=\"margin-top:0pt;padding-top:0;margin-bottom:0pt;padding-bottom:0;line-height:1.8;margin-left:108pt\">N\u00ed mhaireann an mh\u00edoruilt i bhfad, \u00e1mh,<\/p><p style=\"margin-top:0pt;padding-top:0;margin-bottom:0pt;padding-bottom:0;line-height:1.8;margin-left:108pt\">N\u00f3 t\u00e1 fairsinge m\u2019anama r\u00f3-chung<\/p><p style=\"margin-top:0pt;padding-top:0;margin-bottom:0pt;padding-bottom:0;line-height:1.8;margin-left:108pt\">Le C\u00fairt D\u00e9, na Naomh, is na n-Aingeal,<\/p><p style=\"margin-top:0pt;padding-top:0;margin-bottom:0pt;padding-bottom:0;line-height:1.8;margin-left:108pt\">A choinne\u00e1il faoim\u2019 dh\u00edonsa  go buan.<\/p><p style=\"margin-top:0pt;padding-top:0;margin-bottom:0pt;padding-bottom:0;line-height:1.8;margin-left:108pt\"><span style=\"height:1em\"><span>.<\/span><\/span><\/p><p style=\"margin-top:0pt;padding-top:0;margin-bottom:0pt;padding-bottom:0;line-height:1.8;margin-left:108pt\">Ach fillfidh S\u00e9 ar\u00eds chugam am\u00e1rach,<\/p><p style=\"margin-top:0pt;padding-top:0;margin-bottom:0pt;padding-bottom:0;line-height:1.8;margin-left:108pt\"> Is blaisfeadsa bia na Naomh,<\/p><p style=\"margin-top:0pt;padding-top:0;margin-bottom:0pt;padding-bottom:0;line-height:1.8;margin-left:108pt\">Nuair a thiocfaidh mo Dhia ar chuairt chugam,<\/p><p style=\"margin-top:0pt;padding-top:0;margin-bottom:0pt;padding-bottom:0;line-height:1.8;margin-left:108pt\">Beath\u00f3far m\u2019anamsa go fial.<\/p><p style=\"margin-top:0pt;padding-top:0;margin-bottom:0pt;padding-bottom:0;line-height:1.8;margin-left:108pt\"><span style=\"height:1em\"><span>.<\/span><\/span><\/p><p style=\"margin-top:0pt;padding-top:0;margin-bottom:0pt;padding-bottom:0;line-height:1.8;margin-left:108pt\">Is fanfaidh liom cuimhne na cuairte,<\/p><p style=\"margin-top:0pt;padding-top:0;margin-bottom:0pt;padding-bottom:0;line-height:1.8;margin-left:108pt\">Is m\u00e9 sna greama le str\u00f3 is le buairt,<\/p><p style=\"margin-top:0pt;padding-top:0;margin-bottom:0pt;padding-bottom:0;line-height:1.8;margin-left:108pt\">Is cuimhneod ar Sholas na Soilse, <\/p><p style=\"margin-top:0pt;padding-top:0;margin-bottom:0pt;padding-bottom:0;line-height:1.8;margin-left:108pt\">Nuair a thiocfaidh mo Thiarna ar chuairt.<\/p><p style=\"text-align:center;margin-top:0pt;padding-top:0;margin-bottom:0pt;padding-bottom:0;line-height:1.8\"><span style=\"height:1em\"><span>.<\/span><\/span><\/p><p style=\"text-align:center;margin-top:0pt;padding-top:0;margin-bottom:0pt;padding-bottom:0;line-height:1.8\"><strong><span style=\"font-size:16pt\">*************************<\/span><\/strong><\/p><p style=\"text-align:center;margin-top:0pt;padding-top:0;margin-bottom:0pt;padding-bottom:0;line-height:1.8\"><span style=\"height:1em\"><span>.<\/span><\/span><\/p><p style=\"text-align:center;margin-top:0pt;padding-top:0;margin-bottom:0pt;padding-bottom:0;line-height:2.4\"><span style=\"height:1em\"><span>.<\/span><\/span><\/p>","protected":false},"excerpt":{"rendered":"<p>O i s t e a n s \u00f3 i r . . Tr\u00e1th glacaimse Comaoineach Naofa, Is nuair a shu\u00edm sa teampall, liom fh\u00e9in, N\u00ed ghn\u00e1thdhuine mise a thuilleadh, Ach oisteans\u00f3ir soilseach faoi r\u00e9im. . Nuair a luchta\u00edtear m\u2019oisteansoir liosta Leis an Ahlainn ghlan, r\u00edoga, bh\u00e1n, Sea d\u00e9antar \u00f3r bu\u00ed dem\u2019 luaidhe, Is scalann [&hellip;]<\/p>\n","protected":false},"author":2,"featured_media":13435,"comment_status":"open","ping_status":"open","sticky":false,"template":"","format":"standard","meta":{"nf_dc_page":"","_et_pb_use_builder":"","_et_pb_old_content":"","_et_gb_content_width":"","footnotes":""},"categories":[1],"tags":[],"class_list":["post-13053","post","type-post","status-publish","format-standard","has-post-thumbnail","hentry","category-gan-chatagoir"],"_links":{"self":[{"href":"https:\/\/mickgb.com\/en\/wp-json\/wp\/v2\/posts\/13053","targetHints":{"allow":["GET"]}}],"collection":[{"href":"https:\/\/mickgb.com\/en\/wp-json\/wp\/v2\/posts"}],"about":[{"href":"https:\/\/mickgb.com\/en\/wp-json\/wp\/v2\/types\/post"}],"author":[{"embeddable":true,"href":"https:\/\/mickgb.com\/en\/wp-json\/wp\/v2\/users\/2"}],"replies":[{"embeddable":true,"href":"https:\/\/mickgb.com\/en\/wp-json\/wp\/v2\/comments?post=13053"}],"version-history":[{"count":1,"href":"https:\/\/mickgb.com\/en\/wp-json\/wp\/v2\/posts\/13053\/revisions"}],"predecessor-version":[{"id":13054,"href":"https:\/\/mickgb.com\/en\/wp-json\/wp\/v2\/posts\/13053\/revisions\/13054"}],"wp:featuredmedia":[{"embeddable":true,"href":"https:\/\/mickgb.com\/en\/wp-json\/wp\/v2\/media\/13435"}],"wp:attachment":[{"href":"https:\/\/mickgb.com\/en\/wp-json\/wp\/v2\/media?parent=13053"}],"wp:term":[{"taxonomy":"category","embeddable":true,"href":"https:\/\/mickgb.com\/en\/wp-json\/wp\/v2\/categories?post=13053"},{"taxonomy":"post_tag","embeddable":true,"href":"https:\/\/mickgb.com\/en\/wp-json\/wp\/v2\/tags?post=13053"}],"curies":[{"name":"wp","href":"https:\/\/api.w.org\/{rel}","templated":true}]}}