{"id":13079,"date":"2017-04-04T11:00:00","date_gmt":"2017-04-04T11:00:00","guid":{"rendered":"https:\/\/mickgb.com\/?p=13079"},"modified":"2024-04-08T01:16:25","modified_gmt":"2024-04-08T01:16:25","slug":"pariceail-don-aifreann","status":"publish","type":"post","link":"https:\/\/mickgb.com\/en\/pariceail-don-aifreann\/","title":{"rendered":"P\u00e1rice\u00e1il don Aifreann."},"content":{"rendered":"<p style=\"text-align:center;margin-top:0pt;padding-top:0;margin-bottom:0pt;padding-bottom:0;line-height:2.4\"><strong><span style=\"font-size:16pt\">I   m B \u00e9 a l     a n     P h o b a i l .<\/span><\/strong><\/p><p style=\"text-align:center;margin-top:0pt;padding-top:0;margin-bottom:0pt;padding-bottom:0;line-height:2.4\"><strong>***********************<\/strong><\/p><p style=\"text-align:center;margin-top:0pt;padding-top:0;margin-bottom:0pt;padding-bottom:0;line-height:2.4\"><span style=\"height:1em\"><span>.<\/span><\/span><\/p><p style=\"text-align:justify;margin-top:0pt;padding-top:0;margin-bottom:0pt;padding-bottom:0;line-height:2.4\">\u201cParking for Mass,\u201d adeir t\u00fa?  Bhuel, is \u00e9 at\u00e1 ag titim amach anseo sa Chathair \u00c1lainn, ar na mallaibh, n\u00f3 go bhfuiltear ag gearradh t\u00e1ille ar dhaoine a dh\u00e9anann a ngluaiste\u00e1in a ph\u00e1irce\u00e1il sna hIonaid Ph\u00e1irce\u00e1la, fad is a bh\u00edonn siad fh\u00e9in ag freastal ar an Aifreann, i S\u00e9ip\u00e9al in aice l\u00e1imhe.  Anois, t\u00e1id ann ad\u00e9arfadh, go bhfuil loml\u00e1n an chirt ag an mB\u00e1rdas an t\u00e1ille sin a ghearradh, d\u00edreach mar a ghearrtar t\u00e1ille ar shaor\u00e1nach ar bith eile, a dh\u00e9anfadh carr a ph\u00e1irce\u00e1il san Ionad P\u00e1irce\u00e1la sin, Domhnach n\u00f3 D\u00e1lach.  Cheapfadh duine go lu\u00edonn sin le r\u00e9as\u00fan, go dt\u00ed go nd\u00e9anann s\u00e9 an sc\u00e9al a scr\u00fad\u00fa i gceart.  <\/p><p style=\"text-align:justify;margin-top:0pt;padding-top:0;margin-bottom:0pt;padding-bottom:0;line-height:2.4\">Anois, ar an gc\u00e9ad dul s\u00edos, bh\u00edodh cead p\u00e1irce\u00e1la, saor agus in aisce, ag daoine, sna hionaid sin, le sinsearacht, agus ar an dara dul s\u00edos, bh\u00ed de n\u00f3s ag na h\u00dadar\u00e1is, chuile l\u00e1 riamh, cabhr\u00fa le saor\u00e1naigh dualgais\u00ed a gCreidimh a choimhl\u00edonadh agus gan dris chas\u00e1in a fheisti\u00fa sa mbealach rompu. Ach, ar an dtaobh eile den sc\u00e9al, t\u00e1id ann ad\u00e9arfadh, n\u00e1r cheart bunt\u00e1iste d\u00e1 leith\u00e9id a chur ar f\u00e1il do Chaitlicigh Romh\u00e1nacha, agus c\u00fal na l\u00e1imhe a thabhairt do chuile dhream eile, agus \u00e9 de dhualgas orthusan a dt\u00e1ille ph\u00e1irce\u00e1la a \u00edoc, fad is at\u00e1 siadsan ag freastal ar a ndualgais\u00ed creidimh.   N\u00ed d\u00f3igh liom, go nd\u00e9anfadh Cr\u00edosta\u00ed ar bith a leith\u00e9id de bhunt\u00e1iste a \u00e9ileamh d\u00e1 dhream fh\u00e9in.  Cinnte, m\u00e1 t\u00e1 dhream ar bith eile, a bhfuil Ionad P\u00e1irce\u00e1la i ngar d\u00e1 dteach pobail, n\u00edor ch\u00f3ir t\u00e1ille ar bith a ghearradh orthusan, le linn d\u00f3ibh bheith ag freastal ar a dteach pobail, lena ndualgais\u00ed fh\u00e9in a choimhl\u00edonadh, ag an deireadh seachtaine.  T\u00e1 go bre\u00e1, ad\u00e9arfadh duine b\u2019fh\u00e9idir, ach conas a thuigf\u00ed gur ag coimhl\u00edonadh dualgais\u00ed creidimh a bh\u00ed duine agus nach amuigh ag siopad\u00f3ireachta a bh\u00ed s\u00e9?  <\/p><p style=\"text-align:justify;margin-top:0pt;padding-top:0;margin-bottom:0pt;padding-bottom:0;line-height:2.4\">N\u00ed f\u00e1l go haer \u00e9 sin ach oiread, ad\u00e9arfainn, d\u00e1 mbeadh fonn ar na h\u00dadarais deach\u00fa D\u00e9 a \u00edoc, chuile Dhomhnach, n\u00f3 d\u2019fh\u00e9adfaid\u00eds saorph\u00e1irce\u00e1il a chur ar f\u00e1il do chuile dhuine, chuile mhaidin Domhnaigh, suas go dt\u00ed a d\u00f3 san iarn\u00f3in, agus tr\u00e9imhse eile a chur le sin sa tr\u00e1thn\u00f3na, b\u2019fh\u00e9idir.<\/p><p style=\"text-align:justify;margin-top:0pt;padding-top:0;margin-bottom:0pt;padding-bottom:0;line-height:2.4\">B\u2019fh\u00e9idir go nd\u00e9arfa\u00ed go gcosn\u00f3dh sin an iomarca, agus cinnte, chosn\u00f3dh s\u00e9 m\u00e1m pingneacha, gan aon dabht, ach nach bhfuil neart ama ag na h\u00dadar\u00e1is lena ngluaiste\u00e1naithe a fheannadh, n\u00f3 a lomadh, an chuid eile den tseachtain! Ach, t\u00e1 bealach eile ann freisin, leis an bhfadhb ch\u00e9anna sin a r\u00e9iteach.<\/p><p style=\"text-align:justify;margin-top:0pt;padding-top:0;margin-bottom:0pt;padding-bottom:0;line-height:2.4\">T\u00e1, agus seo an bealach is fearr, is simpl\u00ed, agus is c\u00f3ra, freisin.  D\u2019fh\u00e9adfadh an Bardas, n\u00f3 cib\u00e9 dream at\u00e1 i mbun an Ionaid Ph\u00e1irce\u00e1la, m\u00e1m c\u00e1rta\u00ed speisialta a thabhairt do na heaglais\u00ed, do na s\u00e9ip\u00e9il, agus do na teampaill, agus d\u2019fh\u00e9adfa\u00ed ceann acu sin a bhronnadh ar chuile dhuine a mbeadh diosca reatha p\u00e1irce\u00e1la aige, agus sa tsli sin, n\u00ed dh\u00e9anfa\u00ed leithcheal ar lucht eaglaise ar bith ag na h\u00dadar\u00e1is \u00c1iti\u00fala.<\/p><p style=\"text-align:justify;margin-top:0pt;padding-top:0;margin-bottom:0pt;padding-bottom:0;line-height:2.4\">N\u00ed h\u00e9 seo an ch\u00e9ad uair agam scr\u00edobh ar an \u00e1bhar seo, n\u00f3 bh\u00ed p\u00edosa agam sa chol\u00fan seo, tamall maith \u00f3 shoin, anois.  F\u00e9ach mar a scr\u00edobh m\u00e9 faoi, an tr\u00e1th \u00fad, agus m\u00e9 ag comhr\u00e1 le mo sheanchara S\u00e9im\u00ed an Droichid.<\/p><p style=\"text-align:center;margin-top:0pt;padding-top:0;margin-bottom:0pt;padding-bottom:0;line-height:2.4\"><strong><span style=\"font-size:16pt\">\u201cChurches under siege.\u201d<\/span><\/strong><\/p><p style=\"text-align:justify;margin-top:0pt;padding-top:0;margin-bottom:0pt;padding-bottom:0;line-height:2.4\">\u201cAch, in ainm an \u00e1idh, c\u00e9n f\u00e1th a nd\u00e9arf\u00e1 go bhfuil na seip\u00e9il faoi l\u00e9igear anseo sa Chathair \u00c1lainn?  As do mheabhair at\u00e1 t\u00fa, an ea?\u201d arsa m\u00e9 fh\u00e9in.<\/p><p style=\"text-align:justify;margin-top:0pt;padding-top:0;margin-bottom:0pt;padding-bottom:0;line-height:2.4\">\u201cN\u00ed hea muis.  Ach m\u00e9 lom d\u00e1ir\u00edre.\u201d adeir mo sheanchara, S\u00e9im\u00ed.<\/p><p style=\"text-align:justify;margin-top:0pt;padding-top:0;margin-bottom:0pt;padding-bottom:0;line-height:2.4\">\u201cConas a dh\u00e9anann t\u00fa amach, go bhfuil l\u00e9igear ar bith \u00e1 dh\u00e9anamh ar sh\u00e9ip\u00e9il anseo in \u00e1r measc, i gCathair Chainnigh?\u201d<\/p><p style=\"text-align:justify;margin-top:0pt;padding-top:0;margin-bottom:0pt;padding-bottom:0;line-height:2.4\">\u201cN\u00edl ann ach go bhfeictear domsa, go bhfuiltear ag d\u00e9anamh chuile dh\u00edcheall le p\u00e1irce\u00e1il taobh amuigh de sh\u00e9ip\u00e9il na cathrach seo a chosc.\u201d<\/p><p style=\"text-align:justify;margin-top:0pt;padding-top:0;margin-bottom:0pt;padding-bottom:0;line-height:2.4\">\u201cAg magadh f\u00fam at\u00e1 t\u00fa?\u201d<\/p><p style=\"text-align:justify;margin-top:0pt;padding-top:0;margin-bottom:0pt;padding-bottom:0;line-height:2.4\">\u201cDiabhal magadh n\u00f3 mugadh i gceist agam, muis!\u201d<\/p><p style=\"text-align:justify;margin-top:0pt;padding-top:0;margin-bottom:0pt;padding-bottom:0;line-height:2.4\">\u201cAch, ar tharla tada d\u00e1 leith\u00e9id \u00e1it ar bith sa chathair s\u2019againne, go nuige seo?\u201d<\/p><p style=\"text-align:justify;margin-top:0pt;padding-top:0;margin-bottom:0pt;padding-bottom:0;line-height:2.4\">\u201cD\u2019fh\u00e9adf\u00e1 a r\u00e1 gur tharla, n\u00f3 deineadh roinnt iarrachta\u00ed le cr\u00edoch a chur le p\u00e1irce\u00e1il taobh amuigh de Sh\u00e9ip\u00e9al Eoin, i Sr\u00e1id Eoin, ach n\u00edor cuireadh an beartas sin i gcr\u00edch, go f\u00f3ill ar aon n\u00f3s.\u201d<\/p><p style=\"text-align:justify;margin-top:0pt;padding-top:0;margin-bottom:0pt;padding-bottom:0;line-height:2.4\">\u201cAch, n\u00ed fi\u00fa tr\u00e1cht ar sin, n\u00f3 n\u00edor tharla tada ansin f\u00f3s.  An bhfuil aon l\u00e9igear eile i gceist anseo, i l\u00e1thair na huaire seo?\u201d<\/p><p style=\"text-align:justify;margin-top:0pt;padding-top:0;margin-bottom:0pt;padding-bottom:0;line-height:2.4\">\u201cN\u00edl le d\u00e9anamh agat ach si\u00fal s\u00edos Sr\u00e1id na Mainistreach, l\u00e1 ar bith, agus feicfidh t\u00fa fh\u00e9in c\u00e9ard t\u00e1 ar si\u00fal th\u00edos ansin.\u201d<\/p><p style=\"text-align:justify;margin-top:0pt;padding-top:0;margin-bottom:0pt;padding-bottom:0;line-height:2.4\">\u201cAch n\u00edl ar si\u00fal ansin ach go bhfuil siad ag t\u00f3gail tithe agus \u00e1ras\u00e1in, le tith\u00edocht a chur ar f\u00e1il do chathr\u00f3ir\u00ed na Cathrach \u00c1ille seo.  N\u00ed fheicimse go bhfuil aon l\u00e9igear i gceist sa mh\u00e9id sin.\u201d<\/p><p style=\"text-align:justify;margin-top:0pt;padding-top:0;margin-bottom:0pt;padding-bottom:0;line-height:2.4\">\u201cC\u00e1 raibh tusa aimsir na s\u00fal? N\u00f3 an dall amach is amuigh at\u00e1 t\u00fa?  Nach bhfeicfeadh duine ar bith go bhfuil an t\u00f3g\u00e1il sin \u00e1 d\u00e9anamh, san ionad p\u00e1irce\u00e1la, a bh\u00ed taobh le Mainistir na gCaipis\u00edneach; san ionad p\u00e1irce\u00e1la, a nd\u00e9anadh pobal an ts\u00e9ip\u00e9il sin a ngluaiste\u00e1in a ph\u00e1irce\u00e1il, tr\u00e1th a mb\u00edd\u00eds ag freastal ar shearmanais eags\u00fala eaglasta sa \u2018Friary\u2019 c\u00e9anna sin.\u201d<\/p><p style=\"text-align:justify;margin-top:0pt;padding-top:0;margin-bottom:0pt;padding-bottom:0;line-height:2.4\">\u201cDona go leor, a th\u00e1illi\u00fair, mar adeireadh an fear fad\u00f3, ach an bhfuil aon s\u00e9ip\u00e9al eile faoi l\u00e9igear, na laethe seo?\u201d<\/p><p style=\"text-align:justify;margin-top:0pt;padding-top:0;margin-bottom:0pt;padding-bottom:0;line-height:2.4\">\u201cN\u00edl ann ach t\u00fas tuile f\u00f3s. D\u00e9arfainn fh\u00e9in go bhfuiltear ag tos\u00fa ar Sh\u00e9ip\u00e9al Ph\u00e1draig s\u2019againne a chur faoi l\u00e9igear, na laethe seo. Feictear domsa, go bhfuil an gn\u00f3 seo uilig, faoi mar a bheadh polasa\u00ed ag na h\u00fadar\u00e1is, chuile bhac is f\u00e9idir leo a chur sa mbealach ar dhaoine a dteasta\u00edonn uathu freasatal ar Aifreann Domhnaigh, agus n\u00ed mar sin a bh\u00edodh, blianta \u00f3 shoin, n\u00f3 an t-am sin, dh\u00e9anadh na h\u00fadar\u00e1is chuile dh\u00edcheall le deiseanna d\u00e1 leith\u00e9id, a chur ar f\u00e1il d\u00f3ibh si\u00fad, ar theastaigh uathu, a ndualgais\u00ed creidimh a choimhl\u00edonadh.  Ach coinnigh tusa s\u00fail gh\u00e9ar ar na c\u00farsa\u00ed sin feasta, n\u00f3 t\u00e1 fait\u00edos orm, nach bhfuil cloiste, n\u00f3 feicthe, againn, faoin l\u00e9igear seo at\u00e1 \u00e1 dh\u00e9anamh ar sh\u00e9ipeil na d\u00faiche seo, ach an t\u00fas.  N\u00edor labhair m\u00e9 in aon chor leat faoin Mhainistir Dhubh, n\u00f3 faoi Ardeaglais Mhuire, agus a bhfuil ag tarl\u00fa sna hionaid ph\u00e1irce\u00e1la at\u00e1 taobh leo si\u00fad.\u201d<\/p><p style=\"text-align:justify;margin-top:0pt;padding-top:0;margin-bottom:0pt;padding-bottom:0;line-height:2.4\"><span style=\"height:1em\"><span>.<\/span><\/span><\/p><p style=\"text-align:justify;margin-top:0pt;padding-top:0;margin-bottom:0pt;padding-bottom:0;line-height:2.4\">Caithfidh t\u00fa a admh\u00e1il, go ndeachaigh m\u00e9 s\u00e1ch gar don chn\u00e1mh leis an m\u00e9id a bh\u00ed le r\u00e1 agam sa ph\u00edosa c\u00e9anna sin!  <\/p><p style=\"text-align:justify;margin-top:0pt;padding-top:0;margin-bottom:0pt;padding-bottom:0;line-height:2.4\">****************<\/p><p style=\"text-align:justify;margin-top:0pt;padding-top:0;margin-bottom:0pt;padding-bottom:0;line-height:2.4\">Peadar Bair\u00e9ad.<\/p><p style=\"text-align:justify;margin-top:0pt;padding-top:0;margin-bottom:0pt;padding-bottom:0;line-height:2.4\">****************<\/p><p style=\"text-align:justify;margin-top:0pt;padding-top:0;margin-bottom:0pt;padding-bottom:0;line-height:2.4\"><span style=\"height:1em\"><span>.<\/span><\/span><\/p><p style=\"text-align:justify;margin-top:0pt;padding-top:0;margin-bottom:0pt;padding-bottom:0;line-height:2.4\"><span style=\"height:1em\"><span>.<\/span><\/span><\/p><p style=\"text-align:justify;margin-top:0pt;padding-top:0;margin-bottom:0pt;padding-bottom:0;line-height:2.4\"><span style=\"height:1em\"><span>.<\/span><\/span><\/p><p style=\"text-align:justify;margin-top:0pt;padding-top:0;margin-bottom:0pt;padding-bottom:0;line-height:2.4\"><span style=\"height:1em\"><span>.<\/span><\/span><\/p><p style=\"text-align:justify;margin-top:0pt;padding-top:0;margin-bottom:0pt;padding-bottom:0;line-height:2.4\"><span style=\"height:1em\"><span>.<\/span><\/span><\/p><p style=\"text-align:justify;margin-top:0pt;padding-top:0;margin-bottom:0pt;padding-bottom:0;line-height:2.4\"><span style=\"height:1em\"><span>.<\/span><\/span><\/p><p style=\"text-align:justify;margin-top:0pt;padding-top:0;margin-bottom:0pt;padding-bottom:0;line-height:2.4\"><span style=\"height:1em\"><span>.<\/span><\/span><\/p><p style=\"text-align:justify;margin-top:0pt;padding-top:0;margin-bottom:0pt;padding-bottom:0;line-height:2.4\"><span style=\"height:1em\"><span>.<\/span><\/span><\/p><p style=\"text-align:justify;margin-top:0pt;padding-top:0;margin-bottom:0pt;padding-bottom:0;line-height:2.4\"><span style=\"height:1em\"><span>.<\/span><\/span><\/p><p style=\"text-align:justify;margin-top:0pt;padding-top:0;margin-bottom:0pt;padding-bottom:0;line-height:2.4\"><span style=\"height:1em\"><span>.<\/span><\/span><\/p><p style=\"text-align:justify;margin-top:0pt;padding-top:0;margin-bottom:0pt;padding-bottom:0;line-height:2.4\"><span style=\"height:1em\"><span>.<\/span><\/span><\/p><p style=\"text-align:justify;margin-top:0pt;padding-top:0;margin-bottom:0pt;padding-bottom:0;line-height:2.4\"><span style=\"height:1em\"><span>.<\/span><\/span><\/p><p style=\"text-align:justify;margin-top:0pt;padding-top:0;margin-bottom:0pt;padding-bottom:0;line-height:2.4\"><span style=\"height:1em\"><span>.<\/span><\/span><\/p><p style=\"text-align:justify;margin-top:0pt;padding-top:0;margin-bottom:0pt;padding-bottom:0;line-height:2.4\"><span style=\"height:1em\"><span>.<\/span><\/span><\/p><p style=\"text-align:justify;margin-top:0pt;padding-top:0;margin-bottom:0pt;padding-bottom:0;line-height:2.4\"><span style=\"height:1em\"><span>.<\/span><\/span><\/p><p style=\"text-align:justify;margin-top:0pt;padding-top:0;margin-bottom:0pt;padding-bottom:0;line-height:2.4\"><span style=\"height:1em\"><span>.<\/span><\/span><\/p><p style=\"text-align:justify;margin-top:0pt;padding-top:0;margin-bottom:0pt;padding-bottom:0;line-height:2.4\"><span style=\"height:1em\"><span>.<\/span><\/span><\/p><p style=\"text-align:justify;margin-top:0pt;padding-top:0;margin-bottom:0pt;padding-bottom:0;line-height:2.4\"><span style=\"height:1em\"><span>.<\/span><\/span><\/p><p style=\"text-align:justify;margin-top:0pt;padding-top:0;margin-bottom:0pt;padding-bottom:0;line-height:2.4\"><span style=\"height:1em\"><span>.<\/span><\/span><\/p><p style=\"text-align:justify;margin-top:0pt;padding-top:0;margin-bottom:0pt;padding-bottom:0;line-height:2.4\"><span style=\"height:1em\"><span>.<\/span><\/span><\/p><p style=\"text-align:justify;margin-top:0pt;padding-top:0;margin-bottom:0pt;padding-bottom:0;line-height:2.4\"><span style=\"height:1em\"><span>.<\/span><\/span><\/p><p style=\"text-align:justify;margin-top:0pt;padding-top:0;margin-bottom:0pt;padding-bottom:0;line-height:2.4\"><span style=\"height:1em\"><span>.<\/span><\/span><\/p><p style=\"text-align:justify;margin-top:0pt;padding-top:0;margin-bottom:0pt;padding-bottom:0;line-height:2.4\"><span style=\"height:1em\"><span>.<\/span><\/span><\/p><p style=\"text-align:justify;margin-top:0pt;padding-top:0;margin-bottom:0pt;padding-bottom:0;line-height:2.4\"> <span style=\"height:1em\"><span>.<\/span><\/span><\/p>","protected":false},"excerpt":{"rendered":"<p>I m B \u00e9 a l a n P h o b a i l . *********************** . \u201cParking for Mass,\u201d adeir t\u00fa? Bhuel, is \u00e9 at\u00e1 ag titim amach anseo sa Chathair \u00c1lainn, ar na mallaibh, n\u00f3 go bhfuiltear ag gearradh t\u00e1ille ar dhaoine a dh\u00e9anann a ngluaiste\u00e1in a ph\u00e1irce\u00e1il sna hIonaid Ph\u00e1irce\u00e1la, fad [&hellip;]<\/p>\n","protected":false},"author":2,"featured_media":13435,"comment_status":"open","ping_status":"open","sticky":false,"template":"","format":"standard","meta":{"nf_dc_page":"","_et_pb_use_builder":"","_et_pb_old_content":"","_et_gb_content_width":"","footnotes":""},"categories":[1],"tags":[],"class_list":["post-13079","post","type-post","status-publish","format-standard","has-post-thumbnail","hentry","category-gan-chatagoir"],"_links":{"self":[{"href":"https:\/\/mickgb.com\/en\/wp-json\/wp\/v2\/posts\/13079","targetHints":{"allow":["GET"]}}],"collection":[{"href":"https:\/\/mickgb.com\/en\/wp-json\/wp\/v2\/posts"}],"about":[{"href":"https:\/\/mickgb.com\/en\/wp-json\/wp\/v2\/types\/post"}],"author":[{"embeddable":true,"href":"https:\/\/mickgb.com\/en\/wp-json\/wp\/v2\/users\/2"}],"replies":[{"embeddable":true,"href":"https:\/\/mickgb.com\/en\/wp-json\/wp\/v2\/comments?post=13079"}],"version-history":[{"count":1,"href":"https:\/\/mickgb.com\/en\/wp-json\/wp\/v2\/posts\/13079\/revisions"}],"predecessor-version":[{"id":13080,"href":"https:\/\/mickgb.com\/en\/wp-json\/wp\/v2\/posts\/13079\/revisions\/13080"}],"wp:featuredmedia":[{"embeddable":true,"href":"https:\/\/mickgb.com\/en\/wp-json\/wp\/v2\/media\/13435"}],"wp:attachment":[{"href":"https:\/\/mickgb.com\/en\/wp-json\/wp\/v2\/media?parent=13079"}],"wp:term":[{"taxonomy":"category","embeddable":true,"href":"https:\/\/mickgb.com\/en\/wp-json\/wp\/v2\/categories?post=13079"},{"taxonomy":"post_tag","embeddable":true,"href":"https:\/\/mickgb.com\/en\/wp-json\/wp\/v2\/tags?post=13079"}],"curies":[{"name":"wp","href":"https:\/\/api.w.org\/{rel}","templated":true}]}}