{"id":13089,"date":"2017-04-04T11:00:00","date_gmt":"2017-04-04T11:00:00","guid":{"rendered":"https:\/\/mickgb.com\/?p=13089"},"modified":"2024-04-08T01:16:50","modified_gmt":"2024-04-08T01:16:50","slug":"plandai-nimhneacha","status":"publish","type":"post","link":"https:\/\/mickgb.com\/en\/plandai-nimhneacha\/","title":{"rendered":"Planda\u00ed Nimhneacha"},"content":{"rendered":"<p style=\"text-align:center;margin-top:0pt;padding-top:0;margin-bottom:10pt;padding-bottom:0;line-height:1.8\"><strong><span style=\"font-size:28pt\">I  mB\u00e9al  an  Phobail<\/span><\/strong><\/p><p style=\"margin-top:0pt;padding-top:0;margin-bottom:10pt;padding-bottom:0;line-height:1.8\"><span style=\"font-size:14pt\">Peadar Bair\u00e9ad<\/span><\/p><p style=\"text-align:center;margin-top:0pt;padding-top:0;margin-bottom:10pt;padding-bottom:0;line-height:1.8\"><strong><span style=\"font-size:18pt\">D\u00e9an mar a deirim leat<\/span><\/strong><\/p><p style=\"text-align:justify;margin-top:0pt;padding-top:0;margin-bottom:10pt;padding-bottom:0;line-height:1.8\"><span style=\"font-size:14pt\">Nach minic a chloistear an nath cainte sin<\/span><span style=\"font-size:14pt\"> uathu si\u00fa<\/span><span style=\"font-size:14pt\">d a bhfuil \u00fadar\u00e1s de cine\u00e1l eic\u00ednt<\/span><span style=\"font-size:14pt\"> acu. Sea, n\u00e1 d\u00e9an mar a dh\u00e9<\/span><span style=\"font-size:14pt\">anaimse<\/span><span style=\"font-size:14pt\">, ach d\u00e9<\/span><span style=\"font-size:14pt\">an mar adeirim<\/span><span style=\"font-size:14pt\">se<\/span><span style=\"font-size:14pt\"> leat<\/span><span style=\"font-size:14pt\"> a dh\u00e9anamh. S<\/span><span style=\"font-size:14pt\">in an tic\u00e9<\/span><span style=\"font-size:14pt\">ad<\/span><span style=\"font-size:14pt\">, a mhac! M\u00e1 dh\u00e9anann t\u00fa<\/span><span style=\"font-size:14pt\"> a leith<\/span><span style=\"font-size:14pt\">\u00e9<\/span><span style=\"font-size:14pt\">id<\/span><span style=\"font-size:14pt\">, n\u00ed<\/span><span style=\"font-size:14pt\"> bheidh locht ar bith le <\/span><span style=\"font-size:14pt\">f\u00e1<\/span><span style=\"font-size:14pt\">il agamsa ort<\/span><span style=\"font-size:14pt\">, ach beidh m\u00e9 l\u00e1n ts\u00e1<\/span><span style=\"font-size:14pt\">sta leat. <\/span><span style=\"font-size:14pt\"> <\/span><span style=\"font-size:14pt\">Tugtar faoi deara<\/span><span style=\"font-size:14pt\">, go nd\u00e9anann lucht dl\u00ed agus lucht polait\u00edochta a leith\u00e9id, anois is ar\u00ed<\/span><span style=\"font-size:14pt\">s<\/span><span style=\"font-size:14pt\">, agus fi\u00fa, n\u00e1r thuig an Bard fh\u00e9<\/span><span style=\"font-size:14pt\">in, William Shakespeare<\/span><span style=\"font-size:14pt\">, an sc\u00e9al sin go h\u00e1lainn nuair a labhair s\u00e9<\/span><span style=\"font-size:14pt\"> faoi<\/span><span style=\"font-size:14pt\">\u2019<\/span><span style=\"font-size:14pt\">n Urramach<\/span><span style=\"font-size:14pt\"> \u00fad,<\/span><span style=\"font-size:14pt\"> a <\/span><span style=\"font-size:14pt\">mhol<\/span><span style=\"font-size:14pt\"> an b\u00f3<\/span><span style=\"font-size:14pt\">thar caol<\/span><span style=\"font-size:14pt\">,<\/span><span style=\"font-size:14pt\"> anacair<\/span><span style=\"font-size:14pt\">, d\u00e1 thr\u00e9ad<\/span><span style=\"font-size:14pt\">, fad is a lean<\/span><span style=\"font-size:14pt\"> s\u00e9 fh\u00e9in b\u00f3thar m\u00edn, r\u00e9idh, na s\u00e1imhe. Sin an saol, is d\u00f3cha!<\/span><span style=\"font-size:14pt\"> Ach<\/span><span style=\"font-size:14pt\">, ba \u00e9<\/span><span style=\"font-size:14pt\"> a <\/span><span style=\"font-size:14pt\">chuir ag tochrais ar an gceirtl\u00edn sin m\u00e9, an babhta seo, n\u00f3 na turasanna uilig a thug m\u00e9<\/span><span style=\"font-size:14pt\"> ar an<\/span><span style=\"font-size:14pt\"> ardchathair, ar na mallaibh. N\u00ed call dom a r\u00e1 gur ghread m\u00e9 liom<\/span><span style=\"font-size:14pt\"> suas <\/span><span style=\"font-size:14pt\">chun na hardchathrach fan an bh\u00f3thair bhre\u00e1 nua<\/span><span style=\"font-size:14pt\"> sin, an M9<\/span><span style=\"font-size:14pt\">, agus n\u00ed<\/span><span style=\"font-size:14pt\">orbh aon leasainm<\/span><span style=\"font-size:14pt\">, Sl\u00ed<\/span><span style=\"font-size:14pt\"> Laighean<\/span><span style=\"font-size:14pt\">, a bhaisteadh ar an M\u00f3torb<\/span><span style=\"font-size:14pt\">healach c\u00e9anna sin, n\u00f3 d\u2019fh\u00e9adf\u00e1<\/span><span style=\"font-size:14pt\"> a r\u00e1<\/span><span style=\"font-size:14pt\">,<\/span><span style=\"font-size:14pt\"> nach bhfuil a sh\u00e1r\u00fa<\/span><span style=\"font-size:14pt\"> <\/span><span style=\"font-size:14pt\">de bh\u00f3thar le f\u00e1<\/span><span style=\"font-size:14pt\">il<\/span><span style=\"font-size:14pt\">, thoir n\u00f3<\/span><span style=\"font-size:14pt\"> thiar<\/span><span style=\"font-size:14pt\">, sa t\u00ed<\/span><span style=\"font-size:14pt\">r seo<\/span><span style=\"font-size:14pt\">, faoi l\u00e1thair<\/span><span style=\"font-size:14pt\">. Agus b\u00ed<\/span><span style=\"font-size:14pt\">odh<\/span><span style=\"font-size:14pt\"> go gcoinn\u00edonn m\u00e9 <\/span><span style=\"font-size:14pt\">fh\u00e9in <\/span><span style=\"font-size:14pt\">s\u00fail an tseabhaic ar an mb\u00f3thar romham <\/span><span style=\"font-size:14pt\">amach, ag an am gc\u00e9anna, \u00e9ir\u00edonn liom<\/span><span style=\"font-size:14pt\"> corrspl\u00e9achadh<\/span><span style=\"font-size:14pt\"> a fh\u00e1il<\/span><span style=\"font-size:14pt\"> ar thaobhanna an mh\u00f3rorbhealaigh do-sh\u00e1raithe sin. Sea, agus c\u00e9ard a bh\u00ed<\/span><span style=\"font-size:14pt\">onn le tabhairt faoi deara a<\/span><span style=\"font-size:14pt\">gam fan na dtaobhanna fairsinge<\/span><span style=\"font-size:14pt\"> <\/span><span style=\"font-size:14pt\">sin? <\/span><\/p><p style=\"text-align:justify;margin-top:0pt;padding-top:0;margin-bottom:10pt;padding-bottom:0;line-height:1.8\"><span style=\"font-size:14pt\">An ceart ar fa<\/span><span style=\"font-size:14pt\">d agat, n\u00f3<\/span><span style=\"font-size:14pt\"> ba dhoiligh<\/span><span style=\"font-size:14pt\"> gan iad a thabhairt faoi deara<\/span><span style=\"font-size:14pt\">, ar a ndath agus ar a nd\u00e9<\/span><span style=\"font-size:14pt\">anamh.<\/span><\/p><p style=\"text-align:center;margin-top:0pt;padding-top:0;margin-bottom:10pt;padding-bottom:0;line-height:1.8\"><strong><span style=\"font-size:18pt\">Planda\u00ed<\/span><span style=\"font-size:18pt\"> nimhneacha<\/span><\/strong><\/p><p style=\"text-align:justify;margin-top:0pt;padding-top:0;margin-bottom:10pt;padding-bottom:0;line-height:1.8\"><span style=\"font-size:14pt\">C\u00e9ard t\u00e1<\/span><span style=\"font-size:14pt\"> i gceist agam, an ea?<\/span><\/p><p style=\"text-align:justify;margin-top:0pt;padding-top:0;margin-bottom:10pt;padding-bottom:0;line-height:1.8\"><span style=\"font-size:14pt\">T\u00e1, na buachal\u00e1<\/span><span style=\"font-size:14pt\">in bhu\u00ed, n\u00f3<\/span><span style=\"font-size:14pt\"> na giosadain<\/span><span style=\"font-size:14pt\">, mar a thugaimisne orthu, a fh\u00e1sann go fl\u00fa<\/span><span style=\"font-size:14pt\">irseach<\/span><span style=\"font-size:14pt\">,<\/span><span style=\"font-size:14pt\"> agus go buacach<\/span><span style=\"font-size:14pt\">, fan an bhealaigh. Tuigtea<\/span><span style=\"font-size:14pt\">r d\u2018eachtrannaigh \u00e1irithe gur<\/span><span style=\"font-size:14pt\"> feice\u00e1lach na bl\u00e1<\/span><span style=\"font-size:14pt\">thanna iad<\/span><span style=\"font-size:14pt\"> <\/span><span style=\"font-size:14pt\">agus iad leata ina mbrat bu\u00ed<\/span><span style=\"font-size:14pt\"> ar <\/span><span style=\"font-size:14pt\">\u2019chaon taobh den tsl\u00ed, ach don t\u00e9 at\u00e1 ar an eolas, tuigtear d\u00f3,<\/span><span style=\"font-size:14pt\"> gur nimh<\/span><span style=\"font-size:14pt\">neach amach is amuigh iad na f\u00e9ir\u00edn\u00ed c\u00e9anna s<\/span><span style=\"font-size:14pt\">in. T\u00e1\u2019s ag madra\u00ed an bhaile<\/span><span style=\"font-size:14pt\"> nach n<\/span><span style=\"font-size:14pt\">-\u00ed<\/span><span style=\"font-size:14pt\">osfadh b\u00f3 n\u00f3 beith\u00edoch an nimh<\/span><span style=\"font-size:14pt\"> c<\/span><span style=\"font-size:14pt\">h<\/span><span style=\"font-size:14pt\">\u00e9<\/span><span style=\"font-size:14pt\">anna sin<\/span><span style=\"font-size:14pt\"> agus \u00e9 ag f\u00e1s i gcim\u00edn roimhe amach, ach sc\u00e9al eile ar fad \u00e9 nuair a <\/span><span style=\"font-size:14pt\">thairgtear don mbeith\u00edoch<\/span><span style=\"font-size:14pt\"> sin \u00e9, i mbrosna f\u00e9ir, n\u00f3<\/span><span style=\"font-size:14pt\"> i <\/span><span style=\"font-size:14pt\">m\u00e1<\/span><span style=\"font-size:14pt\">m sadhlais.<\/span><\/p><p style=\"text-align:justify;margin-top:0pt;padding-top:0;margin-bottom:10pt;padding-bottom:0;line-height:1.8\"><span style=\"font-size:14pt\">Anois, nuair a bh\u00ed mise ag f\u00e1<\/span><span style=\"font-size:14pt\">s suas in Iorras<\/span><span style=\"font-size:14pt\">, in i<\/span><span style=\"font-size:14pt\">arthar Mhaigh Eo,<\/span><span style=\"font-size:14pt\"> blianta \u00f3 shoin, bh\u00ed a fhios ag chuile ghas\u00fa<\/span><span style=\"font-size:14pt\">r<\/span><span style=\"font-size:14pt\">,<\/span><span style=\"font-size:14pt\"> ag an am<\/span><span style=\"font-size:14pt\">, go raibh s\u00e9 i gcoinne an dl\u00ed planda\u00ed \u00e1irithe a bheith ag f\u00e1s ar do chuid talaimh, agus th\u00e9adh an p\u00f3il\u00ed<\/span><span style=\"font-size:14pt\"> timpeall<\/span><span style=\"font-size:14pt\">, ag amanna \u00e1<\/span><span style=\"font-size:14pt\">irithe<\/span><span style=\"font-size:14pt\">, leis an dl\u00ed sin a chur i bhfeidhm. Bh\u00ed comr\u00e1daithe ag na giosad\u00e1<\/span><span style=\"font-size:14pt\">in<\/span><span style=\"font-size:14pt\">, d\u00e1r nd\u00f3<\/span><span style=\"font-size:14pt\">igh, <\/span><span style=\"font-size:14pt\">agus b\u2019iad <\/span><span style=\"font-size:14pt\">sin<\/span><span style=\"font-size:14pt\"> an d\u00e1<\/span><span style=\"font-size:14pt\"> phland<\/span><span style=\"font-size:14pt\">a nimhneacha eile, an feochad\u00e1n agus an cop\u00f3g. Sea, agus leis an sc\u00e9al a dh\u00e9anamh n\u00ed<\/span><span style=\"font-size:14pt\">os measa f\u00f3<\/span><span style=\"font-size:14pt\">s<\/span><span style=\"font-size:14pt\">, t\u00e1 an p\u00e9ire sin ag f\u00e1<\/span><span style=\"font-size:14pt\">s leo go buacach<\/span><span style=\"font-size:14pt\">,<\/span><span style=\"font-size:14pt\"> <\/span><span style=\"font-size:14pt\">neamhn\u00e1ireach, fan taobhanna an M9 c\u00e9<\/span><span style=\"font-size:14pt\">anna sin.<\/span><\/p><p style=\"text-align:center;margin-top:0pt;padding-top:0;margin-bottom:10pt;padding-bottom:0;line-height:1.8\"><strong><span style=\"font-size:18pt\">Dl\u00ed<\/span><span style=\"font-size:18pt\">! an ea?<\/span><\/strong><\/p><p style=\"text-align:justify;margin-top:0pt;padding-top:0;margin-bottom:10pt;padding-bottom:0;line-height:1.8\"><span style=\"font-size:14pt\">Bh\u00edodh s\u00e9 i gcoinne an dl\u00ed fad\u00f3 cead f\u00e1is a thabhairt do na planda\u00ed nimhneacha sin, agus is d\u00f3cha gur mar sin at\u00e1 f\u00f3s, agus m\u00e1 sea, tuige nach dtugann na h\u00fadar\u00e1<\/span><span style=\"font-size:14pt\">is<\/span><span style=\"font-size:14pt\">, ar leo taobhanna an mh\u00f3<\/span><span style=\"font-size:14pt\">torbhealaigh sin<\/span><span style=\"font-size:14pt\">, tuige nach dtugann siad b\u00e1s obann do na planda\u00ed nimhneacha<\/span><span style=\"font-size:14pt\"> sin<\/span><span style=\"font-size:14pt\">? Sea, agus n\u00ed<\/span><span style=\"font-size:14pt\"> chuirfeadh <\/span><span style=\"font-size:14pt\">s\u00e9 iontas ar bith <\/span><span style=\"font-size:14pt\">orm<\/span><span style=\"font-size:14pt\">sa, d\u00e1 gcuirfeadh na h\u00fadar\u00e1<\/span><span style=\"font-size:14pt\">is sin iachall ar dhaoine eile<\/span><span style=\"font-size:14pt\"> <\/span><span style=\"font-size:14pt\">f\u00e1il r\u00e9idh leis na fiail\u00ed c\u00e9anna sin. Sea, n\u00e1 d\u00e9an mar a dh\u00e9anaimse, ach d\u00e9an mar adeirimse leat a dh\u00e9<\/span><span style=\"font-size:14pt\">anamh<\/span><span style=\"font-size:14pt\">!<\/span><\/p><p style=\"text-align:justify;margin-top:0pt;padding-top:0;margin-bottom:10pt;padding-bottom:0;line-height:1.8\"><span style=\"font-size:14pt\">Mar bhuille scoir.<\/span><span style=\"font-size:14pt\"> <\/span><span style=\"font-size:14pt\">D<\/span><span style=\"font-size:14pt\">on t\u00e9 a t\u00f3gadh amuigh faoin t\u00ed<\/span><span style=\"font-size:14pt\">r,<\/span><span style=\"font-size:14pt\"> sa r\u00e9 \u00fad fad\u00f3, is planda m\u00ed<\/span><span style=\"font-size:14pt\">ofar<\/span><span style=\"font-size:14pt\">, gr\u00e1<\/span><span style=\"font-size:14pt\">nna<\/span><span style=\"font-size:14pt\">,<\/span><span style=\"font-size:14pt\"> nimhneach<\/span><span style=\"font-size:14pt\">, \u00e9<\/span><span style=\"font-size:14pt\"> an giosad\u00e1n<\/span><span style=\"font-size:14pt\">, a bhfuil an b\u00e1<\/span><span style=\"font-size:14pt\">s obann tuillte go maith aige<\/span><span style=\"font-size:14pt\"> maraon lena chomp\u00e1naigh, an cop\u00f3g agus an feochad\u00e1n<\/span><span style=\"font-size:14pt\">.<\/span><span style=\"font-size:14pt\"> <\/span><\/p>","protected":false},"excerpt":{"rendered":"<p>I mB\u00e9al an Phobail Peadar Bair\u00e9ad D\u00e9an mar a deirim leat Nach minic a chloistear an nath cainte sin uathu si\u00fad a bhfuil \u00fadar\u00e1s de cine\u00e1l eic\u00ednt acu. Sea, n\u00e1 d\u00e9an mar a dh\u00e9anaimse, ach d\u00e9an mar adeirimse leat a dh\u00e9anamh. Sin an tic\u00e9ad, a mhac! M\u00e1 dh\u00e9anann t\u00fa a leith\u00e9id, n\u00ed bheidh locht ar [&hellip;]<\/p>\n","protected":false},"author":2,"featured_media":13435,"comment_status":"open","ping_status":"open","sticky":false,"template":"","format":"standard","meta":{"nf_dc_page":"","_et_pb_use_builder":"","_et_pb_old_content":"","_et_gb_content_width":"","footnotes":""},"categories":[1],"tags":[],"class_list":["post-13089","post","type-post","status-publish","format-standard","has-post-thumbnail","hentry","category-gan-chatagoir"],"_links":{"self":[{"href":"https:\/\/mickgb.com\/en\/wp-json\/wp\/v2\/posts\/13089","targetHints":{"allow":["GET"]}}],"collection":[{"href":"https:\/\/mickgb.com\/en\/wp-json\/wp\/v2\/posts"}],"about":[{"href":"https:\/\/mickgb.com\/en\/wp-json\/wp\/v2\/types\/post"}],"author":[{"embeddable":true,"href":"https:\/\/mickgb.com\/en\/wp-json\/wp\/v2\/users\/2"}],"replies":[{"embeddable":true,"href":"https:\/\/mickgb.com\/en\/wp-json\/wp\/v2\/comments?post=13089"}],"version-history":[{"count":1,"href":"https:\/\/mickgb.com\/en\/wp-json\/wp\/v2\/posts\/13089\/revisions"}],"predecessor-version":[{"id":13090,"href":"https:\/\/mickgb.com\/en\/wp-json\/wp\/v2\/posts\/13089\/revisions\/13090"}],"wp:featuredmedia":[{"embeddable":true,"href":"https:\/\/mickgb.com\/en\/wp-json\/wp\/v2\/media\/13435"}],"wp:attachment":[{"href":"https:\/\/mickgb.com\/en\/wp-json\/wp\/v2\/media?parent=13089"}],"wp:term":[{"taxonomy":"category","embeddable":true,"href":"https:\/\/mickgb.com\/en\/wp-json\/wp\/v2\/categories?post=13089"},{"taxonomy":"post_tag","embeddable":true,"href":"https:\/\/mickgb.com\/en\/wp-json\/wp\/v2\/tags?post=13089"}],"curies":[{"name":"wp","href":"https:\/\/api.w.org\/{rel}","templated":true}]}}