{"id":13091,"date":"2017-04-04T11:00:00","date_gmt":"2017-04-04T11:00:00","guid":{"rendered":"https:\/\/mickgb.com\/?p=13091"},"modified":"2024-04-08T01:16:50","modified_gmt":"2024-04-08T01:16:50","slug":"preasraiteas-c-na-g-agus-g-na-gaeltachta-copy","status":"publish","type":"post","link":"https:\/\/mickgb.com\/en\/preasraiteas-c-na-g-agus-g-na-gaeltachta-copy\/","title":{"rendered":"Preasraiteas ~C na G agus G na Gaeltachta. &#8211; Copy"},"content":{"rendered":"<p style=\"text-align:center;margin-top:0pt;padding-top:0;margin-bottom:10pt;padding-bottom:0;line-height:1.38\"><strong><span style=\"font-size:28pt\">Preasr\u00e1iteas<\/span><\/strong><\/p><p style=\"margin-top:0pt;padding-top:0;margin-bottom:10pt;padding-bottom:0;line-height:1.38\"><span style=\"font-size:14pt\">Peadar Bair\u00e9ad<\/span><\/p><p style=\"text-align:justify;margin-top:0pt;padding-top:0;margin-bottom:10pt;padding-bottom:0;line-height:1.8\"><span style=\"font-size:14pt\">Ba \u00e9 ad\u00fairt mo<\/span><span style=\"font-size:14pt\"> seanchara, S\u00e9im\u00ed an Droichid, liom an l\u00e1 cheana, n\u00f3 go bhfuil chuile chos\u00falacht ar an sc\u00e9al go dteasta\u00edonn \u00f3<\/span><span style=\"font-size:14pt\">n Rialtas s\u2019againne <\/span><span style=\"font-size:14pt\">cloch sa mhuinchille a<\/span><span style=\"font-size:14pt\"> \u00fas\u00e1id agus iad ag deighle\u00e1<\/span><span style=\"font-size:14pt\">il leis an Eaglais agus le lucht na Gaeilge<\/span><span style=\"font-size:14pt\">,<\/span><span style=\"font-size:14pt\"> feasta,<\/span><span style=\"font-size:14pt\"> agus nach bhfuil daoine ann ad\u00e9<\/span><span style=\"font-size:14pt\">arfadh<\/span><span style=\"font-size:14pt\">, gurbh iad an d\u00e1 mhar a ch\u00e9ile iad an c<\/span><span style=\"font-size:14pt\">h<\/span><span style=\"font-size:14pt\">uingir c<\/span><span style=\"font-size:14pt\">h<\/span><span style=\"font-size:14pt\">\u00e9<\/span><span style=\"font-size:14pt\">anna sin<\/span><span style=\"font-size:14pt\">,<\/span><span style=\"font-size:14pt\"> sna seanlaethe. <\/span><span style=\"font-size:14pt\">Ba \u00e9<\/span><span style=\"font-size:14pt\"> a chuir ag <\/span><span style=\"font-size:14pt\">ceol ar an dt\u00e9ad sin \u00e9 n\u00f3 cinneadh \u00fad an Rialtais, go gcuirf\u00ed deireadh leis an deontas  d\u2019\u00e1bhair oid\u00ed ag freasatal ar ch\u00farsa<\/span><span style=\"font-size:14pt\">\u00ed t<\/span><span style=\"font-size:14pt\">umoideachais sa Ghaeilge, sa Ghaeltacht, feasta. <\/span><\/p><p style=\"text-align:justify;margin-top:0pt;padding-top:0;margin-bottom:10pt;padding-bottom:0;line-height:1.8\"><span style=\"font-size:14pt\">A<\/span><span style=\"font-size:14pt\">ch, nach bhfuil na seanlaethe <\/span><span style=\"font-size:14pt\"> thart anois<\/span><span style=\"font-size:14pt\">,<\/span><span style=\"font-size:14pt\"> agus nach gcaithfidh muid agh<\/span><span style=\"font-size:14pt\">aidh a t<\/span><span style=\"font-size:14pt\">habhairt ar s<\/span><span style=\"font-size:14pt\">haol an lae inniu<\/span><span style=\"font-size:14pt\">,<\/span><span style=\"font-size:14pt\"> le dearcadh n\u00edos suas-chun-d\u00e1ta n\u00e1 mar a bh\u00edodh acu fad\u00f3.<\/span><span style=\"font-size:14pt\"> <\/span><\/p><p style=\"text-align:justify;margin-top:0pt;padding-top:0;margin-bottom:10pt;padding-bottom:0;line-height:1.8\"><span style=\"font-size:14pt\">Cuireadh sin ar mo sh\u00faile dhom, an l\u00e1 cheana, nuair a fuair m\u00e9 c\u00f3ip den Phreasr\u00e1iteas a d\u2019eisigh Conradh na Gaeilge agus Guth na Gaeltachta ar an 6\u00fa Feabhra, 2012. <\/span><span style=\"font-size:14pt\"> B\u00edodh sin f\u00edor br\u00e9agach<\/span><span style=\"font-size:14pt\">, ach is f\u00e9idir linn a dhearbh\u00fa<\/span><span style=\"font-size:14pt\"> anois<\/span><span style=\"font-size:14pt\">,<\/span><span style=\"font-size:14pt\"> nach bhfuil an Conradh<\/span><span style=\"font-size:14pt\">, n\u00f3<\/span><span style=\"font-size:14pt\"> Guth na Gaeltachta<\/span><span style=\"font-size:14pt\">, s\u00e1<\/span><span style=\"font-size:14pt\">sta<\/span><span style=\"font-size:14pt\">, n\u00f3 leath-sh\u00e1sta fh\u00e9<\/span><span style=\"font-size:14pt\">in<\/span><span style=\"font-size:14pt\">,<\/span><span style=\"font-size:14pt\"> le cinneadh seo an<\/span><span style=\"font-size:14pt\"> Rialtais. D\u00e1r leis na hEagra\u00edochta\u00ed c\u00e9<\/span><span style=\"font-size:14pt\">anna sin, t\u00e1<\/span><span style=\"font-size:14pt\"> an cinneadh c\u00e9<\/span><span style=\"font-size:14pt\">anna seo scannal<\/span><span style=\"font-size:14pt\">ach<\/span><span style=\"font-size:14pt\">, agus cheapfainn fh\u00e9in go n-aont\u00f3dh bun\u00fa<\/span><span style=\"font-size:14pt\">s lucht na Gaeilge leo<\/span><span style=\"font-size:14pt\">,<\/span><span style=\"font-size:14pt\"> sa bhreith sin.<\/span><\/p><p style=\"text-align:center;margin-top:0pt;padding-top:0;margin-bottom:10pt;padding-bottom:0;line-height:1.8\"><strong><span style=\"font-size:18pt\">Strait\u00e9is Fiche Bliain<\/span><\/strong><\/p><p style=\"text-align:justify;margin-top:0pt;padding-top:0;margin-bottom:10pt;padding-bottom:0;line-height:1.8\"><span style=\"font-size:14pt\">Breis agus bliain \u00f3 shoin anois, mhol<\/span><span style=\"font-size:14pt\">amar<\/span><span style=\"font-size:14pt\"> Strait\u00e9is \u00fa<\/span><span style=\"font-size:14pt\">r an Rialtais s\u2019againne<\/span><span style=\"font-size:14pt\">,<\/span><span style=\"font-size:14pt\"> tr\u00e1<\/span><span style=\"font-size:14pt\">th sheol siad <\/span><span style=\"font-size:14pt\">\u201c<\/span><span style=\"font-size:14pt\">Strait\u00e9<\/span><span style=\"font-size:14pt\">is Fiche Bliain 2010 \u2013 2030<\/span><span style=\"font-size:14pt\">\u201d<\/span><span style=\"font-size:14pt\">,<\/span><span style=\"font-size:14pt\"> <\/span><span style=\"font-size:14pt\">n\u00f3 ba mh\u00f3r, agus ba mhisni\u00fa<\/span><span style=\"font-size:14pt\">il<\/span><span style=\"font-size:14pt\">, an ch\u00e9im chun tosaigh a bh\u00ed sa Strait\u00e9<\/span><span style=\"font-size:14pt\">is sin i leith na teanga<\/span><span style=\"font-size:14pt\">, agus <\/span><span style=\"font-size:14pt\">deir na hEagra\u00edochta\u00ed<\/span><span style=\"font-size:14pt\"> thuasluaite<\/span><span style=\"font-size:14pt\">,<\/span><span style=\"font-size:14pt\"> gur moladh <\/span><span style=\"font-size:14pt\">sa Strait\u00e9is sin go leanfadh \u00e1<\/span><span style=\"font-size:14pt\">b<\/span><span style=\"font-size:14pt\">hair mh\u00fainteoir\u00ed<\/span><span style=\"font-size:14pt\"> <\/span><span style=\"font-size:14pt\">cl\u00e1<\/span><span style=\"font-size:14pt\">r sain<\/span><span style=\"font-size:14pt\">ithe do theagasc teanga sa Ghae<\/span><span style=\"font-size:14pt\">ltacht<\/span><span style=\"font-size:14pt\">,<\/span><span style=\"font-size:14pt\"> agus go d<\/span><span style=\"font-size:14pt\">e<\/span><span style=\"font-size:14pt\">imhin<\/span><span style=\"font-size:14pt\">, go gcuirf\u00ed<\/span><span style=\"font-size:14pt\"> leis an am te<\/span><span style=\"font-size:14pt\">agaisc<\/span><span style=\"font-size:14pt\">,<\/span><span style=\"font-size:14pt\"> agus freast<\/span><span style=\"font-size:14pt\">ail<\/span><span style=\"font-size:14pt\">, d\u2019\u00e1bhair mh\u00fainteoir\u00ed ar na c\u00fa<\/span><span style=\"font-size:14pt\">r<\/span><span style=\"font-size:14pt\">sa\u00ed<\/span><span style=\"font-size:14pt\"> Gaeltachta.<\/span><span style=\"font-size:14pt\"> Leanann an Preasr\u00e1<\/span><span style=\"font-size:14pt\">iteas&#8230;\u201dAnuas air s<\/span><span style=\"font-size:14pt\">in, sna treoracha agus sa chrit\u00e9<\/span><span style=\"font-size:14pt\">ir <\/span><span style=\"font-size:14pt\">nua a d\u2019eisigh An Chomhairle Mh\u00fa<\/span><span style=\"font-size:14pt\">i<\/span><span style=\"font-size:14pt\">nteoireachta do na Col\u00e1ist\u00ed Oili\u00fana, moladh: \u201cBa ch\u00f3<\/span><span style=\"font-size:14pt\">ir<\/span><span style=\"font-size:14pt\"> do chl\u00e1ir tr\u00e9imhse ch\u00f3<\/span><span style=\"font-size:14pt\">naithe sa Ghaeltacht, fadaithe agus athchoincheapaithe, a<\/span><span style=\"font-size:14pt\"> cur ar f\u00e1<\/span><span style=\"font-size:14pt\">il, a<\/span><span style=\"font-size:14pt\"> bheidh anois mar chuid den chl\u00e1<\/span><span style=\"font-size:14pt\">r <\/span><span style=\"font-size:14pt\">ioml\u00e1<\/span><span style=\"font-size:14pt\">n<\/span><span style=\"font-size:14pt\">, agus faoi sti\u00fair dh\u00edreach ag na sol\u00e1thraithe oideachas m\u00fainteoir\u00ed<\/span><span style=\"font-size:14pt\">\u201d Cuire<\/span><span style=\"font-size:14pt\">adh coiste ar bun leis na molta\u00ed seo a fhorb<\/span><span style=\"font-size:14pt\">airt.<\/span><\/p><p style=\"text-align:justify;margin-top:0pt;padding-top:0;margin-bottom:10pt;padding-bottom:0;line-height:1.8\"><span style=\"font-size:14pt\">Thuig Uachtar\u00e1<\/span><span style=\"font-size:14pt\">n an Chonartha<\/span><span style=\"font-size:14pt\">, <\/span><span style=\"font-size:14pt\">Julian de Sp\u00e1inn, <\/span><span style=\"font-size:14pt\">go mba mh\u00f3r na c\u00e9imeanna chun tosaigh a bh\u00ed sa d\u00e1<\/span><span style=\"font-size:14pt\"> mholadh sin chun<\/span><span style=\"font-size:14pt\"> feasacht, agus scileanna cumars\u00e1<\/span><span style=\"font-size:14pt\">ide Gaeilge<\/span><span style=\"font-size:14pt\">, \u00e1r m\u00fainteoir\u00ed a choth\u00fa, agus t\u00f3gfar dh\u00e1 ch\u00e9im ar ch\u00fa<\/span><span style=\"font-size:14pt\">l<\/span><span style=\"font-size:14pt\">, m\u00e1<\/span><span style=\"font-size:14pt\"> bhaineann an Roinn Oideac<\/span><span style=\"font-size:14pt\">hais agus Scileannana deontais \u00f3 na mic l\u00e9inn le freastail ar na c\u00farsa\u00ed Gaeltachta. M\u00e1 t\u00e1 muid i nd\u00e1ir\u00ed<\/span><span style=\"font-size:14pt\">re faoi athbheochan na Gaeilge<\/span><span style=\"font-size:14pt\">, agus m\u00e1 thuigtear d\u00fainn gur chuid riachtanach d\u00e1r n-oidhreacht \u00ed<\/span><span style=\"font-size:14pt\">, bhuel! ansin<\/span><span style=\"font-size:14pt\">, n\u00ed<\/span><span style=\"font-size:14pt\">l an dara rogha agai<\/span><span style=\"font-size:14pt\">nn ach br\u00fa chun tosaigh leis an Strait\u00e9<\/span><span style=\"font-size:14pt\">is Fiche Bliain<\/span><span style=\"font-size:14pt\">, le f\u00e9<\/span><span style=\"font-size:14pt\">achaint chuige<\/span><span style=\"font-size:14pt\">, go mbeidh sol\u00e1thar s\u00e1s\u00fa<\/span><span style=\"font-size:14pt\">il<\/span><span style=\"font-size:14pt\">,<\/span><span style=\"font-size:14pt\"> oilte<\/span><span style=\"font-size:14pt\">, scili\u00fa<\/span><span style=\"font-size:14pt\">il<\/span><span style=\"font-size:14pt\">, m\u00fainteoir\u00ed ar f\u00e1<\/span><span style=\"font-size:14pt\">il<\/span><span style=\"font-size:14pt\">, leis an oidhreacht sin a chur ar f\u00e1il don ch\u00e9ad ghl\u00fan eile, n\u00f3 m\u00e1 bhristear sine amh\u00e1<\/span><span style=\"font-size:14pt\">in i slabhra teanga na hoidhreachta sin<\/span><span style=\"font-size:14pt\">, brisfear an slabhra, agus d\u00e1r lena l\u00e1<\/span><span style=\"font-size:14pt\">n, beidh an brise<\/span><span style=\"font-size:14pt\">adh sin do-dheisithe, agus d\u2019fh\u00e9<\/span><span style=\"font-size:14pt\">adfadh luch<\/span><span style=\"font-size:14pt\">t na Gaeilge ansin dul ag feada\u00ed<\/span><span style=\"font-size:14pt\">l!<\/span><span style=\"font-size:14pt\"> <\/span><span style=\"font-size:14pt\">Tuigtear freisin don d\u00e1<\/span><span style=\"font-size:14pt\"> eagras thuasluaite<\/span><span style=\"font-size:14pt\">, gur ch\u00f3ir go nd\u00e9anfa\u00ed na c\u00farsa\u00ed<\/span><span style=\"font-size:14pt\"> Gaeltachta seo<\/span><span style=\"font-size:14pt\"> ag t\u00fas a gc\u00farsa\u00ed c\u00e9<\/span><span style=\"font-size:14pt\">ime<\/span><span style=\"font-size:14pt\">,<\/span><span style=\"font-size:14pt\"> ionas go<\/span><span style=\"font-size:14pt\"> mbeadh ar a gcumas feasta, <\/span><span style=\"font-size:14pt\">\u201c<\/span><span style=\"font-size:14pt\">lean\u00fa<\/span><span style=\"font-size:14pt\">int leis an gca<\/span><span style=\"font-size:14pt\">idreamh lena gcomhleacaithe, tr\u00ed<\/span><span style=\"font-size:14pt\"> Ghailge<\/span><span style=\"font-size:14pt\">, i ndiaidh an ch\u00fa<\/span><span style=\"font-size:14pt\">rsa.<\/span><span style=\"font-size:14pt\">\u201d<\/span><\/p><p style=\"text-align:center;margin-top:0pt;padding-top:0;margin-bottom:10pt;padding-bottom:0;line-height:1.8\"><strong><span style=\"font-size:18pt\">\u201cT\u00edos na pingine&#8230;.\u201d<\/span><\/strong><\/p><p style=\"text-align:justify;margin-top:0pt;padding-top:0;margin-bottom:10pt;padding-bottom:0;line-height:1.8\"><span style=\"font-size:14pt\">D\u00e1r le h\u00c9amonn Mac Niallais, urlabhra\u00ed Ghuth na Gaeltachta, d\u00e1 mba sh\u00e1bh\u00e1il airgid a bh\u00ed<\/span><span style=\"font-size:14pt\"> mar aidhm ag an Rialtas tr<\/span><span style=\"font-size:14pt\">\u00ed<\/span><span style=\"font-size:14pt\"> dheireadh<\/span><span style=\"font-size:14pt\"> a chur leis na deonais do na c\u00farsa\u00ed<\/span><span style=\"font-size:14pt\"> Gael:<\/span><span style=\"font-size:14pt\">t<\/span><span style=\"font-size:14pt\">achta sin<\/span><span style=\"font-size:14pt\">,<\/span><span style=\"font-size:14pt\"> gurbh <\/span><span style=\"font-size:14pt\">\u00e9<\/span><span style=\"font-size:14pt\"> a mhalairt ar <\/span><span style=\"font-size:14pt\">fad a bheadh mar thoradh air, n\u00f3 go gcosn\u00f3dh s\u00e9 i bhfad n\u00edos m\u00f3,<\/span><span style=\"font-size:14pt\"> ar ball<\/span><span style=\"font-size:14pt\">, leis an dochar a dh\u00e9anfa\u00ed<\/span><span style=\"font-size:14pt\"> anois<\/span><span style=\"font-size:14pt\">,<\/span><span style=\"font-size:14pt\"> a <\/span><span style=\"font-size:14pt\">leigheas amac<\/span><span style=\"font-size:14pt\">h anseo, agus lena chois sin, n\u00edor ch\u00f3<\/span><span style=\"font-size:14pt\">ir dearmad a d<\/span><span style=\"font-size:14pt\">h\u00e9anamh ar an gc\u00fanamh a thugann na c\u00farsa\u00ed seo do gh\u00e9<\/span><span style=\"font-size:14pt\">illeagar na Gaeltachta<\/span><span style=\"font-size:14pt\">, \u00f3<\/span><span style=\"font-size:14pt\"> thaobh mhn\u00e1 t\u00ed, siopa\u00ed \u00e1iti\u00fala, m\u00fainteoir\u00ed, agus<\/span><span style=\"font-size:14pt\"> fostaithe eile <\/span><span style=\"font-size:14pt\">na gCol\u00e1isat\u00ed<\/span><span style=\"font-size:14pt\"> Gaeilge<\/span><span style=\"font-size:14pt\"> de. T\u00e1<\/span><span style=\"font-size:14pt\"> an  easpa comhord\u00fa idir chodanna \u00e9ags\u00fa<\/span><span style=\"font-size:14pt\">la den Rialtas<\/span><span style=\"font-size:14pt\">,<\/span><span style=\"font-size:14pt\"> i dtaca le cur chun cinn na<\/span><span style=\"font-size:14pt\"> Gaeilge<\/span><span style=\"font-size:14pt\"> ina ch\u00fais dh\u00edom\u00e1 d\u00e1r le Mac Niallais<\/span><span style=\"font-size:14pt\">. T\u00e1 an Strait\u00e9is ag moladh cur leis na c\u00farsa\u00ed,<\/span><span style=\"font-size:14pt\"> agus iad a fhorb<\/span><span style=\"font-size:14pt\">airt agus an comhlacht <\/span><span style=\"font-size:14pt\">reacht\u00fa<\/span><span style=\"font-size:14pt\">i<\/span><span style=\"font-size:14pt\">l, An Chomhairle Mh\u00fainteoire<\/span><span style=\"font-size:14pt\">achta<\/span><span style=\"font-size:14pt\">, ag tac\u00fa leis sin. Ag an am <\/span><span style=\"font-size:14pt\">g<\/span><span style=\"font-size:14pt\">c\u00e9anna, t\u00e1<\/span><span style=\"font-size:14pt\"> an Roinn <\/span><span style=\"font-size:14pt\">Oideachais agus Scileanna ag iarraidh an <\/span><span style=\"font-size:14pt\">bonn a bh<\/span><span style=\"font-size:14pt\">aint den obair bhre\u00e1<\/span><span style=\"font-size:14pt\"> a<\/span><span style=\"font-size:14pt\">t\u00e1<\/span><span style=\"font-size:14pt\"> ar si<\/span><span style=\"font-size:14pt\">\u00fa<\/span><span style=\"font-size:14pt\">l acu<\/span><span style=\"font-size:14pt\">san<\/span><span style=\"font-size:14pt\">. Cheap muid go raibh an Strait\u00e9is ann le treoir shoil\u00e9ir a thabhairt do na Ranna \u00e9ags\u00fala St\u00e1it agus a bpairtn\u00e9ir\u00ed, ach n\u00ed mar sin at\u00e1 s\u00e9 ag feidhmi\u00fa faoi l\u00e1<\/span><span style=\"font-size:14pt\">thair.<\/span><\/p><p style=\"text-align:justify;margin-top:0pt;padding-top:0;margin-bottom:10pt;padding-bottom:0;line-height:1.8\"><span style=\"font-size:14pt\">N\u00ed<\/span><span style=\"font-size:14pt\">l  dabht ar domhan<\/span><span style=\"font-size:14pt\"> ach go nd\u00e9<\/span><span style=\"font-size:14pt\">anfaidh cinneadh <\/span><span style=\"font-size:14pt\">seo an Rialtais dochar<\/span><span style=\"font-size:14pt\"> do chur chun <\/span><span style=\"font-size:14pt\">cinn na Gaelige<\/span><span style=\"font-size:14pt\">,<\/span><span style=\"font-size:14pt\"> sna blianta at\u00e1<\/span><span style=\"font-size:14pt\"> romhainn amach, ach<\/span><span style=\"font-size:14pt\"> tr\u00e1th\u00fa<\/span><span style=\"font-size:14pt\">il go leor<\/span><span style=\"font-size:14pt\">, t\u00e1 d\u00f3thain ama f\u00f3<\/span><span style=\"font-size:14pt\">s ag n<\/span><span style=\"font-size:14pt\">a <\/span><span style=\"font-size:14pt\">h\u00da<\/span><span style=\"font-size:14pt\">darais<\/span><span style=\"font-size:14pt\"> ch\u00e9anna<\/span><span style=\"font-size:14pt\"> le<\/span><span style=\"font-size:14pt\"> breith ar a n-aithreachas<\/span><span style=\"font-size:14pt\">. S\u00fail againn go nd\u00e9anfaidh siad amhlaidh.<\/span><\/p><p style=\"margin-top:0pt;padding-top:0;margin-bottom:10pt;padding-bottom:0;line-height:1.38\"><span style=\"height:1em\"><span>.<\/span><\/span><\/p>","protected":false},"excerpt":{"rendered":"<p>Preasr\u00e1iteas Peadar Bair\u00e9ad Ba \u00e9 ad\u00fairt mo seanchara, S\u00e9im\u00ed an Droichid, liom an l\u00e1 cheana, n\u00f3 go bhfuil chuile chos\u00falacht ar an sc\u00e9al go dteasta\u00edonn \u00f3n Rialtas s\u2019againne cloch sa mhuinchille a \u00fas\u00e1id agus iad ag deighle\u00e1il leis an Eaglais agus le lucht na Gaeilge, feasta, agus nach bhfuil daoine ann ad\u00e9arfadh, gurbh iad an [&hellip;]<\/p>\n","protected":false},"author":2,"featured_media":13435,"comment_status":"open","ping_status":"open","sticky":false,"template":"","format":"standard","meta":{"nf_dc_page":"","_et_pb_use_builder":"","_et_pb_old_content":"","_et_gb_content_width":"","footnotes":""},"categories":[1],"tags":[],"class_list":["post-13091","post","type-post","status-publish","format-standard","has-post-thumbnail","hentry","category-gan-chatagoir"],"_links":{"self":[{"href":"https:\/\/mickgb.com\/en\/wp-json\/wp\/v2\/posts\/13091","targetHints":{"allow":["GET"]}}],"collection":[{"href":"https:\/\/mickgb.com\/en\/wp-json\/wp\/v2\/posts"}],"about":[{"href":"https:\/\/mickgb.com\/en\/wp-json\/wp\/v2\/types\/post"}],"author":[{"embeddable":true,"href":"https:\/\/mickgb.com\/en\/wp-json\/wp\/v2\/users\/2"}],"replies":[{"embeddable":true,"href":"https:\/\/mickgb.com\/en\/wp-json\/wp\/v2\/comments?post=13091"}],"version-history":[{"count":1,"href":"https:\/\/mickgb.com\/en\/wp-json\/wp\/v2\/posts\/13091\/revisions"}],"predecessor-version":[{"id":13092,"href":"https:\/\/mickgb.com\/en\/wp-json\/wp\/v2\/posts\/13091\/revisions\/13092"}],"wp:featuredmedia":[{"embeddable":true,"href":"https:\/\/mickgb.com\/en\/wp-json\/wp\/v2\/media\/13435"}],"wp:attachment":[{"href":"https:\/\/mickgb.com\/en\/wp-json\/wp\/v2\/media?parent=13091"}],"wp:term":[{"taxonomy":"category","embeddable":true,"href":"https:\/\/mickgb.com\/en\/wp-json\/wp\/v2\/categories?post=13091"},{"taxonomy":"post_tag","embeddable":true,"href":"https:\/\/mickgb.com\/en\/wp-json\/wp\/v2\/tags?post=13091"}],"curies":[{"name":"wp","href":"https:\/\/api.w.org\/{rel}","templated":true}]}}