{"id":13097,"date":"2017-04-04T11:00:00","date_gmt":"2017-04-04T11:00:00","guid":{"rendered":"https:\/\/mickgb.com\/?p=13097"},"modified":"2024-04-08T01:25:25","modified_gmt":"2024-04-08T01:25:25","slug":"reachtoir-no-reabthoir","status":"publish","type":"post","link":"https:\/\/mickgb.com\/en\/reachtoir-no-reabthoir\/","title":{"rendered":"Reachtoir no reabthoir."},"content":{"rendered":"<p style=\"text-align:center;margin-top:0pt;padding-top:0;margin-bottom:10pt;padding-bottom:0;line-height:1.38\"><strong><span style=\"font-size:28pt\">Reacht\u00f3ir n\u00f3 R<\/span><span style=\"font-size:28pt\">\u00e9ab\u00f3ir?<\/span><\/strong><\/p><p style=\"margin-top:0pt;padding-top:0;margin-bottom:10pt;padding-bottom:0;line-height:1.38\"><span style=\"font-size:14pt\">Peadar Bair\u00e9ad<\/span><\/p><p style=\"text-align:center;margin-top:0pt;padding-top:0;margin-bottom:10pt;padding-bottom:0;line-height:1.38\"><strong><span style=\"font-size:14pt\"><em>(Law-maker or Law-<\/em><\/span><span style=\"font-size:14pt\"><em>breaker<\/em><\/span><span style=\"font-size:14pt\"><em>?<\/em><\/span><span style=\"font-size:14pt\"><em>)<\/em><\/span><\/strong><\/p><p style=\"text-align:center;margin-top:0pt;padding-top:0;margin-bottom:10pt;padding-bottom:0;line-height:1.8\"><strong><span style=\"font-size:18pt\">Dualgais\u00ed le coimhl\u00edonadh<\/span><\/strong><\/p><p style=\"text-align:justify;margin-top:0pt;padding-top:0;margin-bottom:10pt;padding-bottom:0;line-height:1.8\"><span style=\"font-size:14pt\">Caitheann an-chuid daoine roin<\/span><span style=\"font-size:14pt\">nt \u00e1irithe ama<\/span><span style=\"font-size:14pt\"> ag smaoin<\/span><span style=\"font-size:14pt\">eamh ar obair agus ar dhualgais\u00ed \u00e1r dTeachta\u00ed D\u00e1<\/span><span style=\"font-size:14pt\">la, n\u00f3 is den t\u00e1bhacht \u00e9 go gcoimhl\u00edonfadh na Teachta\u00ed c\u00e9<\/span><span style=\"font-size:14pt\">anna sin na <\/span><span style=\"font-size:14pt\">dualgais\u00ed a leagann Bunreacht <\/span><span style=\"font-size:14pt\">\u00c9<\/span><span style=\"font-size:14pt\">ireann orthu<\/span><span style=\"font-size:14pt\">. N\u00ed<\/span><span style=\"font-size:14pt\">l dabht ar domhan ach go <\/span><span style=\"font-size:14pt\">bhfuil daoine ann, agus teachta\u00ed \u00e1<\/span><span style=\"font-size:14pt\">irithe ina mea<\/span><span style=\"font-size:14pt\">sc, a cheapann go mbeifear ag s\u00fail go bhfeidhmeo<\/span><span style=\"font-size:14pt\">dh sia<\/span><span style=\"font-size:14pt\">d <\/span><span style=\"font-size:14pt\">mar thaoisigh<\/span><span style=\"font-size:14pt\"> freisin<\/span><span style=\"font-size:14pt\">. B\u2019fh\u00e9idir gur ch\u00f3<\/span><span style=\"font-size:14pt\">ir cur ar <\/span><span style=\"font-size:14pt\">a s\u00faile d\u00f3ibh si\u00fa<\/span><span style=\"font-size:14pt\">d<\/span><span style=\"font-size:14pt\">,<\/span><span style=\"font-size:14pt\"> go bhfuil an-difir idir Theachta agus Taoiseach. Anois, munar thaoisigh iad<\/span><span style=\"font-size:14pt\">, c\u00e9n fheidhm at\u00e1 le coimhl\u00edonadh acu i rial\u00fa \u00e1r bpoblachta? N\u00ed ceist acad\u00fail amh\u00e1in \u00ed seo, ach ceist a bhfuil t\u00e1<\/span><span style=\"font-size:14pt\">bhacht thar na bearta ag baint leis<\/span><span style=\"font-size:14pt\">, m\u00e1<\/span><span style=\"font-size:14pt\">s uainn tora<\/span><span style=\"font-size:14pt\">dh f\u00f3<\/span><span style=\"font-size:14pt\">n<\/span><span style=\"font-size:14pt\">ta a bhaint as an gcraobh seo d\u00e1r gc\u00f3<\/span><span style=\"font-size:14pt\">ras rialaithe.<\/span><\/p><p style=\"text-align:justify;margin-top:0pt;padding-top:0;margin-bottom:10pt;padding-bottom:0;line-height:1.8\"><span style=\"font-size:14pt\">Ghlac a<\/span><span style=\"font-size:14pt\">n pobal s\u2019againne le Bunreacht \u00c9<\/span><span style=\"font-size:14pt\">ire<\/span><span style=\"font-size:14pt\">ann mar bhunchloch dlithi\u00fail d\u00e1<\/span><span style=\"font-size:14pt\">r bPoblacht<\/span><span style=\"font-size:14pt\"> Daonlathach, sa bhliain 1937<\/span><span style=\"font-size:14pt\">, Poblacht a th\u00e1<\/span><span style=\"font-size:14pt\">inig i gcomharbacht ar S<\/span><span style=\"font-size:14pt\">haorst\u00e1t \u00c9ireann<\/span><span style=\"font-size:14pt\">,<\/span><span style=\"font-size:14pt\"> agus Poblacht a f\u00f3<\/span><span style=\"font-size:14pt\">graiodh don <\/span><span style=\"font-size:14pt\">tsaol m\u00f3<\/span><span style=\"font-size:14pt\">r<\/span><span style=\"font-size:14pt\">,<\/span><span style=\"font-size:14pt\"> roinnt blianta ina dhiaidh sin,<\/span><span style=\"font-size:14pt\"> <\/span><span style=\"font-size:14pt\">agus sa Bhunreacht sin<\/span><span style=\"font-size:14pt\">,<\/span><span style=\"font-size:14pt\"> leagadh amach<\/span><span style=\"font-size:14pt\"> <\/span><span style=\"font-size:14pt\">dualgais\u00ed agus c\u00farama\u00ed na dTeachta\u00ed. <\/span><\/p><p style=\"text-align:center;margin-top:0pt;padding-top:0;margin-bottom:10pt;padding-bottom:0;line-height:1.38\"><strong><span style=\"font-size:18pt\">Ionada\u00edocht chionmhar<\/span><\/strong><\/p><p style=\"text-align:justify;margin-top:0pt;padding-top:0;margin-bottom:10pt;padding-bottom:0;line-height:1.8\"><span style=\"font-size:14pt\">Go bun\u00fa<\/span><span style=\"font-size:14pt\">sach, toghtar Teach<\/span><span style=\"font-size:14pt\">ta mar ionada\u00ed \u00f3 Dh\u00e1ilcheantar \u00e1<\/span><span style=\"font-size:14pt\">irithe<\/span><span style=\"font-size:14pt\">, agus go bun\u00fasach<\/span><span style=\"font-size:14pt\"> freisin<\/span><span style=\"font-size:14pt\">, t\u00e1 dh\u00e1 dhualgas le coimhl\u00edonhadh aige. Ar an gc\u00e9ad dul s\u00edos toghtar \u00e9 mar ionada\u00ed<\/span><span style=\"font-size:14pt\">,<\/span><span style=\"font-size:14pt\"> le dearcadh agus le deacrachta\u00ed<\/span><span style=\"font-size:14pt\"> a <\/span><span style=\"font-size:14pt\">Dhail<\/span><span style=\"font-size:14pt\">che<\/span><span style=\"font-size:14pt\">antair a leagan os comhair na D\u00e1<\/span><span style=\"font-size:14pt\">la, sa chaoi go dtabharfa\u00ed<\/span><span style=\"font-size:14pt\"> aird orthu<\/span><span style=\"font-size:14pt\">, agus ar an dara <\/span><span style=\"font-size:14pt\">dul s\u00ed<\/span><span style=\"font-size:14pt\">os<\/span><span style=\"font-size:14pt\">, toghtar iad le c\u00fa<\/span><span style=\"font-size:14pt\">namh a <\/span><span style=\"font-size:14pt\">thabhairt i ndr\u00e9<\/span><span style=\"font-size:14pt\">achtadh dl\u00edthe nua don Phoblacht s\u2019againne, agus le c\u00fa<\/span><span style=\"font-size:14pt\">namh a thabhairt<\/span><span style=\"font-size:14pt\">, i leas\u00fa<\/span><span style=\"font-size:14pt\">, agus i gceal\u00fa, seandl\u00ed<\/span><span style=\"font-size:14pt\">the. Uaireanta freisin<\/span><span style=\"font-size:14pt\">, iarr<\/span><span style=\"font-size:14pt\">tar ar dhuine acu<\/span><span style=\"font-size:14pt\"> bheith p\u00e1<\/span><span style=\"font-size:14pt\">irteach<\/span><span style=\"font-size:14pt\"> i gceann de na Coist\u00ed D\u00e1<\/span><span style=\"font-size:14pt\">la<\/span><span style=\"font-size:14pt\">, le ceisteanna t\u00e1bhachtacha s\u00f3isialta, eacnama\u00ed<\/span><span style=\"font-size:14pt\">ochta<\/span><span style=\"font-size:14pt\">, n\u00f3 dl\u00edthi\u00fa<\/span><span style=\"font-size:14pt\">la<\/span><span style=\"font-size:14pt\">, a scr\u00fad\u00fa, a ini\u00fa<\/span><span style=\"font-size:14pt\">chadh, agus a mheas<\/span><span style=\"font-size:14pt\">, thar chea<\/span><span style=\"font-size:14pt\">nn na D\u00e1la<\/span><span style=\"font-size:14pt\">. Sin mar a oibr\u00edonn \u00e1<\/span><span style=\"font-size:14pt\">r nDaonlathas<\/span><span style=\"font-size:14pt\">, n\u00f3 n\u00ed bheadh s\u00e9 ind\u00e9<\/span><span style=\"font-size:14pt\">anta ag<\/span><span style=\"font-size:14pt\"> an bpobal ar fad teacht os comhair na D\u00e1<\/span><span style=\"font-size:14pt\">la lena mianta agus lena ndearcadh a leagan o<\/span><span style=\"font-size:14pt\">s a gcomhair. T<\/span><span style=\"font-size:14pt\">oghtar ionadaithe<\/span><span style=\"font-size:14pt\">, leis an ngn\u00f3 sin a dh\u00e9<\/span><span style=\"font-size:14pt\">anam<\/span><span style=\"font-size:14pt\">h thar a gceann<\/span><span style=\"font-size:14pt\">. N\u00ed<\/span><span style=\"font-size:14pt\">l dabht ar domnhan<\/span><span style=\"font-size:14pt\">,<\/span><span style=\"font-size:14pt\"> ach go mb<\/span><span style=\"font-size:14pt\">a dhualgais\u00ed<\/span><span style=\"font-size:14pt\"> troma<\/span><span style=\"font-size:14pt\">, t\u00e1<\/span><span style=\"font-size:14pt\">bhachtacha<\/span><span style=\"font-size:14pt\">, iad si\u00fad a leagtar ar \u00e1r dTeachta\u00ed, agus n\u00ed haon ionadh go mb\u00edmid bre\u00e1 s\u00e1<\/span><span style=\"font-size:14pt\">st<\/span><span style=\"font-size:14pt\">a tuarastal maith a thabhairt d\u00f3ibh leis an ngn\u00f3 sin a dh\u00e9anamh thar \u00e1<\/span><span style=\"font-size:14pt\">r gceann<\/span><span style=\"font-size:14pt\">,<\/span><span style=\"font-size:14pt\"> agus a chon\u00e1ch sin orthu.<\/span><\/p><p style=\"text-align:justify;margin-top:0pt;padding-top:0;margin-bottom:10pt;padding-bottom:0;line-height:1.8\"><span style=\"font-size:14pt\">T\u00e1 sin uilig go bre\u00e1<\/span><span style=\"font-size:14pt\">, ach<\/span><span style=\"font-size:14pt\"> le roinnt blianta anuas<\/span><span style=\"font-size:14pt\">,<\/span><span style=\"font-size:14pt\"> tugadh faoi deara<\/span><span style=\"font-size:14pt\">, go raibh Teachta\u00ed<\/span><span style=\"font-size:14pt\"> ann<\/span><span style=\"font-size:14pt\">, a thuig, cheapf\u00e1, go mba chuid d\u00e1 ngn\u00f3 \u00e9 daoine a mhealladh, agus a eagr\u00fa,<\/span><span style=\"font-size:14pt\"> le cur i gcoinne c<\/span><span style=\"font-size:14pt\">hinneadh daonlathach na D\u00e1la. Sea, agus dhealr\u00f3dh s\u00e9,<\/span><span style=\"font-size:14pt\"> go bh<\/span><span style=\"font-size:14pt\">fuil siad cinnte gur dhaonlatha\u00ed iad fh\u00e9in n\u00e1 na Teachta\u00ed<\/span><span style=\"font-size:14pt\"> a ghlacann le breith daonlathach <\/span><span style=\"font-size:14pt\">mh\u00f3ramh na D\u00e1<\/span><span style=\"font-size:14pt\">la<\/span><span style=\"font-size:14pt\">, c\u00e9<\/span><span style=\"font-size:14pt\"> go bhfeictear do roinnt mhaith daoine<\/span><span style=\"font-size:14pt\">,<\/span><span style=\"font-size:14pt\"> nach bhfuil ann ach <\/span><span style=\"font-size:14pt\">beart frithd<\/span><span style=\"font-size:14pt\">haonlathach, ach<\/span><span style=\"font-size:14pt\"> d\u00e1 dtabharfa\u00ed<\/span><span style=\"font-size:14pt\"> <\/span><span style=\"font-size:14pt\">cead<\/span><span style=\"font-size:14pt\"> do chuile Theachta sa D\u00e1il a leith\u00e9id c\u00e9anna a dh\u00e9<\/span><span style=\"font-size:14pt\">anamh<\/span><span style=\"font-size:14pt\">, n\u00ed bheadh againn ansin ach c\u00edorthuathail in \u00e1<\/span><span style=\"font-size:14pt\">it cinnteac<\/span><span style=\"font-size:14pt\">hta agus tranglam in \u00e1it tr\u00e1<\/span><span style=\"font-size:14pt\">chta<\/span><span style=\"font-size:14pt\">.<\/span><span style=\"font-size:14pt\">?<\/span><\/p><p style=\"text-align:center;margin-top:0pt;padding-top:0;margin-bottom:10pt;padding-bottom:0;line-height:1.8\"><strong><span style=\"font-size:18pt\">Cearta an Teachta<\/span><\/strong><\/p><p style=\"text-align:justify;margin-top:0pt;padding-top:0;margin-bottom:10pt;padding-bottom:0;line-height:1.8\"><span style=\"font-size:14pt\">Ach, fan ort neomat amh\u00e1in anois, c\u00e9ard faoi Fhreas\u00fara<\/span><span style=\"font-size:14pt\">cht<\/span><span style=\"font-size:14pt\"> d\u00edlis c<\/span><span style=\"font-size:14pt\">h<\/span><span style=\"font-size:14pt\">oinsiasach? N\u00e1r ch\u00f3<\/span><span style=\"font-size:14pt\">ir go mbeadh cead ag Teachta cur i gcoinne c<\/span><span style=\"font-size:14pt\">hinneadh an Rialtais d\u00e1 bhfeict\u00ed d\u00f3 go raibh dul am\u00fa orthu sa chinneadh c\u00e9<\/span><span style=\"font-size:14pt\">anna sin? <\/span><\/p><p style=\"text-align:justify;margin-top:0pt;padding-top:0;margin-bottom:10pt;padding-bottom:0;line-height:1.8\"><span style=\"font-size:14pt\">C<\/span><span style=\"font-size:14pt\">innte gealltar an cea<\/span><span style=\"font-size:14pt\">d sin do chuile Theachta, ach n\u00e1r ch\u00f3ir d\u00f3<\/span><span style=\"font-size:14pt\"> a<\/span><span style=\"font-size:14pt\">n fhreas\u00faracht sin a fheidhmi\u00fa<\/span><span style=\"font-size:14pt\"> sula socra\u00edtear an cheist tr\u00ed v\u00f3ta an mh\u00f3<\/span><span style=\"font-size:14pt\">rai<\/span><span style=\"font-size:14pt\">mh sa <\/span><span style=\"font-size:14pt\">D\u00e1il.  M\u00e1<\/span><span style=\"font-size:14pt\"> shocra<\/span><span style=\"font-size:14pt\">\u00ed<\/span><span style=\"font-size:14pt\">onn Teachta na cosa a chur uaidh<\/span><span style=\"font-size:14pt\">, taobh amuigh den D\u00e1<\/span><span style=\"font-size:14pt\">il,<\/span><span style=\"font-size:14pt\"> agus iarracht a dh\u00e9anamh ar<\/span><span style=\"font-size:14pt\"> p<\/span><span style=\"font-size:14pt\">hobal a iomp\u00fa<\/span><span style=\"font-size:14pt\"> i gcoinne an Rialtais, <\/span><span style=\"font-size:14pt\">bhuel, <\/span><span style=\"font-size:14pt\">nach bhfuil s\u00e9 soil\u00e9<\/span><span style=\"font-size:14pt\">ir<\/span><span style=\"font-size:14pt\">,<\/span><span style=\"font-size:14pt\"> do dhuine ar bith<\/span><span style=\"font-size:14pt\">, gur beart frithdhaonlathach \u00e9<\/span><span style=\"font-size:14pt\"> sin.<\/span><\/p><p style=\"text-align:justify;margin-top:0pt;padding-top:0;margin-bottom:10pt;padding-bottom:0;line-height:1.8\"><span style=\"font-size:14pt\">Sea, ach c\u00e9ard is f\u00e9idir a dh\u00e9anamh i gc\u00e1s d\u00e1 leith\u00e9id? D\u2019fh\u00e9adfadh an Rialtas dl\u00ed<\/span><span style=\"font-size:14pt\"> a rith le srian a c<\/span><span style=\"font-size:14pt\">hur le hiompar d\u00e1 leith\u00e9id, ach c\u00e9ard faoi chearta an Teachta, faoi mar at\u00e1 geallta d\u00f3 i mBunreacht \u00c9ireann? <\/span><\/p><p style=\"text-align:justify;margin-top:0pt;padding-top:0;margin-bottom:10pt;padding-bottom:0;line-height:1.8\"><span style=\"font-size:14pt\">T\u00e1 <\/span><span style=\"font-size:14pt\">fait\u00edos orm go bhfuil an <\/span><span style=\"font-size:14pt\">cheist<\/span><span style=\"font-size:14pt\"> seo<\/span><span style=\"font-size:14pt\"> ag \u00e9ir\u00ed r\u00f3-chasta domsa, ag an bpointe seo. C\u00e9ard f\u00fatsa? An bhf\u00e9adf\u00e1 teacht i gcabhair orm agus fuascailt na faidhbe sin a mholadh d\u00fainn? <\/span><span style=\"font-size:14pt\"> <\/span><\/p><p style=\"text-align:center;margin-top:0pt;padding-top:0;margin-bottom:10pt;padding-bottom:0;line-height:1.38\"><span style=\"height:1em\"><span>.<\/span><\/span><\/p><p style=\"text-align:center;margin-top:0pt;padding-top:0;margin-bottom:10pt;padding-bottom:0;line-height:1.38\"><span style=\"height:1em\"><span>.<\/span><\/span><\/p><p style=\"margin-top:0pt;padding-top:0;margin-bottom:10pt;padding-bottom:0;line-height:1.38\"><span style=\"height:1em\"><span>.<\/span><\/span><\/p><p style=\"margin-top:0pt;padding-top:0;margin-bottom:10pt;padding-bottom:0;line-height:1.38\"><span style=\"height:1em\"><span>.<\/span><\/span><\/p>","protected":false},"excerpt":{"rendered":"<p>Reacht\u00f3ir n\u00f3 R\u00e9ab\u00f3ir? Peadar Bair\u00e9ad (Law-maker or Law-breaker?) Dualgais\u00ed le coimhl\u00edonadh Caitheann an-chuid daoine roinnt \u00e1irithe ama ag smaoineamh ar obair agus ar dhualgais\u00ed \u00e1r dTeachta\u00ed D\u00e1la, n\u00f3 is den t\u00e1bhacht \u00e9 go gcoimhl\u00edonfadh na Teachta\u00ed c\u00e9anna sin na dualgais\u00ed a leagann Bunreacht \u00c9ireann orthu. N\u00edl dabht ar domhan ach go bhfuil daoine ann, agus [&hellip;]<\/p>\n","protected":false},"author":2,"featured_media":13435,"comment_status":"open","ping_status":"open","sticky":false,"template":"","format":"standard","meta":{"nf_dc_page":"","_et_pb_use_builder":"","_et_pb_old_content":"","_et_gb_content_width":"","footnotes":""},"categories":[1],"tags":[],"class_list":["post-13097","post","type-post","status-publish","format-standard","has-post-thumbnail","hentry","category-gan-chatagoir"],"_links":{"self":[{"href":"https:\/\/mickgb.com\/en\/wp-json\/wp\/v2\/posts\/13097","targetHints":{"allow":["GET"]}}],"collection":[{"href":"https:\/\/mickgb.com\/en\/wp-json\/wp\/v2\/posts"}],"about":[{"href":"https:\/\/mickgb.com\/en\/wp-json\/wp\/v2\/types\/post"}],"author":[{"embeddable":true,"href":"https:\/\/mickgb.com\/en\/wp-json\/wp\/v2\/users\/2"}],"replies":[{"embeddable":true,"href":"https:\/\/mickgb.com\/en\/wp-json\/wp\/v2\/comments?post=13097"}],"version-history":[{"count":1,"href":"https:\/\/mickgb.com\/en\/wp-json\/wp\/v2\/posts\/13097\/revisions"}],"predecessor-version":[{"id":13098,"href":"https:\/\/mickgb.com\/en\/wp-json\/wp\/v2\/posts\/13097\/revisions\/13098"}],"wp:featuredmedia":[{"embeddable":true,"href":"https:\/\/mickgb.com\/en\/wp-json\/wp\/v2\/media\/13435"}],"wp:attachment":[{"href":"https:\/\/mickgb.com\/en\/wp-json\/wp\/v2\/media?parent=13097"}],"wp:term":[{"taxonomy":"category","embeddable":true,"href":"https:\/\/mickgb.com\/en\/wp-json\/wp\/v2\/categories?post=13097"},{"taxonomy":"post_tag","embeddable":true,"href":"https:\/\/mickgb.com\/en\/wp-json\/wp\/v2\/tags?post=13097"}],"curies":[{"name":"wp","href":"https:\/\/api.w.org\/{rel}","templated":true}]}}