{"id":13181,"date":"2017-04-04T11:00:00","date_gmt":"2017-04-04T11:00:00","guid":{"rendered":"https:\/\/mickgb.com\/?p=13181"},"modified":"2024-04-08T01:15:59","modified_gmt":"2024-04-08T01:15:59","slug":"saolaiodh-ailleacht-uafar-2","status":"publish","type":"post","link":"https:\/\/mickgb.com\/en\/saolaiodh-ailleacht-uafar-2\/","title":{"rendered":"Saola\u00edodh \u00c1illeacht Uafar&#8230;.2"},"content":{"rendered":"<p style=\"text-align:center;margin-top:0pt;padding-top:0;margin-bottom:0pt;padding-bottom:0;line-height:1.8;font-size:12pt\"><strong><span style=\"font-size:28pt\">Saola\u00edodh \u00c1illeacht Uafar  2<\/span><\/strong><\/p><p style=\"text-align:center;margin-top:0pt;padding-top:0;margin-bottom:0pt;padding-bottom:0;line-height:1.8;font-size:12pt\"><span style=\"height:1em\"><span>.<\/span><\/span><\/p><p style=\"text-align:center;margin-top:0pt;padding-top:0;margin-bottom:0pt;padding-bottom:0;line-height:1.8;font-size:12pt\"><strong><span style=\"font-size:14pt\"><em>(Thoughts of the Rising<\/em><\/span><span style=\"font-size:14pt\"><em>, <\/em><\/span><span style=\"font-size:14pt\"><em> and of its leaders<\/em><\/span><span style=\"font-size:14pt\"><em>,<\/em><\/span><span style=\"font-size:14pt\"><em> <\/em><\/span><span style=\"font-size:14pt\"><em> are beginning go come to the fore as we approach the centenary of that Easter Week 1916) <\/em><\/span><\/strong><\/p><p style=\"text-align:center;margin-top:0pt;padding-top:0;margin-bottom:0pt;padding-bottom:0;line-height:1.8;font-size:12pt\"><span style=\"height:1em\"><span>.<\/span><\/span><\/p><p style=\"text-align:center;margin-top:0pt;padding-top:0;margin-bottom:0pt;padding-bottom:0;line-height:1.8;font-size:12pt\"><strong><span style=\"font-size:18pt\">\u00c1illeacht an tSaoil seo<\/span><\/strong><\/p><p style=\"text-align:justify;margin-top:0pt;padding-top:0;margin-bottom:0pt;padding-bottom:0;line-height:1.8;font-size:12pt\"><span style=\"height:1em\"><span>.<\/span><\/span><\/p><p style=\"text-align:justify;margin-top:0pt;padding-top:0;margin-bottom:0pt;padding-bottom:0;line-height:1.8;font-size:12pt\">\u2018\u00c1illeacht an tsaoil seo\u2019 a bhaist m\u00e9 ar shraith altanna a scr\u00edobh m\u00e9, blianta \u00f3 shoin anois, agus m\u00e9 ag smaoineamh ar dh\u00e1n \u00fad an Phiarsaigh &#8230;\u201dThe Wayfarer\u201d, faoi \u00c1illeacht an tSaoil seo.<\/p><p style=\"text-align:justify;margin-top:0pt;padding-top:0;margin-bottom:0pt;padding-bottom:0;line-height:1.8;font-size:12pt;margin-left:72pt\">\u201cThe beauty of the world hath made me sad,<\/p><p style=\"text-align:justify;margin-top:0pt;padding-top:0;margin-bottom:0pt;padding-bottom:0;line-height:1.8;font-size:12pt;margin-left:72pt\">This beauty that will pass.<\/p><p style=\"text-align:justify;margin-top:0pt;padding-top:0;margin-bottom:0pt;padding-bottom:0;line-height:1.8;font-size:12pt;margin-left:72pt\">Sometimes my heart hath shaken with great joy<\/p><p style=\"text-align:justify;margin-top:0pt;padding-top:0;margin-bottom:0pt;padding-bottom:0;line-height:1.8;font-size:12pt;margin-left:72pt\">To see a leaping squirrel in a tree,<\/p><p style=\"text-align:justify;margin-top:0pt;padding-top:0;margin-bottom:0pt;padding-bottom:0;line-height:1.8;font-size:12pt;margin-left:72pt\">Or a red lady-bird upon a stalk,<\/p><p style=\"text-align:justify;margin-top:0pt;padding-top:0;margin-bottom:0pt;padding-bottom:0;line-height:1.8;font-size:12pt;margin-left:72pt\">Or little rabbits in a field at evening,<\/p><p style=\"text-align:justify;margin-top:0pt;padding-top:0;margin-bottom:0pt;padding-bottom:0;line-height:1.8;font-size:12pt;margin-left:72pt\">Lit by a slanting sun\u201d<\/p><p style=\"text-align:justify;margin-top:0pt;padding-top:0;margin-bottom:0pt;padding-bottom:0;line-height:1.8;font-size:12pt\">Sea, n\u00e1r chumasach an file i mbun pinn \u00e9? agus n\u00e1r leochaileach \u00e9 lu\u00ed a smaointe ar iontais\u00ed an d\u00falra? I laethe an Phiarsaigh, bh\u00ed an t\u00edr seo f\u00f3s faoi smacht Shasana, agus b\u00edodh go raibh roinnt d\u00e1r bpobal oilte agus scili\u00fail i gc\u00farsa\u00ed polait\u00edochta, agus riarach\u00e1in, ag an am gc\u00e9anna, n\u00ed raibh cleachtadh faighte f\u00f3s ag \u00e9inne acu ar rial\u00fa t\u00edre, An tr\u00e1th sin freisin, \u00f3 bhun\u00fa eagra\u00edochta\u00ed cos\u00fail le Conradh na Gaeilge, Cumann L\u00fathcheas Gael, agus Sinn F\u00e9in, lean spiorad an n\u00e1isi\u00fanachais ag f\u00e1s is ag forbairt i measc mhuintir na t\u00edre \u00e1rsa seo, N\u00ed call dom a r\u00e1, go raibh an Piarsach fh\u00e9in p\u00e1irteach sna gluaiseachta\u00ed nua sin, tharla go raibh s\u00e9 bainteach le hiriseoireacht, le m\u00fainteoireacht, agus le litr\u00edocht, tr\u00e1th a raibh na f\u00f3rsa\u00ed r\u00e9abhl\u00f3ideacha sin ag m\u00fanl\u00fa, agus ag dul i bhfeidhm, ar phobail na t\u00edre.  Breathnaigh ar an t\u00edr, faoi mar a bh\u00ed, an tr\u00e1th \u00fad, agus faoi mar at\u00e1 s\u00ed inniu, agus tabharfaidh t\u00fa faoi deara, an f\u00e1s ollmh\u00f3r a th\u00e1inig ar shaol eacnama\u00edochta, agus ar st\u00edl bheatha na muintire, san idirlinn, agus feicfidh t\u00fa freisin, gur th\u00e1inig f\u00e1s as cuimse ar fh\u00eds, agus ar aisling, mhuintir na h\u00c9ireann, sa tr\u00e9imhse ch\u00e9anna sin.  <\/p><p style=\"text-align:center;margin-top:0pt;padding-top:0;margin-bottom:0pt;padding-bottom:0;line-height:1.8;font-size:12pt\"><strong><span style=\"text-decoration:underline;font-size:16pt\">\u201cThe  Fool\u201d .<\/span><\/strong><\/p><p style=\"text-align:justify;margin-top:0pt;padding-top:0;margin-bottom:0pt;padding-bottom:0;line-height:1.8;font-size:12pt\">Chreid an Piarsach go raibh seans ann, go bhf\u00edor\u00f3fa\u00ed a fh\u00eds, agus go dtiocfadh an \u2018\u00c9ire Gaelach\u2019 \u00fad i r\u00e9im, ar ball.<\/p><p style=\"text-align:justify;margin-top:0pt;padding-top:0;margin-bottom:0pt;padding-bottom:0;line-height:1.8;font-size:12pt;margin-left:36pt\">\u201cO wise men riddle me this<\/p><p style=\"text-align:justify;margin-top:0pt;padding-top:0;margin-bottom:0pt;padding-bottom:0;line-height:1.8;font-size:12pt;margin-left:36pt\">What if my dream comes true?<\/p><p style=\"text-align:justify;margin-top:0pt;padding-top:0;margin-bottom:0pt;padding-bottom:0;line-height:1.8;font-size:12pt;margin-left:36pt\">What if my dream comes true<\/p><p style=\"text-align:justify;margin-top:0pt;padding-top:0;margin-bottom:0pt;padding-bottom:0;line-height:1.8;font-size:12pt;margin-left:36pt\">And if millions unborn should dwell<\/p><p style=\"text-align:justify;margin-top:0pt;padding-top:0;margin-bottom:0pt;padding-bottom:0;line-height:1.8;font-size:12pt;margin-left:36pt\">In the house I have shaped in my heart<\/p><p style=\"text-align:justify;margin-top:0pt;padding-top:0;margin-bottom:0pt;padding-bottom:0;line-height:1.8;font-size:12pt;margin-left:36pt\">The noble house of my thought.\u201d<\/p><p style=\"text-align:justify;margin-top:0pt;padding-top:0;margin-bottom:0pt;padding-bottom:0;line-height:1.8;font-size:12pt\"> Thuig an Piarsach ina chro\u00ed istigh, c\u00e9ard a bh\u00ed uaidh, agus chuaigh s\u00e9 i mbun oibre, go luath ina shaol, le sin a chur i gcr\u00edch.  D\u2019fhoghlaim s\u00e9 an Ghaeilge, agus in \u00e9ineacht le spiorad na teanga sin, shlog s\u00e9 siar neamhsple\u00e1chas fi\u00e1in an Ghaeil. Sea, agus d\u2019fhoghlaim s\u00e9 freisin ceird na saighdi\u00farachta. N\u00e1 ceap anois, go mba ghaeilgeoir buile, amach is amuigh \u00e9, n\u00f3 n\u00edorbh ea, n\u00f3 ba \u00e9 an chusp\u00f3ir a chuir s\u00e9 roimhe sa scoil sin, n\u00f3 c\u00f3ras dh\u00e1theangach a bhun\u00fa, sa chaoi go mbeadh idir Ghaeilge agus Bh\u00e9arla ag dalta\u00ed Scoil \u00c9anna. Ba sa Bheilg a chonaic s\u00e9 mar a d\u2019oibrigh c\u00f3ras d\u00e1 leith\u00e9id sin go seoigh. B\u2019in an chusp\u00f3ir a chuir s\u00e9 roimhe mar oideachas\u00f3ir i Scoil \u00c9anna.   Breathnaigh freisin ar a chuid iriseoireachta, agus ar a chuid scr\u00edbhneoireachta. Bh\u00ed meas aige ar an d\u00e1 theanga, agus gan fuath aige do cheachtar acu.  D\u00e9arfainn go bhfuil sin le feice\u00e1il go soil\u00e9ir, sna focail seo, \u00f3na pheann fh\u00e9in&#8230;.<\/p><p style=\"text-align:justify;margin-top:0pt;padding-top:0;margin-bottom:0pt;padding-bottom:0;line-height:1.8;font-size:12pt;margin-left:36pt\">&#8230;\u201dand he who would segregate Irish history, and Irish men, into two sections&#8230;..Irish-speaking and English-speaking is not helping towards achieving Ireland a Nation&#8230;\u201d<\/p><p style=\"text-align:justify;margin-top:0pt;padding-top:0;margin-bottom:0pt;padding-bottom:0;line-height:1.8;font-size:12pt\"><span style=\"height:1em\"><span>.<\/span><\/span><\/p><p style=\"text-align:center;margin-top:0pt;padding-top:0;margin-bottom:0pt;padding-bottom:0;line-height:1.8;font-size:12pt\"><strong><span style=\"text-decoration:underline;font-size:16pt\">Caolaigeantach ?<\/span><\/strong><\/p><p style=\"text-align:justify;margin-top:0pt;padding-top:0;margin-bottom:0pt;padding-bottom:0;line-height:1.8;font-size:12pt\"><span style=\"height:1em\"><span>.<\/span><\/span><\/p><p style=\"text-align:justify;margin-top:0pt;padding-top:0;margin-bottom:0pt;padding-bottom:0;line-height:1.8;font-size:12pt\">D\u00e9arfainn go bhfuil s\u00e9 soil\u00e9ir go maith \u00f3n m\u00e9id sin, nach raibh aon chaolaigeantacht ag baint leis an bPiarsach, chomh fada is a bhain s\u00e9 le c\u00farsa\u00ed teanga. Ach c\u00e9ard faoi\u2019n r\u00e1iteas \u00fad&#8230;.<\/p><p style=\"text-align:justify;margin-top:0pt;padding-top:0;margin-bottom:0pt;padding-bottom:0;line-height:1.8;font-size:12pt;margin-left:36pt\"> \u201cNot free merely but Gaelic as well,<\/p><p style=\"text-align:justify;margin-top:0pt;padding-top:0;margin-bottom:0pt;padding-bottom:0;line-height:1.8;font-size:12pt;margin-left:36pt\">Not Gaelic merely but free as well.\u201d <\/p><p style=\"text-align:justify;margin-top:0pt;padding-top:0;margin-bottom:0pt;padding-bottom:0;line-height:1.8;font-size:12pt\">Nach s\u00e1s\u00f3dh an d\u00e1theangachas for\u00e1lacha na fise sin?&nbsp;&nbsp;Agus tabhair faoi deara freisin, chomh c\u00f3ngarach is a thagann an dearcadh sin do fh\u00eds Mhic Dhiarmada, ach sh\u00e1s\u00f3fa\u00ed eisean d\u00e1 mbeadh Gaeltacht agus Galltacht i r\u00e9im sa t\u00edr, rud n\u00e1rbh ionann is d\u00e1theangachas. B\u2019fhearr \u00e9 f\u00eds an Phiarsaigh, agus seans aige teacht i dt\u00edr, ar feadh tr\u00e9imhse, ar aon n\u00f3s.<\/p><p style=\"text-align:justify;margin-top:0pt;padding-top:0;margin-bottom:0pt;padding-bottom:0;line-height:2.4;font-size:12pt\"><span style=\"height:1em\"><span>.<\/span><\/span><\/p><p style=\"text-align:justify;margin-top:0pt;padding-top:0;margin-bottom:0pt;padding-bottom:0;line-height:2.4;font-size:12pt\"><span style=\"height:1em\"><span>.<\/span><\/span><\/p><p style=\"text-align:justify;margin-top:0pt;padding-top:0;margin-bottom:0pt;padding-bottom:0;line-height:2.4;font-size:12pt\"><span style=\"height:1em\"><span>.<\/span><\/span><\/p><p style=\"text-align:justify;margin-top:0pt;padding-top:0;margin-bottom:0pt;padding-bottom:0;line-height:2.4;font-size:12pt\"><span style=\"height:1em\"><span>.<\/span><\/span><\/p><p style=\"text-align:justify;margin-top:0pt;padding-top:0;margin-bottom:0pt;padding-bottom:0;line-height:2.4;font-size:12pt\"><span style=\"height:1em\"><span>.<\/span><\/span><\/p><p style=\"text-align:justify;margin-top:0pt;padding-top:0;margin-bottom:0pt;padding-bottom:0;line-height:2.4;font-size:12pt\"><span style=\"height:1em\"><span>.<\/span><\/span><\/p><p style=\"text-align:justify;margin-top:0pt;padding-top:0;margin-bottom:0pt;padding-bottom:0;line-height:2.4;font-size:12pt\">&nbsp;&nbsp;&nbsp;&nbsp;&nbsp;&nbsp;&nbsp;&nbsp;&nbsp;&nbsp;&nbsp;&nbsp;&nbsp;&nbsp;&nbsp;&nbsp;&nbsp;&nbsp;&nbsp;&nbsp;&nbsp;&nbsp;&nbsp;&nbsp;&nbsp;&nbsp;&nbsp;&nbsp;&nbsp;&nbsp;&nbsp;&nbsp;&nbsp;&nbsp;&nbsp;&nbsp;&nbsp;&nbsp;&nbsp;&nbsp;&nbsp;&nbsp;&nbsp;&nbsp;&nbsp;&nbsp;&nbsp;&nbsp;&nbsp;&nbsp;&nbsp;&nbsp;&nbsp;&nbsp;&nbsp;&nbsp;&nbsp;&nbsp;&nbsp;&nbsp;&nbsp;&nbsp;&nbsp;&nbsp;&nbsp;&nbsp;&nbsp;&nbsp;&nbsp;&nbsp;&nbsp;&nbsp;&nbsp;&nbsp;&nbsp;&nbsp;&nbsp;&nbsp;&nbsp;&nbsp;<span style=\"height:1em\"><span>.<\/span><\/span><\/p><p style=\"margin-top:0pt;padding-top:0;margin-bottom:0pt;padding-bottom:0;line-height:1.2;font-size:12pt\"><span style=\"height:1em\"><span>.<\/span><\/span><\/p>","protected":false},"excerpt":{"rendered":"<p>Saola\u00edodh \u00c1illeacht Uafar 2 . (Thoughts of the Rising, and of its leaders, are beginning go come to the fore as we approach the centenary of that Easter Week 1916) . \u00c1illeacht an tSaoil seo . \u2018\u00c1illeacht an tsaoil seo\u2019 a bhaist m\u00e9 ar shraith altanna a scr\u00edobh m\u00e9, blianta \u00f3 shoin anois, agus m\u00e9 [&hellip;]<\/p>\n","protected":false},"author":2,"featured_media":13435,"comment_status":"open","ping_status":"open","sticky":false,"template":"","format":"standard","meta":{"nf_dc_page":"","_et_pb_use_builder":"","_et_pb_old_content":"","_et_gb_content_width":"","footnotes":""},"categories":[1],"tags":[],"class_list":["post-13181","post","type-post","status-publish","format-standard","has-post-thumbnail","hentry","category-gan-chatagoir"],"_links":{"self":[{"href":"https:\/\/mickgb.com\/en\/wp-json\/wp\/v2\/posts\/13181","targetHints":{"allow":["GET"]}}],"collection":[{"href":"https:\/\/mickgb.com\/en\/wp-json\/wp\/v2\/posts"}],"about":[{"href":"https:\/\/mickgb.com\/en\/wp-json\/wp\/v2\/types\/post"}],"author":[{"embeddable":true,"href":"https:\/\/mickgb.com\/en\/wp-json\/wp\/v2\/users\/2"}],"replies":[{"embeddable":true,"href":"https:\/\/mickgb.com\/en\/wp-json\/wp\/v2\/comments?post=13181"}],"version-history":[{"count":1,"href":"https:\/\/mickgb.com\/en\/wp-json\/wp\/v2\/posts\/13181\/revisions"}],"predecessor-version":[{"id":13182,"href":"https:\/\/mickgb.com\/en\/wp-json\/wp\/v2\/posts\/13181\/revisions\/13182"}],"wp:featuredmedia":[{"embeddable":true,"href":"https:\/\/mickgb.com\/en\/wp-json\/wp\/v2\/media\/13435"}],"wp:attachment":[{"href":"https:\/\/mickgb.com\/en\/wp-json\/wp\/v2\/media?parent=13181"}],"wp:term":[{"taxonomy":"category","embeddable":true,"href":"https:\/\/mickgb.com\/en\/wp-json\/wp\/v2\/categories?post=13181"},{"taxonomy":"post_tag","embeddable":true,"href":"https:\/\/mickgb.com\/en\/wp-json\/wp\/v2\/tags?post=13181"}],"curies":[{"name":"wp","href":"https:\/\/api.w.org\/{rel}","templated":true}]}}