{"id":13185,"date":"2017-04-04T11:00:00","date_gmt":"2017-04-04T11:00:00","guid":{"rendered":"https:\/\/mickgb.com\/?p=13185"},"modified":"2024-04-08T01:15:59","modified_gmt":"2024-04-08T01:15:59","slug":"saolta-ag-athru-1","status":"publish","type":"post","link":"https:\/\/mickgb.com\/en\/saolta-ag-athru-1\/","title":{"rendered":"Saolta ag Athr\u00fa   1"},"content":{"rendered":"<p style=\"text-align:center;margin-top:0pt;padding-top:0;margin-bottom:0pt;padding-bottom:0;line-height:2.4;font-size:12pt\"><strong><span style=\"font-size:28pt\">Saolta ag <\/span><span style=\"font-size:28pt\">athr\u00fa<\/span><span style=\"font-size:28pt\">&nbsp;&nbsp;&nbsp;<\/span><span style=\"font-size:28pt\">1<\/span><span style=\"font-size:28pt\"> <\/span><\/strong><\/p><p style=\"margin-top:0pt;padding-top:0;margin-bottom:0pt;padding-bottom:0;line-height:2.4;font-size:12pt\"><span style=\"font-size:14pt\">Peadar Bair\u00e9ad<\/span><\/p><p style=\"text-align:center;margin-top:0pt;padding-top:0;margin-bottom:0pt;padding-bottom:0;line-height:2.4;font-size:12pt\"><strong><span style=\"font-size:18pt\">C\u00f3rais Rialaithe ag athr\u00fa<\/span><\/strong><\/p><p style=\"text-align:justify;margin-top:0pt;padding-top:0;margin-bottom:0pt;padding-bottom:0;line-height:2.4;font-size:12pt\"><span style=\"font-size:14pt\">D\u00e1r nd\u00f3igh, n\u00ed haon rud nua \u00e9 s<\/span><span style=\"font-size:14pt\">in, mar bh\u00ed an Daonlathas<\/span><span style=\"font-size:14pt\"> fh\u00e9in<\/span><span style=\"font-size:14pt\"> faoi bhagairt, \u00f3 th\u00fas, agus ag amannta \u00e1irithe, tuigeadh do bhun\u00fas na ndaoine, go raibh teipthe ar an gc\u00f3ras leochaileach sin, agus nach raibh an dara rogha acu, ach iomp\u00fa ar ch\u00f3ras \u00e9ifeachtach eic\u00ednt eile, a d\u2019fh\u00e9adfadh cinneadh cinnte a dh\u00e9anamh, agus ansin go bhf\u00e9adfa\u00ed an cinneadh sin a chur i bhfeidhm, <\/span><span style=\"font-size:14pt\">beag beann ar \u00e9<\/span><span style=\"font-size:14pt\">inne, agus <\/span><span style=\"font-size:14pt\">gan cur isteach \u00f3 \u00e9inne.  Tharla a leith\u00e9id, is d\u00f3cha, idir an d\u00e1 Chogadh<\/span><span style=\"font-size:14pt\"> Domhanda, nuair a thaobhaigh t<\/span><span style=\"font-size:14pt\">\u00ed<\/span><span style=\"font-size:14pt\">ortha \u00e1irithe le c\u00f3ras deacht\u00f3ireachta, t<\/span><span style=\"font-size:14pt\">oisc<\/span><span style=\"font-size:14pt\"> go bhfacthas do dhaoine \u00e1irithe, agus do ghr\u00fapa\u00ed \u00e1irithe, sna t\u00edortha sin, go raibh g\u00e1 lena leith\u00e9id, le dul i ngleic le deacrachta\u00ed s\u00f3isialta agus polait\u00edochta a linne.  <\/span><\/p><p style=\"text-align:center;margin-top:0pt;padding-top:0;margin-bottom:0pt;padding-bottom:0;line-height:2.4;font-size:12pt\"><strong><span style=\"font-size:14pt\">L\u2019Etat c\u2019est Moi !<\/span><\/strong><\/p><p style=\"text-align:justify;margin-top:0pt;padding-top:0;margin-bottom:0pt;padding-bottom:0;line-height:2.4;font-size:12pt\"><span style=\"font-size:14pt\">N\u00ed g\u00e1 a r\u00e1 go raibh c\u00f3ras d\u00e1 leith\u00e9id i bhfeidhm i R\u00e9 na R\u00edthe L\u00e1nchumhachta<\/span><span style=\"font-size:14pt\">cha<\/span><span style=\"font-size:14pt\"> freisin, tr\u00e1th a d\u2019fh\u00e9adfadh R\u00ed na Fraince a dhearbh\u00fa, gurbh eisean an St\u00e1t  <\/span><span style=\"font-size:14pt\">.<\/span><span style=\"font-size:14pt\">..\u201d<\/span><span style=\"font-size:14pt\">L<\/span><span style=\"font-size:14pt\">\u2019Etat c\u2019est moi\u201d&#8230; I gc\u00e1s d\u00e1 leith\u00e9id, n\u00ed bh\u00edodh de chead ag \u00e9inne cur isteach ar chinneadh an R\u00ed, n\u00f3 bh\u00ed a chumhacht seisean bunaithe ar an bprionsabal, gurbh \u00f3 Dhia na Gl\u00f3ire fh\u00e9in a fuair na R\u00edthe c\u00e9anna sin a gcumhacht, agus d\u00e1 bhr\u00ed sin, bh\u00ed de dhualgas ar an saor\u00e1nach glacadh le reacht an R<\/span><span style=\"font-size:14pt\">\u00ed, ar an dtuiscint, gurbh \u2018in an Reacht Diaga<\/span><span style=\"font-size:14pt\">.<\/span><\/p><p style=\"text-align:center;margin-top:0pt;padding-top:0;margin-bottom:0pt;padding-bottom:0;line-height:2.4;font-size:12pt\"><strong><span style=\"font-size:18pt\">Saolta ag athr\u00fa<\/span><\/strong><\/p><p style=\"text-align:justify;margin-top:0pt;padding-top:0;margin-bottom:0pt;padding-bottom:0;line-height:2.4;font-size:12pt\"><span style=\"font-size:14pt\">D\u2019imigh sin \u00e1fach, is th\u00e1inig seo, agus sa l\u00e1 at\u00e1 inniu ann, dheamhan m\u00f3r\u00e1n r\u00edthe l\u00e1nchumhachtacha f\u00e1gtha ar an saol seo, agus is \u00e9 an Daonlathas an c\u00f3ras rialaithe at\u00e1 i mb\u00e9al gach \u00e9inne, na laethe seo.  N\u00ed fh\u00e1gann sin go bhfuil an c\u00f3ras c\u00e9anna sin gan locht, n\u00f3 thar mholadh beirte, mar, nuair a thagann<\/span><span style=\"font-size:14pt\"> an cr\u00fa a<\/span><span style=\"font-size:14pt\">r<\/span><span style=\"font-size:14pt\"> an t\u00e1irne<\/span><span style=\"font-size:14pt\">, b\u00edonn air srianadh a dh\u00e9anamh ar shaoirse na saor\u00e1nach, agus dlithe drag\u00e1nta (draconian) a reacht\u00fa, le smacht ioml\u00e1n a fh\u00e1il ar an ndaonra<\/span><span style=\"font-size:14pt\">, &#8211; ar mhaithe le leas an phobail &#8211; <\/span><span style=\"font-size:14pt\">.  Laige eile sa daonlathas is ea go dtugann s\u00e9 chuile dheis do choirpigh, agus d\u2019antoiscigh de chuile chine\u00e1l, a gceirdeanna frithsh\u00f3isialta a chleachtadh, faoi sh\u00faile an St\u00e1it fh\u00e9in, mar ad\u00e9arf\u00e1, agus tagann s\u00e9 dian go maith ar an gc\u00f3ras sin deighle\u00e1il leo, n\u00f3 caithfi<\/span><span style=\"font-size:14pt\">dh siad feidhmi\u00fa de r\u00e9ir dl\u00ed, f<\/span><span style=\"font-size:14pt\">ad is at\u00e1 chuile chead ag na dreamanna eile \u00fad, feidhmi\u00fa gan aird d\u00e1 laghad a thabhairt ar na dlithe c\u00e9anna sin, ach ag an am gc\u00e9anna, d\u00e9anann siad<\/span><span style=\"font-size:14pt\">san<\/span><span style=\"font-size:14pt\"> chuile iarracht, f\u00e9achaint chuige, nach mbriseann an St\u00e1t na dlithe c\u00e9anna sin, a bhfuilidsean beag beann orthu.  Ach i nd\u00e1ir\u00edre, n\u00ed chuige sin at\u00e1 m\u00e9, an tseachtain se<\/span><span style=\"font-size:14pt\">o, in aon chor, ach chuige seo.<\/span><\/p><p style=\"text-align:center;margin-top:0pt;padding-top:0;margin-bottom:0pt;padding-bottom:0;line-height:2.4;font-size:12pt\"><strong><span style=\"font-size:18pt\">Toghch\u00e1n cinni\u00fanach<\/span><\/strong><\/p><p style=\"text-align:justify;margin-top:0pt;padding-top:0;margin-bottom:0pt;padding-bottom:0;line-height:1.8;font-size:12pt\"><span style=\"font-size:14pt\">Thugamar uilig fao<\/span><span style=\"font-size:14pt\">i deara nach bhfuair aon cheann d\u00e1r bP\u00e1irtithe Polait\u00edochta m\u00f3ramh ioml\u00e1n sa toghch\u00e1n a bh\u00ed againn n\u00ed<\/span><span style=\"font-size:14pt\">os luaithe sa bhli<\/span><span style=\"font-size:14pt\">ain seo, agus n\u00ed h\u00e9 sin amh\u00e1in \u00e9, mar \u00f3 tharla nach raibh an d\u00e1 phr\u00edomhph\u00e1irt\u00ed s\u00e1sta dul i gcomhar  le ch\u00e9ile le Rialtas a bhun\u00fa, theip ar na P\u00e1<\/span><span style=\"font-size:14pt\">irtith<\/span><span style=\"font-size:14pt\">e uilig Comhrialtas, a mbeadh m\u00f3ramh aige sa D\u00e1il, theip orthu a leith\u00e9id a bhun\u00fa. C\u00e9ard a bh\u00ed le d\u00e9<\/span><span style=\"font-size:14pt\">anamh acu <\/span><span style=\"font-size:14pt\">ansin? Bhuel! chaith<\/span><span style=\"font-size:14pt\">eadar breis is dh\u00e1 mh\u00ed<\/span><span style=\"font-size:14pt\"> ar a maranna<\/span><span style=\"font-size:14pt\">,<\/span><span style=\"font-size:14pt\"> ag iarraidh an fhadhb sin a fhuascailt<\/span><span style=\"font-size:14pt\">, agus ba \u00e9 a rinneadar i ndeireadh na d\u00e1<\/span><span style=\"font-size:14pt\">la<\/span><span style=\"font-size:14pt\">, n\u00f3 Rialtas Mionlaigh a bhun\u00fa, sin Rialtas<\/span><span style=\"font-size:14pt\"> faoi sti\u00fair cheann de na P\u00e1irtithe m\u00f3ra, ach<\/span><span style=\"font-size:14pt\"> nach mbeadh m\u00f3ramh na dTeachta\u00ed D\u00e1la d\u00edlis d\u00f3, ach ar gheall <\/span><span style=\"font-size:14pt\">an <\/span><span style=\"font-size:14pt\">ceann<\/span><span style=\"font-size:14pt\"> eile de na P\u00e1irtithe m\u00f3<\/span><span style=\"font-size:14pt\">ra<\/span><span style=\"font-size:14pt\">,<\/span><span style=\"font-size:14pt\"> cead rialaithe a thabhairt <\/span><span style=\"font-size:14pt\">d\u00f3ibh, chomh fada is a leanfaid\u00eds polasa\u00ed,<\/span><span style=\"font-size:14pt\"> <\/span><span style=\"font-size:14pt\">a bheadh guala<\/span><span style=\"font-size:14pt\">inn ar<\/span><span style=\"font-size:14pt\"> g<\/span><span style=\"font-size:14pt\">h<\/span><span style=\"font-size:14pt\">ualainn lena bhfeals\u00fanacht fh\u00e9in<\/span><span style=\"font-size:14pt\">.<\/span><span style=\"font-size:14pt\"> Ar an gc\u00e9<\/span><span style=\"font-size:14pt\">ad amharc, cheapfadh duine nach mbeadh ar<\/span><span style=\"font-size:14pt\"> chumas Rialtais d\u00e1 leith\u00e9id feidhmi\u00fa, olc, maith, n\u00f3 dona, ach n\u00ed mar a sh\u00edltear a bh\u00ed<\/span><span style=\"font-size:14pt\">tear<\/span><span style=\"font-size:14pt\">, go minic, n\u00f3 nuair a thagann an cr\u00fa ar an t\u00e1irne, tuigtear do na Teachta\u00ed, n\u00f3 do bhun\u00fa<\/span><span style=\"font-size:14pt\">s na dTeachtai<\/span><span style=\"font-size:14pt\">, ar a laghad, tuigtear d\u00f3<\/span><span style=\"font-size:14pt\">ibh<\/span><span style=\"font-size:14pt\">,<\/span><span style=\"font-size:14pt\"> nach bhfuil an dara rogha acu ach an<\/span><span style=\"font-size:14pt\"> gn\u00f3 a thug na v\u00f3t\u00f3ir\u00ed d\u00f3ibh a chur i gcr\u00edch, ar bhealach amh\u00e1<\/span><span style=\"font-size:14pt\">in<\/span><span style=\"font-size:14pt\">, n\u00f3 ar bhealach eile, <\/span><span style=\"font-size:14pt\">sin n\u00f3<\/span><span style=\"font-size:14pt\"> dul ar ais<\/span><span style=\"font-size:14pt\"> chuig na v\u00f3t\u00f3ir\u00ed ar\u00ed<\/span><span style=\"font-size:14pt\">s<\/span><span style=\"font-size:14pt\">,<\/span><span style=\"font-size:14pt\"> le <\/span><span style=\"font-size:14pt\">sainord\u00fa<\/span><span style=\"font-size:14pt\"> <\/span><span style=\"font-size:14pt\">nua a fh\u00e1il uathusan, agus a fhios go maith a bheith acu, nac<\/span><span style=\"font-size:14pt\">h mbeadh le f\u00e1<\/span><span style=\"font-size:14pt\">il, ag cuid acu, \u00f3 na v\u00f3t\u00f3ir\u00ed c\u00e9anna sin, ach bata agus b\u00f3thar.<\/span><\/p><p style=\"text-align:justify;margin-top:0pt;padding-top:0;margin-bottom:0pt;padding-bottom:0;line-height:1.8;font-size:12pt\"><span style=\"font-size:14pt\">(Tuilleadh le teacht&#8230;)<\/span><\/p><p style=\"text-align:justify;margin-top:0pt;padding-top:0;margin-bottom:0pt;padding-bottom:0;line-height:2.4;font-size:12pt\"><span style=\"height:1em\"><span>.<\/span><\/span><\/p><p style=\"text-align:justify;margin-top:0pt;padding-top:0;margin-bottom:0pt;padding-bottom:0;line-height:2.4;font-size:12pt\"><span style=\"height:1em\"><span>.<\/span><\/span><\/p><p style=\"text-align:justify;margin-top:0pt;padding-top:0;margin-bottom:0pt;padding-bottom:0;line-height:2.4;font-size:12pt\"><span style=\"height:1em\"><span>.<\/span><\/span><\/p><p style=\"text-align:justify;margin-top:0pt;padding-top:0;margin-bottom:0pt;padding-bottom:0;line-height:2.4;font-size:12pt\"><span style=\"height:1em\"><span>.<\/span><\/span><\/p><p style=\"text-align:justify;margin-top:0pt;padding-top:0;margin-bottom:0pt;padding-bottom:0;line-height:2.4;font-size:12pt\"><span style=\"height:1em\"><span>.<\/span><\/span><\/p><p style=\"text-align:justify;margin-top:0pt;padding-top:0;margin-bottom:0pt;padding-bottom:0;line-height:2.4;font-size:12pt\"><span style=\"height:1em\"><span>.<\/span><\/span><\/p><p style=\"text-align:justify;margin-top:0pt;padding-top:0;margin-bottom:0pt;padding-bottom:0;line-height:2.4;font-size:12pt\"><span style=\"height:1em\"><span>.<\/span><\/span><\/p><p style=\"text-align:justify;margin-top:0pt;padding-top:0;margin-bottom:0pt;padding-bottom:0;line-height:2.4;font-size:12pt\"><span style=\"height:1em\"><span>.<\/span><\/span><\/p><p style=\"text-align:justify;margin-top:0pt;padding-top:0;margin-bottom:0pt;padding-bottom:0;line-height:2.4;font-size:12pt\"><span style=\"height:1em\"><span>.<\/span><\/span><\/p><p style=\"text-align:justify;margin-top:0pt;padding-top:0;margin-bottom:0pt;padding-bottom:0;line-height:2.4;font-size:12pt\"><span style=\"height:1em\"><span>.<\/span><\/span><\/p><p style=\"text-align:justify;margin-top:0pt;padding-top:0;margin-bottom:0pt;padding-bottom:0;line-height:2.4;font-size:12pt\"><span style=\"height:1em\"><span>.<\/span><\/span><\/p><p style=\"text-align:justify;margin-top:0pt;padding-top:0;margin-bottom:0pt;padding-bottom:0;line-height:2.4;font-size:12pt\"><span style=\"height:1em\"><span>.<\/span><\/span><\/p><p style=\"text-align:justify;margin-top:0pt;padding-top:0;margin-bottom:0pt;padding-bottom:0;line-height:2.4;font-size:12pt\"><span style=\"height:1em\"><span>.<\/span><\/span><\/p><p style=\"text-align:justify;margin-top:0pt;padding-top:0;margin-bottom:0pt;padding-bottom:0;line-height:2.4;font-size:12pt\"><span style=\"height:1em\"><span>.<\/span><\/span><\/p><p style=\"text-align:justify;margin-top:0pt;padding-top:0;margin-bottom:0pt;padding-bottom:0;line-height:2.4;font-size:12pt\"><span style=\"height:1em\"><span>.<\/span><\/span><\/p><p style=\"text-align:justify;margin-top:0pt;padding-top:0;margin-bottom:0pt;padding-bottom:0;line-height:2.4;font-size:12pt\"><span style=\"height:1em\"><span>.<\/span><\/span><\/p><p style=\"text-align:justify;margin-top:0pt;padding-top:0;margin-bottom:0pt;padding-bottom:0;line-height:2.4;font-size:12pt\"><span style=\"height:1em\"><span>.<\/span><\/span><\/p><p style=\"text-align:justify;margin-top:0pt;padding-top:0;margin-bottom:0pt;padding-bottom:0;line-height:2.4;font-size:12pt\"><span style=\"height:1em\"><span>.<\/span><\/span><\/p><p style=\"text-align:justify;margin-top:0pt;padding-top:0;margin-bottom:0pt;padding-bottom:0;line-height:2.4;font-size:12pt\"><span style=\"height:1em\"><span>.<\/span><\/span><\/p>","protected":false},"excerpt":{"rendered":"<p>Saolta ag athr\u00fa&nbsp;&nbsp;&nbsp;1 Peadar Bair\u00e9ad C\u00f3rais Rialaithe ag athr\u00fa D\u00e1r nd\u00f3igh, n\u00ed haon rud nua \u00e9 sin, mar bh\u00ed an Daonlathas fh\u00e9in faoi bhagairt, \u00f3 th\u00fas, agus ag amannta \u00e1irithe, tuigeadh do bhun\u00fas na ndaoine, go raibh teipthe ar an gc\u00f3ras leochaileach sin, agus nach raibh an dara rogha acu, ach iomp\u00fa ar ch\u00f3ras \u00e9ifeachtach [&hellip;]<\/p>\n","protected":false},"author":2,"featured_media":13435,"comment_status":"open","ping_status":"open","sticky":false,"template":"","format":"standard","meta":{"nf_dc_page":"","_et_pb_use_builder":"","_et_pb_old_content":"","_et_gb_content_width":"","footnotes":""},"categories":[1],"tags":[],"class_list":["post-13185","post","type-post","status-publish","format-standard","has-post-thumbnail","hentry","category-gan-chatagoir"],"_links":{"self":[{"href":"https:\/\/mickgb.com\/en\/wp-json\/wp\/v2\/posts\/13185","targetHints":{"allow":["GET"]}}],"collection":[{"href":"https:\/\/mickgb.com\/en\/wp-json\/wp\/v2\/posts"}],"about":[{"href":"https:\/\/mickgb.com\/en\/wp-json\/wp\/v2\/types\/post"}],"author":[{"embeddable":true,"href":"https:\/\/mickgb.com\/en\/wp-json\/wp\/v2\/users\/2"}],"replies":[{"embeddable":true,"href":"https:\/\/mickgb.com\/en\/wp-json\/wp\/v2\/comments?post=13185"}],"version-history":[{"count":1,"href":"https:\/\/mickgb.com\/en\/wp-json\/wp\/v2\/posts\/13185\/revisions"}],"predecessor-version":[{"id":13186,"href":"https:\/\/mickgb.com\/en\/wp-json\/wp\/v2\/posts\/13185\/revisions\/13186"}],"wp:featuredmedia":[{"embeddable":true,"href":"https:\/\/mickgb.com\/en\/wp-json\/wp\/v2\/media\/13435"}],"wp:attachment":[{"href":"https:\/\/mickgb.com\/en\/wp-json\/wp\/v2\/media?parent=13185"}],"wp:term":[{"taxonomy":"category","embeddable":true,"href":"https:\/\/mickgb.com\/en\/wp-json\/wp\/v2\/categories?post=13185"},{"taxonomy":"post_tag","embeddable":true,"href":"https:\/\/mickgb.com\/en\/wp-json\/wp\/v2\/tags?post=13185"}],"curies":[{"name":"wp","href":"https:\/\/api.w.org\/{rel}","templated":true}]}}